{"id":33895,"date":"2018-05-15T15:50:18","date_gmt":"2018-05-15T13:50:18","guid":{"rendered":"https:\/\/vosgesinfo.fr\/gerardmerinfo\/2018\/05\/zone-blanche-fallait-trouver-place\/"},"modified":"2018-05-15T15:50:18","modified_gmt":"2018-05-15T13:50:18","slug":"zone-blanche-fallait-trouver-place","status":"publish","type":"post","link":"https:\/\/vosgesinfo.fr\/gerardmerinfo\/2018\/05\/zone-blanche-fallait-trouver-place\/","title":{"rendered":"Zone Blanche : \u00ab il fallait trouver sa place \u00bb"},"content":{"rendered":"<p>&nbsp;<\/p>\n<div id=\"attachment_127283\" style=\"width: 810px\" class=\"wp-caption aligncenter\"><a href=\"\/2018\/05\/Zone-Blanche\u00a9benpi00059.jpeg\"><img decoding=\"async\" aria-describedby=\"caption-attachment-127283\" class=\"wp-image-127283 size-full\" src=\"\/2018\/05\/Zone-Blanche\u00a9benpi00059.jpeg\" alt=\"Zone-Blanche\u00a9benpi00059\" width=\"800\" height=\"533\" \/><\/a><p id=\"caption-attachment-127283\" class=\"wp-caption-text\"><strong>Tournage au Schmalick<\/strong><\/p><\/div>\n<p>Le tournage de <i>Zone Blanche<\/i> se poursuit actuellement dans les Vosges et faisait r\u00e9cemment \u00e9tape au Grattoir dont les chambres servent de d\u00e9cors \u00e0 l&rsquo;Eldorado que vous connaissez aussi sous le nom de \u00ab\u00a0Bar Sabine\u00a0\u00bb. Un lieu cl\u00e9, une plaque tournante de la s\u00e9rie dont vous connaissez sans doute la salle principale puisqu&rsquo;il s&rsquo;agit du fameux bar du Schmalick au Valtin, rhabill\u00e9 fa\u00e7on western pour les besoins de la production. Deux bars pour n&rsquo;en faire qu&rsquo;un, c&rsquo;est la magie du cin\u00e9ma\u00a0!<\/p>\n<p><b>La nature\u00a0: un des personnages forts<\/b><\/p>\n<div id=\"attachment_127282\" style=\"width: 393px\" class=\"wp-caption alignright\"><a href=\"\/2018\/05\/Zone-Blanche\u00a9benpi00054.jpeg\"><img decoding=\"async\" aria-describedby=\"caption-attachment-127282\" class=\"size-medium wp-image-127282\" src=\"\/2018\/05\/Zone-Blanche\u00a9benpi00054-383x255.jpeg\" alt=\"Le r\u00e9alisateur Thierry Poiraud\" width=\"383\" height=\"255\" \/><\/a><p id=\"caption-attachment-127282\" class=\"wp-caption-text\"><span style=\"color: #000000;\"><strong>Le r\u00e9alisateur Thierry Poiraud<\/strong><\/span><\/p><\/div>\n<p>Mais revenons-en \u00e0 nos \u00a0moutons ou plut\u00f4t \u00e0 nos abeilles, avec le producteur ex\u00e9cutif d&rsquo;Ego production Pascal Wyn, pour qui le retour dans les Vosges pour la saison 2 \u00e9tait une \u00e9vidence \u00e0 plus d&rsquo;un titre\u00a0: pour des raisons tout simplement techniques et pratiques (en mati\u00e8re de d\u00e9cors, rep\u00e8res sur certains sites etc&#8230;), pour la continuit\u00e9 de la s\u00e9rie, mais aussi et surtout car la for\u00eat, la nature est tout simplement l&rsquo;un des personnages forts de la s\u00e9rie. \u00ab\u00a0Et de ce point de vue, nous avions trouv\u00e9 ce que nous voulions avec les Vosges, une r\u00e9gion sauvage, avec une nature forte\u00a0!\u00a0\u00bb pr\u00e9cise Pascal Wyn.<\/p>\n<p>Et d&rsquo;ajouter\u00a0: \u00ab\u00a0C&rsquo;est aussi une terre de cin\u00e9ma o\u00f9 nous avons re\u00e7u un tr\u00e8s bon accueil de la part des gens, avec des maires et des municipalit\u00e9s qui nous aident beaucoup. Alors m\u00eame si pour nous, depuis Paris, cela semble loin, le voyage en vaut vraiment la chandelle\u00a0!\u00a0\u00bb Apr\u00e8s avoir bien pris ses marques lors de sa pr\u00e9c\u00e9dente venue, l&rsquo;\u00e9quipe du tournage semble d&rsquo;ailleurs plus performante cette ann\u00e9e. Elle est plus accoutum\u00e9e \u00e0 cette nature et \u00e0 cette m\u00e9t\u00e9o auxquelles h\u00e9ros du film comme techniciens doivent finalement faire face&#8230;<\/p>\n<p><b>Amazon \u00e0 la rescousse<\/b><\/p>\n<div id=\"attachment_127281\" style=\"width: 393px\" class=\"wp-caption alignleft\"><a href=\"\/2018\/05\/Zone-Blanche\u00a9benpi00017.jpeg\"><img decoding=\"async\" aria-describedby=\"caption-attachment-127281\" class=\"size-medium wp-image-127281\" src=\"\/2018\/05\/Zone-Blanche\u00a9benpi00017-383x255.jpeg\" alt=\"Suliane Brahim\" width=\"383\" height=\"255\" \/><\/a><p id=\"caption-attachment-127281\" class=\"wp-caption-text\">Suliane Brahim<\/p><\/div>\n<p>Le choix des Hautes Vosges devrait donc \u00eatre payant, tout comme le choix de poursuivre l&rsquo;aventure Zone Blanche, chose qui n&rsquo;\u00e9tait pas forc\u00e9ment jou\u00e9e d&rsquo;avance. Malgr\u00e9 des retours positifs y compris \u00e0 l&rsquo;\u00e9tranger, une part de march\u00e9 honorable (13%) et une audience d&rsquo;environ 3,8 millions de t\u00e9l\u00e9spectateurs, la production de ce second volet n&rsquo;a pas \u00e9t\u00e9 facile, France 2 \u00e9tant un peu partag\u00e9e sur la question. \u00ab\u00a0Nous sommes sur un cr\u00e9neau difficile sur le service public, avec une s\u00e9rie qui a une vis\u00e9e plus internationale, il a fallu trouver notre place. Mais les h\u00e9sitations ont progressivement \u00e9t\u00e9 lev\u00e9es avec notamment l&rsquo;achat de la s\u00e9rie par Amazon qui a \u00e9t\u00e9 d\u00e9terminant\u00a0\u00bb explique Pascal Wyn. Ce qui fait d&rsquo;ailleurs de <i>Zone Blanche<\/i> la premi\u00e8re s\u00e9rie fran\u00e7aise achet\u00e9e par Amazon, rien que \u00e7a\u00a0!<\/p>\n<p><a href=\"\/2018\/05\/Zone-Blanche\u00a9benpi00080.jpeg\"><img decoding=\"async\" class=\"alignright size-medium wp-image-127285\" src=\"\/2018\/05\/Zone-Blanche\u00a9benpi00080-383x255.jpeg\" alt=\"Zone-Blanche\u00a9benpi00080\" width=\"383\" height=\"255\" \/><\/a>Mais est-il besoin de le r\u00e9p\u00e9ter, le projet est ambitieux et novateur, c&rsquo;est sans doute pour cela qu&rsquo;il ne laisse pas indiff\u00e9rent, qu&rsquo;il laisse parfois perplexe une partie du public, qu&rsquo;il le divise aussi. Mais c&rsquo;est une s\u00e9rie pionni\u00e8re en France, qui \u00ab\u00a0accompagne son temps\u00a0\u00bb avec entre autre cette id\u00e9e de \u00ab\u00a0r\u00e9sistance verte\u00a0\u00bb, \u00ab\u00a0d&rsquo;\u00e9cho-terrorisme\u00a0\u00bb non violent qui est justement dans l&rsquo;air du temps. Est-ce que \u00e7a lui portera chance, l&rsquo;avenir le dira. Mais cette seconde saison est plus que prometteuse tout en restant sur la m\u00eame tonalit\u00e9, sur le m\u00eame fil que la pr\u00e9c\u00e9dente, comme le r\u00e9sume Pascal Wyn\u00a0: \u00ab\u00a0Oui, il pourrait y avoir des choses fantastiques, \u00e9tranges, qui peuvent cependant avoir une explication rationnelle, scientifique\u00a0\u00bb.<\/p>\n<p>A vous de voir apr\u00e8s tout, car l&rsquo;un des points forts de la s\u00e9rie est bien de faire travailler l&rsquo;imaginaire du spectateur, trop peu souvent stimul\u00e9 sur le petit \u00e9cran justement. Le tournage devrait prendre fin le 30 Mai dans les Vosges pour reprendre cet \u00e9t\u00e9 en Belgique et s&rsquo;achever d\u00e9finitivement le 1er novembre si le plan se d\u00e9roule sans accroc. Livraison pr\u00e9vue pour f\u00e9vrier 2019 et diffusion courant de la m\u00eame ann\u00e9e, sachant que la d\u00e9cision appartient \u00e0 France 2 comme le signalait Pascal Wyn. Il va donc falloir \u00eatre patient\u00a0!<\/p>\n<p><strong>Cr\u00e9dit photos :<\/strong> \u00a9benpi<\/p>\n<p><a href=\"\/2018\/05\/Zone-Blanche\u00a9benpi.jpeg\"><img decoding=\"async\" class=\"aligncenter size-medium wp-image-127279\" src=\"\/2018\/05\/Zone-Blanche\u00a9benpi-383x255.jpeg\" alt=\"Zone-Blanche\u00a9benpi\" width=\"383\" height=\"255\" \/><\/a><\/p>\n<p>&nbsp;<\/p>\n","protected":false},"excerpt":{"rendered":"<p>&nbsp; Le tournage de Zone Blanche se poursuit actuellement dans les Vosges et faisait r\u00e9cemment \u00e9tape au Grattoir dont les [&hellip;]<\/p>\n","protected":false},"author":42,"featured_media":33896,"comment_status":"open","ping_status":"open","sticky":false,"template":"","format":"standard","meta":{"footnotes":""},"categories":[20,39,4,18],"tags":[3614,2255,2072],"class_list":["post-33895","post","type-post","status-publish","format-standard","has-post-thumbnail","hentry","category-a-la-une","category-cinema","category-culture","category-vosges","tag-pascal-wyn","tag-suliane-brahim","tag-zone-blanche"],"acf":[],"yoast_head":"<!-- This site is optimized with the Yoast SEO plugin v22.5 - https:\/\/yoast.com\/wordpress\/plugins\/seo\/ -->\n<title>Zone Blanche : \u00ab il fallait trouver sa place \u00bb - Gerardmer Info<\/title>\n<meta name=\"robots\" content=\"index, follow, max-snippet:-1, max-image-preview:large, max-video-preview:-1\" \/>\n<link rel=\"canonical\" href=\"https:\/\/vosgesinfo.fr\/gerardmerinfo\/2018\/05\/zone-blanche-fallait-trouver-place\/\" \/>\n<meta name=\"twitter:card\" content=\"summary_large_image\" \/>\n<meta name=\"twitter:title\" content=\"Zone Blanche : \u00ab il fallait trouver sa place \u00bb - Gerardmer Info\" \/>\n<meta name=\"twitter:description\" content=\"&nbsp; Le tournage de Zone Blanche se poursuit actuellement dans les Vosges et faisait r\u00e9cemment \u00e9tape au Grattoir dont les [&hellip;]\" \/>\n<meta name=\"twitter:image\" content=\"https:\/\/vosgesinfo.fr\/app\/uploads\/sites\/6\/2024\/07\/201805zone-blanche\u00a9benpi00059.jpeg\" \/>\n<meta name=\"twitter:creator\" content=\"@VosgesInfo88\" \/>\n<meta name=\"twitter:site\" content=\"@VosgesInfo88\" \/>\n<meta name=\"twitter:label1\" content=\"\u00c9crit par\" \/>\n\t<meta name=\"twitter:data1\" content=\"QG\" \/>\n\t<meta name=\"twitter:label2\" content=\"Dur\u00e9e de lecture estim\u00e9e\" \/>\n\t<meta name=\"twitter:data2\" content=\"4 minutes\" \/>\n<script type=\"application\/ld+json\" class=\"yoast-schema-graph\">{\"@context\":\"https:\/\/schema.org\",\"@graph\":[{\"@type\":\"Article\",\"@id\":\"https:\/\/vosgesinfo.fr\/gerardmerinfo\/2018\/05\/zone-blanche-fallait-trouver-place\/#article\",\"isPartOf\":{\"@id\":\"https:\/\/vosgesinfo.fr\/gerardmerinfo\/2018\/05\/zone-blanche-fallait-trouver-place\/\"},\"author\":{\"name\":\"QG\",\"@id\":\"https:\/\/vosgesinfo.fr\/gerardmerinfo\/#\/schema\/person\/db5605779a843dad16b5368f3e7613a5\"},\"headline\":\"Zone Blanche : \u00ab il fallait trouver sa place \u00bb\",\"datePublished\":\"2018-05-15T13:50:18+00:00\",\"dateModified\":\"2018-05-15T13:50:18+00:00\",\"mainEntityOfPage\":{\"@id\":\"https:\/\/vosgesinfo.fr\/gerardmerinfo\/2018\/05\/zone-blanche-fallait-trouver-place\/\"},\"wordCount\":747,\"commentCount\":0,\"publisher\":{\"@id\":\"https:\/\/vosgesinfo.fr\/gerardmerinfo\/#organization\"},\"image\":{\"@id\":\"https:\/\/vosgesinfo.fr\/gerardmerinfo\/2018\/05\/zone-blanche-fallait-trouver-place\/#primaryimage\"},\"thumbnailUrl\":\"https:\/\/vosgesinfo.fr\/app\/uploads\/sites\/6\/2024\/07\/201805zone-blanche\u00a9benpi00059.jpeg\",\"keywords\":[\"Pascal Wyn\",\"Suliane Brahim\",\"zone blanche\"],\"articleSection\":[\"A la une\",\"cin\u00e9ma\",\"Culture\",\"Vosges\"],\"inLanguage\":\"fr-FR\",\"potentialAction\":[{\"@type\":\"CommentAction\",\"name\":\"Comment\",\"target\":[\"https:\/\/vosgesinfo.fr\/gerardmerinfo\/2018\/05\/zone-blanche-fallait-trouver-place\/#respond\"]}]},{\"@type\":\"WebPage\",\"@id\":\"https:\/\/vosgesinfo.fr\/gerardmerinfo\/2018\/05\/zone-blanche-fallait-trouver-place\/\",\"url\":\"https:\/\/vosgesinfo.fr\/gerardmerinfo\/2018\/05\/zone-blanche-fallait-trouver-place\/\",\"name\":\"Zone Blanche : \u00ab il fallait trouver sa place \u00bb - Gerardmer Info\",\"isPartOf\":{\"@id\":\"https:\/\/vosgesinfo.fr\/gerardmerinfo\/#website\"},\"primaryImageOfPage\":{\"@id\":\"https:\/\/vosgesinfo.fr\/gerardmerinfo\/2018\/05\/zone-blanche-fallait-trouver-place\/#primaryimage\"},\"image\":{\"@id\":\"https:\/\/vosgesinfo.fr\/gerardmerinfo\/2018\/05\/zone-blanche-fallait-trouver-place\/#primaryimage\"},\"thumbnailUrl\":\"https:\/\/vosgesinfo.fr\/app\/uploads\/sites\/6\/2024\/07\/201805zone-blanche\u00a9benpi00059.jpeg\",\"datePublished\":\"2018-05-15T13:50:18+00:00\",\"dateModified\":\"2018-05-15T13:50:18+00:00\",\"breadcrumb\":{\"@id\":\"https:\/\/vosgesinfo.fr\/gerardmerinfo\/2018\/05\/zone-blanche-fallait-trouver-place\/#breadcrumb\"},\"inLanguage\":\"fr-FR\",\"potentialAction\":[{\"@type\":\"ReadAction\",\"target\":[\"https:\/\/vosgesinfo.fr\/gerardmerinfo\/2018\/05\/zone-blanche-fallait-trouver-place\/\"]}]},{\"@type\":\"ImageObject\",\"inLanguage\":\"fr-FR\",\"@id\":\"https:\/\/vosgesinfo.fr\/gerardmerinfo\/2018\/05\/zone-blanche-fallait-trouver-place\/#primaryimage\",\"url\":\"https:\/\/vosgesinfo.fr\/app\/uploads\/sites\/6\/2024\/07\/201805zone-blanche\u00a9benpi00059.jpeg\",\"contentUrl\":\"https:\/\/vosgesinfo.fr\/app\/uploads\/sites\/6\/2024\/07\/201805zone-blanche\u00a9benpi00059.jpeg\",\"width\":800,\"height\":533},{\"@type\":\"BreadcrumbList\",\"@id\":\"https:\/\/vosgesinfo.fr\/gerardmerinfo\/2018\/05\/zone-blanche-fallait-trouver-place\/#breadcrumb\",\"itemListElement\":[{\"@type\":\"ListItem\",\"position\":1,\"name\":\"Home\",\"item\":\"https:\/\/vosgesinfo.fr\/gerardmerinfo\/\"},{\"@type\":\"ListItem\",\"position\":2,\"name\":\"Zone Blanche : \u00ab il fallait trouver sa place \u00bb\"}]},{\"@type\":\"WebSite\",\"@id\":\"https:\/\/vosgesinfo.fr\/gerardmerinfo\/#website\",\"url\":\"https:\/\/vosgesinfo.fr\/gerardmerinfo\/\",\"name\":\"Gerardmer Info\",\"description\":\"Toute l&#039;actualit\u00e9 de G\u00e9rardmer\",\"publisher\":{\"@id\":\"https:\/\/vosgesinfo.fr\/gerardmerinfo\/#organization\"},\"alternateName\":\"Toute l'actualit\u00e9 de G\u00e9rardmer\",\"potentialAction\":[{\"@type\":\"SearchAction\",\"target\":{\"@type\":\"EntryPoint\",\"urlTemplate\":\"https:\/\/vosgesinfo.fr\/gerardmerinfo\/?s={search_term_string}\"},\"query-input\":\"required name=search_term_string\"}],\"inLanguage\":\"fr-FR\"},{\"@type\":\"Organization\",\"@id\":\"https:\/\/vosgesinfo.fr\/gerardmerinfo\/#organization\",\"name\":\"Gerardmer Info\",\"url\":\"https:\/\/vosgesinfo.fr\/gerardmerinfo\/\",\"logo\":{\"@type\":\"ImageObject\",\"inLanguage\":\"fr-FR\",\"@id\":\"https:\/\/vosgesinfo.fr\/gerardmerinfo\/#\/schema\/logo\/image\/\",\"url\":\"https:\/\/vosgesinfo.fr\/app\/uploads\/sites\/6\/2023\/08\/favicon-gerardmerinfo.png\",\"contentUrl\":\"https:\/\/vosgesinfo.fr\/app\/uploads\/sites\/6\/2023\/08\/favicon-gerardmerinfo.png\",\"width\":512,\"height\":512,\"caption\":\"Gerardmer Info\"},\"image\":{\"@id\":\"https:\/\/vosgesinfo.fr\/gerardmerinfo\/#\/schema\/logo\/image\/\"},\"sameAs\":[\"https:\/\/www.facebook.com\/profile.php?id=100049475262660\",\"https:\/\/x.com\/VosgesInfo88\",\"https:\/\/www.youtube.com\/@vosgesinfo\"]},{\"@type\":\"Person\",\"@id\":\"https:\/\/vosgesinfo.fr\/gerardmerinfo\/#\/schema\/person\/db5605779a843dad16b5368f3e7613a5\",\"name\":\"QG\",\"image\":{\"@type\":\"ImageObject\",\"inLanguage\":\"fr-FR\",\"@id\":\"https:\/\/vosgesinfo.fr\/gerardmerinfo\/#\/schema\/person\/image\/\",\"url\":\"https:\/\/secure.gravatar.com\/avatar\/ea80c42c204b534408512832fde52504ecabb9706bcb6151cf6175e5b64e6793?s=96&d=mm&r=g\",\"contentUrl\":\"https:\/\/secure.gravatar.com\/avatar\/ea80c42c204b534408512832fde52504ecabb9706bcb6151cf6175e5b64e6793?s=96&d=mm&r=g\",\"caption\":\"QG\"},\"url\":\"https:\/\/vosgesinfo.fr\/gerardmerinfo\/author\/quentin88\/\"}]}<\/script>\n<!-- \/ Yoast SEO plugin. -->","yoast_head_json":{"title":"Zone Blanche : \u00ab il fallait trouver sa place \u00bb - Gerardmer Info","robots":{"index":"index","follow":"follow","max-snippet":"max-snippet:-1","max-image-preview":"max-image-preview:large","max-video-preview":"max-video-preview:-1"},"canonical":"https:\/\/vosgesinfo.fr\/gerardmerinfo\/2018\/05\/zone-blanche-fallait-trouver-place\/","twitter_card":"summary_large_image","twitter_title":"Zone Blanche : \u00ab il fallait trouver sa place \u00bb - Gerardmer Info","twitter_description":"&nbsp; Le tournage de Zone Blanche se poursuit actuellement dans les Vosges et faisait r\u00e9cemment \u00e9tape au Grattoir dont les [&hellip;]","twitter_image":"https:\/\/vosgesinfo.fr\/app\/uploads\/sites\/6\/2024\/07\/201805zone-blanche\u00a9benpi00059.jpeg","twitter_creator":"@VosgesInfo88","twitter_site":"@VosgesInfo88","twitter_misc":{"\u00c9crit par":"QG","Dur\u00e9e de lecture estim\u00e9e":"4 minutes"},"schema":{"@context":"https:\/\/schema.org","@graph":[{"@type":"Article","@id":"https:\/\/vosgesinfo.fr\/gerardmerinfo\/2018\/05\/zone-blanche-fallait-trouver-place\/#article","isPartOf":{"@id":"https:\/\/vosgesinfo.fr\/gerardmerinfo\/2018\/05\/zone-blanche-fallait-trouver-place\/"},"author":{"name":"QG","@id":"https:\/\/vosgesinfo.fr\/gerardmerinfo\/#\/schema\/person\/db5605779a843dad16b5368f3e7613a5"},"headline":"Zone Blanche : \u00ab il fallait trouver sa place \u00bb","datePublished":"2018-05-15T13:50:18+00:00","dateModified":"2018-05-15T13:50:18+00:00","mainEntityOfPage":{"@id":"https:\/\/vosgesinfo.fr\/gerardmerinfo\/2018\/05\/zone-blanche-fallait-trouver-place\/"},"wordCount":747,"commentCount":0,"publisher":{"@id":"https:\/\/vosgesinfo.fr\/gerardmerinfo\/#organization"},"image":{"@id":"https:\/\/vosgesinfo.fr\/gerardmerinfo\/2018\/05\/zone-blanche-fallait-trouver-place\/#primaryimage"},"thumbnailUrl":"https:\/\/vosgesinfo.fr\/app\/uploads\/sites\/6\/2024\/07\/201805zone-blanche\u00a9benpi00059.jpeg","keywords":["Pascal Wyn","Suliane Brahim","zone blanche"],"articleSection":["A la une","cin\u00e9ma","Culture","Vosges"],"inLanguage":"fr-FR","potentialAction":[{"@type":"CommentAction","name":"Comment","target":["https:\/\/vosgesinfo.fr\/gerardmerinfo\/2018\/05\/zone-blanche-fallait-trouver-place\/#respond"]}]},{"@type":"WebPage","@id":"https:\/\/vosgesinfo.fr\/gerardmerinfo\/2018\/05\/zone-blanche-fallait-trouver-place\/","url":"https:\/\/vosgesinfo.fr\/gerardmerinfo\/2018\/05\/zone-blanche-fallait-trouver-place\/","name":"Zone Blanche : \u00ab il fallait trouver sa place \u00bb - Gerardmer Info","isPartOf":{"@id":"https:\/\/vosgesinfo.fr\/gerardmerinfo\/#website"},"primaryImageOfPage":{"@id":"https:\/\/vosgesinfo.fr\/gerardmerinfo\/2018\/05\/zone-blanche-fallait-trouver-place\/#primaryimage"},"image":{"@id":"https:\/\/vosgesinfo.fr\/gerardmerinfo\/2018\/05\/zone-blanche-fallait-trouver-place\/#primaryimage"},"thumbnailUrl":"https:\/\/vosgesinfo.fr\/app\/uploads\/sites\/6\/2024\/07\/201805zone-blanche\u00a9benpi00059.jpeg","datePublished":"2018-05-15T13:50:18+00:00","dateModified":"2018-05-15T13:50:18+00:00","breadcrumb":{"@id":"https:\/\/vosgesinfo.fr\/gerardmerinfo\/2018\/05\/zone-blanche-fallait-trouver-place\/#breadcrumb"},"inLanguage":"fr-FR","potentialAction":[{"@type":"ReadAction","target":["https:\/\/vosgesinfo.fr\/gerardmerinfo\/2018\/05\/zone-blanche-fallait-trouver-place\/"]}]},{"@type":"ImageObject","inLanguage":"fr-FR","@id":"https:\/\/vosgesinfo.fr\/gerardmerinfo\/2018\/05\/zone-blanche-fallait-trouver-place\/#primaryimage","url":"https:\/\/vosgesinfo.fr\/app\/uploads\/sites\/6\/2024\/07\/201805zone-blanche\u00a9benpi00059.jpeg","contentUrl":"https:\/\/vosgesinfo.fr\/app\/uploads\/sites\/6\/2024\/07\/201805zone-blanche\u00a9benpi00059.jpeg","width":800,"height":533},{"@type":"BreadcrumbList","@id":"https:\/\/vosgesinfo.fr\/gerardmerinfo\/2018\/05\/zone-blanche-fallait-trouver-place\/#breadcrumb","itemListElement":[{"@type":"ListItem","position":1,"name":"Home","item":"https:\/\/vosgesinfo.fr\/gerardmerinfo\/"},{"@type":"ListItem","position":2,"name":"Zone Blanche : \u00ab il fallait trouver sa place \u00bb"}]},{"@type":"WebSite","@id":"https:\/\/vosgesinfo.fr\/gerardmerinfo\/#website","url":"https:\/\/vosgesinfo.fr\/gerardmerinfo\/","name":"Gerardmer Info","description":"Toute l&#039;actualit\u00e9 de G\u00e9rardmer","publisher":{"@id":"https:\/\/vosgesinfo.fr\/gerardmerinfo\/#organization"},"alternateName":"Toute l'actualit\u00e9 de G\u00e9rardmer","potentialAction":[{"@type":"SearchAction","target":{"@type":"EntryPoint","urlTemplate":"https:\/\/vosgesinfo.fr\/gerardmerinfo\/?s={search_term_string}"},"query-input":"required name=search_term_string"}],"inLanguage":"fr-FR"},{"@type":"Organization","@id":"https:\/\/vosgesinfo.fr\/gerardmerinfo\/#organization","name":"Gerardmer Info","url":"https:\/\/vosgesinfo.fr\/gerardmerinfo\/","logo":{"@type":"ImageObject","inLanguage":"fr-FR","@id":"https:\/\/vosgesinfo.fr\/gerardmerinfo\/#\/schema\/logo\/image\/","url":"https:\/\/vosgesinfo.fr\/app\/uploads\/sites\/6\/2023\/08\/favicon-gerardmerinfo.png","contentUrl":"https:\/\/vosgesinfo.fr\/app\/uploads\/sites\/6\/2023\/08\/favicon-gerardmerinfo.png","width":512,"height":512,"caption":"Gerardmer Info"},"image":{"@id":"https:\/\/vosgesinfo.fr\/gerardmerinfo\/#\/schema\/logo\/image\/"},"sameAs":["https:\/\/www.facebook.com\/profile.php?id=100049475262660","https:\/\/x.com\/VosgesInfo88","https:\/\/www.youtube.com\/@vosgesinfo"]},{"@type":"Person","@id":"https:\/\/vosgesinfo.fr\/gerardmerinfo\/#\/schema\/person\/db5605779a843dad16b5368f3e7613a5","name":"QG","image":{"@type":"ImageObject","inLanguage":"fr-FR","@id":"https:\/\/vosgesinfo.fr\/gerardmerinfo\/#\/schema\/person\/image\/","url":"https:\/\/secure.gravatar.com\/avatar\/ea80c42c204b534408512832fde52504ecabb9706bcb6151cf6175e5b64e6793?s=96&d=mm&r=g","contentUrl":"https:\/\/secure.gravatar.com\/avatar\/ea80c42c204b534408512832fde52504ecabb9706bcb6151cf6175e5b64e6793?s=96&d=mm&r=g","caption":"QG"},"url":"https:\/\/vosgesinfo.fr\/gerardmerinfo\/author\/quentin88\/"}]}},"_links":{"self":[{"href":"https:\/\/vosgesinfo.fr\/gerardmerinfo\/wp-json\/wp\/v2\/posts\/33895","targetHints":{"allow":["GET"]}}],"collection":[{"href":"https:\/\/vosgesinfo.fr\/gerardmerinfo\/wp-json\/wp\/v2\/posts"}],"about":[{"href":"https:\/\/vosgesinfo.fr\/gerardmerinfo\/wp-json\/wp\/v2\/types\/post"}],"author":[{"embeddable":true,"href":"https:\/\/vosgesinfo.fr\/gerardmerinfo\/wp-json\/wp\/v2\/users\/42"}],"replies":[{"embeddable":true,"href":"https:\/\/vosgesinfo.fr\/gerardmerinfo\/wp-json\/wp\/v2\/comments?post=33895"}],"version-history":[{"count":0,"href":"https:\/\/vosgesinfo.fr\/gerardmerinfo\/wp-json\/wp\/v2\/posts\/33895\/revisions"}],"wp:featuredmedia":[{"embeddable":true,"href":"https:\/\/vosgesinfo.fr\/gerardmerinfo\/wp-json\/wp\/v2\/media\/33896"}],"wp:attachment":[{"href":"https:\/\/vosgesinfo.fr\/gerardmerinfo\/wp-json\/wp\/v2\/media?parent=33895"}],"wp:term":[{"taxonomy":"category","embeddable":true,"href":"https:\/\/vosgesinfo.fr\/gerardmerinfo\/wp-json\/wp\/v2\/categories?post=33895"},{"taxonomy":"post_tag","embeddable":true,"href":"https:\/\/vosgesinfo.fr\/gerardmerinfo\/wp-json\/wp\/v2\/tags?post=33895"}],"curies":[{"name":"wp","href":"https:\/\/api.w.org\/{rel}","templated":true}]}}