{"id":33968,"date":"2018-05-18T10:33:14","date_gmt":"2018-05-18T08:33:14","guid":{"rendered":"https:\/\/vosgesinfo.fr\/gerardmerinfo\/2018\/05\/laurent-gerra-imitant-jack-lang-lancement-de-france-die-nouvelle-chaine-de-television-locale-deodatienne\/"},"modified":"2018-05-18T10:33:14","modified_gmt":"2018-05-18T08:33:14","slug":"laurent-gerra-imitant-jack-lang-lancement-de-france-die-nouvelle-chaine-de-television-locale-deodatienne","status":"publish","type":"post","link":"https:\/\/vosgesinfo.fr\/gerardmerinfo\/2018\/05\/laurent-gerra-imitant-jack-lang-lancement-de-france-die-nouvelle-chaine-de-television-locale-deodatienne\/","title":{"rendered":"Laurent Gerra imitant Jack Lang : lancement de \u00ab France Di\u00e9 \u00bb, une nouvelle cha\u00eene de t\u00e9l\u00e9vision locale d\u00e9odatienne !"},"content":{"rendered":"<h2><strong>Laurent Gerra l\u2019a annonc\u00e9 ce vendredi matin dans sa chronique sur RTL, \u00e0 travers la voix de Jack Lang : une nouvelle cha\u00eene de t\u00e9l\u00e9vision locale va prochainement \u00eatre lanc\u00e9e \u00e0 Saint-Di\u00e9-des-Vosges !<\/strong><\/h2>\n<p>Baptis\u00e9e \u00ab\u00a0France Di\u00e9\u00a0\u00bb, cette cha\u00eene fictive et parodique \u00e9mettra <em>\u00ab tous les soirs \u00e0 partir du coucher du soleil, c\u2019est \u00e0 dire \u00e0 partir de 16h30. En direct depuis l\u2019arri\u00e8re de l\u2019arri\u00e8re salle de la Taverne du Vieux Bouc, transform\u00e9e en studio. \u00bb<\/em><\/p>\n<p>Quant aux programmes de cette fausse nouvelle cha\u00eene t\u00e9l\u00e9vision, qui \u00e9mettra <em>\u00ab sur toute la contr\u00e9e, depuis Raon l\u2019Etape jusqu\u2019\u00e0 Saulxures-sur-Moselotte \u00bb<\/em>, France Di\u00e9 proposera un jeu baptis\u00e9 \u00ab\u00a0Des schlittes et des b\u00eates\u00a0\u00bb, \u00ab\u00a0Top Ch\u00e8vre\u00a0\u00bb, les s\u00e9ries \u00ab\u00a0Les munsters de l\u2019Ouest\u00a0\u00bb, \u00ab\u00a0Alerte \u00e0 Chenim\u00e9nil\u00a0\u00bb, \u00ab\u00a0Chapeaux de feutre et brodequins de cuir\u00a0\u00bb ainsi qu\u2019une <em>\u00ab grande s\u00e9rie polici\u00e8re \u00bb<\/em>, intitul\u00e9e \u00ab\u00a0Les experts G\u00e9rardmer\u00a0\u00bb, et le feuilleton quotidien \u00ab\u00a0Pied-Bot la vie\u00a0\u00bb, <em>\u00ab dont l\u2019action se d\u00e9roule dans un faubourg typique de Saint-Di\u00e9, le quartier du Munstral \u00bb.<\/em><\/p>\n","protected":false},"excerpt":{"rendered":"<p>Laurent Gerra l\u2019a annonc\u00e9 ce vendredi matin dans sa chronique sur RTL, \u00e0 travers la voix de Jack Lang : [&hellip;]<\/p>\n","protected":false},"author":1,"featured_media":33969,"comment_status":"open","ping_status":"open","sticky":false,"template":"","format":"standard","meta":{"footnotes":""},"categories":[20,4,18],"tags":[3621],"class_list":["post-33968","post","type-post","status-publish","format-standard","has-post-thumbnail","hentry","category-a-la-une","category-culture","category-vosges","tag-laurent-gerra"],"acf":[],"yoast_head":"<!-- This site is optimized with the Yoast SEO plugin v22.5 - https:\/\/yoast.com\/wordpress\/plugins\/seo\/ -->\n<title>Laurent Gerra imitant Jack Lang : lancement de \u00ab France Di\u00e9 \u00bb, une nouvelle cha\u00eene de t\u00e9l\u00e9vision locale d\u00e9odatienne ! - Gerardmer Info<\/title>\n<meta name=\"robots\" content=\"index, follow, max-snippet:-1, max-image-preview:large, max-video-preview:-1\" \/>\n<link rel=\"canonical\" href=\"https:\/\/vosgesinfo.fr\/gerardmerinfo\/2018\/05\/laurent-gerra-imitant-jack-lang-lancement-de-france-die-nouvelle-chaine-de-television-locale-deodatienne\/\" \/>\n<meta name=\"twitter:card\" content=\"summary_large_image\" \/>\n<meta name=\"twitter:title\" content=\"Laurent Gerra imitant Jack Lang : lancement de \u00ab France Di\u00e9 \u00bb, une nouvelle cha\u00eene de t\u00e9l\u00e9vision locale d\u00e9odatienne ! - Gerardmer Info\" \/>\n<meta name=\"twitter:description\" content=\"Laurent Gerra l\u2019a annonc\u00e9 ce vendredi matin dans sa chronique sur RTL, \u00e0 travers la voix de Jack Lang : [&hellip;]\" \/>\n<meta name=\"twitter:image\" content=\"https:\/\/vosgesinfo.fr\/app\/uploads\/sites\/6\/2024\/07\/201805laurent-gerra-01.jpg\" \/>\n<meta name=\"twitter:creator\" content=\"@VosgesInfo88\" \/>\n<meta name=\"twitter:site\" content=\"@VosgesInfo88\" \/>\n<meta name=\"twitter:label1\" content=\"\u00c9crit par\" \/>\n\t<meta name=\"twitter:data1\" content=\"qs_admin\" \/>\n\t<meta name=\"twitter:label2\" content=\"Dur\u00e9e de lecture estim\u00e9e\" \/>\n\t<meta name=\"twitter:data2\" content=\"1 minute\" \/>\n<script type=\"application\/ld+json\" class=\"yoast-schema-graph\">{\"@context\":\"https:\/\/schema.org\",\"@graph\":[{\"@type\":\"Article\",\"@id\":\"https:\/\/vosgesinfo.fr\/gerardmerinfo\/2018\/05\/laurent-gerra-imitant-jack-lang-lancement-de-france-die-nouvelle-chaine-de-television-locale-deodatienne\/#article\",\"isPartOf\":{\"@id\":\"https:\/\/vosgesinfo.fr\/gerardmerinfo\/2018\/05\/laurent-gerra-imitant-jack-lang-lancement-de-france-die-nouvelle-chaine-de-television-locale-deodatienne\/\"},\"author\":{\"name\":\"qs_admin\",\"@id\":\"https:\/\/vosgesinfo.fr\/gerardmerinfo\/#\/schema\/person\/bc5d02d71e6932e81b6dadb7386667b1\"},\"headline\":\"Laurent Gerra imitant Jack Lang : lancement de \u00ab France Di\u00e9 \u00bb, une nouvelle cha\u00eene de t\u00e9l\u00e9vision locale d\u00e9odatienne !\",\"datePublished\":\"2018-05-18T08:33:14+00:00\",\"dateModified\":\"2018-05-18T08:33:14+00:00\",\"mainEntityOfPage\":{\"@id\":\"https:\/\/vosgesinfo.fr\/gerardmerinfo\/2018\/05\/laurent-gerra-imitant-jack-lang-lancement-de-france-die-nouvelle-chaine-de-television-locale-deodatienne\/\"},\"wordCount\":196,\"commentCount\":0,\"publisher\":{\"@id\":\"https:\/\/vosgesinfo.fr\/gerardmerinfo\/#organization\"},\"image\":{\"@id\":\"https:\/\/vosgesinfo.fr\/gerardmerinfo\/2018\/05\/laurent-gerra-imitant-jack-lang-lancement-de-france-die-nouvelle-chaine-de-television-locale-deodatienne\/#primaryimage\"},\"thumbnailUrl\":\"https:\/\/vosgesinfo.fr\/app\/uploads\/sites\/6\/2024\/07\/201805laurent-gerra-01.jpg\",\"keywords\":[\"laurent gerra\"],\"articleSection\":[\"A la une\",\"Culture\",\"Vosges\"],\"inLanguage\":\"fr-FR\",\"potentialAction\":[{\"@type\":\"CommentAction\",\"name\":\"Comment\",\"target\":[\"https:\/\/vosgesinfo.fr\/gerardmerinfo\/2018\/05\/laurent-gerra-imitant-jack-lang-lancement-de-france-die-nouvelle-chaine-de-television-locale-deodatienne\/#respond\"]}]},{\"@type\":\"WebPage\",\"@id\":\"https:\/\/vosgesinfo.fr\/gerardmerinfo\/2018\/05\/laurent-gerra-imitant-jack-lang-lancement-de-france-die-nouvelle-chaine-de-television-locale-deodatienne\/\",\"url\":\"https:\/\/vosgesinfo.fr\/gerardmerinfo\/2018\/05\/laurent-gerra-imitant-jack-lang-lancement-de-france-die-nouvelle-chaine-de-television-locale-deodatienne\/\",\"name\":\"Laurent Gerra imitant Jack Lang : lancement de \u00ab France Di\u00e9 \u00bb, une nouvelle cha\u00eene de t\u00e9l\u00e9vision locale d\u00e9odatienne ! - Gerardmer Info\",\"isPartOf\":{\"@id\":\"https:\/\/vosgesinfo.fr\/gerardmerinfo\/#website\"},\"primaryImageOfPage\":{\"@id\":\"https:\/\/vosgesinfo.fr\/gerardmerinfo\/2018\/05\/laurent-gerra-imitant-jack-lang-lancement-de-france-die-nouvelle-chaine-de-television-locale-deodatienne\/#primaryimage\"},\"image\":{\"@id\":\"https:\/\/vosgesinfo.fr\/gerardmerinfo\/2018\/05\/laurent-gerra-imitant-jack-lang-lancement-de-france-die-nouvelle-chaine-de-television-locale-deodatienne\/#primaryimage\"},\"thumbnailUrl\":\"https:\/\/vosgesinfo.fr\/app\/uploads\/sites\/6\/2024\/07\/201805laurent-gerra-01.jpg\",\"datePublished\":\"2018-05-18T08:33:14+00:00\",\"dateModified\":\"2018-05-18T08:33:14+00:00\",\"breadcrumb\":{\"@id\":\"https:\/\/vosgesinfo.fr\/gerardmerinfo\/2018\/05\/laurent-gerra-imitant-jack-lang-lancement-de-france-die-nouvelle-chaine-de-television-locale-deodatienne\/#breadcrumb\"},\"inLanguage\":\"fr-FR\",\"potentialAction\":[{\"@type\":\"ReadAction\",\"target\":[\"https:\/\/vosgesinfo.fr\/gerardmerinfo\/2018\/05\/laurent-gerra-imitant-jack-lang-lancement-de-france-die-nouvelle-chaine-de-television-locale-deodatienne\/\"]}]},{\"@type\":\"ImageObject\",\"inLanguage\":\"fr-FR\",\"@id\":\"https:\/\/vosgesinfo.fr\/gerardmerinfo\/2018\/05\/laurent-gerra-imitant-jack-lang-lancement-de-france-die-nouvelle-chaine-de-television-locale-deodatienne\/#primaryimage\",\"url\":\"https:\/\/vosgesinfo.fr\/app\/uploads\/sites\/6\/2024\/07\/201805laurent-gerra-01.jpg\",\"contentUrl\":\"https:\/\/vosgesinfo.fr\/app\/uploads\/sites\/6\/2024\/07\/201805laurent-gerra-01.jpg\",\"width\":422,\"height\":572},{\"@type\":\"BreadcrumbList\",\"@id\":\"https:\/\/vosgesinfo.fr\/gerardmerinfo\/2018\/05\/laurent-gerra-imitant-jack-lang-lancement-de-france-die-nouvelle-chaine-de-television-locale-deodatienne\/#breadcrumb\",\"itemListElement\":[{\"@type\":\"ListItem\",\"position\":1,\"name\":\"Home\",\"item\":\"https:\/\/vosgesinfo.fr\/gerardmerinfo\/\"},{\"@type\":\"ListItem\",\"position\":2,\"name\":\"Laurent Gerra imitant Jack Lang : lancement de \u00ab France Di\u00e9 \u00bb, une nouvelle cha\u00eene de t\u00e9l\u00e9vision locale d\u00e9odatienne !\"}]},{\"@type\":\"WebSite\",\"@id\":\"https:\/\/vosgesinfo.fr\/gerardmerinfo\/#website\",\"url\":\"https:\/\/vosgesinfo.fr\/gerardmerinfo\/\",\"name\":\"Gerardmer Info\",\"description\":\"Toute l&#039;actualit\u00e9 de G\u00e9rardmer\",\"publisher\":{\"@id\":\"https:\/\/vosgesinfo.fr\/gerardmerinfo\/#organization\"},\"alternateName\":\"Toute l'actualit\u00e9 de G\u00e9rardmer\",\"potentialAction\":[{\"@type\":\"SearchAction\",\"target\":{\"@type\":\"EntryPoint\",\"urlTemplate\":\"https:\/\/vosgesinfo.fr\/gerardmerinfo\/?s={search_term_string}\"},\"query-input\":\"required name=search_term_string\"}],\"inLanguage\":\"fr-FR\"},{\"@type\":\"Organization\",\"@id\":\"https:\/\/vosgesinfo.fr\/gerardmerinfo\/#organization\",\"name\":\"Gerardmer Info\",\"url\":\"https:\/\/vosgesinfo.fr\/gerardmerinfo\/\",\"logo\":{\"@type\":\"ImageObject\",\"inLanguage\":\"fr-FR\",\"@id\":\"https:\/\/vosgesinfo.fr\/gerardmerinfo\/#\/schema\/logo\/image\/\",\"url\":\"https:\/\/vosgesinfo.fr\/app\/uploads\/sites\/6\/2023\/08\/favicon-gerardmerinfo.png\",\"contentUrl\":\"https:\/\/vosgesinfo.fr\/app\/uploads\/sites\/6\/2023\/08\/favicon-gerardmerinfo.png\",\"width\":512,\"height\":512,\"caption\":\"Gerardmer Info\"},\"image\":{\"@id\":\"https:\/\/vosgesinfo.fr\/gerardmerinfo\/#\/schema\/logo\/image\/\"},\"sameAs\":[\"https:\/\/www.facebook.com\/profile.php?id=100049475262660\",\"https:\/\/x.com\/VosgesInfo88\",\"https:\/\/www.youtube.com\/@vosgesinfo\"]},{\"@type\":\"Person\",\"@id\":\"https:\/\/vosgesinfo.fr\/gerardmerinfo\/#\/schema\/person\/bc5d02d71e6932e81b6dadb7386667b1\",\"name\":\"qs_admin\",\"image\":{\"@type\":\"ImageObject\",\"inLanguage\":\"fr-FR\",\"@id\":\"https:\/\/vosgesinfo.fr\/gerardmerinfo\/#\/schema\/person\/image\/\",\"url\":\"https:\/\/secure.gravatar.com\/avatar\/94b18ee0ed79e4a42ea2f2931277b6841a8999fc6fde214600c78057cf1fe1de?s=96&d=mm&r=g\",\"contentUrl\":\"https:\/\/secure.gravatar.com\/avatar\/94b18ee0ed79e4a42ea2f2931277b6841a8999fc6fde214600c78057cf1fe1de?s=96&d=mm&r=g\",\"caption\":\"qs_admin\"},\"sameAs\":[\"https:\/\/vosgesinfo.fr\/wp\"],\"url\":\"https:\/\/vosgesinfo.fr\/gerardmerinfo\/author\/qs_admin\/\"}]}<\/script>\n<!-- \/ Yoast SEO plugin. -->","yoast_head_json":{"title":"Laurent Gerra imitant Jack Lang : lancement de \u00ab France Di\u00e9 \u00bb, une nouvelle cha\u00eene de t\u00e9l\u00e9vision locale d\u00e9odatienne ! - Gerardmer Info","robots":{"index":"index","follow":"follow","max-snippet":"max-snippet:-1","max-image-preview":"max-image-preview:large","max-video-preview":"max-video-preview:-1"},"canonical":"https:\/\/vosgesinfo.fr\/gerardmerinfo\/2018\/05\/laurent-gerra-imitant-jack-lang-lancement-de-france-die-nouvelle-chaine-de-television-locale-deodatienne\/","twitter_card":"summary_large_image","twitter_title":"Laurent Gerra imitant Jack Lang : lancement de \u00ab France Di\u00e9 \u00bb, une nouvelle cha\u00eene de t\u00e9l\u00e9vision locale d\u00e9odatienne ! - Gerardmer Info","twitter_description":"Laurent Gerra l\u2019a annonc\u00e9 ce vendredi matin dans sa chronique sur RTL, \u00e0 travers la voix de Jack Lang : [&hellip;]","twitter_image":"https:\/\/vosgesinfo.fr\/app\/uploads\/sites\/6\/2024\/07\/201805laurent-gerra-01.jpg","twitter_creator":"@VosgesInfo88","twitter_site":"@VosgesInfo88","twitter_misc":{"\u00c9crit par":"qs_admin","Dur\u00e9e de lecture estim\u00e9e":"1 minute"},"schema":{"@context":"https:\/\/schema.org","@graph":[{"@type":"Article","@id":"https:\/\/vosgesinfo.fr\/gerardmerinfo\/2018\/05\/laurent-gerra-imitant-jack-lang-lancement-de-france-die-nouvelle-chaine-de-television-locale-deodatienne\/#article","isPartOf":{"@id":"https:\/\/vosgesinfo.fr\/gerardmerinfo\/2018\/05\/laurent-gerra-imitant-jack-lang-lancement-de-france-die-nouvelle-chaine-de-television-locale-deodatienne\/"},"author":{"name":"qs_admin","@id":"https:\/\/vosgesinfo.fr\/gerardmerinfo\/#\/schema\/person\/bc5d02d71e6932e81b6dadb7386667b1"},"headline":"Laurent Gerra imitant Jack Lang : lancement de \u00ab France Di\u00e9 \u00bb, une nouvelle cha\u00eene de t\u00e9l\u00e9vision locale d\u00e9odatienne !","datePublished":"2018-05-18T08:33:14+00:00","dateModified":"2018-05-18T08:33:14+00:00","mainEntityOfPage":{"@id":"https:\/\/vosgesinfo.fr\/gerardmerinfo\/2018\/05\/laurent-gerra-imitant-jack-lang-lancement-de-france-die-nouvelle-chaine-de-television-locale-deodatienne\/"},"wordCount":196,"commentCount":0,"publisher":{"@id":"https:\/\/vosgesinfo.fr\/gerardmerinfo\/#organization"},"image":{"@id":"https:\/\/vosgesinfo.fr\/gerardmerinfo\/2018\/05\/laurent-gerra-imitant-jack-lang-lancement-de-france-die-nouvelle-chaine-de-television-locale-deodatienne\/#primaryimage"},"thumbnailUrl":"https:\/\/vosgesinfo.fr\/app\/uploads\/sites\/6\/2024\/07\/201805laurent-gerra-01.jpg","keywords":["laurent gerra"],"articleSection":["A la une","Culture","Vosges"],"inLanguage":"fr-FR","potentialAction":[{"@type":"CommentAction","name":"Comment","target":["https:\/\/vosgesinfo.fr\/gerardmerinfo\/2018\/05\/laurent-gerra-imitant-jack-lang-lancement-de-france-die-nouvelle-chaine-de-television-locale-deodatienne\/#respond"]}]},{"@type":"WebPage","@id":"https:\/\/vosgesinfo.fr\/gerardmerinfo\/2018\/05\/laurent-gerra-imitant-jack-lang-lancement-de-france-die-nouvelle-chaine-de-television-locale-deodatienne\/","url":"https:\/\/vosgesinfo.fr\/gerardmerinfo\/2018\/05\/laurent-gerra-imitant-jack-lang-lancement-de-france-die-nouvelle-chaine-de-television-locale-deodatienne\/","name":"Laurent Gerra imitant Jack Lang : lancement de \u00ab France Di\u00e9 \u00bb, une nouvelle cha\u00eene de t\u00e9l\u00e9vision locale d\u00e9odatienne ! - Gerardmer Info","isPartOf":{"@id":"https:\/\/vosgesinfo.fr\/gerardmerinfo\/#website"},"primaryImageOfPage":{"@id":"https:\/\/vosgesinfo.fr\/gerardmerinfo\/2018\/05\/laurent-gerra-imitant-jack-lang-lancement-de-france-die-nouvelle-chaine-de-television-locale-deodatienne\/#primaryimage"},"image":{"@id":"https:\/\/vosgesinfo.fr\/gerardmerinfo\/2018\/05\/laurent-gerra-imitant-jack-lang-lancement-de-france-die-nouvelle-chaine-de-television-locale-deodatienne\/#primaryimage"},"thumbnailUrl":"https:\/\/vosgesinfo.fr\/app\/uploads\/sites\/6\/2024\/07\/201805laurent-gerra-01.jpg","datePublished":"2018-05-18T08:33:14+00:00","dateModified":"2018-05-18T08:33:14+00:00","breadcrumb":{"@id":"https:\/\/vosgesinfo.fr\/gerardmerinfo\/2018\/05\/laurent-gerra-imitant-jack-lang-lancement-de-france-die-nouvelle-chaine-de-television-locale-deodatienne\/#breadcrumb"},"inLanguage":"fr-FR","potentialAction":[{"@type":"ReadAction","target":["https:\/\/vosgesinfo.fr\/gerardmerinfo\/2018\/05\/laurent-gerra-imitant-jack-lang-lancement-de-france-die-nouvelle-chaine-de-television-locale-deodatienne\/"]}]},{"@type":"ImageObject","inLanguage":"fr-FR","@id":"https:\/\/vosgesinfo.fr\/gerardmerinfo\/2018\/05\/laurent-gerra-imitant-jack-lang-lancement-de-france-die-nouvelle-chaine-de-television-locale-deodatienne\/#primaryimage","url":"https:\/\/vosgesinfo.fr\/app\/uploads\/sites\/6\/2024\/07\/201805laurent-gerra-01.jpg","contentUrl":"https:\/\/vosgesinfo.fr\/app\/uploads\/sites\/6\/2024\/07\/201805laurent-gerra-01.jpg","width":422,"height":572},{"@type":"BreadcrumbList","@id":"https:\/\/vosgesinfo.fr\/gerardmerinfo\/2018\/05\/laurent-gerra-imitant-jack-lang-lancement-de-france-die-nouvelle-chaine-de-television-locale-deodatienne\/#breadcrumb","itemListElement":[{"@type":"ListItem","position":1,"name":"Home","item":"https:\/\/vosgesinfo.fr\/gerardmerinfo\/"},{"@type":"ListItem","position":2,"name":"Laurent Gerra imitant Jack Lang : lancement de \u00ab France Di\u00e9 \u00bb, une nouvelle cha\u00eene de t\u00e9l\u00e9vision locale d\u00e9odatienne !"}]},{"@type":"WebSite","@id":"https:\/\/vosgesinfo.fr\/gerardmerinfo\/#website","url":"https:\/\/vosgesinfo.fr\/gerardmerinfo\/","name":"Gerardmer Info","description":"Toute l&#039;actualit\u00e9 de G\u00e9rardmer","publisher":{"@id":"https:\/\/vosgesinfo.fr\/gerardmerinfo\/#organization"},"alternateName":"Toute l'actualit\u00e9 de G\u00e9rardmer","potentialAction":[{"@type":"SearchAction","target":{"@type":"EntryPoint","urlTemplate":"https:\/\/vosgesinfo.fr\/gerardmerinfo\/?s={search_term_string}"},"query-input":"required name=search_term_string"}],"inLanguage":"fr-FR"},{"@type":"Organization","@id":"https:\/\/vosgesinfo.fr\/gerardmerinfo\/#organization","name":"Gerardmer Info","url":"https:\/\/vosgesinfo.fr\/gerardmerinfo\/","logo":{"@type":"ImageObject","inLanguage":"fr-FR","@id":"https:\/\/vosgesinfo.fr\/gerardmerinfo\/#\/schema\/logo\/image\/","url":"https:\/\/vosgesinfo.fr\/app\/uploads\/sites\/6\/2023\/08\/favicon-gerardmerinfo.png","contentUrl":"https:\/\/vosgesinfo.fr\/app\/uploads\/sites\/6\/2023\/08\/favicon-gerardmerinfo.png","width":512,"height":512,"caption":"Gerardmer Info"},"image":{"@id":"https:\/\/vosgesinfo.fr\/gerardmerinfo\/#\/schema\/logo\/image\/"},"sameAs":["https:\/\/www.facebook.com\/profile.php?id=100049475262660","https:\/\/x.com\/VosgesInfo88","https:\/\/www.youtube.com\/@vosgesinfo"]},{"@type":"Person","@id":"https:\/\/vosgesinfo.fr\/gerardmerinfo\/#\/schema\/person\/bc5d02d71e6932e81b6dadb7386667b1","name":"qs_admin","image":{"@type":"ImageObject","inLanguage":"fr-FR","@id":"https:\/\/vosgesinfo.fr\/gerardmerinfo\/#\/schema\/person\/image\/","url":"https:\/\/secure.gravatar.com\/avatar\/94b18ee0ed79e4a42ea2f2931277b6841a8999fc6fde214600c78057cf1fe1de?s=96&d=mm&r=g","contentUrl":"https:\/\/secure.gravatar.com\/avatar\/94b18ee0ed79e4a42ea2f2931277b6841a8999fc6fde214600c78057cf1fe1de?s=96&d=mm&r=g","caption":"qs_admin"},"sameAs":["https:\/\/vosgesinfo.fr\/wp"],"url":"https:\/\/vosgesinfo.fr\/gerardmerinfo\/author\/qs_admin\/"}]}},"_links":{"self":[{"href":"https:\/\/vosgesinfo.fr\/gerardmerinfo\/wp-json\/wp\/v2\/posts\/33968","targetHints":{"allow":["GET"]}}],"collection":[{"href":"https:\/\/vosgesinfo.fr\/gerardmerinfo\/wp-json\/wp\/v2\/posts"}],"about":[{"href":"https:\/\/vosgesinfo.fr\/gerardmerinfo\/wp-json\/wp\/v2\/types\/post"}],"author":[{"embeddable":true,"href":"https:\/\/vosgesinfo.fr\/gerardmerinfo\/wp-json\/wp\/v2\/users\/1"}],"replies":[{"embeddable":true,"href":"https:\/\/vosgesinfo.fr\/gerardmerinfo\/wp-json\/wp\/v2\/comments?post=33968"}],"version-history":[{"count":0,"href":"https:\/\/vosgesinfo.fr\/gerardmerinfo\/wp-json\/wp\/v2\/posts\/33968\/revisions"}],"wp:featuredmedia":[{"embeddable":true,"href":"https:\/\/vosgesinfo.fr\/gerardmerinfo\/wp-json\/wp\/v2\/media\/33969"}],"wp:attachment":[{"href":"https:\/\/vosgesinfo.fr\/gerardmerinfo\/wp-json\/wp\/v2\/media?parent=33968"}],"wp:term":[{"taxonomy":"category","embeddable":true,"href":"https:\/\/vosgesinfo.fr\/gerardmerinfo\/wp-json\/wp\/v2\/categories?post=33968"},{"taxonomy":"post_tag","embeddable":true,"href":"https:\/\/vosgesinfo.fr\/gerardmerinfo\/wp-json\/wp\/v2\/tags?post=33968"}],"curies":[{"name":"wp","href":"https:\/\/api.w.org\/{rel}","templated":true}]}}