{"id":34080,"date":"2018-05-24T03:00:32","date_gmt":"2018-05-24T01:00:32","guid":{"rendered":"https:\/\/vosgesinfo.fr\/gerardmerinfo\/2018\/05\/trail-de-vallee-lacs-poursuit-ascension\/"},"modified":"2018-05-24T03:00:32","modified_gmt":"2018-05-24T01:00:32","slug":"trail-de-vallee-lacs-poursuit-ascension","status":"publish","type":"post","link":"https:\/\/vosgesinfo.fr\/gerardmerinfo\/2018\/05\/trail-de-vallee-lacs-poursuit-ascension\/","title":{"rendered":"Le Trail de la Vall\u00e9e des Lacs poursuit son ascension"},"content":{"rendered":"<p><strong><a href=\"\/2018\/05\/35423146185_1200795e62_o.jpg\"><img decoding=\"async\" class=\"aligncenter wp-image-127767\" src=\"\/2018\/05\/35423146185_1200795e62_o.jpg\" alt=\"trail de la vall\u00e9e des lacs - photo R. Lacroix\" width=\"500\" height=\"333\" \/><\/a><\/strong><\/p>\n<p><strong>Les 15, 16 et 17 juin prochains, se tiendra \u00e0 G\u00e9rardmer le 17\u00e8me Trail de la Vall\u00e9e des Lacs organis\u00e9 par Athl\u00e9 Vosges Vall\u00e9e des Lacs et de la Cleurie. Pr\u00e8s de 2 000 coureurs sont attendus au d\u00e9part de l&rsquo;Espace Lac de G\u00e9rardmer sur l&rsquo;ensemble du week-end.<\/strong><\/p>\n<div id=\"attachment_127750\" style=\"width: 410px\" class=\"wp-caption alignleft\"><a href=\"\/2018\/05\/conf-de-presse-trail-2018-1.jpg\"><img decoding=\"async\" aria-describedby=\"caption-attachment-127750\" class=\"size-medium wp-image-127750\" src=\"\/2018\/05\/conf-de-presse-trail-2018-1-400x225.jpg\" alt=\"Michel Lavest en compagnie de la conseill\u00e8re r\u00e9gionale Sylvie d'Alguerre et Nadine Bassi\u00e8re, adjointe aux sports de la municipalit\u00e9 g\u00e9r\u00f4moise.\" width=\"400\" height=\"225\" \/><\/a><p id=\"caption-attachment-127750\" class=\"wp-caption-text\"><span style=\"color: #000080;\">Michel Lavest en compagnie de la conseill\u00e8re r\u00e9gionale Sylvie d&rsquo;Alguerre et Nadine Bassi\u00e8re, adjointe aux sports de la municipalit\u00e9 g\u00e9r\u00f4moise.<\/span><\/p><\/div>\n<p>Mercredi soir, le comit\u00e9 d&rsquo;organisation avait donc convi\u00e9 la presse, les \u00e9lus des communes concern\u00e9es ainsi que les chevilles ouvri\u00e8res de la comp\u00e9tition \u00e0 une r\u00e9union de pr\u00e9sentation de ce nouvel opus qui approche \u00e0 grandes enjamb\u00e9es. On notera \u00e9galement la pr\u00e9sence de la conseill\u00e8re r\u00e9gionale Sylvie D&rsquo;Alguerre qui avait tenu \u00e0 faire le d\u00e9placement pour annoncer clairement que l&rsquo;institution qu&rsquo;elle repr\u00e9sente serait ravie de soutenir le Trail de la Vall\u00e9e des Lacs sur les prochaines \u00e9ditions. A bon entendeur, il serait dommage de se priver d&rsquo;un nouveau partenaire, surtout de l&rsquo;envergure de la R\u00e9gion Grand Est&#8230;<\/p>\n<div>Pour rentrer dans le vif du sujet, sachez tout d&rsquo;abord que comme le prouvent les chiffres, le trail et notamment celui qu&rsquo;organise Athl\u00e9 Vosges est bien plus qu&rsquo;un effet de mode, mais bien une r\u00e9ponse \u00e0 un appel : celui du \u00ab\u00a0sport nature\u00a0\u00bb qui se d\u00e9roule dans un esprit convivial et qui est de plus en plus pl\u00e9biscit\u00e9 par les sportifs comme le grand public. A l&rsquo;heure actuelle, la comp\u00e9tition a enregistr\u00e9 55% d&rsquo;inscriptions en plus par rapport \u00e0 2017 \u00e0 la m\u00eame date et 30% de plus qu&rsquo;en 2016, ann\u00e9e r\u00e9f\u00e9rence. Les longues distances sont parties pour faire le plein et les courses loisirs\/d\u00e9couvertes n&rsquo;en seront sans doute pas loin&#8230;<\/div>\n<div><\/div>\n<div>Alors qu&rsquo;avons-nous au menu ? Un trail \u00ab\u00a0<em>entre h\u00eatraies sapini\u00e8res, hautes chaumes et lacs du massif vosgien. En solo, en \u00e9quipe, de 6 \u00e0 96 ans, du trail d\u00e9couverte aux portes de l&rsquo;ultra, chaque amateur de la course nature y trouvera un d\u00e9fi \u00e0 relever<\/em> !\u00a0\u00bb annonce le communiqu\u00e9. Concr\u00e8tement, on retrouvera une structure \u00e9quivalente aux Championnats de France de la discipline organis\u00e9s en septembre 2017, mais avec des distances diff\u00e9rentes et des petites subtilit\u00e9 dans les parcours. Une sorte de mix entre la comp\u00e9tition nationale et le Trail de juin dernier si vous pr\u00e9f\u00e9rez.<\/div>\n<div><\/div>\n<div>\n<div id=\"attachment_127751\" style=\"width: 410px\" class=\"wp-caption alignright\"><a href=\"\/2018\/05\/conf-de-presse-trail-2018-2.jpg\"><img decoding=\"async\" aria-describedby=\"caption-attachment-127751\" class=\"size-medium wp-image-127751\" src=\"\/2018\/05\/conf-de-presse-trail-2018-2-400x225.jpg\" alt=\"Marc Fegli a pr\u00e9sent\u00e9 les \u00e9preuves reines du Trail 2018.\" width=\"400\" height=\"225\" \/><\/a><p id=\"caption-attachment-127751\" class=\"wp-caption-text\">Marc Fegli a pr\u00e9sent\u00e9 les \u00e9preuves reines du Trail 2018.<\/p><\/div>\n<p>L&rsquo;implantation principale restera \u00e0 l&rsquo;Espace LAC avec un village et les partenaires de l&rsquo;\u00e9v\u00e9nement, un \u00e9cran g\u00e9ant, le suivi des coureurs via internet etc&#8230; Le retrait des dossards se fera d\u00e8s le vendredi 14 h 00 et le d\u00e9part de la premi\u00e8re course, l&rsquo;\u00e9preuve reine, se fera le samedi \u00e0&#8230; 2 h 00 du matin !! Avec un poil plus de 90 km \u00e0 parcourir pour 5 300m de d\u00e9nivel\u00e9, le Grand Trail s&rsquo;annonce comme un parcours exigeant et technique, mais aussi ludique qui vous permettra de d\u00e9couvrir de nouveaux points de vue exceptionnels. 7 lacs et 6 ravitaillements jalonneront le trac\u00e9 qui passera, et c&rsquo;est une nouveaut\u00e9, par le Schnepfenried.<\/p>\n<\/div>\n<div><\/div>\n<div><a href=\"\/2018\/05\/AFFICHE_TVL_2018_rs.jpg\"><img decoding=\"async\" class=\"alignleft size-medium wp-image-127759\" src=\"\/2018\/05\/AFFICHE_TVL_2018_rs-173x255.jpg\" alt=\"trail vll\u00e9e des lacs 018_rs\" width=\"173\" height=\"255\" \/><\/a>Toujours le samedi, vous aurez rendez-vous avec le Trail Long de 56 km, semblable au parcours du Championnat de France mais l\u00e9g\u00e8rement raccourci. Une \u00e9preuve qui pourra se disputer en relai \u00e0 travers le Trail Relai par \u00e9quipe de 2 \u00e0 4 coureurs (ouvert \u00e0 25 \u00e9quipes). Enfin, la Natur&rsquo;Elle Marie 13 km cl\u00f4turera cette premi\u00e8re journ\u00e9e. Une course rebaptis\u00e9e pour l&rsquo;occasion en m\u00e9moire de Marie-Agn\u00e8s Picart, membre fondatrice du Trail en Perle des Vosges. \u00ab\u00a0<em>Pas de limite pour cette course que l&rsquo;on associe avec La Ligue Contre le Cancer. Nous n&rsquo;avons pas voulu augmenter le prix de l&rsquo;inscription, mais 3 \u20ac par coureuses seront revers\u00e9s \u00e0 la recherche<\/em>\u00a0\u00bb a expliqu\u00e9 Michel Lavest lors de cette conf\u00e9rence de presse en mairie.<\/div>\n<div><\/div>\n<div>Le dimanche matin, place au Trail Court de 31 km qui affiche d\u00e9j\u00e0 un taux de remplissage de 72% (600 dossards) et dont le d\u00e9part sera donn\u00e9e \u00e0 8 h 00. Suivront la G\u00e9r\u00f4m\u00e9e 18 km, la Courrue 5 km pour d\u00e9couvrir le trail en douceur, puis les \u00e9preuves d\u00e9di\u00e9es aux enfants : le Mini Trail 2,5 km et le Traillounet\u00a0 1 km ! Il y en aura donc pour tout le monde mais, est-il n\u00e9cessaire de le rappeler, ne tra\u00eenez pas pour vous inscrire, notamment dans les \u00e9preuves longues. Pour se faire, rendez-vous sur le site du Trail de la Vall\u00e9e des Lacs o\u00f9 vous trouverez \u00e9galement toutes les informations utiles \u00e0 la course et relatives \u00e0 l&rsquo;accueil, aux trac\u00e9s etc : <a href=\"http:\/\/trailvalleedeslacs.com\/\" target=\"_blank\" rel=\"noopener\">http:\/\/trailvalleedeslacs.com\/<\/a><\/div>\n","protected":false},"excerpt":{"rendered":"<p>Les 15, 16 et 17 juin prochains, se tiendra \u00e0 G\u00e9rardmer le 17\u00e8me Trail de la Vall\u00e9e des Lacs organis\u00e9 [&hellip;]<\/p>\n","protected":false},"author":42,"featured_media":34081,"comment_status":"open","ping_status":"open","sticky":false,"template":"","format":"standard","meta":{"footnotes":""},"categories":[20,14,18],"tags":[198,1124],"class_list":["post-34080","post","type-post","status-publish","format-standard","has-post-thumbnail","hentry","category-a-la-une","category-sport","category-vosges","tag-athle-vosges-vallee-des-lacs","tag-trail-de-la-vallee-des-lacs"],"acf":[],"yoast_head":"<!-- This site is optimized with the Yoast SEO plugin v22.5 - https:\/\/yoast.com\/wordpress\/plugins\/seo\/ -->\n<title>Le Trail de la Vall\u00e9e des Lacs poursuit son ascension - Gerardmer Info<\/title>\n<meta name=\"robots\" content=\"index, follow, max-snippet:-1, max-image-preview:large, max-video-preview:-1\" \/>\n<link rel=\"canonical\" href=\"https:\/\/vosgesinfo.fr\/gerardmerinfo\/2018\/05\/trail-de-vallee-lacs-poursuit-ascension\/\" \/>\n<meta name=\"twitter:card\" content=\"summary_large_image\" \/>\n<meta name=\"twitter:title\" content=\"Le Trail de la Vall\u00e9e des Lacs poursuit son ascension - Gerardmer Info\" \/>\n<meta name=\"twitter:description\" content=\"Les 15, 16 et 17 juin prochains, se tiendra \u00e0 G\u00e9rardmer le 17\u00e8me Trail de la Vall\u00e9e des Lacs organis\u00e9 [&hellip;]\" \/>\n<meta name=\"twitter:image\" content=\"https:\/\/vosgesinfo.fr\/app\/uploads\/sites\/6\/2024\/07\/201709maxime-1er-trail-2.jpg\" \/>\n<meta name=\"twitter:creator\" content=\"@VosgesInfo88\" \/>\n<meta name=\"twitter:site\" content=\"@VosgesInfo88\" \/>\n<meta name=\"twitter:label1\" content=\"\u00c9crit par\" \/>\n\t<meta name=\"twitter:data1\" content=\"QG\" \/>\n\t<meta name=\"twitter:label2\" content=\"Dur\u00e9e de lecture estim\u00e9e\" \/>\n\t<meta name=\"twitter:data2\" content=\"4 minutes\" \/>\n<script type=\"application\/ld+json\" class=\"yoast-schema-graph\">{\"@context\":\"https:\/\/schema.org\",\"@graph\":[{\"@type\":\"Article\",\"@id\":\"https:\/\/vosgesinfo.fr\/gerardmerinfo\/2018\/05\/trail-de-vallee-lacs-poursuit-ascension\/#article\",\"isPartOf\":{\"@id\":\"https:\/\/vosgesinfo.fr\/gerardmerinfo\/2018\/05\/trail-de-vallee-lacs-poursuit-ascension\/\"},\"author\":{\"name\":\"QG\",\"@id\":\"https:\/\/vosgesinfo.fr\/gerardmerinfo\/#\/schema\/person\/db5605779a843dad16b5368f3e7613a5\"},\"headline\":\"Le Trail de la Vall\u00e9e des Lacs poursuit son ascension\",\"datePublished\":\"2018-05-24T01:00:32+00:00\",\"dateModified\":\"2018-05-24T01:00:32+00:00\",\"mainEntityOfPage\":{\"@id\":\"https:\/\/vosgesinfo.fr\/gerardmerinfo\/2018\/05\/trail-de-vallee-lacs-poursuit-ascension\/\"},\"wordCount\":806,\"commentCount\":0,\"publisher\":{\"@id\":\"https:\/\/vosgesinfo.fr\/gerardmerinfo\/#organization\"},\"image\":{\"@id\":\"https:\/\/vosgesinfo.fr\/gerardmerinfo\/2018\/05\/trail-de-vallee-lacs-poursuit-ascension\/#primaryimage\"},\"thumbnailUrl\":\"https:\/\/vosgesinfo.fr\/app\/uploads\/sites\/6\/2024\/07\/201709maxime-1er-trail-2.jpg\",\"keywords\":[\"athl\u00e9 vosges vall\u00e9e des lacs\",\"Trail de la Vall\u00e9e des Lacs\"],\"articleSection\":[\"A la une\",\"Sport\",\"Vosges\"],\"inLanguage\":\"fr-FR\",\"potentialAction\":[{\"@type\":\"CommentAction\",\"name\":\"Comment\",\"target\":[\"https:\/\/vosgesinfo.fr\/gerardmerinfo\/2018\/05\/trail-de-vallee-lacs-poursuit-ascension\/#respond\"]}]},{\"@type\":\"WebPage\",\"@id\":\"https:\/\/vosgesinfo.fr\/gerardmerinfo\/2018\/05\/trail-de-vallee-lacs-poursuit-ascension\/\",\"url\":\"https:\/\/vosgesinfo.fr\/gerardmerinfo\/2018\/05\/trail-de-vallee-lacs-poursuit-ascension\/\",\"name\":\"Le Trail de la Vall\u00e9e des Lacs poursuit son ascension - Gerardmer Info\",\"isPartOf\":{\"@id\":\"https:\/\/vosgesinfo.fr\/gerardmerinfo\/#website\"},\"primaryImageOfPage\":{\"@id\":\"https:\/\/vosgesinfo.fr\/gerardmerinfo\/2018\/05\/trail-de-vallee-lacs-poursuit-ascension\/#primaryimage\"},\"image\":{\"@id\":\"https:\/\/vosgesinfo.fr\/gerardmerinfo\/2018\/05\/trail-de-vallee-lacs-poursuit-ascension\/#primaryimage\"},\"thumbnailUrl\":\"https:\/\/vosgesinfo.fr\/app\/uploads\/sites\/6\/2024\/07\/201709maxime-1er-trail-2.jpg\",\"datePublished\":\"2018-05-24T01:00:32+00:00\",\"dateModified\":\"2018-05-24T01:00:32+00:00\",\"breadcrumb\":{\"@id\":\"https:\/\/vosgesinfo.fr\/gerardmerinfo\/2018\/05\/trail-de-vallee-lacs-poursuit-ascension\/#breadcrumb\"},\"inLanguage\":\"fr-FR\",\"potentialAction\":[{\"@type\":\"ReadAction\",\"target\":[\"https:\/\/vosgesinfo.fr\/gerardmerinfo\/2018\/05\/trail-de-vallee-lacs-poursuit-ascension\/\"]}]},{\"@type\":\"ImageObject\",\"inLanguage\":\"fr-FR\",\"@id\":\"https:\/\/vosgesinfo.fr\/gerardmerinfo\/2018\/05\/trail-de-vallee-lacs-poursuit-ascension\/#primaryimage\",\"url\":\"https:\/\/vosgesinfo.fr\/app\/uploads\/sites\/6\/2024\/07\/201709maxime-1er-trail-2.jpg\",\"contentUrl\":\"https:\/\/vosgesinfo.fr\/app\/uploads\/sites\/6\/2024\/07\/201709maxime-1er-trail-2.jpg\",\"width\":800,\"height\":531},{\"@type\":\"BreadcrumbList\",\"@id\":\"https:\/\/vosgesinfo.fr\/gerardmerinfo\/2018\/05\/trail-de-vallee-lacs-poursuit-ascension\/#breadcrumb\",\"itemListElement\":[{\"@type\":\"ListItem\",\"position\":1,\"name\":\"Home\",\"item\":\"https:\/\/vosgesinfo.fr\/gerardmerinfo\/\"},{\"@type\":\"ListItem\",\"position\":2,\"name\":\"Le Trail de la Vall\u00e9e des Lacs poursuit son ascension\"}]},{\"@type\":\"WebSite\",\"@id\":\"https:\/\/vosgesinfo.fr\/gerardmerinfo\/#website\",\"url\":\"https:\/\/vosgesinfo.fr\/gerardmerinfo\/\",\"name\":\"Gerardmer Info\",\"description\":\"Toute l&#039;actualit\u00e9 de G\u00e9rardmer\",\"publisher\":{\"@id\":\"https:\/\/vosgesinfo.fr\/gerardmerinfo\/#organization\"},\"alternateName\":\"Toute l'actualit\u00e9 de G\u00e9rardmer\",\"potentialAction\":[{\"@type\":\"SearchAction\",\"target\":{\"@type\":\"EntryPoint\",\"urlTemplate\":\"https:\/\/vosgesinfo.fr\/gerardmerinfo\/?s={search_term_string}\"},\"query-input\":\"required name=search_term_string\"}],\"inLanguage\":\"fr-FR\"},{\"@type\":\"Organization\",\"@id\":\"https:\/\/vosgesinfo.fr\/gerardmerinfo\/#organization\",\"name\":\"Gerardmer Info\",\"url\":\"https:\/\/vosgesinfo.fr\/gerardmerinfo\/\",\"logo\":{\"@type\":\"ImageObject\",\"inLanguage\":\"fr-FR\",\"@id\":\"https:\/\/vosgesinfo.fr\/gerardmerinfo\/#\/schema\/logo\/image\/\",\"url\":\"https:\/\/vosgesinfo.fr\/app\/uploads\/sites\/6\/2023\/08\/favicon-gerardmerinfo.png\",\"contentUrl\":\"https:\/\/vosgesinfo.fr\/app\/uploads\/sites\/6\/2023\/08\/favicon-gerardmerinfo.png\",\"width\":512,\"height\":512,\"caption\":\"Gerardmer Info\"},\"image\":{\"@id\":\"https:\/\/vosgesinfo.fr\/gerardmerinfo\/#\/schema\/logo\/image\/\"},\"sameAs\":[\"https:\/\/www.facebook.com\/profile.php?id=100049475262660\",\"https:\/\/x.com\/VosgesInfo88\",\"https:\/\/www.youtube.com\/@vosgesinfo\"]},{\"@type\":\"Person\",\"@id\":\"https:\/\/vosgesinfo.fr\/gerardmerinfo\/#\/schema\/person\/db5605779a843dad16b5368f3e7613a5\",\"name\":\"QG\",\"image\":{\"@type\":\"ImageObject\",\"inLanguage\":\"fr-FR\",\"@id\":\"https:\/\/vosgesinfo.fr\/gerardmerinfo\/#\/schema\/person\/image\/\",\"url\":\"https:\/\/secure.gravatar.com\/avatar\/ea80c42c204b534408512832fde52504ecabb9706bcb6151cf6175e5b64e6793?s=96&d=mm&r=g\",\"contentUrl\":\"https:\/\/secure.gravatar.com\/avatar\/ea80c42c204b534408512832fde52504ecabb9706bcb6151cf6175e5b64e6793?s=96&d=mm&r=g\",\"caption\":\"QG\"},\"url\":\"https:\/\/vosgesinfo.fr\/gerardmerinfo\/author\/quentin88\/\"}]}<\/script>\n<!-- \/ Yoast SEO plugin. -->","yoast_head_json":{"title":"Le Trail de la Vall\u00e9e des Lacs poursuit son ascension - Gerardmer Info","robots":{"index":"index","follow":"follow","max-snippet":"max-snippet:-1","max-image-preview":"max-image-preview:large","max-video-preview":"max-video-preview:-1"},"canonical":"https:\/\/vosgesinfo.fr\/gerardmerinfo\/2018\/05\/trail-de-vallee-lacs-poursuit-ascension\/","twitter_card":"summary_large_image","twitter_title":"Le Trail de la Vall\u00e9e des Lacs poursuit son ascension - Gerardmer Info","twitter_description":"Les 15, 16 et 17 juin prochains, se tiendra \u00e0 G\u00e9rardmer le 17\u00e8me Trail de la Vall\u00e9e des Lacs organis\u00e9 [&hellip;]","twitter_image":"https:\/\/vosgesinfo.fr\/app\/uploads\/sites\/6\/2024\/07\/201709maxime-1er-trail-2.jpg","twitter_creator":"@VosgesInfo88","twitter_site":"@VosgesInfo88","twitter_misc":{"\u00c9crit par":"QG","Dur\u00e9e de lecture estim\u00e9e":"4 minutes"},"schema":{"@context":"https:\/\/schema.org","@graph":[{"@type":"Article","@id":"https:\/\/vosgesinfo.fr\/gerardmerinfo\/2018\/05\/trail-de-vallee-lacs-poursuit-ascension\/#article","isPartOf":{"@id":"https:\/\/vosgesinfo.fr\/gerardmerinfo\/2018\/05\/trail-de-vallee-lacs-poursuit-ascension\/"},"author":{"name":"QG","@id":"https:\/\/vosgesinfo.fr\/gerardmerinfo\/#\/schema\/person\/db5605779a843dad16b5368f3e7613a5"},"headline":"Le Trail de la Vall\u00e9e des Lacs poursuit son ascension","datePublished":"2018-05-24T01:00:32+00:00","dateModified":"2018-05-24T01:00:32+00:00","mainEntityOfPage":{"@id":"https:\/\/vosgesinfo.fr\/gerardmerinfo\/2018\/05\/trail-de-vallee-lacs-poursuit-ascension\/"},"wordCount":806,"commentCount":0,"publisher":{"@id":"https:\/\/vosgesinfo.fr\/gerardmerinfo\/#organization"},"image":{"@id":"https:\/\/vosgesinfo.fr\/gerardmerinfo\/2018\/05\/trail-de-vallee-lacs-poursuit-ascension\/#primaryimage"},"thumbnailUrl":"https:\/\/vosgesinfo.fr\/app\/uploads\/sites\/6\/2024\/07\/201709maxime-1er-trail-2.jpg","keywords":["athl\u00e9 vosges vall\u00e9e des lacs","Trail de la Vall\u00e9e des Lacs"],"articleSection":["A la une","Sport","Vosges"],"inLanguage":"fr-FR","potentialAction":[{"@type":"CommentAction","name":"Comment","target":["https:\/\/vosgesinfo.fr\/gerardmerinfo\/2018\/05\/trail-de-vallee-lacs-poursuit-ascension\/#respond"]}]},{"@type":"WebPage","@id":"https:\/\/vosgesinfo.fr\/gerardmerinfo\/2018\/05\/trail-de-vallee-lacs-poursuit-ascension\/","url":"https:\/\/vosgesinfo.fr\/gerardmerinfo\/2018\/05\/trail-de-vallee-lacs-poursuit-ascension\/","name":"Le Trail de la Vall\u00e9e des Lacs poursuit son ascension - Gerardmer Info","isPartOf":{"@id":"https:\/\/vosgesinfo.fr\/gerardmerinfo\/#website"},"primaryImageOfPage":{"@id":"https:\/\/vosgesinfo.fr\/gerardmerinfo\/2018\/05\/trail-de-vallee-lacs-poursuit-ascension\/#primaryimage"},"image":{"@id":"https:\/\/vosgesinfo.fr\/gerardmerinfo\/2018\/05\/trail-de-vallee-lacs-poursuit-ascension\/#primaryimage"},"thumbnailUrl":"https:\/\/vosgesinfo.fr\/app\/uploads\/sites\/6\/2024\/07\/201709maxime-1er-trail-2.jpg","datePublished":"2018-05-24T01:00:32+00:00","dateModified":"2018-05-24T01:00:32+00:00","breadcrumb":{"@id":"https:\/\/vosgesinfo.fr\/gerardmerinfo\/2018\/05\/trail-de-vallee-lacs-poursuit-ascension\/#breadcrumb"},"inLanguage":"fr-FR","potentialAction":[{"@type":"ReadAction","target":["https:\/\/vosgesinfo.fr\/gerardmerinfo\/2018\/05\/trail-de-vallee-lacs-poursuit-ascension\/"]}]},{"@type":"ImageObject","inLanguage":"fr-FR","@id":"https:\/\/vosgesinfo.fr\/gerardmerinfo\/2018\/05\/trail-de-vallee-lacs-poursuit-ascension\/#primaryimage","url":"https:\/\/vosgesinfo.fr\/app\/uploads\/sites\/6\/2024\/07\/201709maxime-1er-trail-2.jpg","contentUrl":"https:\/\/vosgesinfo.fr\/app\/uploads\/sites\/6\/2024\/07\/201709maxime-1er-trail-2.jpg","width":800,"height":531},{"@type":"BreadcrumbList","@id":"https:\/\/vosgesinfo.fr\/gerardmerinfo\/2018\/05\/trail-de-vallee-lacs-poursuit-ascension\/#breadcrumb","itemListElement":[{"@type":"ListItem","position":1,"name":"Home","item":"https:\/\/vosgesinfo.fr\/gerardmerinfo\/"},{"@type":"ListItem","position":2,"name":"Le Trail de la Vall\u00e9e des Lacs poursuit son ascension"}]},{"@type":"WebSite","@id":"https:\/\/vosgesinfo.fr\/gerardmerinfo\/#website","url":"https:\/\/vosgesinfo.fr\/gerardmerinfo\/","name":"Gerardmer Info","description":"Toute l&#039;actualit\u00e9 de G\u00e9rardmer","publisher":{"@id":"https:\/\/vosgesinfo.fr\/gerardmerinfo\/#organization"},"alternateName":"Toute l'actualit\u00e9 de G\u00e9rardmer","potentialAction":[{"@type":"SearchAction","target":{"@type":"EntryPoint","urlTemplate":"https:\/\/vosgesinfo.fr\/gerardmerinfo\/?s={search_term_string}"},"query-input":"required name=search_term_string"}],"inLanguage":"fr-FR"},{"@type":"Organization","@id":"https:\/\/vosgesinfo.fr\/gerardmerinfo\/#organization","name":"Gerardmer Info","url":"https:\/\/vosgesinfo.fr\/gerardmerinfo\/","logo":{"@type":"ImageObject","inLanguage":"fr-FR","@id":"https:\/\/vosgesinfo.fr\/gerardmerinfo\/#\/schema\/logo\/image\/","url":"https:\/\/vosgesinfo.fr\/app\/uploads\/sites\/6\/2023\/08\/favicon-gerardmerinfo.png","contentUrl":"https:\/\/vosgesinfo.fr\/app\/uploads\/sites\/6\/2023\/08\/favicon-gerardmerinfo.png","width":512,"height":512,"caption":"Gerardmer Info"},"image":{"@id":"https:\/\/vosgesinfo.fr\/gerardmerinfo\/#\/schema\/logo\/image\/"},"sameAs":["https:\/\/www.facebook.com\/profile.php?id=100049475262660","https:\/\/x.com\/VosgesInfo88","https:\/\/www.youtube.com\/@vosgesinfo"]},{"@type":"Person","@id":"https:\/\/vosgesinfo.fr\/gerardmerinfo\/#\/schema\/person\/db5605779a843dad16b5368f3e7613a5","name":"QG","image":{"@type":"ImageObject","inLanguage":"fr-FR","@id":"https:\/\/vosgesinfo.fr\/gerardmerinfo\/#\/schema\/person\/image\/","url":"https:\/\/secure.gravatar.com\/avatar\/ea80c42c204b534408512832fde52504ecabb9706bcb6151cf6175e5b64e6793?s=96&d=mm&r=g","contentUrl":"https:\/\/secure.gravatar.com\/avatar\/ea80c42c204b534408512832fde52504ecabb9706bcb6151cf6175e5b64e6793?s=96&d=mm&r=g","caption":"QG"},"url":"https:\/\/vosgesinfo.fr\/gerardmerinfo\/author\/quentin88\/"}]}},"_links":{"self":[{"href":"https:\/\/vosgesinfo.fr\/gerardmerinfo\/wp-json\/wp\/v2\/posts\/34080","targetHints":{"allow":["GET"]}}],"collection":[{"href":"https:\/\/vosgesinfo.fr\/gerardmerinfo\/wp-json\/wp\/v2\/posts"}],"about":[{"href":"https:\/\/vosgesinfo.fr\/gerardmerinfo\/wp-json\/wp\/v2\/types\/post"}],"author":[{"embeddable":true,"href":"https:\/\/vosgesinfo.fr\/gerardmerinfo\/wp-json\/wp\/v2\/users\/42"}],"replies":[{"embeddable":true,"href":"https:\/\/vosgesinfo.fr\/gerardmerinfo\/wp-json\/wp\/v2\/comments?post=34080"}],"version-history":[{"count":0,"href":"https:\/\/vosgesinfo.fr\/gerardmerinfo\/wp-json\/wp\/v2\/posts\/34080\/revisions"}],"wp:featuredmedia":[{"embeddable":true,"href":"https:\/\/vosgesinfo.fr\/gerardmerinfo\/wp-json\/wp\/v2\/media\/34081"}],"wp:attachment":[{"href":"https:\/\/vosgesinfo.fr\/gerardmerinfo\/wp-json\/wp\/v2\/media?parent=34080"}],"wp:term":[{"taxonomy":"category","embeddable":true,"href":"https:\/\/vosgesinfo.fr\/gerardmerinfo\/wp-json\/wp\/v2\/categories?post=34080"},{"taxonomy":"post_tag","embeddable":true,"href":"https:\/\/vosgesinfo.fr\/gerardmerinfo\/wp-json\/wp\/v2\/tags?post=34080"}],"curies":[{"name":"wp","href":"https:\/\/api.w.org\/{rel}","templated":true}]}}