{"id":34096,"date":"2018-05-24T11:51:30","date_gmt":"2018-05-24T09:51:30","guid":{"rendered":"https:\/\/vosgesinfo.fr\/gerardmerinfo\/2018\/05\/boulot-jy-vais-a-velo-allez-relever-defi\/"},"modified":"2018-05-24T11:51:30","modified_gmt":"2018-05-24T09:51:30","slug":"boulot-jy-vais-a-velo-allez-relever-defi","status":"publish","type":"post","link":"https:\/\/vosgesinfo.fr\/gerardmerinfo\/2018\/05\/boulot-jy-vais-a-velo-allez-relever-defi\/","title":{"rendered":"\u00ab Au boulot j\u2019y vais \u00e0 v\u00e9lo ! \u00bb : allez-vous relever le d\u00e9fi ?"},"content":{"rendered":"<h2 class=\"x_MsoNormal\"><a href=\"\/2018\/05\/velo-boulot-.jpg\"><img decoding=\"async\" class=\"aligncenter size-full wp-image-127780\" src=\"\/2018\/05\/velo-boulot-.jpg\" alt=\"velo-boulot-\" width=\"800\" height=\"600\" \/><\/a><\/h2>\n<h2 class=\"x_MsoNormal\">D\u2019ann\u00e9e en ann\u00e9e, le\u00a0<b>d\u00e9fi solidaire \u00ab\u00a0Au boulot, j\u2019y vais \u00e0 v\u00e9lo\u00a0!\u00a0\u00bb<\/b>\u00a0attire de plus en plus de participants. En 2017, quelque 4700 personnes ont ainsi parcouru plus de 211\u00a0111 km\u00a0! Une op\u00e9ration \u00e0 succ\u00e8s, organis\u00e9e depuis 2010 afin d\u2019inciter les salari\u00e9s \u00e0 se rendre sur leur lieu de travail \u00e0 v\u00e9lo plut\u00f4t qu\u2019en v\u00e9hicule motoris\u00e9.<\/h2>\n<p class=\"x_MsoNormal\">Le d\u00e9fi \u00ab\u00a0Au boulot j\u2019y vais \u00e0 v\u00e9lo\u00a0!\u00a0\u00bb pr\u00e9pare sa 9<sup>e<\/sup>\u00a0\u00e9dition.\u00a0Une op\u00e9ration \u00e0 succ\u00e8s, organis\u00e9e depuis 2010 afin d\u2019inciter les salari\u00e9s \u00e0 se rendre sur leur lieu de travail \u00e0 v\u00e9lo plut\u00f4t qu\u2019en v\u00e9hicule motoris\u00e9. Le d\u00e9fi \u00ab Au boulot, j\u2019y vais \u00e0 v\u00e9lo ! \u00bb pr\u00e9pare d\u2019ores et d\u00e9j\u00e0 sa 9\u00e8me \u00e9dition. Les inscriptions sont ouvertes sur www.defi-jyvais.fr.<\/p>\n<h3 class=\"x_MsoNormal\">Pour qui?<\/h3>\n<p class=\"x_MsoNormal\">Ce d\u00e9fi gratuit s\u2019adresse aux structures \u00e0 partir de trois salari\u00e9s (entreprises, administrations ou associations) implant\u00e9es sur le territoire alsacien* et une partie des Vosges (Pays de la D\u00e9odatie et Communaut\u00e9 d\u2019Agglom\u00e9ration d\u2019\u00c9pinal). Il consiste \u00e0 comptabiliser les kilom\u00e8tres parcourus \u00e0 v\u00e9lo pour les trajets domicile-travail. *Hors Strasbourg Eurom\u00e9tropole qui organise son propre d\u00e9fi. L\u2019an dernier, le d\u00e9fi s\u2019est \u00e9galement ouvert aux \u00e9l\u00e8ves, enseignants et personnels des \u00e9coles, coll\u00e8ges et lyc\u00e9es (hors Communaut\u00e9 d\u2019Agglom\u00e9ration d\u2019\u00c9pinal). Cette nouvelle d\u00e9clinaison \u00ab A l\u2019\u00e9cole, j\u2019y vais \u00e0 v\u00e9lo ! \u00bb devient ainsi un bel exercice d\u2019application pour transmettre aux enfants les enjeux du d\u00e9veloppement durable !<\/p>\n<h3 class=\"x_MsoNormal\">Nouveaut\u00e9 2018 : un d\u00e9fi multimodal<\/h3>\n<p class=\"x_MsoNormal\">Cette ann\u00e9e, toutes les alternatives \u00e0 la voiture particuli\u00e8re seront prises en compte : v\u00e9lo, mais aussi train, bus, pieds, covoiturage\u2026 sur le Pays d\u2019Alsace du Nord, S\u00e9lestat Alsace Centrale, le Pays Bruche-Mossig-Pi\u00e9mont, le Pays du Sundgau, Saint-Louis Agglom\u00e9ration et le Pays Rhin-Vignoble-Grand Ballon.<\/p>\n<h3 class=\"x_MsoNormal\">Un d\u00e9fi solidaire<\/h3>\n<p class=\"x_MsoNormal\">Surtout, le d\u00e9fi \u00ab Au boulot, j\u2019y vais \u00e0 v\u00e9lo ! \u00bb est une action solidaire. Le total des kilom\u00e8tres parcourus \u00e0 v\u00e9lo par tous les participants sera converti en euros, \u00e0 raison de 0,05 \u20ac par kilom\u00e8tre parcouru. L\u2019an dernier, 7 000 \u20ac avaient \u00e9t\u00e9 collect\u00e9s pour l\u2019association alsacienne d\u2019aide aux personnes \u00e0 mobilit\u00e9 r\u00e9duite et malvoyantes de Saint-Louis au S\u00e9n\u00e9gal \u00ab En avant roule \u00bb.<\/p>\n<p class=\"x_MsoNormal\"><b>les inscriptions sont ouvertes<\/b>\u00a0sur\u00a0<a href=\"http:\/\/www.defi-jyvais.fr\/\" target=\"_blank\" rel=\"noopener noreferrer\">www.defi-jyvais.fr<\/a><\/p>\n","protected":false},"excerpt":{"rendered":"<p>D\u2019ann\u00e9e en ann\u00e9e, le\u00a0d\u00e9fi solidaire \u00ab\u00a0Au boulot, j\u2019y vais \u00e0 v\u00e9lo\u00a0!\u00a0\u00bb\u00a0attire de plus en plus de participants. En 2017, quelque [&hellip;]<\/p>\n","protected":false},"author":1,"featured_media":34097,"comment_status":"open","ping_status":"open","sticky":false,"template":"","format":"standard","meta":{"footnotes":""},"categories":[20,14,18],"tags":[3631,3632],"class_list":["post-34096","post","type-post","status-publish","format-standard","has-post-thumbnail","hentry","category-a-la-une","category-sport","category-vosges","tag-au-boulot","tag-jy-vais-a-velo"],"acf":[],"yoast_head":"<!-- This site is optimized with the Yoast SEO plugin v22.5 - https:\/\/yoast.com\/wordpress\/plugins\/seo\/ -->\n<title>\u00ab Au boulot j\u2019y vais \u00e0 v\u00e9lo ! \u00bb : allez-vous relever le d\u00e9fi ? - Gerardmer Info<\/title>\n<meta name=\"robots\" content=\"index, follow, max-snippet:-1, max-image-preview:large, max-video-preview:-1\" \/>\n<link rel=\"canonical\" href=\"https:\/\/vosgesinfo.fr\/gerardmerinfo\/2018\/05\/boulot-jy-vais-a-velo-allez-relever-defi\/\" \/>\n<meta name=\"twitter:card\" content=\"summary_large_image\" \/>\n<meta name=\"twitter:title\" content=\"\u00ab Au boulot j\u2019y vais \u00e0 v\u00e9lo ! \u00bb : allez-vous relever le d\u00e9fi ? - Gerardmer Info\" \/>\n<meta name=\"twitter:description\" content=\"D\u2019ann\u00e9e en ann\u00e9e, le\u00a0d\u00e9fi solidaire \u00ab\u00a0Au boulot, j\u2019y vais \u00e0 v\u00e9lo\u00a0!\u00a0\u00bb\u00a0attire de plus en plus de participants. En 2017, quelque [&hellip;]\" \/>\n<meta name=\"twitter:image\" content=\"https:\/\/vosgesinfo.fr\/app\/uploads\/sites\/6\/2024\/07\/201805velo-boulot-.jpg\" \/>\n<meta name=\"twitter:creator\" content=\"@VosgesInfo88\" \/>\n<meta name=\"twitter:site\" content=\"@VosgesInfo88\" \/>\n<meta name=\"twitter:label1\" content=\"\u00c9crit par\" \/>\n\t<meta name=\"twitter:data1\" content=\"qs_admin\" \/>\n\t<meta name=\"twitter:label2\" content=\"Dur\u00e9e de lecture estim\u00e9e\" \/>\n\t<meta name=\"twitter:data2\" content=\"2 minutes\" \/>\n<script type=\"application\/ld+json\" class=\"yoast-schema-graph\">{\"@context\":\"https:\/\/schema.org\",\"@graph\":[{\"@type\":\"Article\",\"@id\":\"https:\/\/vosgesinfo.fr\/gerardmerinfo\/2018\/05\/boulot-jy-vais-a-velo-allez-relever-defi\/#article\",\"isPartOf\":{\"@id\":\"https:\/\/vosgesinfo.fr\/gerardmerinfo\/2018\/05\/boulot-jy-vais-a-velo-allez-relever-defi\/\"},\"author\":{\"name\":\"qs_admin\",\"@id\":\"https:\/\/vosgesinfo.fr\/gerardmerinfo\/#\/schema\/person\/bc5d02d71e6932e81b6dadb7386667b1\"},\"headline\":\"\u00ab Au boulot j\u2019y vais \u00e0 v\u00e9lo ! \u00bb : allez-vous relever le d\u00e9fi ?\",\"datePublished\":\"2018-05-24T09:51:30+00:00\",\"dateModified\":\"2018-05-24T09:51:30+00:00\",\"mainEntityOfPage\":{\"@id\":\"https:\/\/vosgesinfo.fr\/gerardmerinfo\/2018\/05\/boulot-jy-vais-a-velo-allez-relever-defi\/\"},\"wordCount\":404,\"commentCount\":0,\"publisher\":{\"@id\":\"https:\/\/vosgesinfo.fr\/gerardmerinfo\/#organization\"},\"image\":{\"@id\":\"https:\/\/vosgesinfo.fr\/gerardmerinfo\/2018\/05\/boulot-jy-vais-a-velo-allez-relever-defi\/#primaryimage\"},\"thumbnailUrl\":\"https:\/\/vosgesinfo.fr\/app\/uploads\/sites\/6\/2024\/07\/201805velo-boulot-.jpg\",\"keywords\":[\"Au boulot\",\"j\u2019y vais \u00e0 v\u00e9lo\"],\"articleSection\":[\"A la une\",\"Sport\",\"Vosges\"],\"inLanguage\":\"fr-FR\",\"potentialAction\":[{\"@type\":\"CommentAction\",\"name\":\"Comment\",\"target\":[\"https:\/\/vosgesinfo.fr\/gerardmerinfo\/2018\/05\/boulot-jy-vais-a-velo-allez-relever-defi\/#respond\"]}]},{\"@type\":\"WebPage\",\"@id\":\"https:\/\/vosgesinfo.fr\/gerardmerinfo\/2018\/05\/boulot-jy-vais-a-velo-allez-relever-defi\/\",\"url\":\"https:\/\/vosgesinfo.fr\/gerardmerinfo\/2018\/05\/boulot-jy-vais-a-velo-allez-relever-defi\/\",\"name\":\"\u00ab Au boulot j\u2019y vais \u00e0 v\u00e9lo ! \u00bb : allez-vous relever le d\u00e9fi ? - Gerardmer Info\",\"isPartOf\":{\"@id\":\"https:\/\/vosgesinfo.fr\/gerardmerinfo\/#website\"},\"primaryImageOfPage\":{\"@id\":\"https:\/\/vosgesinfo.fr\/gerardmerinfo\/2018\/05\/boulot-jy-vais-a-velo-allez-relever-defi\/#primaryimage\"},\"image\":{\"@id\":\"https:\/\/vosgesinfo.fr\/gerardmerinfo\/2018\/05\/boulot-jy-vais-a-velo-allez-relever-defi\/#primaryimage\"},\"thumbnailUrl\":\"https:\/\/vosgesinfo.fr\/app\/uploads\/sites\/6\/2024\/07\/201805velo-boulot-.jpg\",\"datePublished\":\"2018-05-24T09:51:30+00:00\",\"dateModified\":\"2018-05-24T09:51:30+00:00\",\"breadcrumb\":{\"@id\":\"https:\/\/vosgesinfo.fr\/gerardmerinfo\/2018\/05\/boulot-jy-vais-a-velo-allez-relever-defi\/#breadcrumb\"},\"inLanguage\":\"fr-FR\",\"potentialAction\":[{\"@type\":\"ReadAction\",\"target\":[\"https:\/\/vosgesinfo.fr\/gerardmerinfo\/2018\/05\/boulot-jy-vais-a-velo-allez-relever-defi\/\"]}]},{\"@type\":\"ImageObject\",\"inLanguage\":\"fr-FR\",\"@id\":\"https:\/\/vosgesinfo.fr\/gerardmerinfo\/2018\/05\/boulot-jy-vais-a-velo-allez-relever-defi\/#primaryimage\",\"url\":\"https:\/\/vosgesinfo.fr\/app\/uploads\/sites\/6\/2024\/07\/201805velo-boulot-.jpg\",\"contentUrl\":\"https:\/\/vosgesinfo.fr\/app\/uploads\/sites\/6\/2024\/07\/201805velo-boulot-.jpg\",\"width\":800,\"height\":600},{\"@type\":\"BreadcrumbList\",\"@id\":\"https:\/\/vosgesinfo.fr\/gerardmerinfo\/2018\/05\/boulot-jy-vais-a-velo-allez-relever-defi\/#breadcrumb\",\"itemListElement\":[{\"@type\":\"ListItem\",\"position\":1,\"name\":\"Home\",\"item\":\"https:\/\/vosgesinfo.fr\/gerardmerinfo\/\"},{\"@type\":\"ListItem\",\"position\":2,\"name\":\"\u00ab Au boulot j\u2019y vais \u00e0 v\u00e9lo ! \u00bb : allez-vous relever le d\u00e9fi ?\"}]},{\"@type\":\"WebSite\",\"@id\":\"https:\/\/vosgesinfo.fr\/gerardmerinfo\/#website\",\"url\":\"https:\/\/vosgesinfo.fr\/gerardmerinfo\/\",\"name\":\"Gerardmer Info\",\"description\":\"Toute l&#039;actualit\u00e9 de G\u00e9rardmer\",\"publisher\":{\"@id\":\"https:\/\/vosgesinfo.fr\/gerardmerinfo\/#organization\"},\"alternateName\":\"Toute l'actualit\u00e9 de G\u00e9rardmer\",\"potentialAction\":[{\"@type\":\"SearchAction\",\"target\":{\"@type\":\"EntryPoint\",\"urlTemplate\":\"https:\/\/vosgesinfo.fr\/gerardmerinfo\/?s={search_term_string}\"},\"query-input\":\"required name=search_term_string\"}],\"inLanguage\":\"fr-FR\"},{\"@type\":\"Organization\",\"@id\":\"https:\/\/vosgesinfo.fr\/gerardmerinfo\/#organization\",\"name\":\"Gerardmer Info\",\"url\":\"https:\/\/vosgesinfo.fr\/gerardmerinfo\/\",\"logo\":{\"@type\":\"ImageObject\",\"inLanguage\":\"fr-FR\",\"@id\":\"https:\/\/vosgesinfo.fr\/gerardmerinfo\/#\/schema\/logo\/image\/\",\"url\":\"https:\/\/vosgesinfo.fr\/app\/uploads\/sites\/6\/2023\/08\/favicon-gerardmerinfo.png\",\"contentUrl\":\"https:\/\/vosgesinfo.fr\/app\/uploads\/sites\/6\/2023\/08\/favicon-gerardmerinfo.png\",\"width\":512,\"height\":512,\"caption\":\"Gerardmer Info\"},\"image\":{\"@id\":\"https:\/\/vosgesinfo.fr\/gerardmerinfo\/#\/schema\/logo\/image\/\"},\"sameAs\":[\"https:\/\/www.facebook.com\/profile.php?id=100049475262660\",\"https:\/\/x.com\/VosgesInfo88\",\"https:\/\/www.youtube.com\/@vosgesinfo\"]},{\"@type\":\"Person\",\"@id\":\"https:\/\/vosgesinfo.fr\/gerardmerinfo\/#\/schema\/person\/bc5d02d71e6932e81b6dadb7386667b1\",\"name\":\"qs_admin\",\"image\":{\"@type\":\"ImageObject\",\"inLanguage\":\"fr-FR\",\"@id\":\"https:\/\/vosgesinfo.fr\/gerardmerinfo\/#\/schema\/person\/image\/\",\"url\":\"https:\/\/secure.gravatar.com\/avatar\/94b18ee0ed79e4a42ea2f2931277b6841a8999fc6fde214600c78057cf1fe1de?s=96&d=mm&r=g\",\"contentUrl\":\"https:\/\/secure.gravatar.com\/avatar\/94b18ee0ed79e4a42ea2f2931277b6841a8999fc6fde214600c78057cf1fe1de?s=96&d=mm&r=g\",\"caption\":\"qs_admin\"},\"sameAs\":[\"https:\/\/vosgesinfo.fr\/wp\"],\"url\":\"https:\/\/vosgesinfo.fr\/gerardmerinfo\/author\/qs_admin\/\"}]}<\/script>\n<!-- \/ Yoast SEO plugin. -->","yoast_head_json":{"title":"\u00ab Au boulot j\u2019y vais \u00e0 v\u00e9lo ! \u00bb : allez-vous relever le d\u00e9fi ? - Gerardmer Info","robots":{"index":"index","follow":"follow","max-snippet":"max-snippet:-1","max-image-preview":"max-image-preview:large","max-video-preview":"max-video-preview:-1"},"canonical":"https:\/\/vosgesinfo.fr\/gerardmerinfo\/2018\/05\/boulot-jy-vais-a-velo-allez-relever-defi\/","twitter_card":"summary_large_image","twitter_title":"\u00ab Au boulot j\u2019y vais \u00e0 v\u00e9lo ! \u00bb : allez-vous relever le d\u00e9fi ? - Gerardmer Info","twitter_description":"D\u2019ann\u00e9e en ann\u00e9e, le\u00a0d\u00e9fi solidaire \u00ab\u00a0Au boulot, j\u2019y vais \u00e0 v\u00e9lo\u00a0!\u00a0\u00bb\u00a0attire de plus en plus de participants. En 2017, quelque [&hellip;]","twitter_image":"https:\/\/vosgesinfo.fr\/app\/uploads\/sites\/6\/2024\/07\/201805velo-boulot-.jpg","twitter_creator":"@VosgesInfo88","twitter_site":"@VosgesInfo88","twitter_misc":{"\u00c9crit par":"qs_admin","Dur\u00e9e de lecture estim\u00e9e":"2 minutes"},"schema":{"@context":"https:\/\/schema.org","@graph":[{"@type":"Article","@id":"https:\/\/vosgesinfo.fr\/gerardmerinfo\/2018\/05\/boulot-jy-vais-a-velo-allez-relever-defi\/#article","isPartOf":{"@id":"https:\/\/vosgesinfo.fr\/gerardmerinfo\/2018\/05\/boulot-jy-vais-a-velo-allez-relever-defi\/"},"author":{"name":"qs_admin","@id":"https:\/\/vosgesinfo.fr\/gerardmerinfo\/#\/schema\/person\/bc5d02d71e6932e81b6dadb7386667b1"},"headline":"\u00ab Au boulot j\u2019y vais \u00e0 v\u00e9lo ! \u00bb : allez-vous relever le d\u00e9fi ?","datePublished":"2018-05-24T09:51:30+00:00","dateModified":"2018-05-24T09:51:30+00:00","mainEntityOfPage":{"@id":"https:\/\/vosgesinfo.fr\/gerardmerinfo\/2018\/05\/boulot-jy-vais-a-velo-allez-relever-defi\/"},"wordCount":404,"commentCount":0,"publisher":{"@id":"https:\/\/vosgesinfo.fr\/gerardmerinfo\/#organization"},"image":{"@id":"https:\/\/vosgesinfo.fr\/gerardmerinfo\/2018\/05\/boulot-jy-vais-a-velo-allez-relever-defi\/#primaryimage"},"thumbnailUrl":"https:\/\/vosgesinfo.fr\/app\/uploads\/sites\/6\/2024\/07\/201805velo-boulot-.jpg","keywords":["Au boulot","j\u2019y vais \u00e0 v\u00e9lo"],"articleSection":["A la une","Sport","Vosges"],"inLanguage":"fr-FR","potentialAction":[{"@type":"CommentAction","name":"Comment","target":["https:\/\/vosgesinfo.fr\/gerardmerinfo\/2018\/05\/boulot-jy-vais-a-velo-allez-relever-defi\/#respond"]}]},{"@type":"WebPage","@id":"https:\/\/vosgesinfo.fr\/gerardmerinfo\/2018\/05\/boulot-jy-vais-a-velo-allez-relever-defi\/","url":"https:\/\/vosgesinfo.fr\/gerardmerinfo\/2018\/05\/boulot-jy-vais-a-velo-allez-relever-defi\/","name":"\u00ab Au boulot j\u2019y vais \u00e0 v\u00e9lo ! \u00bb : allez-vous relever le d\u00e9fi ? - Gerardmer Info","isPartOf":{"@id":"https:\/\/vosgesinfo.fr\/gerardmerinfo\/#website"},"primaryImageOfPage":{"@id":"https:\/\/vosgesinfo.fr\/gerardmerinfo\/2018\/05\/boulot-jy-vais-a-velo-allez-relever-defi\/#primaryimage"},"image":{"@id":"https:\/\/vosgesinfo.fr\/gerardmerinfo\/2018\/05\/boulot-jy-vais-a-velo-allez-relever-defi\/#primaryimage"},"thumbnailUrl":"https:\/\/vosgesinfo.fr\/app\/uploads\/sites\/6\/2024\/07\/201805velo-boulot-.jpg","datePublished":"2018-05-24T09:51:30+00:00","dateModified":"2018-05-24T09:51:30+00:00","breadcrumb":{"@id":"https:\/\/vosgesinfo.fr\/gerardmerinfo\/2018\/05\/boulot-jy-vais-a-velo-allez-relever-defi\/#breadcrumb"},"inLanguage":"fr-FR","potentialAction":[{"@type":"ReadAction","target":["https:\/\/vosgesinfo.fr\/gerardmerinfo\/2018\/05\/boulot-jy-vais-a-velo-allez-relever-defi\/"]}]},{"@type":"ImageObject","inLanguage":"fr-FR","@id":"https:\/\/vosgesinfo.fr\/gerardmerinfo\/2018\/05\/boulot-jy-vais-a-velo-allez-relever-defi\/#primaryimage","url":"https:\/\/vosgesinfo.fr\/app\/uploads\/sites\/6\/2024\/07\/201805velo-boulot-.jpg","contentUrl":"https:\/\/vosgesinfo.fr\/app\/uploads\/sites\/6\/2024\/07\/201805velo-boulot-.jpg","width":800,"height":600},{"@type":"BreadcrumbList","@id":"https:\/\/vosgesinfo.fr\/gerardmerinfo\/2018\/05\/boulot-jy-vais-a-velo-allez-relever-defi\/#breadcrumb","itemListElement":[{"@type":"ListItem","position":1,"name":"Home","item":"https:\/\/vosgesinfo.fr\/gerardmerinfo\/"},{"@type":"ListItem","position":2,"name":"\u00ab Au boulot j\u2019y vais \u00e0 v\u00e9lo ! \u00bb : allez-vous relever le d\u00e9fi ?"}]},{"@type":"WebSite","@id":"https:\/\/vosgesinfo.fr\/gerardmerinfo\/#website","url":"https:\/\/vosgesinfo.fr\/gerardmerinfo\/","name":"Gerardmer Info","description":"Toute l&#039;actualit\u00e9 de G\u00e9rardmer","publisher":{"@id":"https:\/\/vosgesinfo.fr\/gerardmerinfo\/#organization"},"alternateName":"Toute l'actualit\u00e9 de G\u00e9rardmer","potentialAction":[{"@type":"SearchAction","target":{"@type":"EntryPoint","urlTemplate":"https:\/\/vosgesinfo.fr\/gerardmerinfo\/?s={search_term_string}"},"query-input":"required name=search_term_string"}],"inLanguage":"fr-FR"},{"@type":"Organization","@id":"https:\/\/vosgesinfo.fr\/gerardmerinfo\/#organization","name":"Gerardmer Info","url":"https:\/\/vosgesinfo.fr\/gerardmerinfo\/","logo":{"@type":"ImageObject","inLanguage":"fr-FR","@id":"https:\/\/vosgesinfo.fr\/gerardmerinfo\/#\/schema\/logo\/image\/","url":"https:\/\/vosgesinfo.fr\/app\/uploads\/sites\/6\/2023\/08\/favicon-gerardmerinfo.png","contentUrl":"https:\/\/vosgesinfo.fr\/app\/uploads\/sites\/6\/2023\/08\/favicon-gerardmerinfo.png","width":512,"height":512,"caption":"Gerardmer Info"},"image":{"@id":"https:\/\/vosgesinfo.fr\/gerardmerinfo\/#\/schema\/logo\/image\/"},"sameAs":["https:\/\/www.facebook.com\/profile.php?id=100049475262660","https:\/\/x.com\/VosgesInfo88","https:\/\/www.youtube.com\/@vosgesinfo"]},{"@type":"Person","@id":"https:\/\/vosgesinfo.fr\/gerardmerinfo\/#\/schema\/person\/bc5d02d71e6932e81b6dadb7386667b1","name":"qs_admin","image":{"@type":"ImageObject","inLanguage":"fr-FR","@id":"https:\/\/vosgesinfo.fr\/gerardmerinfo\/#\/schema\/person\/image\/","url":"https:\/\/secure.gravatar.com\/avatar\/94b18ee0ed79e4a42ea2f2931277b6841a8999fc6fde214600c78057cf1fe1de?s=96&d=mm&r=g","contentUrl":"https:\/\/secure.gravatar.com\/avatar\/94b18ee0ed79e4a42ea2f2931277b6841a8999fc6fde214600c78057cf1fe1de?s=96&d=mm&r=g","caption":"qs_admin"},"sameAs":["https:\/\/vosgesinfo.fr\/wp"],"url":"https:\/\/vosgesinfo.fr\/gerardmerinfo\/author\/qs_admin\/"}]}},"_links":{"self":[{"href":"https:\/\/vosgesinfo.fr\/gerardmerinfo\/wp-json\/wp\/v2\/posts\/34096","targetHints":{"allow":["GET"]}}],"collection":[{"href":"https:\/\/vosgesinfo.fr\/gerardmerinfo\/wp-json\/wp\/v2\/posts"}],"about":[{"href":"https:\/\/vosgesinfo.fr\/gerardmerinfo\/wp-json\/wp\/v2\/types\/post"}],"author":[{"embeddable":true,"href":"https:\/\/vosgesinfo.fr\/gerardmerinfo\/wp-json\/wp\/v2\/users\/1"}],"replies":[{"embeddable":true,"href":"https:\/\/vosgesinfo.fr\/gerardmerinfo\/wp-json\/wp\/v2\/comments?post=34096"}],"version-history":[{"count":0,"href":"https:\/\/vosgesinfo.fr\/gerardmerinfo\/wp-json\/wp\/v2\/posts\/34096\/revisions"}],"wp:featuredmedia":[{"embeddable":true,"href":"https:\/\/vosgesinfo.fr\/gerardmerinfo\/wp-json\/wp\/v2\/media\/34097"}],"wp:attachment":[{"href":"https:\/\/vosgesinfo.fr\/gerardmerinfo\/wp-json\/wp\/v2\/media?parent=34096"}],"wp:term":[{"taxonomy":"category","embeddable":true,"href":"https:\/\/vosgesinfo.fr\/gerardmerinfo\/wp-json\/wp\/v2\/categories?post=34096"},{"taxonomy":"post_tag","embeddable":true,"href":"https:\/\/vosgesinfo.fr\/gerardmerinfo\/wp-json\/wp\/v2\/tags?post=34096"}],"curies":[{"name":"wp","href":"https:\/\/api.w.org\/{rel}","templated":true}]}}