{"id":34254,"date":"2018-06-01T16:06:58","date_gmt":"2018-06-01T14:06:58","guid":{"rendered":"https:\/\/vosgesinfo.fr\/gerardmerinfo\/2018\/06\/prochain-don-sang-samedi-2-juin-2018\/"},"modified":"2018-06-01T16:06:58","modified_gmt":"2018-06-01T14:06:58","slug":"prochain-don-sang-samedi-2-juin-2018","status":"publish","type":"post","link":"https:\/\/vosgesinfo.fr\/gerardmerinfo\/2018\/06\/prochain-don-sang-samedi-2-juin-2018\/","title":{"rendered":"Prochain don du sang samedi 2 juin 2018"},"content":{"rendered":"<p align=\"CENTER\"><span style=\"color: #000000;\"><span style=\"font-family: Georgia, serif;\"><span style=\"font-size: x-large;\"><strong>175<\/strong><\/span><\/span><span style=\"font-family: Georgia, serif;\"><span style=\"font-size: large;\"><strong> d&rsquo;entre vous sont venus offrir leur sang le 31 mars 2018 soit autant que la veille de P\u00e2ques 2017 <\/strong><\/span><\/span><\/span><\/p>\n<p>&nbsp;<\/p>\n<p align=\"CENTER\"><span style=\"color: #000000;\"><span style=\"font-family: Georgia, serif;\"><span style=\"font-size: large;\"><strong>Encore une fois vous avez toutes et tous \u00e9t\u00e9 formidables\u00a0! MERCI\u00a0pour cette mobilisation.<\/strong><\/span><\/span><br \/>\n<\/span><\/p>\n<p>&nbsp;<\/p>\n<p align=\"CENTER\"><span style=\"color: #000000;\"><span style=\"font-family: Georgia, serif;\"><span style=\"font-size: large;\"><strong>Juste avant l&rsquo;\u00e9t\u00e9 il est important de maintenir les stocks \u00e0 un niveau rassurant et de nombreux appels \u00e0 la mobilisation ont \u00e9t\u00e9 lanc\u00e9s fin avril, d\u00e9but mai<\/strong><\/span><\/span><span style=\"font-family: Georgia, serif;\"><span style=\"font-size: large;\">&#8230; <\/span><\/span><\/span><\/p>\n<p>&nbsp;<\/p>\n<p align=\"CENTER\"><span style=\"color: #000000;\"><span style=\"font-family: Georgia, serif;\"><span style=\"font-size: large;\"><strong>C&rsquo;est pourquoi il nous faut une fois encore appeler un maximum de Donneurs de tous les groupes sanguins \u00e0 se mobiliser<\/strong><\/span><\/span><br \/>\n<\/span><\/p>\n<p>&nbsp;<\/p>\n<p align=\"CENTER\"><span style=\"color: #000000;\"><span style=\"font-family: Georgia, serif;\"><span style=\"font-size: large;\"><strong>SAMEDI 2 juin 2018<\/strong><\/span><\/span><\/span><\/p>\n<p>&nbsp;<\/p>\n<p align=\"CENTER\"><span style=\"color: #000000;\"><span style=\"font-family: Georgia, serif;\"><span style=\"font-size: large;\"><strong>entre 8h30 et 12h00<\/strong><\/span><\/span><\/span><\/p>\n<p>&nbsp;<\/p>\n<p align=\"CENTER\"><span style=\"color: #000000;\"><span style=\"font-family: Georgia, serif;\"><span style=\"font-size: large;\"><strong>\u00e0 GERARDMER<\/strong><\/span><\/span><\/span><\/p>\n<p>&nbsp;<\/p>\n<p align=\"CENTER\"><span style=\"color: #000000;\"><span style=\"font-family: Georgia, serif;\"><span style=\"font-size: large;\"><strong>ESPACE DU TILLEUL<\/strong><\/span><\/span><\/span><\/p>\n<p>&nbsp;<\/p>\n<p align=\"CENTER\"><span style=\"color: #000000;\"><span style=\"font-family: Georgia, serif;\"><span style=\"font-size: large;\"><strong>(ATTENTION\u00a0! C&rsquo;EST LE MATIN PAS L&rsquo;APRES-MIDI)<\/strong><\/span><\/span><\/span><\/p>\n<p>&nbsp;<\/p>\n<p align=\"CENTER\"><span style=\"color: #000000;\">\u00a0<\/span><\/p>\n<p>&nbsp;<\/p>\n<p align=\"CENTER\"><span style=\"color: #000000;\">\u00a0<\/span><\/p>\n<p>&nbsp;<\/p>\n<p align=\"CENTER\"><span style=\"color: #000000;\"><span style=\"font-family: Georgia, serif;\"><span style=\"font-size: large;\"><strong>comme l&rsquo;exige la loi fran\u00e7aise sur la transfusion, pour ne pas nuire aux Donneurs, il faut un d\u00e9lai de 56 jours entre deux pr\u00e9l\u00e8vements <\/strong><\/span><\/span><\/span><\/p>\n<p>&nbsp;<\/p>\n<p align=\"CENTER\"><span style=\"color: #000000;\">\u00a0<\/span><\/p>\n<p>&nbsp;<\/p>\n<p align=\"CENTER\"><span style=\"color: #000000;\">\u00a0<\/span><\/p>\n<p>&nbsp;<\/p>\n<p align=\"JUSTIFY\"><span style=\"color: #000000;\"><span style=\"font-family: Georgia, serif;\"><span style=\"font-size: large;\"><strong>A<\/strong><strong>ALORS CE MESSAGE S&rsquo;ADRESSE A TOUS SAUF SI VOUS AVEZ DONNE APRES LE 2 MAI<\/strong> : <\/span><\/span><\/span><\/p>\n<p>&nbsp;<\/p>\n<p>&nbsp;<\/p>\n<p>&nbsp;<\/p>\n<p><span style=\"color: #000000;\"><span style=\"font-family: Georgia, serif;\"><span style=\"font-size: medium;\">* les femmes peuvent donner 4 fois et les hommes 6 fois par ann\u00e9e glissante (soit depuis le 28 mai 2017) avec un d\u00e9lai de 56 jours entre deux dons (mais 3 mois c&rsquo;est mieux \u00e0 cause des pertes en fer chaque mois),<\/span><\/span><\/span><\/p>\n<p>&nbsp;<\/p>\n<p><span style=\"color: #000000;\"><span style=\"font-family: Georgia, serif;\"><span style=\"font-size: medium;\">* il faut boire beaucoup (d&rsquo;eau !) avant un don pour faciliter le pr\u00e9l\u00e8vement, mais pas d&rsquo;alcool 3 h avant, ne pas fumer 3h avant non plus,<\/span><\/span><\/span><\/p>\n<p>&nbsp;<\/p>\n<p><span style=\"color: #000000;\"><span style=\"font-family: Georgia, serif;\"><span style=\"font-size: medium;\">* il ne faut pas se priver de manger pour donner son sang mais \u00e9viter les produits trop gras avant le don,<\/span><\/span><\/span><\/p>\n<p>&nbsp;<\/p>\n<ul>\n<ul>\n<li><span style=\"color: #000000;\"><span style=\"font-family: Georgia, serif;\"><span style=\"font-size: medium;\">il ne faut pas avoir eu des soins dentaires dans la semaine pr\u00e9c\u00e9dant le don,<\/span><\/span><\/span><\/li>\n<li><span style=\"color: #000000;\"><span style=\"font-family: Georgia, serif;\"><span style=\"font-size: medium;\">pour ce qui concerne la prise de m\u00e9dicaments, seul le m\u00e9decin de collecte est \u00e0 m\u00eame de vous dire si oui ou non vous pouvez donner.<\/span><\/span><\/span><\/li>\n<\/ul>\n<\/ul>\n<p>&nbsp;<\/p>\n<p align=\"CENTER\"><span style=\"color: #000000;\">\u00a0<\/span><\/p>\n<p>&nbsp;<\/p>\n<p align=\"JUSTIFY\"><span style=\"color: #000000;\"><span style=\"font-family: Georgia, serif;\"><span style=\"font-size: large;\"><strong>Pout tout renseignement suppl\u00e9mentaire, <\/strong><\/span><\/span><\/span><\/p>\n<p>&nbsp;<\/p>\n<p align=\"JUSTIFY\"><span style=\"color: #000000;\"><span style=\"font-family: Georgia, serif;\"><span style=\"font-size: large;\"><strong>appelez au 03 29 60 05 77 de pr\u00e9f\u00e9rence le soir.<\/strong><\/span><\/span><\/span><\/p>\n<p>&nbsp;<\/p>\n","protected":false},"excerpt":{"rendered":"<p>175 d&rsquo;entre vous sont venus offrir leur sang le 31 mars 2018 soit autant que la veille de P\u00e2ques 2017 [&hellip;]<\/p>\n","protected":false},"author":135,"featured_media":246,"comment_status":"open","ping_status":"open","sticky":false,"template":"","format":"standard","meta":{"footnotes":""},"categories":[20,12],"tags":[54],"class_list":["post-34254","post","type-post","status-publish","format-standard","has-post-thumbnail","hentry","category-a-la-une","category-sante","tag-don-du-sang"],"acf":[],"yoast_head":"<!-- This site is optimized with the Yoast SEO plugin v22.5 - https:\/\/yoast.com\/wordpress\/plugins\/seo\/ -->\n<title>Prochain don du sang samedi 2 juin 2018 - Gerardmer Info<\/title>\n<meta name=\"robots\" content=\"index, follow, max-snippet:-1, max-image-preview:large, max-video-preview:-1\" \/>\n<link rel=\"canonical\" href=\"https:\/\/vosgesinfo.fr\/gerardmerinfo\/2018\/06\/prochain-don-sang-samedi-2-juin-2018\/\" \/>\n<meta name=\"twitter:card\" content=\"summary_large_image\" \/>\n<meta name=\"twitter:title\" content=\"Prochain don du sang samedi 2 juin 2018 - Gerardmer Info\" \/>\n<meta name=\"twitter:description\" content=\"175 d&rsquo;entre vous sont venus offrir leur sang le 31 mars 2018 soit autant que la veille de P\u00e2ques 2017 [&hellip;]\" \/>\n<meta name=\"twitter:image\" content=\"https:\/\/vosgesinfo.fr\/app\/uploads\/sites\/6\/2016\/05\/don-du-sang-5012.jpg\" \/>\n<meta name=\"twitter:creator\" content=\"@VosgesInfo88\" \/>\n<meta name=\"twitter:site\" content=\"@VosgesInfo88\" \/>\n<meta name=\"twitter:label1\" content=\"\u00c9crit par\" \/>\n\t<meta name=\"twitter:data1\" content=\"Amicale Donneurs de Sang B\u00e9n\u00e9voles G\u00e9rardmer-Xonrupt-Li\u00e9zey\" \/>\n\t<meta name=\"twitter:label2\" content=\"Dur\u00e9e de lecture estim\u00e9e\" \/>\n\t<meta name=\"twitter:data2\" content=\"2 minutes\" \/>\n<script type=\"application\/ld+json\" class=\"yoast-schema-graph\">{\"@context\":\"https:\/\/schema.org\",\"@graph\":[{\"@type\":\"Article\",\"@id\":\"https:\/\/vosgesinfo.fr\/gerardmerinfo\/2018\/06\/prochain-don-sang-samedi-2-juin-2018\/#article\",\"isPartOf\":{\"@id\":\"https:\/\/vosgesinfo.fr\/gerardmerinfo\/2018\/06\/prochain-don-sang-samedi-2-juin-2018\/\"},\"author\":{\"name\":\"Amicale Donneurs de Sang B\u00e9n\u00e9voles G\u00e9rardmer-Xonrupt-Li\u00e9zey\",\"@id\":\"https:\/\/vosgesinfo.fr\/gerardmerinfo\/#\/schema\/person\/085bbc06ef933802c61f0d37bee72fb2\"},\"headline\":\"Prochain don du sang samedi 2 juin 2018\",\"datePublished\":\"2018-06-01T14:06:58+00:00\",\"dateModified\":\"2018-06-01T14:06:58+00:00\",\"mainEntityOfPage\":{\"@id\":\"https:\/\/vosgesinfo.fr\/gerardmerinfo\/2018\/06\/prochain-don-sang-samedi-2-juin-2018\/\"},\"wordCount\":319,\"commentCount\":0,\"publisher\":{\"@id\":\"https:\/\/vosgesinfo.fr\/gerardmerinfo\/#organization\"},\"image\":{\"@id\":\"https:\/\/vosgesinfo.fr\/gerardmerinfo\/2018\/06\/prochain-don-sang-samedi-2-juin-2018\/#primaryimage\"},\"thumbnailUrl\":\"https:\/\/vosgesinfo.fr\/app\/uploads\/sites\/6\/2016\/05\/don-du-sang-5012.jpg\",\"keywords\":[\"don du sang\"],\"articleSection\":[\"A la une\",\"Sant\u00e9\"],\"inLanguage\":\"fr-FR\",\"potentialAction\":[{\"@type\":\"CommentAction\",\"name\":\"Comment\",\"target\":[\"https:\/\/vosgesinfo.fr\/gerardmerinfo\/2018\/06\/prochain-don-sang-samedi-2-juin-2018\/#respond\"]}]},{\"@type\":\"WebPage\",\"@id\":\"https:\/\/vosgesinfo.fr\/gerardmerinfo\/2018\/06\/prochain-don-sang-samedi-2-juin-2018\/\",\"url\":\"https:\/\/vosgesinfo.fr\/gerardmerinfo\/2018\/06\/prochain-don-sang-samedi-2-juin-2018\/\",\"name\":\"Prochain don du sang samedi 2 juin 2018 - Gerardmer Info\",\"isPartOf\":{\"@id\":\"https:\/\/vosgesinfo.fr\/gerardmerinfo\/#website\"},\"primaryImageOfPage\":{\"@id\":\"https:\/\/vosgesinfo.fr\/gerardmerinfo\/2018\/06\/prochain-don-sang-samedi-2-juin-2018\/#primaryimage\"},\"image\":{\"@id\":\"https:\/\/vosgesinfo.fr\/gerardmerinfo\/2018\/06\/prochain-don-sang-samedi-2-juin-2018\/#primaryimage\"},\"thumbnailUrl\":\"https:\/\/vosgesinfo.fr\/app\/uploads\/sites\/6\/2016\/05\/don-du-sang-5012.jpg\",\"datePublished\":\"2018-06-01T14:06:58+00:00\",\"dateModified\":\"2018-06-01T14:06:58+00:00\",\"breadcrumb\":{\"@id\":\"https:\/\/vosgesinfo.fr\/gerardmerinfo\/2018\/06\/prochain-don-sang-samedi-2-juin-2018\/#breadcrumb\"},\"inLanguage\":\"fr-FR\",\"potentialAction\":[{\"@type\":\"ReadAction\",\"target\":[\"https:\/\/vosgesinfo.fr\/gerardmerinfo\/2018\/06\/prochain-don-sang-samedi-2-juin-2018\/\"]}]},{\"@type\":\"ImageObject\",\"inLanguage\":\"fr-FR\",\"@id\":\"https:\/\/vosgesinfo.fr\/gerardmerinfo\/2018\/06\/prochain-don-sang-samedi-2-juin-2018\/#primaryimage\",\"url\":\"https:\/\/vosgesinfo.fr\/app\/uploads\/sites\/6\/2016\/05\/don-du-sang-5012.jpg\",\"contentUrl\":\"https:\/\/vosgesinfo.fr\/app\/uploads\/sites\/6\/2016\/05\/don-du-sang-5012.jpg\",\"width\":1024,\"height\":616},{\"@type\":\"BreadcrumbList\",\"@id\":\"https:\/\/vosgesinfo.fr\/gerardmerinfo\/2018\/06\/prochain-don-sang-samedi-2-juin-2018\/#breadcrumb\",\"itemListElement\":[{\"@type\":\"ListItem\",\"position\":1,\"name\":\"Home\",\"item\":\"https:\/\/vosgesinfo.fr\/gerardmerinfo\/\"},{\"@type\":\"ListItem\",\"position\":2,\"name\":\"Prochain don du sang samedi 2 juin 2018\"}]},{\"@type\":\"WebSite\",\"@id\":\"https:\/\/vosgesinfo.fr\/gerardmerinfo\/#website\",\"url\":\"https:\/\/vosgesinfo.fr\/gerardmerinfo\/\",\"name\":\"Gerardmer Info\",\"description\":\"Toute l&#039;actualit\u00e9 de G\u00e9rardmer\",\"publisher\":{\"@id\":\"https:\/\/vosgesinfo.fr\/gerardmerinfo\/#organization\"},\"alternateName\":\"Toute l'actualit\u00e9 de G\u00e9rardmer\",\"potentialAction\":[{\"@type\":\"SearchAction\",\"target\":{\"@type\":\"EntryPoint\",\"urlTemplate\":\"https:\/\/vosgesinfo.fr\/gerardmerinfo\/?s={search_term_string}\"},\"query-input\":\"required name=search_term_string\"}],\"inLanguage\":\"fr-FR\"},{\"@type\":\"Organization\",\"@id\":\"https:\/\/vosgesinfo.fr\/gerardmerinfo\/#organization\",\"name\":\"Gerardmer Info\",\"url\":\"https:\/\/vosgesinfo.fr\/gerardmerinfo\/\",\"logo\":{\"@type\":\"ImageObject\",\"inLanguage\":\"fr-FR\",\"@id\":\"https:\/\/vosgesinfo.fr\/gerardmerinfo\/#\/schema\/logo\/image\/\",\"url\":\"https:\/\/vosgesinfo.fr\/app\/uploads\/sites\/6\/2023\/08\/favicon-gerardmerinfo.png\",\"contentUrl\":\"https:\/\/vosgesinfo.fr\/app\/uploads\/sites\/6\/2023\/08\/favicon-gerardmerinfo.png\",\"width\":512,\"height\":512,\"caption\":\"Gerardmer Info\"},\"image\":{\"@id\":\"https:\/\/vosgesinfo.fr\/gerardmerinfo\/#\/schema\/logo\/image\/\"},\"sameAs\":[\"https:\/\/www.facebook.com\/profile.php?id=100049475262660\",\"https:\/\/x.com\/VosgesInfo88\",\"https:\/\/www.youtube.com\/@vosgesinfo\"]},{\"@type\":\"Person\",\"@id\":\"https:\/\/vosgesinfo.fr\/gerardmerinfo\/#\/schema\/person\/085bbc06ef933802c61f0d37bee72fb2\",\"name\":\"Amicale Donneurs de Sang B\u00e9n\u00e9voles G\u00e9rardmer-Xonrupt-Li\u00e9zey\",\"image\":{\"@type\":\"ImageObject\",\"inLanguage\":\"fr-FR\",\"@id\":\"https:\/\/vosgesinfo.fr\/gerardmerinfo\/#\/schema\/person\/image\/\",\"url\":\"https:\/\/secure.gravatar.com\/avatar\/342c0762847c6cae763c7832093aa8dac2211f46d2cf8d24cd012526583dbbb5?s=96&d=mm&r=g\",\"contentUrl\":\"https:\/\/secure.gravatar.com\/avatar\/342c0762847c6cae763c7832093aa8dac2211f46d2cf8d24cd012526583dbbb5?s=96&d=mm&r=g\",\"caption\":\"Amicale Donneurs de Sang B\u00e9n\u00e9voles G\u00e9rardmer-Xonrupt-Li\u00e9zey\"},\"url\":\"https:\/\/vosgesinfo.fr\/gerardmerinfo\/author\/adsbgxl\/\"}]}<\/script>\n<!-- \/ Yoast SEO plugin. -->","yoast_head_json":{"title":"Prochain don du sang samedi 2 juin 2018 - Gerardmer Info","robots":{"index":"index","follow":"follow","max-snippet":"max-snippet:-1","max-image-preview":"max-image-preview:large","max-video-preview":"max-video-preview:-1"},"canonical":"https:\/\/vosgesinfo.fr\/gerardmerinfo\/2018\/06\/prochain-don-sang-samedi-2-juin-2018\/","twitter_card":"summary_large_image","twitter_title":"Prochain don du sang samedi 2 juin 2018 - Gerardmer Info","twitter_description":"175 d&rsquo;entre vous sont venus offrir leur sang le 31 mars 2018 soit autant que la veille de P\u00e2ques 2017 [&hellip;]","twitter_image":"https:\/\/vosgesinfo.fr\/app\/uploads\/sites\/6\/2016\/05\/don-du-sang-5012.jpg","twitter_creator":"@VosgesInfo88","twitter_site":"@VosgesInfo88","twitter_misc":{"\u00c9crit par":"Amicale Donneurs de Sang B\u00e9n\u00e9voles G\u00e9rardmer-Xonrupt-Li\u00e9zey","Dur\u00e9e de lecture estim\u00e9e":"2 minutes"},"schema":{"@context":"https:\/\/schema.org","@graph":[{"@type":"Article","@id":"https:\/\/vosgesinfo.fr\/gerardmerinfo\/2018\/06\/prochain-don-sang-samedi-2-juin-2018\/#article","isPartOf":{"@id":"https:\/\/vosgesinfo.fr\/gerardmerinfo\/2018\/06\/prochain-don-sang-samedi-2-juin-2018\/"},"author":{"name":"Amicale Donneurs de Sang B\u00e9n\u00e9voles G\u00e9rardmer-Xonrupt-Li\u00e9zey","@id":"https:\/\/vosgesinfo.fr\/gerardmerinfo\/#\/schema\/person\/085bbc06ef933802c61f0d37bee72fb2"},"headline":"Prochain don du sang samedi 2 juin 2018","datePublished":"2018-06-01T14:06:58+00:00","dateModified":"2018-06-01T14:06:58+00:00","mainEntityOfPage":{"@id":"https:\/\/vosgesinfo.fr\/gerardmerinfo\/2018\/06\/prochain-don-sang-samedi-2-juin-2018\/"},"wordCount":319,"commentCount":0,"publisher":{"@id":"https:\/\/vosgesinfo.fr\/gerardmerinfo\/#organization"},"image":{"@id":"https:\/\/vosgesinfo.fr\/gerardmerinfo\/2018\/06\/prochain-don-sang-samedi-2-juin-2018\/#primaryimage"},"thumbnailUrl":"https:\/\/vosgesinfo.fr\/app\/uploads\/sites\/6\/2016\/05\/don-du-sang-5012.jpg","keywords":["don du sang"],"articleSection":["A la une","Sant\u00e9"],"inLanguage":"fr-FR","potentialAction":[{"@type":"CommentAction","name":"Comment","target":["https:\/\/vosgesinfo.fr\/gerardmerinfo\/2018\/06\/prochain-don-sang-samedi-2-juin-2018\/#respond"]}]},{"@type":"WebPage","@id":"https:\/\/vosgesinfo.fr\/gerardmerinfo\/2018\/06\/prochain-don-sang-samedi-2-juin-2018\/","url":"https:\/\/vosgesinfo.fr\/gerardmerinfo\/2018\/06\/prochain-don-sang-samedi-2-juin-2018\/","name":"Prochain don du sang samedi 2 juin 2018 - Gerardmer Info","isPartOf":{"@id":"https:\/\/vosgesinfo.fr\/gerardmerinfo\/#website"},"primaryImageOfPage":{"@id":"https:\/\/vosgesinfo.fr\/gerardmerinfo\/2018\/06\/prochain-don-sang-samedi-2-juin-2018\/#primaryimage"},"image":{"@id":"https:\/\/vosgesinfo.fr\/gerardmerinfo\/2018\/06\/prochain-don-sang-samedi-2-juin-2018\/#primaryimage"},"thumbnailUrl":"https:\/\/vosgesinfo.fr\/app\/uploads\/sites\/6\/2016\/05\/don-du-sang-5012.jpg","datePublished":"2018-06-01T14:06:58+00:00","dateModified":"2018-06-01T14:06:58+00:00","breadcrumb":{"@id":"https:\/\/vosgesinfo.fr\/gerardmerinfo\/2018\/06\/prochain-don-sang-samedi-2-juin-2018\/#breadcrumb"},"inLanguage":"fr-FR","potentialAction":[{"@type":"ReadAction","target":["https:\/\/vosgesinfo.fr\/gerardmerinfo\/2018\/06\/prochain-don-sang-samedi-2-juin-2018\/"]}]},{"@type":"ImageObject","inLanguage":"fr-FR","@id":"https:\/\/vosgesinfo.fr\/gerardmerinfo\/2018\/06\/prochain-don-sang-samedi-2-juin-2018\/#primaryimage","url":"https:\/\/vosgesinfo.fr\/app\/uploads\/sites\/6\/2016\/05\/don-du-sang-5012.jpg","contentUrl":"https:\/\/vosgesinfo.fr\/app\/uploads\/sites\/6\/2016\/05\/don-du-sang-5012.jpg","width":1024,"height":616},{"@type":"BreadcrumbList","@id":"https:\/\/vosgesinfo.fr\/gerardmerinfo\/2018\/06\/prochain-don-sang-samedi-2-juin-2018\/#breadcrumb","itemListElement":[{"@type":"ListItem","position":1,"name":"Home","item":"https:\/\/vosgesinfo.fr\/gerardmerinfo\/"},{"@type":"ListItem","position":2,"name":"Prochain don du sang samedi 2 juin 2018"}]},{"@type":"WebSite","@id":"https:\/\/vosgesinfo.fr\/gerardmerinfo\/#website","url":"https:\/\/vosgesinfo.fr\/gerardmerinfo\/","name":"Gerardmer Info","description":"Toute l&#039;actualit\u00e9 de G\u00e9rardmer","publisher":{"@id":"https:\/\/vosgesinfo.fr\/gerardmerinfo\/#organization"},"alternateName":"Toute l'actualit\u00e9 de G\u00e9rardmer","potentialAction":[{"@type":"SearchAction","target":{"@type":"EntryPoint","urlTemplate":"https:\/\/vosgesinfo.fr\/gerardmerinfo\/?s={search_term_string}"},"query-input":"required name=search_term_string"}],"inLanguage":"fr-FR"},{"@type":"Organization","@id":"https:\/\/vosgesinfo.fr\/gerardmerinfo\/#organization","name":"Gerardmer Info","url":"https:\/\/vosgesinfo.fr\/gerardmerinfo\/","logo":{"@type":"ImageObject","inLanguage":"fr-FR","@id":"https:\/\/vosgesinfo.fr\/gerardmerinfo\/#\/schema\/logo\/image\/","url":"https:\/\/vosgesinfo.fr\/app\/uploads\/sites\/6\/2023\/08\/favicon-gerardmerinfo.png","contentUrl":"https:\/\/vosgesinfo.fr\/app\/uploads\/sites\/6\/2023\/08\/favicon-gerardmerinfo.png","width":512,"height":512,"caption":"Gerardmer Info"},"image":{"@id":"https:\/\/vosgesinfo.fr\/gerardmerinfo\/#\/schema\/logo\/image\/"},"sameAs":["https:\/\/www.facebook.com\/profile.php?id=100049475262660","https:\/\/x.com\/VosgesInfo88","https:\/\/www.youtube.com\/@vosgesinfo"]},{"@type":"Person","@id":"https:\/\/vosgesinfo.fr\/gerardmerinfo\/#\/schema\/person\/085bbc06ef933802c61f0d37bee72fb2","name":"Amicale Donneurs de Sang B\u00e9n\u00e9voles G\u00e9rardmer-Xonrupt-Li\u00e9zey","image":{"@type":"ImageObject","inLanguage":"fr-FR","@id":"https:\/\/vosgesinfo.fr\/gerardmerinfo\/#\/schema\/person\/image\/","url":"https:\/\/secure.gravatar.com\/avatar\/342c0762847c6cae763c7832093aa8dac2211f46d2cf8d24cd012526583dbbb5?s=96&d=mm&r=g","contentUrl":"https:\/\/secure.gravatar.com\/avatar\/342c0762847c6cae763c7832093aa8dac2211f46d2cf8d24cd012526583dbbb5?s=96&d=mm&r=g","caption":"Amicale Donneurs de Sang B\u00e9n\u00e9voles G\u00e9rardmer-Xonrupt-Li\u00e9zey"},"url":"https:\/\/vosgesinfo.fr\/gerardmerinfo\/author\/adsbgxl\/"}]}},"_links":{"self":[{"href":"https:\/\/vosgesinfo.fr\/gerardmerinfo\/wp-json\/wp\/v2\/posts\/34254","targetHints":{"allow":["GET"]}}],"collection":[{"href":"https:\/\/vosgesinfo.fr\/gerardmerinfo\/wp-json\/wp\/v2\/posts"}],"about":[{"href":"https:\/\/vosgesinfo.fr\/gerardmerinfo\/wp-json\/wp\/v2\/types\/post"}],"author":[{"embeddable":true,"href":"https:\/\/vosgesinfo.fr\/gerardmerinfo\/wp-json\/wp\/v2\/users\/135"}],"replies":[{"embeddable":true,"href":"https:\/\/vosgesinfo.fr\/gerardmerinfo\/wp-json\/wp\/v2\/comments?post=34254"}],"version-history":[{"count":0,"href":"https:\/\/vosgesinfo.fr\/gerardmerinfo\/wp-json\/wp\/v2\/posts\/34254\/revisions"}],"wp:featuredmedia":[{"embeddable":true,"href":"https:\/\/vosgesinfo.fr\/gerardmerinfo\/wp-json\/wp\/v2\/media\/246"}],"wp:attachment":[{"href":"https:\/\/vosgesinfo.fr\/gerardmerinfo\/wp-json\/wp\/v2\/media?parent=34254"}],"wp:term":[{"taxonomy":"category","embeddable":true,"href":"https:\/\/vosgesinfo.fr\/gerardmerinfo\/wp-json\/wp\/v2\/categories?post=34254"},{"taxonomy":"post_tag","embeddable":true,"href":"https:\/\/vosgesinfo.fr\/gerardmerinfo\/wp-json\/wp\/v2\/tags?post=34254"}],"curies":[{"name":"wp","href":"https:\/\/api.w.org\/{rel}","templated":true}]}}