{"id":34286,"date":"2018-06-01T16:08:21","date_gmt":"2018-06-01T14:08:21","guid":{"rendered":"https:\/\/vosgesinfo.fr\/gerardmerinfo\/2018\/06\/apres-demi-siecle-vesuvio-na-pris-ride\/"},"modified":"2018-06-01T16:08:21","modified_gmt":"2018-06-01T14:08:21","slug":"apres-demi-siecle-vesuvio-na-pris-ride","status":"publish","type":"post","link":"https:\/\/vosgesinfo.fr\/gerardmerinfo\/2018\/06\/apres-demi-siecle-vesuvio-na-pris-ride\/","title":{"rendered":"Apr\u00e8s un demi-si\u00e8cle, le Vesuvio n&rsquo;a pas pris une ride !"},"content":{"rendered":"<p><a href=\"\/2018\/06\/anniversaire-vesuvio-2018-50-ans-2.jpg\"><img decoding=\"async\" class=\"aligncenter wp-image-128226\" src=\"\/2018\/06\/anniversaire-vesuvio-2018-50-ans-2.jpg\" alt=\"anniversaire vesuvio 2018 50 ans (2)\" width=\"500\" height=\"375\" \/><\/a><\/p>\n<h3>Le Vesuvio f\u00eatait donc son 50e anniversaire ce jeudi 31 Mai 2018, soit 50 ans jour pour jour apr\u00e8s son ouverture en mai 68, \u00e7a ne s&rsquo;invente pas !<\/h3>\n<div id=\"attachment_128224\" style=\"width: 369px\" class=\"wp-caption alignright\"><a href=\"\/2018\/06\/anniversaire-vesuvio-2018-50-ans-1.jpeg\"><img decoding=\"async\" aria-describedby=\"caption-attachment-128224\" class=\"wp-image-128224 size-medium\" src=\"\/2018\/06\/anniversaire-vesuvio-2018-50-ans-1-359x255.jpeg\" alt=\"Pour ceux qui s'en souviennent...\" width=\"359\" height=\"255\" \/><\/a><p id=\"caption-attachment-128224\" class=\"wp-caption-text\"><span style=\"color: #800000;\">Pour ceux qui s&rsquo;en souviennent&#8230;<\/span><\/p><\/div>\n<p>Peu de temps avant de se lancer dans l&rsquo;aventure, Andr\u00e9e &amp; Jean Ripoll avaient mang\u00e9 dans un fameux restaurant cannois nomm\u00e9&#8230; Le Vesuvio ! C&rsquo;est l\u00e0 qu&rsquo;il font la rencontre du pizzaiolo Antonio qu&rsquo;ils feront venir \u00e0 G\u00e9rardmer pour ouvrir la premi\u00e8re pizzeria de la r\u00e9gion en lieu et place de l&rsquo;actuelle BNP, prenant ainsi la suite d&rsquo;un magasin de poussettes. \u00ab\u00a0<em>La d\u00e9coration \u00e9tait inspir\u00e9e de celui de Cannes. A l&rsquo;\u00e9poque \u00e7a n&rsquo;ouvrait pas le midi mais le soir uniquement et jusqu&rsquo;\u00e0 5 heures du matin, c&rsquo;\u00e9tait vraiment le rendez-vous des noctambules. Et je me souviens, ma m\u00e8re a commenc\u00e9 aux fourneaux avec une petite cuisini\u00e8re m\u00e9nag\u00e8re\u00a0\u00bb<\/em> se rappelle Catherine Rippoll.<\/p>\n<div id=\"attachment_128227\" style=\"width: 201px\" class=\"wp-caption alignleft\"><a href=\"\/2018\/06\/anniversaire-vesuvio-2018-50-ans-3.jpg\"><img decoding=\"async\" aria-describedby=\"caption-attachment-128227\" class=\"size-medium wp-image-128227\" src=\"\/2018\/06\/anniversaire-vesuvio-2018-50-ans-3-191x255.jpg\" alt=\"Th\u00e9o, v\u00e9ronique &amp; catherine\" width=\"191\" height=\"255\" \/><\/a><p id=\"caption-attachment-128227\" class=\"wp-caption-text\"><span style=\"color: #800000;\">Th\u00e9o, v\u00e9ronique &amp; Catherine<\/span><\/p><\/div>\n<p>Au milieu des ann\u00e9es 70, les Ripoll poursuivent leur aventure en ouvrant la discoth\u00e8que le Crat\u00e8re au sous-sol et les deux \u00e9tablissements connaissent un vif succ\u00e8s. Cependant, en 1987, en raison de soucis juridiques avec la BNP, le Vesuvio se t\u00e9l\u00e9porte au 2, place Albert Ferry, Jean et Andr\u00e9e saisissant l&rsquo;opportunit\u00e9 d&rsquo;acheter les murs pour donner une nouvelle vie \u00e0 leur restaurant. Dans la foul\u00e9e, ils ouvrent une nouvelle discoth\u00e8que baptis\u00e9e Le Pacific avec leur fils Jean-Bernard. C&rsquo;est lui qui reprendra les r\u00eanes des affaires familiales \u00e0 G\u00e9rardmer.<\/p>\n<p>Avec sa compagne V\u00e9ronique, ils donneront une touche tex mex au Vesuvio au milieu des ann\u00e9es 90, mais le restaurant conservera toujours son pr\u00e9cieux feu de bois. Un nouveau lifting interviendra en 2008 puis en 2018. \u00ab\u00a0<em>Le restaurant n&rsquo;a pas pris une ride !<\/em>\u00a0\u00bb rappellent Catherine et V\u00e9ronique. Et il se paye m\u00eame le luxe de continuer \u00e0 innover. Plus avec les pizzas bien s\u00fbr, mais avec les fameuses Ice Cream \u00e0 la plancha propos\u00e9es l&rsquo;\u00e9t\u00e9 par Th\u00e9o, le fils de Jean-Bernard et V\u00e9ronique, actuellement en premi\u00e8re \u00e0 la Haie Griselle&#8230; Le Vesuvio a donc encore de belles ann\u00e9es devant lui, tout comme sa client\u00e8le de fid\u00e8les dont une partie \u00e9tait r\u00e9unie ce jeudi pour trinquer la la sant\u00e9 de l&rsquo;\u00e9tablissement et de leurs fondateurs que l&rsquo;on salue au passage.<\/p>\n<p><a href=\"\/2018\/06\/anniversaire-vesuvio-2018-50-ans-1.jpg\"><img decoding=\"async\" class=\"aligncenter size-medium wp-image-128225\" src=\"\/2018\/06\/anniversaire-vesuvio-2018-50-ans-1-340x255.jpg\" alt=\"anniversaire vesuvio 2018 50 ans (1)\" width=\"340\" height=\"255\" \/><\/a><\/p>\n","protected":false},"excerpt":{"rendered":"<p>Le Vesuvio f\u00eatait donc son 50e anniversaire ce jeudi 31 Mai 2018, soit 50 ans jour pour jour apr\u00e8s son [&hellip;]<\/p>\n","protected":false},"author":42,"featured_media":34287,"comment_status":"open","ping_status":"open","sticky":false,"template":"","format":"standard","meta":{"footnotes":""},"categories":[20,5,25],"tags":[3637],"class_list":["post-34286","post","type-post","status-publish","format-standard","has-post-thumbnail","hentry","category-a-la-une","category-economie","category-gerardmer","tag-vesuvio"],"acf":[],"yoast_head":"<!-- This site is optimized with the Yoast SEO plugin v22.5 - https:\/\/yoast.com\/wordpress\/plugins\/seo\/ -->\n<title>Apr\u00e8s un demi-si\u00e8cle, le Vesuvio n&#039;a pas pris une ride ! - Gerardmer Info<\/title>\n<meta name=\"robots\" content=\"index, follow, max-snippet:-1, max-image-preview:large, max-video-preview:-1\" \/>\n<link rel=\"canonical\" href=\"https:\/\/vosgesinfo.fr\/gerardmerinfo\/2018\/06\/apres-demi-siecle-vesuvio-na-pris-ride\/\" \/>\n<meta name=\"twitter:card\" content=\"summary_large_image\" \/>\n<meta name=\"twitter:title\" content=\"Apr\u00e8s un demi-si\u00e8cle, le Vesuvio n&#039;a pas pris une ride ! - Gerardmer Info\" \/>\n<meta name=\"twitter:description\" content=\"Le Vesuvio f\u00eatait donc son 50e anniversaire ce jeudi 31 Mai 2018, soit 50 ans jour pour jour apr\u00e8s son [&hellip;]\" \/>\n<meta name=\"twitter:image\" content=\"https:\/\/vosgesinfo.fr\/app\/uploads\/sites\/6\/2024\/07\/201806anniversaire-vesuvio-2018-50-ans-2.jpg\" \/>\n<meta name=\"twitter:creator\" content=\"@VosgesInfo88\" \/>\n<meta name=\"twitter:site\" content=\"@VosgesInfo88\" \/>\n<meta name=\"twitter:label1\" content=\"\u00c9crit par\" \/>\n\t<meta name=\"twitter:data1\" content=\"QG\" \/>\n\t<meta name=\"twitter:label2\" content=\"Dur\u00e9e de lecture estim\u00e9e\" \/>\n\t<meta name=\"twitter:data2\" content=\"2 minutes\" \/>\n<script type=\"application\/ld+json\" class=\"yoast-schema-graph\">{\"@context\":\"https:\/\/schema.org\",\"@graph\":[{\"@type\":\"Article\",\"@id\":\"https:\/\/vosgesinfo.fr\/gerardmerinfo\/2018\/06\/apres-demi-siecle-vesuvio-na-pris-ride\/#article\",\"isPartOf\":{\"@id\":\"https:\/\/vosgesinfo.fr\/gerardmerinfo\/2018\/06\/apres-demi-siecle-vesuvio-na-pris-ride\/\"},\"author\":{\"name\":\"QG\",\"@id\":\"https:\/\/vosgesinfo.fr\/gerardmerinfo\/#\/schema\/person\/db5605779a843dad16b5368f3e7613a5\"},\"headline\":\"Apr\u00e8s un demi-si\u00e8cle, le Vesuvio n&rsquo;a pas pris une ride !\",\"datePublished\":\"2018-06-01T14:08:21+00:00\",\"dateModified\":\"2018-06-01T14:08:21+00:00\",\"mainEntityOfPage\":{\"@id\":\"https:\/\/vosgesinfo.fr\/gerardmerinfo\/2018\/06\/apres-demi-siecle-vesuvio-na-pris-ride\/\"},\"wordCount\":432,\"commentCount\":0,\"publisher\":{\"@id\":\"https:\/\/vosgesinfo.fr\/gerardmerinfo\/#organization\"},\"image\":{\"@id\":\"https:\/\/vosgesinfo.fr\/gerardmerinfo\/2018\/06\/apres-demi-siecle-vesuvio-na-pris-ride\/#primaryimage\"},\"thumbnailUrl\":\"https:\/\/vosgesinfo.fr\/app\/uploads\/sites\/6\/2024\/07\/201806anniversaire-vesuvio-2018-50-ans-2.jpg\",\"keywords\":[\"Vesuvio\"],\"articleSection\":[\"A la une\",\"\u00c9conomie\",\"G\u00e9rardmer\"],\"inLanguage\":\"fr-FR\",\"potentialAction\":[{\"@type\":\"CommentAction\",\"name\":\"Comment\",\"target\":[\"https:\/\/vosgesinfo.fr\/gerardmerinfo\/2018\/06\/apres-demi-siecle-vesuvio-na-pris-ride\/#respond\"]}]},{\"@type\":\"WebPage\",\"@id\":\"https:\/\/vosgesinfo.fr\/gerardmerinfo\/2018\/06\/apres-demi-siecle-vesuvio-na-pris-ride\/\",\"url\":\"https:\/\/vosgesinfo.fr\/gerardmerinfo\/2018\/06\/apres-demi-siecle-vesuvio-na-pris-ride\/\",\"name\":\"Apr\u00e8s un demi-si\u00e8cle, le Vesuvio n'a pas pris une ride ! - Gerardmer Info\",\"isPartOf\":{\"@id\":\"https:\/\/vosgesinfo.fr\/gerardmerinfo\/#website\"},\"primaryImageOfPage\":{\"@id\":\"https:\/\/vosgesinfo.fr\/gerardmerinfo\/2018\/06\/apres-demi-siecle-vesuvio-na-pris-ride\/#primaryimage\"},\"image\":{\"@id\":\"https:\/\/vosgesinfo.fr\/gerardmerinfo\/2018\/06\/apres-demi-siecle-vesuvio-na-pris-ride\/#primaryimage\"},\"thumbnailUrl\":\"https:\/\/vosgesinfo.fr\/app\/uploads\/sites\/6\/2024\/07\/201806anniversaire-vesuvio-2018-50-ans-2.jpg\",\"datePublished\":\"2018-06-01T14:08:21+00:00\",\"dateModified\":\"2018-06-01T14:08:21+00:00\",\"breadcrumb\":{\"@id\":\"https:\/\/vosgesinfo.fr\/gerardmerinfo\/2018\/06\/apres-demi-siecle-vesuvio-na-pris-ride\/#breadcrumb\"},\"inLanguage\":\"fr-FR\",\"potentialAction\":[{\"@type\":\"ReadAction\",\"target\":[\"https:\/\/vosgesinfo.fr\/gerardmerinfo\/2018\/06\/apres-demi-siecle-vesuvio-na-pris-ride\/\"]}]},{\"@type\":\"ImageObject\",\"inLanguage\":\"fr-FR\",\"@id\":\"https:\/\/vosgesinfo.fr\/gerardmerinfo\/2018\/06\/apres-demi-siecle-vesuvio-na-pris-ride\/#primaryimage\",\"url\":\"https:\/\/vosgesinfo.fr\/app\/uploads\/sites\/6\/2024\/07\/201806anniversaire-vesuvio-2018-50-ans-2.jpg\",\"contentUrl\":\"https:\/\/vosgesinfo.fr\/app\/uploads\/sites\/6\/2024\/07\/201806anniversaire-vesuvio-2018-50-ans-2.jpg\",\"width\":800,\"height\":600},{\"@type\":\"BreadcrumbList\",\"@id\":\"https:\/\/vosgesinfo.fr\/gerardmerinfo\/2018\/06\/apres-demi-siecle-vesuvio-na-pris-ride\/#breadcrumb\",\"itemListElement\":[{\"@type\":\"ListItem\",\"position\":1,\"name\":\"Home\",\"item\":\"https:\/\/vosgesinfo.fr\/gerardmerinfo\/\"},{\"@type\":\"ListItem\",\"position\":2,\"name\":\"Apr\u00e8s un demi-si\u00e8cle, le Vesuvio n&rsquo;a pas pris une ride !\"}]},{\"@type\":\"WebSite\",\"@id\":\"https:\/\/vosgesinfo.fr\/gerardmerinfo\/#website\",\"url\":\"https:\/\/vosgesinfo.fr\/gerardmerinfo\/\",\"name\":\"Gerardmer Info\",\"description\":\"Toute l&#039;actualit\u00e9 de G\u00e9rardmer\",\"publisher\":{\"@id\":\"https:\/\/vosgesinfo.fr\/gerardmerinfo\/#organization\"},\"alternateName\":\"Toute l'actualit\u00e9 de G\u00e9rardmer\",\"potentialAction\":[{\"@type\":\"SearchAction\",\"target\":{\"@type\":\"EntryPoint\",\"urlTemplate\":\"https:\/\/vosgesinfo.fr\/gerardmerinfo\/?s={search_term_string}\"},\"query-input\":\"required name=search_term_string\"}],\"inLanguage\":\"fr-FR\"},{\"@type\":\"Organization\",\"@id\":\"https:\/\/vosgesinfo.fr\/gerardmerinfo\/#organization\",\"name\":\"Gerardmer Info\",\"url\":\"https:\/\/vosgesinfo.fr\/gerardmerinfo\/\",\"logo\":{\"@type\":\"ImageObject\",\"inLanguage\":\"fr-FR\",\"@id\":\"https:\/\/vosgesinfo.fr\/gerardmerinfo\/#\/schema\/logo\/image\/\",\"url\":\"https:\/\/vosgesinfo.fr\/app\/uploads\/sites\/6\/2023\/08\/favicon-gerardmerinfo.png\",\"contentUrl\":\"https:\/\/vosgesinfo.fr\/app\/uploads\/sites\/6\/2023\/08\/favicon-gerardmerinfo.png\",\"width\":512,\"height\":512,\"caption\":\"Gerardmer Info\"},\"image\":{\"@id\":\"https:\/\/vosgesinfo.fr\/gerardmerinfo\/#\/schema\/logo\/image\/\"},\"sameAs\":[\"https:\/\/www.facebook.com\/profile.php?id=100049475262660\",\"https:\/\/x.com\/VosgesInfo88\",\"https:\/\/www.youtube.com\/@vosgesinfo\"]},{\"@type\":\"Person\",\"@id\":\"https:\/\/vosgesinfo.fr\/gerardmerinfo\/#\/schema\/person\/db5605779a843dad16b5368f3e7613a5\",\"name\":\"QG\",\"image\":{\"@type\":\"ImageObject\",\"inLanguage\":\"fr-FR\",\"@id\":\"https:\/\/vosgesinfo.fr\/gerardmerinfo\/#\/schema\/person\/image\/\",\"url\":\"https:\/\/secure.gravatar.com\/avatar\/ea80c42c204b534408512832fde52504ecabb9706bcb6151cf6175e5b64e6793?s=96&d=mm&r=g\",\"contentUrl\":\"https:\/\/secure.gravatar.com\/avatar\/ea80c42c204b534408512832fde52504ecabb9706bcb6151cf6175e5b64e6793?s=96&d=mm&r=g\",\"caption\":\"QG\"},\"url\":\"https:\/\/vosgesinfo.fr\/gerardmerinfo\/author\/quentin88\/\"}]}<\/script>\n<!-- \/ Yoast SEO plugin. -->","yoast_head_json":{"title":"Apr\u00e8s un demi-si\u00e8cle, le Vesuvio n'a pas pris une ride ! - Gerardmer Info","robots":{"index":"index","follow":"follow","max-snippet":"max-snippet:-1","max-image-preview":"max-image-preview:large","max-video-preview":"max-video-preview:-1"},"canonical":"https:\/\/vosgesinfo.fr\/gerardmerinfo\/2018\/06\/apres-demi-siecle-vesuvio-na-pris-ride\/","twitter_card":"summary_large_image","twitter_title":"Apr\u00e8s un demi-si\u00e8cle, le Vesuvio n'a pas pris une ride ! - Gerardmer Info","twitter_description":"Le Vesuvio f\u00eatait donc son 50e anniversaire ce jeudi 31 Mai 2018, soit 50 ans jour pour jour apr\u00e8s son [&hellip;]","twitter_image":"https:\/\/vosgesinfo.fr\/app\/uploads\/sites\/6\/2024\/07\/201806anniversaire-vesuvio-2018-50-ans-2.jpg","twitter_creator":"@VosgesInfo88","twitter_site":"@VosgesInfo88","twitter_misc":{"\u00c9crit par":"QG","Dur\u00e9e de lecture estim\u00e9e":"2 minutes"},"schema":{"@context":"https:\/\/schema.org","@graph":[{"@type":"Article","@id":"https:\/\/vosgesinfo.fr\/gerardmerinfo\/2018\/06\/apres-demi-siecle-vesuvio-na-pris-ride\/#article","isPartOf":{"@id":"https:\/\/vosgesinfo.fr\/gerardmerinfo\/2018\/06\/apres-demi-siecle-vesuvio-na-pris-ride\/"},"author":{"name":"QG","@id":"https:\/\/vosgesinfo.fr\/gerardmerinfo\/#\/schema\/person\/db5605779a843dad16b5368f3e7613a5"},"headline":"Apr\u00e8s un demi-si\u00e8cle, le Vesuvio n&rsquo;a pas pris une ride !","datePublished":"2018-06-01T14:08:21+00:00","dateModified":"2018-06-01T14:08:21+00:00","mainEntityOfPage":{"@id":"https:\/\/vosgesinfo.fr\/gerardmerinfo\/2018\/06\/apres-demi-siecle-vesuvio-na-pris-ride\/"},"wordCount":432,"commentCount":0,"publisher":{"@id":"https:\/\/vosgesinfo.fr\/gerardmerinfo\/#organization"},"image":{"@id":"https:\/\/vosgesinfo.fr\/gerardmerinfo\/2018\/06\/apres-demi-siecle-vesuvio-na-pris-ride\/#primaryimage"},"thumbnailUrl":"https:\/\/vosgesinfo.fr\/app\/uploads\/sites\/6\/2024\/07\/201806anniversaire-vesuvio-2018-50-ans-2.jpg","keywords":["Vesuvio"],"articleSection":["A la une","\u00c9conomie","G\u00e9rardmer"],"inLanguage":"fr-FR","potentialAction":[{"@type":"CommentAction","name":"Comment","target":["https:\/\/vosgesinfo.fr\/gerardmerinfo\/2018\/06\/apres-demi-siecle-vesuvio-na-pris-ride\/#respond"]}]},{"@type":"WebPage","@id":"https:\/\/vosgesinfo.fr\/gerardmerinfo\/2018\/06\/apres-demi-siecle-vesuvio-na-pris-ride\/","url":"https:\/\/vosgesinfo.fr\/gerardmerinfo\/2018\/06\/apres-demi-siecle-vesuvio-na-pris-ride\/","name":"Apr\u00e8s un demi-si\u00e8cle, le Vesuvio n'a pas pris une ride ! - Gerardmer Info","isPartOf":{"@id":"https:\/\/vosgesinfo.fr\/gerardmerinfo\/#website"},"primaryImageOfPage":{"@id":"https:\/\/vosgesinfo.fr\/gerardmerinfo\/2018\/06\/apres-demi-siecle-vesuvio-na-pris-ride\/#primaryimage"},"image":{"@id":"https:\/\/vosgesinfo.fr\/gerardmerinfo\/2018\/06\/apres-demi-siecle-vesuvio-na-pris-ride\/#primaryimage"},"thumbnailUrl":"https:\/\/vosgesinfo.fr\/app\/uploads\/sites\/6\/2024\/07\/201806anniversaire-vesuvio-2018-50-ans-2.jpg","datePublished":"2018-06-01T14:08:21+00:00","dateModified":"2018-06-01T14:08:21+00:00","breadcrumb":{"@id":"https:\/\/vosgesinfo.fr\/gerardmerinfo\/2018\/06\/apres-demi-siecle-vesuvio-na-pris-ride\/#breadcrumb"},"inLanguage":"fr-FR","potentialAction":[{"@type":"ReadAction","target":["https:\/\/vosgesinfo.fr\/gerardmerinfo\/2018\/06\/apres-demi-siecle-vesuvio-na-pris-ride\/"]}]},{"@type":"ImageObject","inLanguage":"fr-FR","@id":"https:\/\/vosgesinfo.fr\/gerardmerinfo\/2018\/06\/apres-demi-siecle-vesuvio-na-pris-ride\/#primaryimage","url":"https:\/\/vosgesinfo.fr\/app\/uploads\/sites\/6\/2024\/07\/201806anniversaire-vesuvio-2018-50-ans-2.jpg","contentUrl":"https:\/\/vosgesinfo.fr\/app\/uploads\/sites\/6\/2024\/07\/201806anniversaire-vesuvio-2018-50-ans-2.jpg","width":800,"height":600},{"@type":"BreadcrumbList","@id":"https:\/\/vosgesinfo.fr\/gerardmerinfo\/2018\/06\/apres-demi-siecle-vesuvio-na-pris-ride\/#breadcrumb","itemListElement":[{"@type":"ListItem","position":1,"name":"Home","item":"https:\/\/vosgesinfo.fr\/gerardmerinfo\/"},{"@type":"ListItem","position":2,"name":"Apr\u00e8s un demi-si\u00e8cle, le Vesuvio n&rsquo;a pas pris une ride !"}]},{"@type":"WebSite","@id":"https:\/\/vosgesinfo.fr\/gerardmerinfo\/#website","url":"https:\/\/vosgesinfo.fr\/gerardmerinfo\/","name":"Gerardmer Info","description":"Toute l&#039;actualit\u00e9 de G\u00e9rardmer","publisher":{"@id":"https:\/\/vosgesinfo.fr\/gerardmerinfo\/#organization"},"alternateName":"Toute l'actualit\u00e9 de G\u00e9rardmer","potentialAction":[{"@type":"SearchAction","target":{"@type":"EntryPoint","urlTemplate":"https:\/\/vosgesinfo.fr\/gerardmerinfo\/?s={search_term_string}"},"query-input":"required name=search_term_string"}],"inLanguage":"fr-FR"},{"@type":"Organization","@id":"https:\/\/vosgesinfo.fr\/gerardmerinfo\/#organization","name":"Gerardmer Info","url":"https:\/\/vosgesinfo.fr\/gerardmerinfo\/","logo":{"@type":"ImageObject","inLanguage":"fr-FR","@id":"https:\/\/vosgesinfo.fr\/gerardmerinfo\/#\/schema\/logo\/image\/","url":"https:\/\/vosgesinfo.fr\/app\/uploads\/sites\/6\/2023\/08\/favicon-gerardmerinfo.png","contentUrl":"https:\/\/vosgesinfo.fr\/app\/uploads\/sites\/6\/2023\/08\/favicon-gerardmerinfo.png","width":512,"height":512,"caption":"Gerardmer Info"},"image":{"@id":"https:\/\/vosgesinfo.fr\/gerardmerinfo\/#\/schema\/logo\/image\/"},"sameAs":["https:\/\/www.facebook.com\/profile.php?id=100049475262660","https:\/\/x.com\/VosgesInfo88","https:\/\/www.youtube.com\/@vosgesinfo"]},{"@type":"Person","@id":"https:\/\/vosgesinfo.fr\/gerardmerinfo\/#\/schema\/person\/db5605779a843dad16b5368f3e7613a5","name":"QG","image":{"@type":"ImageObject","inLanguage":"fr-FR","@id":"https:\/\/vosgesinfo.fr\/gerardmerinfo\/#\/schema\/person\/image\/","url":"https:\/\/secure.gravatar.com\/avatar\/ea80c42c204b534408512832fde52504ecabb9706bcb6151cf6175e5b64e6793?s=96&d=mm&r=g","contentUrl":"https:\/\/secure.gravatar.com\/avatar\/ea80c42c204b534408512832fde52504ecabb9706bcb6151cf6175e5b64e6793?s=96&d=mm&r=g","caption":"QG"},"url":"https:\/\/vosgesinfo.fr\/gerardmerinfo\/author\/quentin88\/"}]}},"_links":{"self":[{"href":"https:\/\/vosgesinfo.fr\/gerardmerinfo\/wp-json\/wp\/v2\/posts\/34286","targetHints":{"allow":["GET"]}}],"collection":[{"href":"https:\/\/vosgesinfo.fr\/gerardmerinfo\/wp-json\/wp\/v2\/posts"}],"about":[{"href":"https:\/\/vosgesinfo.fr\/gerardmerinfo\/wp-json\/wp\/v2\/types\/post"}],"author":[{"embeddable":true,"href":"https:\/\/vosgesinfo.fr\/gerardmerinfo\/wp-json\/wp\/v2\/users\/42"}],"replies":[{"embeddable":true,"href":"https:\/\/vosgesinfo.fr\/gerardmerinfo\/wp-json\/wp\/v2\/comments?post=34286"}],"version-history":[{"count":0,"href":"https:\/\/vosgesinfo.fr\/gerardmerinfo\/wp-json\/wp\/v2\/posts\/34286\/revisions"}],"wp:featuredmedia":[{"embeddable":true,"href":"https:\/\/vosgesinfo.fr\/gerardmerinfo\/wp-json\/wp\/v2\/media\/34287"}],"wp:attachment":[{"href":"https:\/\/vosgesinfo.fr\/gerardmerinfo\/wp-json\/wp\/v2\/media?parent=34286"}],"wp:term":[{"taxonomy":"category","embeddable":true,"href":"https:\/\/vosgesinfo.fr\/gerardmerinfo\/wp-json\/wp\/v2\/categories?post=34286"},{"taxonomy":"post_tag","embeddable":true,"href":"https:\/\/vosgesinfo.fr\/gerardmerinfo\/wp-json\/wp\/v2\/tags?post=34286"}],"curies":[{"name":"wp","href":"https:\/\/api.w.org\/{rel}","templated":true}]}}