{"id":34399,"date":"2018-06-05T16:08:26","date_gmt":"2018-06-05T14:08:26","guid":{"rendered":"https:\/\/vosgesinfo.fr\/gerardmerinfo\/2018\/06\/judo-a-su-rester-soude\/"},"modified":"2018-06-05T16:08:26","modified_gmt":"2018-06-05T14:08:26","slug":"judo-a-su-rester-soude","status":"publish","type":"post","link":"https:\/\/vosgesinfo.fr\/gerardmerinfo\/2018\/06\/judo-a-su-rester-soude\/","title":{"rendered":"Le judo a su rester soud\u00e9"},"content":{"rendered":"<p lang=\"fr-FR\" style=\"text-align: left;\" align=\"JUSTIFY\"><strong>L&rsquo;assembl\u00e9e g\u00e9n\u00e9rale du Judo Club de G\u00e9rardmer a r\u00e9cemment eu lieu \u00e0 la Chaume Francis en pr\u00e9sence de la conseill\u00e8re municipale d\u00e9l\u00e9gu\u00e9e au sport Nadine Thomas.<\/strong><\/p>\n<p lang=\"fr-FR\" style=\"text-align: left;\" align=\"JUSTIFY\"><a href=\"\/2018\/06\/AG-judo-1.jpg\"><img decoding=\"async\" class=\"alignright size-medium wp-image-128499\" src=\"\/2018\/06\/AG-judo-1-383x255.jpg\" alt=\"AG judo (1)\" width=\"383\" height=\"255\" \/><\/a>L&rsquo;occasion pour le club pr\u00e9sid\u00e9 par Arnaud Henry de revenir sur une ann\u00e9e \u00ab\u00a0<em>compliqu\u00e9e au niveau personnel pour beaucoup de membres du comit\u00e9\u00a0\u00bb<\/em> pour reprendre les mots de la tr\u00e9sori\u00e8re Anne Picart, \u00e0 commencer par le pr\u00e9sident lui-m\u00eame qui a d\u00fb se battre et se bat encore apr\u00e8s avoir \u00e9t\u00e9 touch\u00e9 par une rupture d&rsquo;an\u00e9vrisme. Heureusement, l&rsquo;ensemble des membres du comit\u00e9, leurs conjoints et conjointes, les \u00e9ducateurs du club ainsi que les b\u00e9n\u00e9voles du judo g\u00e9r\u00f4mois ont su faire corps pour maintenir le cap et traverser la temp\u00eate, notamment lors des principaux rendez-vous sportifs organis\u00e9s au dojo de la Halle des Sports.<\/p>\n<p lang=\"fr-FR\" style=\"text-align: left;\" align=\"JUSTIFY\">Des \u00e9v\u00e9nements toujours au top \u00e0 l&rsquo;image des deux temps forts suivants : tout d&rsquo;abord l<span style=\"font-size: small;\"><span style=\"font-size: medium;\">a <\/span><span style=\"font-size: medium;\"><span lang=\"fr-FR\">f\u00e9d\u00e9ration fran\u00e7aise de judo ainsi que la ligue de Lorraine et le comit\u00e9 des Vosges avaient accord\u00e9 leur confiance au judo Club de G\u00e9rardmer pour organiser la coupe de France des masters les 6 et 7 mai 2017. C\u2019est un \u00e9v\u00e9nement qui a remport\u00e9 un franc succ\u00e8s tant au niveau des 326 participants que sur l\u2019impact que ces combattants ont amen\u00e9 \u00e0 la ville. <\/span><\/span><\/span><\/p>\n<p style=\"text-align: left;\" align=\"JUSTIFY\"><a href=\"\/2018\/06\/AG-judo-2.jpg\"><img decoding=\"async\" class=\"alignright size-medium wp-image-128500\" src=\"\/2018\/06\/AG-judo-2-383x255.jpg\" alt=\"AG judo (2)\" width=\"383\" height=\"255\" \/><\/a>\u00c9voquons ensuite la quinzi\u00e8me \u00e9dition du Tournoi de la Ville de G\u00e9rardmer qui a regroup\u00e9 sur 2 jours plus de 1000 licenci\u00e9s les 25 et 26 novembre derniers. L&rsquo;\u00e9quipe organisatrice peut \u00eatre satisfaite du week-end qui a \u00e9t\u00e9 mis sur pied et g\u00e9r\u00e9 dans des conditions particuli\u00e8res : il s\u2019agissait en effet de la premi\u00e8re manifestation qu\u2019il a fallu organiser sans l\u2019aide d\u2019Arnaud Henry. \u00ab\u00a0Je remercie tous les acteurs, bien s\u00fbr nos \u00e9ducateurs, les membres du comit\u00e9, les comp\u00e9titeurs mais \u00e9galement Roger Deschaseaux, les services techniques de la mairie et la responsable du mat\u00e9riel qui m\u2019ont apport\u00e9 une grande aide dans cette partie d\u2019organisation que je ne connaissais pas\u00a0\u00bb pr\u00e9cisait Anne Picart.<\/p>\n<p style=\"text-align: left;\" align=\"JUSTIFY\">Concernant les effectifs, pour l\u2019ann\u00e9e 2017, le nombre de licenci\u00e9s s\u2019est arr\u00eat\u00e9 \u00e0 211 \u00e0 la date de juin 2017. \u00ab\u00a0<em>Nous observons une chute r\u00e9guli\u00e8re des effectifs, qui se v\u00e9rifie encore pour l\u2019ann\u00e9e 2017\/2018. Il y a bien s\u00fbr le probl\u00e8me de la chute des naissances qui se r\u00e9percute aujourd\u2019hui sur les \u00e9ventuels licenci\u00e9s des cours de baby-judo. Mais G\u00e9rardmer est aussi une ville tr\u00e8s dynamique du point de vue sportif et culturel et donc il s\u2019agit de se remettre en question chaque ann\u00e9e pour amener les licenci\u00e9s \u00e0 conna\u00eetre nos diff\u00e9rentes disciplines. Avec nos \u00e9ducateurs nous nous sommes d\u00e9j\u00e0 mis au travail pour trouver des solutions.<\/em>\u00ab\u00a0<\/p>\n<p style=\"text-align: left;\" align=\"JUSTIFY\">Enfin, pour 2018, les objectifs principaux du club resteront globalement les m\u00eames, \u00e0 savoir faire d\u00e9couvrir aux enfants et aux adultes ce qu\u2019est le Judo, sport de d\u00e9fense, d\u2019\u00e9quilibre physique et psychique. \u00ab\u00a0Nous d\u00e9sirons encourager les enfants \u00e0 participer aux diff\u00e9rentes animations ou comp\u00e9titions pour qu\u2019ils c\u00f4toient d\u2019autres judokas et les conseiller afin qu\u2019ils deviennent op\u00e9rationnels en arbitrage\u00a0\u00bb ajoutera Anne Picart. Pour conclure, sachez d\u00e9j\u00e0 que la rentr\u00e9e des judokas aura lieu le 3 septembre 2018. Une circulaire sur les diff\u00e9rents horaires en fonction des tranches d&rsquo;\u00e2ges et sections (judo, baby judo, ta\u00efso et Jujitsu) sera distribu\u00e9e dans le courant du mois de juin.<\/p>\n","protected":false},"excerpt":{"rendered":"<p>L&rsquo;assembl\u00e9e g\u00e9n\u00e9rale du Judo Club de G\u00e9rardmer a r\u00e9cemment eu lieu \u00e0 la Chaume Francis en pr\u00e9sence de la conseill\u00e8re [&hellip;]<\/p>\n","protected":false},"author":42,"featured_media":34400,"comment_status":"open","ping_status":"open","sticky":false,"template":"","format":"standard","meta":{"footnotes":""},"categories":[20,14,17],"tags":[514],"class_list":["post-34399","post","type-post","status-publish","format-standard","has-post-thumbnail","hentry","category-a-la-une","category-sport","category-vie-associative","tag-judo-club-de-gerardmer"],"acf":[],"yoast_head":"<!-- This site is optimized with the Yoast SEO plugin v22.5 - https:\/\/yoast.com\/wordpress\/plugins\/seo\/ -->\n<title>Le judo a su rester soud\u00e9 - Gerardmer Info<\/title>\n<meta name=\"robots\" content=\"index, follow, max-snippet:-1, max-image-preview:large, max-video-preview:-1\" \/>\n<link rel=\"canonical\" href=\"https:\/\/vosgesinfo.fr\/gerardmerinfo\/2018\/06\/judo-a-su-rester-soude\/\" \/>\n<meta name=\"twitter:card\" content=\"summary_large_image\" \/>\n<meta name=\"twitter:title\" content=\"Le judo a su rester soud\u00e9 - Gerardmer Info\" \/>\n<meta name=\"twitter:description\" content=\"L&rsquo;assembl\u00e9e g\u00e9n\u00e9rale du Judo Club de G\u00e9rardmer a r\u00e9cemment eu lieu \u00e0 la Chaume Francis en pr\u00e9sence de la conseill\u00e8re [&hellip;]\" \/>\n<meta name=\"twitter:image\" content=\"https:\/\/vosgesinfo.fr\/app\/uploads\/sites\/6\/2024\/07\/201806ag-judo-1.jpg\" \/>\n<meta name=\"twitter:creator\" content=\"@VosgesInfo88\" \/>\n<meta name=\"twitter:site\" content=\"@VosgesInfo88\" \/>\n<meta name=\"twitter:label1\" content=\"\u00c9crit par\" \/>\n\t<meta name=\"twitter:data1\" content=\"QG\" \/>\n\t<meta name=\"twitter:label2\" content=\"Dur\u00e9e de lecture estim\u00e9e\" \/>\n\t<meta name=\"twitter:data2\" content=\"3 minutes\" \/>\n<script type=\"application\/ld+json\" class=\"yoast-schema-graph\">{\"@context\":\"https:\/\/schema.org\",\"@graph\":[{\"@type\":\"Article\",\"@id\":\"https:\/\/vosgesinfo.fr\/gerardmerinfo\/2018\/06\/judo-a-su-rester-soude\/#article\",\"isPartOf\":{\"@id\":\"https:\/\/vosgesinfo.fr\/gerardmerinfo\/2018\/06\/judo-a-su-rester-soude\/\"},\"author\":{\"name\":\"QG\",\"@id\":\"https:\/\/vosgesinfo.fr\/gerardmerinfo\/#\/schema\/person\/db5605779a843dad16b5368f3e7613a5\"},\"headline\":\"Le judo a su rester soud\u00e9\",\"datePublished\":\"2018-06-05T14:08:26+00:00\",\"dateModified\":\"2018-06-05T14:08:26+00:00\",\"mainEntityOfPage\":{\"@id\":\"https:\/\/vosgesinfo.fr\/gerardmerinfo\/2018\/06\/judo-a-su-rester-soude\/\"},\"wordCount\":611,\"commentCount\":0,\"publisher\":{\"@id\":\"https:\/\/vosgesinfo.fr\/gerardmerinfo\/#organization\"},\"image\":{\"@id\":\"https:\/\/vosgesinfo.fr\/gerardmerinfo\/2018\/06\/judo-a-su-rester-soude\/#primaryimage\"},\"thumbnailUrl\":\"https:\/\/vosgesinfo.fr\/app\/uploads\/sites\/6\/2024\/07\/201806ag-judo-1.jpg\",\"keywords\":[\"judo club de g\u00e9rardmer\"],\"articleSection\":[\"A la une\",\"Sport\",\"Vie Associative\"],\"inLanguage\":\"fr-FR\",\"potentialAction\":[{\"@type\":\"CommentAction\",\"name\":\"Comment\",\"target\":[\"https:\/\/vosgesinfo.fr\/gerardmerinfo\/2018\/06\/judo-a-su-rester-soude\/#respond\"]}]},{\"@type\":\"WebPage\",\"@id\":\"https:\/\/vosgesinfo.fr\/gerardmerinfo\/2018\/06\/judo-a-su-rester-soude\/\",\"url\":\"https:\/\/vosgesinfo.fr\/gerardmerinfo\/2018\/06\/judo-a-su-rester-soude\/\",\"name\":\"Le judo a su rester soud\u00e9 - Gerardmer Info\",\"isPartOf\":{\"@id\":\"https:\/\/vosgesinfo.fr\/gerardmerinfo\/#website\"},\"primaryImageOfPage\":{\"@id\":\"https:\/\/vosgesinfo.fr\/gerardmerinfo\/2018\/06\/judo-a-su-rester-soude\/#primaryimage\"},\"image\":{\"@id\":\"https:\/\/vosgesinfo.fr\/gerardmerinfo\/2018\/06\/judo-a-su-rester-soude\/#primaryimage\"},\"thumbnailUrl\":\"https:\/\/vosgesinfo.fr\/app\/uploads\/sites\/6\/2024\/07\/201806ag-judo-1.jpg\",\"datePublished\":\"2018-06-05T14:08:26+00:00\",\"dateModified\":\"2018-06-05T14:08:26+00:00\",\"breadcrumb\":{\"@id\":\"https:\/\/vosgesinfo.fr\/gerardmerinfo\/2018\/06\/judo-a-su-rester-soude\/#breadcrumb\"},\"inLanguage\":\"fr-FR\",\"potentialAction\":[{\"@type\":\"ReadAction\",\"target\":[\"https:\/\/vosgesinfo.fr\/gerardmerinfo\/2018\/06\/judo-a-su-rester-soude\/\"]}]},{\"@type\":\"ImageObject\",\"inLanguage\":\"fr-FR\",\"@id\":\"https:\/\/vosgesinfo.fr\/gerardmerinfo\/2018\/06\/judo-a-su-rester-soude\/#primaryimage\",\"url\":\"https:\/\/vosgesinfo.fr\/app\/uploads\/sites\/6\/2024\/07\/201806ag-judo-1.jpg\",\"contentUrl\":\"https:\/\/vosgesinfo.fr\/app\/uploads\/sites\/6\/2024\/07\/201806ag-judo-1.jpg\",\"width\":800,\"height\":533},{\"@type\":\"BreadcrumbList\",\"@id\":\"https:\/\/vosgesinfo.fr\/gerardmerinfo\/2018\/06\/judo-a-su-rester-soude\/#breadcrumb\",\"itemListElement\":[{\"@type\":\"ListItem\",\"position\":1,\"name\":\"Home\",\"item\":\"https:\/\/vosgesinfo.fr\/gerardmerinfo\/\"},{\"@type\":\"ListItem\",\"position\":2,\"name\":\"Le judo a su rester soud\u00e9\"}]},{\"@type\":\"WebSite\",\"@id\":\"https:\/\/vosgesinfo.fr\/gerardmerinfo\/#website\",\"url\":\"https:\/\/vosgesinfo.fr\/gerardmerinfo\/\",\"name\":\"Gerardmer Info\",\"description\":\"Toute l&#039;actualit\u00e9 de G\u00e9rardmer\",\"publisher\":{\"@id\":\"https:\/\/vosgesinfo.fr\/gerardmerinfo\/#organization\"},\"alternateName\":\"Toute l'actualit\u00e9 de G\u00e9rardmer\",\"potentialAction\":[{\"@type\":\"SearchAction\",\"target\":{\"@type\":\"EntryPoint\",\"urlTemplate\":\"https:\/\/vosgesinfo.fr\/gerardmerinfo\/?s={search_term_string}\"},\"query-input\":\"required name=search_term_string\"}],\"inLanguage\":\"fr-FR\"},{\"@type\":\"Organization\",\"@id\":\"https:\/\/vosgesinfo.fr\/gerardmerinfo\/#organization\",\"name\":\"Gerardmer Info\",\"url\":\"https:\/\/vosgesinfo.fr\/gerardmerinfo\/\",\"logo\":{\"@type\":\"ImageObject\",\"inLanguage\":\"fr-FR\",\"@id\":\"https:\/\/vosgesinfo.fr\/gerardmerinfo\/#\/schema\/logo\/image\/\",\"url\":\"https:\/\/vosgesinfo.fr\/app\/uploads\/sites\/6\/2023\/08\/favicon-gerardmerinfo.png\",\"contentUrl\":\"https:\/\/vosgesinfo.fr\/app\/uploads\/sites\/6\/2023\/08\/favicon-gerardmerinfo.png\",\"width\":512,\"height\":512,\"caption\":\"Gerardmer Info\"},\"image\":{\"@id\":\"https:\/\/vosgesinfo.fr\/gerardmerinfo\/#\/schema\/logo\/image\/\"},\"sameAs\":[\"https:\/\/www.facebook.com\/profile.php?id=100049475262660\",\"https:\/\/x.com\/VosgesInfo88\",\"https:\/\/www.youtube.com\/@vosgesinfo\"]},{\"@type\":\"Person\",\"@id\":\"https:\/\/vosgesinfo.fr\/gerardmerinfo\/#\/schema\/person\/db5605779a843dad16b5368f3e7613a5\",\"name\":\"QG\",\"image\":{\"@type\":\"ImageObject\",\"inLanguage\":\"fr-FR\",\"@id\":\"https:\/\/vosgesinfo.fr\/gerardmerinfo\/#\/schema\/person\/image\/\",\"url\":\"https:\/\/secure.gravatar.com\/avatar\/ea80c42c204b534408512832fde52504ecabb9706bcb6151cf6175e5b64e6793?s=96&d=mm&r=g\",\"contentUrl\":\"https:\/\/secure.gravatar.com\/avatar\/ea80c42c204b534408512832fde52504ecabb9706bcb6151cf6175e5b64e6793?s=96&d=mm&r=g\",\"caption\":\"QG\"},\"url\":\"https:\/\/vosgesinfo.fr\/gerardmerinfo\/author\/quentin88\/\"}]}<\/script>\n<!-- \/ Yoast SEO plugin. -->","yoast_head_json":{"title":"Le judo a su rester soud\u00e9 - Gerardmer Info","robots":{"index":"index","follow":"follow","max-snippet":"max-snippet:-1","max-image-preview":"max-image-preview:large","max-video-preview":"max-video-preview:-1"},"canonical":"https:\/\/vosgesinfo.fr\/gerardmerinfo\/2018\/06\/judo-a-su-rester-soude\/","twitter_card":"summary_large_image","twitter_title":"Le judo a su rester soud\u00e9 - Gerardmer Info","twitter_description":"L&rsquo;assembl\u00e9e g\u00e9n\u00e9rale du Judo Club de G\u00e9rardmer a r\u00e9cemment eu lieu \u00e0 la Chaume Francis en pr\u00e9sence de la conseill\u00e8re [&hellip;]","twitter_image":"https:\/\/vosgesinfo.fr\/app\/uploads\/sites\/6\/2024\/07\/201806ag-judo-1.jpg","twitter_creator":"@VosgesInfo88","twitter_site":"@VosgesInfo88","twitter_misc":{"\u00c9crit par":"QG","Dur\u00e9e de lecture estim\u00e9e":"3 minutes"},"schema":{"@context":"https:\/\/schema.org","@graph":[{"@type":"Article","@id":"https:\/\/vosgesinfo.fr\/gerardmerinfo\/2018\/06\/judo-a-su-rester-soude\/#article","isPartOf":{"@id":"https:\/\/vosgesinfo.fr\/gerardmerinfo\/2018\/06\/judo-a-su-rester-soude\/"},"author":{"name":"QG","@id":"https:\/\/vosgesinfo.fr\/gerardmerinfo\/#\/schema\/person\/db5605779a843dad16b5368f3e7613a5"},"headline":"Le judo a su rester soud\u00e9","datePublished":"2018-06-05T14:08:26+00:00","dateModified":"2018-06-05T14:08:26+00:00","mainEntityOfPage":{"@id":"https:\/\/vosgesinfo.fr\/gerardmerinfo\/2018\/06\/judo-a-su-rester-soude\/"},"wordCount":611,"commentCount":0,"publisher":{"@id":"https:\/\/vosgesinfo.fr\/gerardmerinfo\/#organization"},"image":{"@id":"https:\/\/vosgesinfo.fr\/gerardmerinfo\/2018\/06\/judo-a-su-rester-soude\/#primaryimage"},"thumbnailUrl":"https:\/\/vosgesinfo.fr\/app\/uploads\/sites\/6\/2024\/07\/201806ag-judo-1.jpg","keywords":["judo club de g\u00e9rardmer"],"articleSection":["A la une","Sport","Vie Associative"],"inLanguage":"fr-FR","potentialAction":[{"@type":"CommentAction","name":"Comment","target":["https:\/\/vosgesinfo.fr\/gerardmerinfo\/2018\/06\/judo-a-su-rester-soude\/#respond"]}]},{"@type":"WebPage","@id":"https:\/\/vosgesinfo.fr\/gerardmerinfo\/2018\/06\/judo-a-su-rester-soude\/","url":"https:\/\/vosgesinfo.fr\/gerardmerinfo\/2018\/06\/judo-a-su-rester-soude\/","name":"Le judo a su rester soud\u00e9 - Gerardmer Info","isPartOf":{"@id":"https:\/\/vosgesinfo.fr\/gerardmerinfo\/#website"},"primaryImageOfPage":{"@id":"https:\/\/vosgesinfo.fr\/gerardmerinfo\/2018\/06\/judo-a-su-rester-soude\/#primaryimage"},"image":{"@id":"https:\/\/vosgesinfo.fr\/gerardmerinfo\/2018\/06\/judo-a-su-rester-soude\/#primaryimage"},"thumbnailUrl":"https:\/\/vosgesinfo.fr\/app\/uploads\/sites\/6\/2024\/07\/201806ag-judo-1.jpg","datePublished":"2018-06-05T14:08:26+00:00","dateModified":"2018-06-05T14:08:26+00:00","breadcrumb":{"@id":"https:\/\/vosgesinfo.fr\/gerardmerinfo\/2018\/06\/judo-a-su-rester-soude\/#breadcrumb"},"inLanguage":"fr-FR","potentialAction":[{"@type":"ReadAction","target":["https:\/\/vosgesinfo.fr\/gerardmerinfo\/2018\/06\/judo-a-su-rester-soude\/"]}]},{"@type":"ImageObject","inLanguage":"fr-FR","@id":"https:\/\/vosgesinfo.fr\/gerardmerinfo\/2018\/06\/judo-a-su-rester-soude\/#primaryimage","url":"https:\/\/vosgesinfo.fr\/app\/uploads\/sites\/6\/2024\/07\/201806ag-judo-1.jpg","contentUrl":"https:\/\/vosgesinfo.fr\/app\/uploads\/sites\/6\/2024\/07\/201806ag-judo-1.jpg","width":800,"height":533},{"@type":"BreadcrumbList","@id":"https:\/\/vosgesinfo.fr\/gerardmerinfo\/2018\/06\/judo-a-su-rester-soude\/#breadcrumb","itemListElement":[{"@type":"ListItem","position":1,"name":"Home","item":"https:\/\/vosgesinfo.fr\/gerardmerinfo\/"},{"@type":"ListItem","position":2,"name":"Le judo a su rester soud\u00e9"}]},{"@type":"WebSite","@id":"https:\/\/vosgesinfo.fr\/gerardmerinfo\/#website","url":"https:\/\/vosgesinfo.fr\/gerardmerinfo\/","name":"Gerardmer Info","description":"Toute l&#039;actualit\u00e9 de G\u00e9rardmer","publisher":{"@id":"https:\/\/vosgesinfo.fr\/gerardmerinfo\/#organization"},"alternateName":"Toute l'actualit\u00e9 de G\u00e9rardmer","potentialAction":[{"@type":"SearchAction","target":{"@type":"EntryPoint","urlTemplate":"https:\/\/vosgesinfo.fr\/gerardmerinfo\/?s={search_term_string}"},"query-input":"required name=search_term_string"}],"inLanguage":"fr-FR"},{"@type":"Organization","@id":"https:\/\/vosgesinfo.fr\/gerardmerinfo\/#organization","name":"Gerardmer Info","url":"https:\/\/vosgesinfo.fr\/gerardmerinfo\/","logo":{"@type":"ImageObject","inLanguage":"fr-FR","@id":"https:\/\/vosgesinfo.fr\/gerardmerinfo\/#\/schema\/logo\/image\/","url":"https:\/\/vosgesinfo.fr\/app\/uploads\/sites\/6\/2023\/08\/favicon-gerardmerinfo.png","contentUrl":"https:\/\/vosgesinfo.fr\/app\/uploads\/sites\/6\/2023\/08\/favicon-gerardmerinfo.png","width":512,"height":512,"caption":"Gerardmer Info"},"image":{"@id":"https:\/\/vosgesinfo.fr\/gerardmerinfo\/#\/schema\/logo\/image\/"},"sameAs":["https:\/\/www.facebook.com\/profile.php?id=100049475262660","https:\/\/x.com\/VosgesInfo88","https:\/\/www.youtube.com\/@vosgesinfo"]},{"@type":"Person","@id":"https:\/\/vosgesinfo.fr\/gerardmerinfo\/#\/schema\/person\/db5605779a843dad16b5368f3e7613a5","name":"QG","image":{"@type":"ImageObject","inLanguage":"fr-FR","@id":"https:\/\/vosgesinfo.fr\/gerardmerinfo\/#\/schema\/person\/image\/","url":"https:\/\/secure.gravatar.com\/avatar\/ea80c42c204b534408512832fde52504ecabb9706bcb6151cf6175e5b64e6793?s=96&d=mm&r=g","contentUrl":"https:\/\/secure.gravatar.com\/avatar\/ea80c42c204b534408512832fde52504ecabb9706bcb6151cf6175e5b64e6793?s=96&d=mm&r=g","caption":"QG"},"url":"https:\/\/vosgesinfo.fr\/gerardmerinfo\/author\/quentin88\/"}]}},"_links":{"self":[{"href":"https:\/\/vosgesinfo.fr\/gerardmerinfo\/wp-json\/wp\/v2\/posts\/34399","targetHints":{"allow":["GET"]}}],"collection":[{"href":"https:\/\/vosgesinfo.fr\/gerardmerinfo\/wp-json\/wp\/v2\/posts"}],"about":[{"href":"https:\/\/vosgesinfo.fr\/gerardmerinfo\/wp-json\/wp\/v2\/types\/post"}],"author":[{"embeddable":true,"href":"https:\/\/vosgesinfo.fr\/gerardmerinfo\/wp-json\/wp\/v2\/users\/42"}],"replies":[{"embeddable":true,"href":"https:\/\/vosgesinfo.fr\/gerardmerinfo\/wp-json\/wp\/v2\/comments?post=34399"}],"version-history":[{"count":0,"href":"https:\/\/vosgesinfo.fr\/gerardmerinfo\/wp-json\/wp\/v2\/posts\/34399\/revisions"}],"wp:featuredmedia":[{"embeddable":true,"href":"https:\/\/vosgesinfo.fr\/gerardmerinfo\/wp-json\/wp\/v2\/media\/34400"}],"wp:attachment":[{"href":"https:\/\/vosgesinfo.fr\/gerardmerinfo\/wp-json\/wp\/v2\/media?parent=34399"}],"wp:term":[{"taxonomy":"category","embeddable":true,"href":"https:\/\/vosgesinfo.fr\/gerardmerinfo\/wp-json\/wp\/v2\/categories?post=34399"},{"taxonomy":"post_tag","embeddable":true,"href":"https:\/\/vosgesinfo.fr\/gerardmerinfo\/wp-json\/wp\/v2\/tags?post=34399"}],"curies":[{"name":"wp","href":"https:\/\/api.w.org\/{rel}","templated":true}]}}