{"id":34404,"date":"2018-06-05T10:51:22","date_gmt":"2018-06-05T08:51:22","guid":{"rendered":"https:\/\/vosgesinfo.fr\/gerardmerinfo\/2018\/06\/chpt-de-france-de-rallye-note-dinformation-aux-riverains\/"},"modified":"2018-06-05T10:51:22","modified_gmt":"2018-06-05T08:51:22","slug":"chpt-de-france-de-rallye-note-dinformation-aux-riverains","status":"publish","type":"post","link":"https:\/\/vosgesinfo.fr\/gerardmerinfo\/2018\/06\/chpt-de-france-de-rallye-note-dinformation-aux-riverains\/","title":{"rendered":"Chpt de France de Rallye &#8211; Note d&rsquo;information aux riverains"},"content":{"rendered":"<p><a href=\"http:\/\/gerardmerinfo.fr\/2018\/06\/chpt-de-france-de-rallye-note-dinformation-aux-riverains\/rallye-acces\/\" rel=\"attachment wp-att-128510\"><img decoding=\"async\" class=\"aligncenter size-full wp-image-128510\" src=\"\/2018\/06\/rallye-acces.jpg\" alt=\"rallye acces\" width=\"548\" height=\"627\" \/><\/a>NOTE D\u2019INFORMATION RIVERAINS<\/p>\n<p><em>Madame, Mademoiselle, Monsieur,<\/em><\/p>\n<p><em>Vous \u00eates riverain(s) du 33\u00e8me Rallye Vosges Grand Est, manche du Championnat de France des Rallyes, et plus pr\u00e9cis\u00e9ment de la Super Sp\u00e9ciale N\u00b07 et N\u00b0 10 G\u00e9rardmer La Mauselaine qui sera d\u00e9roulera samedi 9 juin 2018 et dimanche 10 juin 2018. A ce titre, nous vous informons que le secteur du parking des pistes de la Mauselaine sera ferm\u00e9 \u00e0 la circulation samedi 9 juin 2018, de 17h00 \u00e0 23h00 et dimanche 10 juin 2018, de 10h00 \u00e0 14h00. Le chemin de la ray\u00e9e sera barr\u00e9 apr\u00e8s le carrefour avec le chemin du sentier des roches (apr\u00e8s la grande \u00e9pingle gauche en mont\u00e9e).<\/em><\/p>\n<p><em>Les routes suivantes seront ferm\u00e9es sur leur c\u00f4t\u00e9 donnant sur la Mauselaine :<\/em><\/p>\n<ul>\n<li><em>Chemin de la Mauselaine.<\/em><\/li>\n<li><em>Chemin du Rond Faing<\/em><\/li>\n<li><em>Chemin de la t\u00eate du Costet.<\/em><\/li>\n<\/ul>\n<p><em>Par ailleurs, nous attirons \u00e9galement votre attention sur le fait que le Chemin de la Ray\u00e9e suivi du Chemin de la Mexel seront mis en circulation \u00e0 sens unique dans le sens de la mont\u00e9e jusqu\u2019au carrefour avec le chemin de la Creuse. Le stationnement sera interdit sur ce parcours des deux c\u00f4t\u00e9s de la route, dans les cr\u00e9neaux horaires suivants :<\/em><\/p>\n<p><em>Samedi 9 juin 2018 \u2013 de 17h00 \u00e0 23h00 et Dimanche 10 juin 2018 de 10h00 \u00e0 14h00. Pendant ces cr\u00e9neaux horaires, il sera impossible pour les riverains du parking de La Mauselaine de circuler. C\u2019est pourquoi nous vous demandons de bien vouloir prendre toutes les dispositions n\u00e9cessaires afin que vous ne soyez pas bloqu\u00e9(s) pour acc\u00e9der ou sortir de votre domicile et que le rallye puisse se d\u00e9rouler correctement sans nuire \u00e0 la s\u00e9curit\u00e9 de chacun, ni au bon ordre. Nous nous excusons par avance de la g\u00eane occasionn\u00e9e par cette manifestation sportive et nous vous remercions tr\u00e8s sinc\u00e8rement de votre aimable coop\u00e9ration. Toutes les informations relatives au 33\u00e8me Rallye Vosges Grand Est sont disponibles sur le site internet officiel : www.rallyevosgesgrand est.com.<\/em><\/p>\n<p><em>Avec tous nos remerciements pour votre compr\u00e9hension, recevez, Madame, Mademoiselle, Monsieur, nos respectueuses salutations.<\/em><\/p>\n<p><em>Le Comit\u00e9 d\u2019organisation du 33\u00e8me Rallye Vosges Grand Est et du 6\u00e8me Rallye Vosges Grand Est VHC<\/em><\/p>\n","protected":false},"excerpt":{"rendered":"<p>NOTE D\u2019INFORMATION RIVERAINS Madame, Mademoiselle, Monsieur, Vous \u00eates riverain(s) du 33\u00e8me Rallye Vosges Grand Est, manche du Championnat de France [&hellip;]<\/p>\n","protected":false},"author":1,"featured_media":34405,"comment_status":"open","ping_status":"open","sticky":false,"template":"","format":"standard","meta":{"footnotes":""},"categories":[20],"tags":[],"class_list":["post-34404","post","type-post","status-publish","format-standard","has-post-thumbnail","hentry","category-a-la-une"],"acf":[],"yoast_head":"<!-- This site is optimized with the Yoast SEO plugin v22.5 - https:\/\/yoast.com\/wordpress\/plugins\/seo\/ -->\n<title>Chpt de France de Rallye - Note d&#039;information aux riverains - Gerardmer Info<\/title>\n<meta name=\"robots\" content=\"index, follow, max-snippet:-1, max-image-preview:large, max-video-preview:-1\" \/>\n<link rel=\"canonical\" href=\"https:\/\/vosgesinfo.fr\/gerardmerinfo\/2018\/06\/chpt-de-france-de-rallye-note-dinformation-aux-riverains\/\" \/>\n<meta name=\"twitter:card\" content=\"summary_large_image\" \/>\n<meta name=\"twitter:title\" content=\"Chpt de France de Rallye - Note d&#039;information aux riverains - Gerardmer Info\" \/>\n<meta name=\"twitter:description\" content=\"NOTE D\u2019INFORMATION RIVERAINS Madame, Mademoiselle, Monsieur, Vous \u00eates riverain(s) du 33\u00e8me Rallye Vosges Grand Est, manche du Championnat de France [&hellip;]\" \/>\n<meta name=\"twitter:image\" content=\"https:\/\/vosgesinfo.fr\/app\/uploads\/sites\/6\/2024\/07\/201806rallye-acces.jpg\" \/>\n<meta name=\"twitter:creator\" content=\"@VosgesInfo88\" \/>\n<meta name=\"twitter:site\" content=\"@VosgesInfo88\" \/>\n<meta name=\"twitter:label1\" content=\"\u00c9crit par\" \/>\n\t<meta name=\"twitter:data1\" content=\"qs_admin\" \/>\n\t<meta name=\"twitter:label2\" content=\"Dur\u00e9e de lecture estim\u00e9e\" \/>\n\t<meta name=\"twitter:data2\" content=\"2 minutes\" \/>\n<script type=\"application\/ld+json\" class=\"yoast-schema-graph\">{\"@context\":\"https:\/\/schema.org\",\"@graph\":[{\"@type\":\"Article\",\"@id\":\"https:\/\/vosgesinfo.fr\/gerardmerinfo\/2018\/06\/chpt-de-france-de-rallye-note-dinformation-aux-riverains\/#article\",\"isPartOf\":{\"@id\":\"https:\/\/vosgesinfo.fr\/gerardmerinfo\/2018\/06\/chpt-de-france-de-rallye-note-dinformation-aux-riverains\/\"},\"author\":{\"name\":\"qs_admin\",\"@id\":\"https:\/\/vosgesinfo.fr\/gerardmerinfo\/#\/schema\/person\/bc5d02d71e6932e81b6dadb7386667b1\"},\"headline\":\"Chpt de France de Rallye &#8211; Note d&rsquo;information aux riverains\",\"datePublished\":\"2018-06-05T08:51:22+00:00\",\"dateModified\":\"2018-06-05T08:51:22+00:00\",\"mainEntityOfPage\":{\"@id\":\"https:\/\/vosgesinfo.fr\/gerardmerinfo\/2018\/06\/chpt-de-france-de-rallye-note-dinformation-aux-riverains\/\"},\"wordCount\":377,\"commentCount\":0,\"publisher\":{\"@id\":\"https:\/\/vosgesinfo.fr\/gerardmerinfo\/#organization\"},\"image\":{\"@id\":\"https:\/\/vosgesinfo.fr\/gerardmerinfo\/2018\/06\/chpt-de-france-de-rallye-note-dinformation-aux-riverains\/#primaryimage\"},\"thumbnailUrl\":\"https:\/\/vosgesinfo.fr\/app\/uploads\/sites\/6\/2024\/07\/201806rallye-acces.jpg\",\"articleSection\":[\"A la une\"],\"inLanguage\":\"fr-FR\",\"potentialAction\":[{\"@type\":\"CommentAction\",\"name\":\"Comment\",\"target\":[\"https:\/\/vosgesinfo.fr\/gerardmerinfo\/2018\/06\/chpt-de-france-de-rallye-note-dinformation-aux-riverains\/#respond\"]}]},{\"@type\":\"WebPage\",\"@id\":\"https:\/\/vosgesinfo.fr\/gerardmerinfo\/2018\/06\/chpt-de-france-de-rallye-note-dinformation-aux-riverains\/\",\"url\":\"https:\/\/vosgesinfo.fr\/gerardmerinfo\/2018\/06\/chpt-de-france-de-rallye-note-dinformation-aux-riverains\/\",\"name\":\"Chpt de France de Rallye - Note d'information aux riverains - Gerardmer Info\",\"isPartOf\":{\"@id\":\"https:\/\/vosgesinfo.fr\/gerardmerinfo\/#website\"},\"primaryImageOfPage\":{\"@id\":\"https:\/\/vosgesinfo.fr\/gerardmerinfo\/2018\/06\/chpt-de-france-de-rallye-note-dinformation-aux-riverains\/#primaryimage\"},\"image\":{\"@id\":\"https:\/\/vosgesinfo.fr\/gerardmerinfo\/2018\/06\/chpt-de-france-de-rallye-note-dinformation-aux-riverains\/#primaryimage\"},\"thumbnailUrl\":\"https:\/\/vosgesinfo.fr\/app\/uploads\/sites\/6\/2024\/07\/201806rallye-acces.jpg\",\"datePublished\":\"2018-06-05T08:51:22+00:00\",\"dateModified\":\"2018-06-05T08:51:22+00:00\",\"breadcrumb\":{\"@id\":\"https:\/\/vosgesinfo.fr\/gerardmerinfo\/2018\/06\/chpt-de-france-de-rallye-note-dinformation-aux-riverains\/#breadcrumb\"},\"inLanguage\":\"fr-FR\",\"potentialAction\":[{\"@type\":\"ReadAction\",\"target\":[\"https:\/\/vosgesinfo.fr\/gerardmerinfo\/2018\/06\/chpt-de-france-de-rallye-note-dinformation-aux-riverains\/\"]}]},{\"@type\":\"ImageObject\",\"inLanguage\":\"fr-FR\",\"@id\":\"https:\/\/vosgesinfo.fr\/gerardmerinfo\/2018\/06\/chpt-de-france-de-rallye-note-dinformation-aux-riverains\/#primaryimage\",\"url\":\"https:\/\/vosgesinfo.fr\/app\/uploads\/sites\/6\/2024\/07\/201806rallye-acces.jpg\",\"contentUrl\":\"https:\/\/vosgesinfo.fr\/app\/uploads\/sites\/6\/2024\/07\/201806rallye-acces.jpg\",\"width\":548,\"height\":627},{\"@type\":\"BreadcrumbList\",\"@id\":\"https:\/\/vosgesinfo.fr\/gerardmerinfo\/2018\/06\/chpt-de-france-de-rallye-note-dinformation-aux-riverains\/#breadcrumb\",\"itemListElement\":[{\"@type\":\"ListItem\",\"position\":1,\"name\":\"Home\",\"item\":\"https:\/\/vosgesinfo.fr\/gerardmerinfo\/\"},{\"@type\":\"ListItem\",\"position\":2,\"name\":\"Chpt de France de Rallye &#8211; Note d&rsquo;information aux riverains\"}]},{\"@type\":\"WebSite\",\"@id\":\"https:\/\/vosgesinfo.fr\/gerardmerinfo\/#website\",\"url\":\"https:\/\/vosgesinfo.fr\/gerardmerinfo\/\",\"name\":\"Gerardmer Info\",\"description\":\"Toute l&#039;actualit\u00e9 de G\u00e9rardmer\",\"publisher\":{\"@id\":\"https:\/\/vosgesinfo.fr\/gerardmerinfo\/#organization\"},\"alternateName\":\"Toute l'actualit\u00e9 de G\u00e9rardmer\",\"potentialAction\":[{\"@type\":\"SearchAction\",\"target\":{\"@type\":\"EntryPoint\",\"urlTemplate\":\"https:\/\/vosgesinfo.fr\/gerardmerinfo\/?s={search_term_string}\"},\"query-input\":\"required name=search_term_string\"}],\"inLanguage\":\"fr-FR\"},{\"@type\":\"Organization\",\"@id\":\"https:\/\/vosgesinfo.fr\/gerardmerinfo\/#organization\",\"name\":\"Gerardmer Info\",\"url\":\"https:\/\/vosgesinfo.fr\/gerardmerinfo\/\",\"logo\":{\"@type\":\"ImageObject\",\"inLanguage\":\"fr-FR\",\"@id\":\"https:\/\/vosgesinfo.fr\/gerardmerinfo\/#\/schema\/logo\/image\/\",\"url\":\"https:\/\/vosgesinfo.fr\/app\/uploads\/sites\/6\/2023\/08\/favicon-gerardmerinfo.png\",\"contentUrl\":\"https:\/\/vosgesinfo.fr\/app\/uploads\/sites\/6\/2023\/08\/favicon-gerardmerinfo.png\",\"width\":512,\"height\":512,\"caption\":\"Gerardmer Info\"},\"image\":{\"@id\":\"https:\/\/vosgesinfo.fr\/gerardmerinfo\/#\/schema\/logo\/image\/\"},\"sameAs\":[\"https:\/\/www.facebook.com\/profile.php?id=100049475262660\",\"https:\/\/x.com\/VosgesInfo88\",\"https:\/\/www.youtube.com\/@vosgesinfo\"]},{\"@type\":\"Person\",\"@id\":\"https:\/\/vosgesinfo.fr\/gerardmerinfo\/#\/schema\/person\/bc5d02d71e6932e81b6dadb7386667b1\",\"name\":\"qs_admin\",\"image\":{\"@type\":\"ImageObject\",\"inLanguage\":\"fr-FR\",\"@id\":\"https:\/\/vosgesinfo.fr\/gerardmerinfo\/#\/schema\/person\/image\/\",\"url\":\"https:\/\/secure.gravatar.com\/avatar\/94b18ee0ed79e4a42ea2f2931277b6841a8999fc6fde214600c78057cf1fe1de?s=96&d=mm&r=g\",\"contentUrl\":\"https:\/\/secure.gravatar.com\/avatar\/94b18ee0ed79e4a42ea2f2931277b6841a8999fc6fde214600c78057cf1fe1de?s=96&d=mm&r=g\",\"caption\":\"qs_admin\"},\"sameAs\":[\"https:\/\/vosgesinfo.fr\/wp\"],\"url\":\"https:\/\/vosgesinfo.fr\/gerardmerinfo\/author\/qs_admin\/\"}]}<\/script>\n<!-- \/ Yoast SEO plugin. -->","yoast_head_json":{"title":"Chpt de France de Rallye - Note d'information aux riverains - Gerardmer Info","robots":{"index":"index","follow":"follow","max-snippet":"max-snippet:-1","max-image-preview":"max-image-preview:large","max-video-preview":"max-video-preview:-1"},"canonical":"https:\/\/vosgesinfo.fr\/gerardmerinfo\/2018\/06\/chpt-de-france-de-rallye-note-dinformation-aux-riverains\/","twitter_card":"summary_large_image","twitter_title":"Chpt de France de Rallye - Note d'information aux riverains - Gerardmer Info","twitter_description":"NOTE D\u2019INFORMATION RIVERAINS Madame, Mademoiselle, Monsieur, Vous \u00eates riverain(s) du 33\u00e8me Rallye Vosges Grand Est, manche du Championnat de France [&hellip;]","twitter_image":"https:\/\/vosgesinfo.fr\/app\/uploads\/sites\/6\/2024\/07\/201806rallye-acces.jpg","twitter_creator":"@VosgesInfo88","twitter_site":"@VosgesInfo88","twitter_misc":{"\u00c9crit par":"qs_admin","Dur\u00e9e de lecture estim\u00e9e":"2 minutes"},"schema":{"@context":"https:\/\/schema.org","@graph":[{"@type":"Article","@id":"https:\/\/vosgesinfo.fr\/gerardmerinfo\/2018\/06\/chpt-de-france-de-rallye-note-dinformation-aux-riverains\/#article","isPartOf":{"@id":"https:\/\/vosgesinfo.fr\/gerardmerinfo\/2018\/06\/chpt-de-france-de-rallye-note-dinformation-aux-riverains\/"},"author":{"name":"qs_admin","@id":"https:\/\/vosgesinfo.fr\/gerardmerinfo\/#\/schema\/person\/bc5d02d71e6932e81b6dadb7386667b1"},"headline":"Chpt de France de Rallye &#8211; Note d&rsquo;information aux riverains","datePublished":"2018-06-05T08:51:22+00:00","dateModified":"2018-06-05T08:51:22+00:00","mainEntityOfPage":{"@id":"https:\/\/vosgesinfo.fr\/gerardmerinfo\/2018\/06\/chpt-de-france-de-rallye-note-dinformation-aux-riverains\/"},"wordCount":377,"commentCount":0,"publisher":{"@id":"https:\/\/vosgesinfo.fr\/gerardmerinfo\/#organization"},"image":{"@id":"https:\/\/vosgesinfo.fr\/gerardmerinfo\/2018\/06\/chpt-de-france-de-rallye-note-dinformation-aux-riverains\/#primaryimage"},"thumbnailUrl":"https:\/\/vosgesinfo.fr\/app\/uploads\/sites\/6\/2024\/07\/201806rallye-acces.jpg","articleSection":["A la une"],"inLanguage":"fr-FR","potentialAction":[{"@type":"CommentAction","name":"Comment","target":["https:\/\/vosgesinfo.fr\/gerardmerinfo\/2018\/06\/chpt-de-france-de-rallye-note-dinformation-aux-riverains\/#respond"]}]},{"@type":"WebPage","@id":"https:\/\/vosgesinfo.fr\/gerardmerinfo\/2018\/06\/chpt-de-france-de-rallye-note-dinformation-aux-riverains\/","url":"https:\/\/vosgesinfo.fr\/gerardmerinfo\/2018\/06\/chpt-de-france-de-rallye-note-dinformation-aux-riverains\/","name":"Chpt de France de Rallye - Note d'information aux riverains - Gerardmer Info","isPartOf":{"@id":"https:\/\/vosgesinfo.fr\/gerardmerinfo\/#website"},"primaryImageOfPage":{"@id":"https:\/\/vosgesinfo.fr\/gerardmerinfo\/2018\/06\/chpt-de-france-de-rallye-note-dinformation-aux-riverains\/#primaryimage"},"image":{"@id":"https:\/\/vosgesinfo.fr\/gerardmerinfo\/2018\/06\/chpt-de-france-de-rallye-note-dinformation-aux-riverains\/#primaryimage"},"thumbnailUrl":"https:\/\/vosgesinfo.fr\/app\/uploads\/sites\/6\/2024\/07\/201806rallye-acces.jpg","datePublished":"2018-06-05T08:51:22+00:00","dateModified":"2018-06-05T08:51:22+00:00","breadcrumb":{"@id":"https:\/\/vosgesinfo.fr\/gerardmerinfo\/2018\/06\/chpt-de-france-de-rallye-note-dinformation-aux-riverains\/#breadcrumb"},"inLanguage":"fr-FR","potentialAction":[{"@type":"ReadAction","target":["https:\/\/vosgesinfo.fr\/gerardmerinfo\/2018\/06\/chpt-de-france-de-rallye-note-dinformation-aux-riverains\/"]}]},{"@type":"ImageObject","inLanguage":"fr-FR","@id":"https:\/\/vosgesinfo.fr\/gerardmerinfo\/2018\/06\/chpt-de-france-de-rallye-note-dinformation-aux-riverains\/#primaryimage","url":"https:\/\/vosgesinfo.fr\/app\/uploads\/sites\/6\/2024\/07\/201806rallye-acces.jpg","contentUrl":"https:\/\/vosgesinfo.fr\/app\/uploads\/sites\/6\/2024\/07\/201806rallye-acces.jpg","width":548,"height":627},{"@type":"BreadcrumbList","@id":"https:\/\/vosgesinfo.fr\/gerardmerinfo\/2018\/06\/chpt-de-france-de-rallye-note-dinformation-aux-riverains\/#breadcrumb","itemListElement":[{"@type":"ListItem","position":1,"name":"Home","item":"https:\/\/vosgesinfo.fr\/gerardmerinfo\/"},{"@type":"ListItem","position":2,"name":"Chpt de France de Rallye &#8211; Note d&rsquo;information aux riverains"}]},{"@type":"WebSite","@id":"https:\/\/vosgesinfo.fr\/gerardmerinfo\/#website","url":"https:\/\/vosgesinfo.fr\/gerardmerinfo\/","name":"Gerardmer Info","description":"Toute l&#039;actualit\u00e9 de G\u00e9rardmer","publisher":{"@id":"https:\/\/vosgesinfo.fr\/gerardmerinfo\/#organization"},"alternateName":"Toute l'actualit\u00e9 de G\u00e9rardmer","potentialAction":[{"@type":"SearchAction","target":{"@type":"EntryPoint","urlTemplate":"https:\/\/vosgesinfo.fr\/gerardmerinfo\/?s={search_term_string}"},"query-input":"required name=search_term_string"}],"inLanguage":"fr-FR"},{"@type":"Organization","@id":"https:\/\/vosgesinfo.fr\/gerardmerinfo\/#organization","name":"Gerardmer Info","url":"https:\/\/vosgesinfo.fr\/gerardmerinfo\/","logo":{"@type":"ImageObject","inLanguage":"fr-FR","@id":"https:\/\/vosgesinfo.fr\/gerardmerinfo\/#\/schema\/logo\/image\/","url":"https:\/\/vosgesinfo.fr\/app\/uploads\/sites\/6\/2023\/08\/favicon-gerardmerinfo.png","contentUrl":"https:\/\/vosgesinfo.fr\/app\/uploads\/sites\/6\/2023\/08\/favicon-gerardmerinfo.png","width":512,"height":512,"caption":"Gerardmer Info"},"image":{"@id":"https:\/\/vosgesinfo.fr\/gerardmerinfo\/#\/schema\/logo\/image\/"},"sameAs":["https:\/\/www.facebook.com\/profile.php?id=100049475262660","https:\/\/x.com\/VosgesInfo88","https:\/\/www.youtube.com\/@vosgesinfo"]},{"@type":"Person","@id":"https:\/\/vosgesinfo.fr\/gerardmerinfo\/#\/schema\/person\/bc5d02d71e6932e81b6dadb7386667b1","name":"qs_admin","image":{"@type":"ImageObject","inLanguage":"fr-FR","@id":"https:\/\/vosgesinfo.fr\/gerardmerinfo\/#\/schema\/person\/image\/","url":"https:\/\/secure.gravatar.com\/avatar\/94b18ee0ed79e4a42ea2f2931277b6841a8999fc6fde214600c78057cf1fe1de?s=96&d=mm&r=g","contentUrl":"https:\/\/secure.gravatar.com\/avatar\/94b18ee0ed79e4a42ea2f2931277b6841a8999fc6fde214600c78057cf1fe1de?s=96&d=mm&r=g","caption":"qs_admin"},"sameAs":["https:\/\/vosgesinfo.fr\/wp"],"url":"https:\/\/vosgesinfo.fr\/gerardmerinfo\/author\/qs_admin\/"}]}},"_links":{"self":[{"href":"https:\/\/vosgesinfo.fr\/gerardmerinfo\/wp-json\/wp\/v2\/posts\/34404","targetHints":{"allow":["GET"]}}],"collection":[{"href":"https:\/\/vosgesinfo.fr\/gerardmerinfo\/wp-json\/wp\/v2\/posts"}],"about":[{"href":"https:\/\/vosgesinfo.fr\/gerardmerinfo\/wp-json\/wp\/v2\/types\/post"}],"author":[{"embeddable":true,"href":"https:\/\/vosgesinfo.fr\/gerardmerinfo\/wp-json\/wp\/v2\/users\/1"}],"replies":[{"embeddable":true,"href":"https:\/\/vosgesinfo.fr\/gerardmerinfo\/wp-json\/wp\/v2\/comments?post=34404"}],"version-history":[{"count":0,"href":"https:\/\/vosgesinfo.fr\/gerardmerinfo\/wp-json\/wp\/v2\/posts\/34404\/revisions"}],"wp:featuredmedia":[{"embeddable":true,"href":"https:\/\/vosgesinfo.fr\/gerardmerinfo\/wp-json\/wp\/v2\/media\/34405"}],"wp:attachment":[{"href":"https:\/\/vosgesinfo.fr\/gerardmerinfo\/wp-json\/wp\/v2\/media?parent=34404"}],"wp:term":[{"taxonomy":"category","embeddable":true,"href":"https:\/\/vosgesinfo.fr\/gerardmerinfo\/wp-json\/wp\/v2\/categories?post=34404"},{"taxonomy":"post_tag","embeddable":true,"href":"https:\/\/vosgesinfo.fr\/gerardmerinfo\/wp-json\/wp\/v2\/tags?post=34404"}],"curies":[{"name":"wp","href":"https:\/\/api.w.org\/{rel}","templated":true}]}}