{"id":34420,"date":"2018-06-06T16:20:53","date_gmt":"2018-06-06T14:20:53","guid":{"rendered":"https:\/\/vosgesinfo.fr\/gerardmerinfo\/2018\/06\/rallye-grand-cest-hot-pere-fille\/"},"modified":"2018-06-06T16:20:53","modified_gmt":"2018-06-06T14:20:53","slug":"rallye-grand-cest-hot-pere-fille","status":"publish","type":"post","link":"https:\/\/vosgesinfo.fr\/gerardmerinfo\/2018\/06\/rallye-grand-cest-hot-pere-fille\/","title":{"rendered":"Le Rallye Grand Est c&rsquo;est&#8230;Hot&#8230;p\u00e8re et fille"},"content":{"rendered":"<div id=\"attachment_128588\" style=\"width: 772px\" class=\"wp-caption aligncenter\"><a href=\"http:\/\/gerardmerinfo.fr\/2018\/06\/rallye-grand-cest-hot-pere-fille\/karine-hot\/\" rel=\"attachment wp-att-128588\"><img decoding=\"async\" aria-describedby=\"caption-attachment-128588\" class=\"wp-image-128588 size-full\" src=\"\/2018\/06\/karine-Hot.png\" alt=\"karine Hot\" width=\"762\" height=\"423\" \/><\/a><p id=\"caption-attachment-128588\" class=\"wp-caption-text\"><strong>Document CD88<\/strong><\/p><\/div>\n<p>A l&rsquo;\u00e9vocation du nom de famille Hot, on situe rapidement ses racines sur le coteau des Xettes \u00e0 G\u00e9rardmer. C&rsquo;est aussi un gamin du pays d\u00e9nomm\u00e9 Christian qui brilla longtemps sur les routes des\u00a0 rallyes dans les ann\u00e9es 80 avec son Opel Kadett, et son coup de volant que les passionn\u00e9s de sport automobile lui reconnaissent encore aujourd&rsquo;hui. Si le Rallye Grand Est, 4\u00e8me manche du championnat\u00a0 de France revient sur le massif des Hautes-Vosges comme jadis, on le doit \u00e0 Karine&#8230;et je vous le donne en mille, Karine Hot, la fille de son p\u00e8re qui lui a mis le pied \u00e0 l&rsquo;\u00e9trier. A croire que la voiture de sport coule dans les veines de la saga et de la \u00a0\u00bb blonde\u00a0\u00bb qui, comme les brunes, compte pas pour des prunes. La jeune femme est \u00e0 la t\u00eate de l\u2019organisation du rallye, mais elle n&rsquo;est pas seule pour autant puisque on retrouve dans le staff de la manifestation,\u00a0 les responsables et b\u00e9n\u00e9voles de\u00a0 <span id=\"u31111\" class=\"actAsInlineDiv normal_text\"><span id=\"u31093-84\" class=\"actAsDiv gs11_BLOC_NEWS clearfix excludeFromNormalFlow\" data-muse-uid=\"U31093\" data-muse-type=\"txt_frame\" data-ibe-flags=\"txtStyleSrc\"><span class=\"actAsPara ts11_NEWS_TXT_Justif\">l\u2019association <span class=\"ts11_NEWS_TXT_Bold1\">Vosges Rallye Organisation<\/span> et l\u2019<span class=\"ts11_NEWS_TXT_Bold1\">ASAC Vosgien (implantation des sp\u00e9ciales)<br \/>\n<\/span><\/span><\/span><\/span><\/p>\n<p>En attendant le d\u00e9but des \u00ab\u00a0hostilit\u00e9s\u00a0\u00bb samedi matin \u00e0 8h30 tapante sur les bords du lac, rencontre avec Karine Hot pour aller plus loin, et sans panne moteur !<\/p>\n<p><strong>G\u00e9rardmer Info :<\/strong> A quelques heures du d\u00e9but du rallye, comment se passent les derniers pr\u00e9paratifs<\/p>\n<p><strong>Karine Hot<\/strong> :<em> tout se passe tr\u00e8s bien, tous les voyants sont au vert, reste l\u2019incertitude li\u00e9e \u00e0 la m\u00e9t\u00e9o, malheureusement je ne suis pas devin. Nous sommes dans le tempo, comme les ann\u00e9es pr\u00e9c\u00e9dentes nous sommes bien install\u00e9s dans les rails de l&rsquo;organisation, en phase avec les 400 b\u00e9n\u00e9voles qui \u0153uvrent autour de la course.<\/em><\/p>\n<p><strong>GI<\/strong> : Vous avez gravi cette ann\u00e9e une marche importante avec l\u2019obtention d&rsquo;une manche du championnat de France apr\u00e8s seulement 3 ann\u00e9es en chpt de seconde division<\/p>\n<p><strong>KH<\/strong> :<em> oui, le plus dur sera d&rsquo;y rester mais c&rsquo;est le r\u00e9sultat d&rsquo;un travail de fond r\u00e9alis\u00e9 en amont avec beaucoup de personnes, sans oublier mon p\u00e8re sans lequel nous n&rsquo;en serions pas l\u00e0.\u00a0 Nous avons rempli un cahier des charges pr\u00e9cis voulu par La F\u00e9d\u00e9ration Fran\u00e7aise du Sport Automobile. La FFSA souhaite des organisateurs solides \u00e0 tout point de vue notamment au niveau financier<\/em><\/p>\n<p><strong>GI : <\/strong>Vous avez un plateau exceptionnel<\/p>\n<p><strong>KH<\/strong> : <em>En effet, avec les meilleurs pilotes nationaux, r\u00e9gionaux et locaux sans oublier les participants \u00e0 une coupe de marque, le championnat junior et le troph\u00e9e Lucie Vauthier. 154 pilotes seront au d\u00e9part samedi matin confirmant que les Vosges sont culturellement une terre de rallye.<\/em><\/p>\n<p><strong>GI : L<\/strong>a grande nouveaut\u00e9 s\u2019articule autour d&rsquo;une sp\u00e9ciale en circuit dessin\u00e9e \u00e0 La Mauselaine<\/p>\n<p><strong>KH<\/strong> : <em>c&rsquo;est une mani\u00e8re d\u2019amener le rallye aupr\u00e8s des spectateurs et des partenaires. C&rsquo;est une course dans la course au milieu de 184 km de sp\u00e9ciales et pour un spectacle garanti<br \/>\n<\/em><\/p>\n<p><strong>GI :<\/strong> Quelle est l&rsquo;une de vos pr\u00e9occupations principales :<\/p>\n<p><strong>KH : <\/strong><em>La s\u00e9curit\u00e9, toujours la s\u00e9curit\u00e9 envers les spectateurs.\u00a0 Le respect des r\u00e8gles instaur\u00e9es. Il existe des zone am\u00e9nag\u00e9es pour le public. Il faut imp\u00e9rativement y \u00eatre pour suivre la course. Et puis,\u00a0 il faut respecter l&rsquo;environnement. On vient avec son pique-nique on repart avec ses d\u00e9chets.<\/em><\/p>\n<p>&nbsp;<\/p>\n<p>&nbsp;<\/p>\n<p>.<\/p>\n","protected":false},"excerpt":{"rendered":"<p>A l&rsquo;\u00e9vocation du nom de famille Hot, on situe rapidement ses racines sur le coteau des Xettes \u00e0 G\u00e9rardmer. C&rsquo;est [&hellip;]<\/p>\n","protected":false},"author":1,"featured_media":34421,"comment_status":"open","ping_status":"open","sticky":false,"template":"","format":"standard","meta":{"footnotes":""},"categories":[20,14,18],"tags":[],"class_list":["post-34420","post","type-post","status-publish","format-standard","has-post-thumbnail","hentry","category-a-la-une","category-sport","category-vosges"],"acf":[],"yoast_head":"<!-- This site is optimized with the Yoast SEO plugin v22.5 - https:\/\/yoast.com\/wordpress\/plugins\/seo\/ -->\n<title>Le Rallye Grand Est c&#039;est...Hot...p\u00e8re et fille - Gerardmer Info<\/title>\n<meta name=\"robots\" content=\"index, follow, max-snippet:-1, max-image-preview:large, max-video-preview:-1\" \/>\n<link rel=\"canonical\" href=\"https:\/\/vosgesinfo.fr\/gerardmerinfo\/2018\/06\/rallye-grand-cest-hot-pere-fille\/\" \/>\n<meta name=\"twitter:card\" content=\"summary_large_image\" \/>\n<meta name=\"twitter:title\" content=\"Le Rallye Grand Est c&#039;est...Hot...p\u00e8re et fille - Gerardmer Info\" \/>\n<meta name=\"twitter:description\" content=\"A l&rsquo;\u00e9vocation du nom de famille Hot, on situe rapidement ses racines sur le coteau des Xettes \u00e0 G\u00e9rardmer. C&rsquo;est [&hellip;]\" \/>\n<meta name=\"twitter:image\" content=\"https:\/\/vosgesinfo.fr\/app\/uploads\/sites\/6\/2024\/07\/201806karine-hot.png\" \/>\n<meta name=\"twitter:creator\" content=\"@VosgesInfo88\" \/>\n<meta name=\"twitter:site\" content=\"@VosgesInfo88\" \/>\n<meta name=\"twitter:label1\" content=\"\u00c9crit par\" \/>\n\t<meta name=\"twitter:data1\" content=\"qs_admin\" \/>\n\t<meta name=\"twitter:label2\" content=\"Dur\u00e9e de lecture estim\u00e9e\" \/>\n\t<meta name=\"twitter:data2\" content=\"3 minutes\" \/>\n<script type=\"application\/ld+json\" class=\"yoast-schema-graph\">{\"@context\":\"https:\/\/schema.org\",\"@graph\":[{\"@type\":\"Article\",\"@id\":\"https:\/\/vosgesinfo.fr\/gerardmerinfo\/2018\/06\/rallye-grand-cest-hot-pere-fille\/#article\",\"isPartOf\":{\"@id\":\"https:\/\/vosgesinfo.fr\/gerardmerinfo\/2018\/06\/rallye-grand-cest-hot-pere-fille\/\"},\"author\":{\"name\":\"qs_admin\",\"@id\":\"https:\/\/vosgesinfo.fr\/gerardmerinfo\/#\/schema\/person\/bc5d02d71e6932e81b6dadb7386667b1\"},\"headline\":\"Le Rallye Grand Est c&rsquo;est&#8230;Hot&#8230;p\u00e8re et fille\",\"datePublished\":\"2018-06-06T14:20:53+00:00\",\"dateModified\":\"2018-06-06T14:20:53+00:00\",\"mainEntityOfPage\":{\"@id\":\"https:\/\/vosgesinfo.fr\/gerardmerinfo\/2018\/06\/rallye-grand-cest-hot-pere-fille\/\"},\"wordCount\":595,\"commentCount\":0,\"publisher\":{\"@id\":\"https:\/\/vosgesinfo.fr\/gerardmerinfo\/#organization\"},\"image\":{\"@id\":\"https:\/\/vosgesinfo.fr\/gerardmerinfo\/2018\/06\/rallye-grand-cest-hot-pere-fille\/#primaryimage\"},\"thumbnailUrl\":\"https:\/\/vosgesinfo.fr\/app\/uploads\/sites\/6\/2024\/07\/201806karine-hot.png\",\"articleSection\":[\"A la une\",\"Sport\",\"Vosges\"],\"inLanguage\":\"fr-FR\",\"potentialAction\":[{\"@type\":\"CommentAction\",\"name\":\"Comment\",\"target\":[\"https:\/\/vosgesinfo.fr\/gerardmerinfo\/2018\/06\/rallye-grand-cest-hot-pere-fille\/#respond\"]}]},{\"@type\":\"WebPage\",\"@id\":\"https:\/\/vosgesinfo.fr\/gerardmerinfo\/2018\/06\/rallye-grand-cest-hot-pere-fille\/\",\"url\":\"https:\/\/vosgesinfo.fr\/gerardmerinfo\/2018\/06\/rallye-grand-cest-hot-pere-fille\/\",\"name\":\"Le Rallye Grand Est c'est...Hot...p\u00e8re et fille - Gerardmer Info\",\"isPartOf\":{\"@id\":\"https:\/\/vosgesinfo.fr\/gerardmerinfo\/#website\"},\"primaryImageOfPage\":{\"@id\":\"https:\/\/vosgesinfo.fr\/gerardmerinfo\/2018\/06\/rallye-grand-cest-hot-pere-fille\/#primaryimage\"},\"image\":{\"@id\":\"https:\/\/vosgesinfo.fr\/gerardmerinfo\/2018\/06\/rallye-grand-cest-hot-pere-fille\/#primaryimage\"},\"thumbnailUrl\":\"https:\/\/vosgesinfo.fr\/app\/uploads\/sites\/6\/2024\/07\/201806karine-hot.png\",\"datePublished\":\"2018-06-06T14:20:53+00:00\",\"dateModified\":\"2018-06-06T14:20:53+00:00\",\"breadcrumb\":{\"@id\":\"https:\/\/vosgesinfo.fr\/gerardmerinfo\/2018\/06\/rallye-grand-cest-hot-pere-fille\/#breadcrumb\"},\"inLanguage\":\"fr-FR\",\"potentialAction\":[{\"@type\":\"ReadAction\",\"target\":[\"https:\/\/vosgesinfo.fr\/gerardmerinfo\/2018\/06\/rallye-grand-cest-hot-pere-fille\/\"]}]},{\"@type\":\"ImageObject\",\"inLanguage\":\"fr-FR\",\"@id\":\"https:\/\/vosgesinfo.fr\/gerardmerinfo\/2018\/06\/rallye-grand-cest-hot-pere-fille\/#primaryimage\",\"url\":\"https:\/\/vosgesinfo.fr\/app\/uploads\/sites\/6\/2024\/07\/201806karine-hot.png\",\"contentUrl\":\"https:\/\/vosgesinfo.fr\/app\/uploads\/sites\/6\/2024\/07\/201806karine-hot.png\",\"width\":762,\"height\":423},{\"@type\":\"BreadcrumbList\",\"@id\":\"https:\/\/vosgesinfo.fr\/gerardmerinfo\/2018\/06\/rallye-grand-cest-hot-pere-fille\/#breadcrumb\",\"itemListElement\":[{\"@type\":\"ListItem\",\"position\":1,\"name\":\"Home\",\"item\":\"https:\/\/vosgesinfo.fr\/gerardmerinfo\/\"},{\"@type\":\"ListItem\",\"position\":2,\"name\":\"Le Rallye Grand Est c&rsquo;est&#8230;Hot&#8230;p\u00e8re et fille\"}]},{\"@type\":\"WebSite\",\"@id\":\"https:\/\/vosgesinfo.fr\/gerardmerinfo\/#website\",\"url\":\"https:\/\/vosgesinfo.fr\/gerardmerinfo\/\",\"name\":\"Gerardmer Info\",\"description\":\"Toute l&#039;actualit\u00e9 de G\u00e9rardmer\",\"publisher\":{\"@id\":\"https:\/\/vosgesinfo.fr\/gerardmerinfo\/#organization\"},\"alternateName\":\"Toute l'actualit\u00e9 de G\u00e9rardmer\",\"potentialAction\":[{\"@type\":\"SearchAction\",\"target\":{\"@type\":\"EntryPoint\",\"urlTemplate\":\"https:\/\/vosgesinfo.fr\/gerardmerinfo\/?s={search_term_string}\"},\"query-input\":\"required name=search_term_string\"}],\"inLanguage\":\"fr-FR\"},{\"@type\":\"Organization\",\"@id\":\"https:\/\/vosgesinfo.fr\/gerardmerinfo\/#organization\",\"name\":\"Gerardmer Info\",\"url\":\"https:\/\/vosgesinfo.fr\/gerardmerinfo\/\",\"logo\":{\"@type\":\"ImageObject\",\"inLanguage\":\"fr-FR\",\"@id\":\"https:\/\/vosgesinfo.fr\/gerardmerinfo\/#\/schema\/logo\/image\/\",\"url\":\"https:\/\/vosgesinfo.fr\/app\/uploads\/sites\/6\/2023\/08\/favicon-gerardmerinfo.png\",\"contentUrl\":\"https:\/\/vosgesinfo.fr\/app\/uploads\/sites\/6\/2023\/08\/favicon-gerardmerinfo.png\",\"width\":512,\"height\":512,\"caption\":\"Gerardmer Info\"},\"image\":{\"@id\":\"https:\/\/vosgesinfo.fr\/gerardmerinfo\/#\/schema\/logo\/image\/\"},\"sameAs\":[\"https:\/\/www.facebook.com\/profile.php?id=100049475262660\",\"https:\/\/x.com\/VosgesInfo88\",\"https:\/\/www.youtube.com\/@vosgesinfo\"]},{\"@type\":\"Person\",\"@id\":\"https:\/\/vosgesinfo.fr\/gerardmerinfo\/#\/schema\/person\/bc5d02d71e6932e81b6dadb7386667b1\",\"name\":\"qs_admin\",\"image\":{\"@type\":\"ImageObject\",\"inLanguage\":\"fr-FR\",\"@id\":\"https:\/\/vosgesinfo.fr\/gerardmerinfo\/#\/schema\/person\/image\/\",\"url\":\"https:\/\/secure.gravatar.com\/avatar\/94b18ee0ed79e4a42ea2f2931277b6841a8999fc6fde214600c78057cf1fe1de?s=96&d=mm&r=g\",\"contentUrl\":\"https:\/\/secure.gravatar.com\/avatar\/94b18ee0ed79e4a42ea2f2931277b6841a8999fc6fde214600c78057cf1fe1de?s=96&d=mm&r=g\",\"caption\":\"qs_admin\"},\"sameAs\":[\"https:\/\/vosgesinfo.fr\/wp\"],\"url\":\"https:\/\/vosgesinfo.fr\/gerardmerinfo\/author\/qs_admin\/\"}]}<\/script>\n<!-- \/ Yoast SEO plugin. -->","yoast_head_json":{"title":"Le Rallye Grand Est c'est...Hot...p\u00e8re et fille - Gerardmer Info","robots":{"index":"index","follow":"follow","max-snippet":"max-snippet:-1","max-image-preview":"max-image-preview:large","max-video-preview":"max-video-preview:-1"},"canonical":"https:\/\/vosgesinfo.fr\/gerardmerinfo\/2018\/06\/rallye-grand-cest-hot-pere-fille\/","twitter_card":"summary_large_image","twitter_title":"Le Rallye Grand Est c'est...Hot...p\u00e8re et fille - Gerardmer Info","twitter_description":"A l&rsquo;\u00e9vocation du nom de famille Hot, on situe rapidement ses racines sur le coteau des Xettes \u00e0 G\u00e9rardmer. C&rsquo;est [&hellip;]","twitter_image":"https:\/\/vosgesinfo.fr\/app\/uploads\/sites\/6\/2024\/07\/201806karine-hot.png","twitter_creator":"@VosgesInfo88","twitter_site":"@VosgesInfo88","twitter_misc":{"\u00c9crit par":"qs_admin","Dur\u00e9e de lecture estim\u00e9e":"3 minutes"},"schema":{"@context":"https:\/\/schema.org","@graph":[{"@type":"Article","@id":"https:\/\/vosgesinfo.fr\/gerardmerinfo\/2018\/06\/rallye-grand-cest-hot-pere-fille\/#article","isPartOf":{"@id":"https:\/\/vosgesinfo.fr\/gerardmerinfo\/2018\/06\/rallye-grand-cest-hot-pere-fille\/"},"author":{"name":"qs_admin","@id":"https:\/\/vosgesinfo.fr\/gerardmerinfo\/#\/schema\/person\/bc5d02d71e6932e81b6dadb7386667b1"},"headline":"Le Rallye Grand Est c&rsquo;est&#8230;Hot&#8230;p\u00e8re et fille","datePublished":"2018-06-06T14:20:53+00:00","dateModified":"2018-06-06T14:20:53+00:00","mainEntityOfPage":{"@id":"https:\/\/vosgesinfo.fr\/gerardmerinfo\/2018\/06\/rallye-grand-cest-hot-pere-fille\/"},"wordCount":595,"commentCount":0,"publisher":{"@id":"https:\/\/vosgesinfo.fr\/gerardmerinfo\/#organization"},"image":{"@id":"https:\/\/vosgesinfo.fr\/gerardmerinfo\/2018\/06\/rallye-grand-cest-hot-pere-fille\/#primaryimage"},"thumbnailUrl":"https:\/\/vosgesinfo.fr\/app\/uploads\/sites\/6\/2024\/07\/201806karine-hot.png","articleSection":["A la une","Sport","Vosges"],"inLanguage":"fr-FR","potentialAction":[{"@type":"CommentAction","name":"Comment","target":["https:\/\/vosgesinfo.fr\/gerardmerinfo\/2018\/06\/rallye-grand-cest-hot-pere-fille\/#respond"]}]},{"@type":"WebPage","@id":"https:\/\/vosgesinfo.fr\/gerardmerinfo\/2018\/06\/rallye-grand-cest-hot-pere-fille\/","url":"https:\/\/vosgesinfo.fr\/gerardmerinfo\/2018\/06\/rallye-grand-cest-hot-pere-fille\/","name":"Le Rallye Grand Est c'est...Hot...p\u00e8re et fille - Gerardmer Info","isPartOf":{"@id":"https:\/\/vosgesinfo.fr\/gerardmerinfo\/#website"},"primaryImageOfPage":{"@id":"https:\/\/vosgesinfo.fr\/gerardmerinfo\/2018\/06\/rallye-grand-cest-hot-pere-fille\/#primaryimage"},"image":{"@id":"https:\/\/vosgesinfo.fr\/gerardmerinfo\/2018\/06\/rallye-grand-cest-hot-pere-fille\/#primaryimage"},"thumbnailUrl":"https:\/\/vosgesinfo.fr\/app\/uploads\/sites\/6\/2024\/07\/201806karine-hot.png","datePublished":"2018-06-06T14:20:53+00:00","dateModified":"2018-06-06T14:20:53+00:00","breadcrumb":{"@id":"https:\/\/vosgesinfo.fr\/gerardmerinfo\/2018\/06\/rallye-grand-cest-hot-pere-fille\/#breadcrumb"},"inLanguage":"fr-FR","potentialAction":[{"@type":"ReadAction","target":["https:\/\/vosgesinfo.fr\/gerardmerinfo\/2018\/06\/rallye-grand-cest-hot-pere-fille\/"]}]},{"@type":"ImageObject","inLanguage":"fr-FR","@id":"https:\/\/vosgesinfo.fr\/gerardmerinfo\/2018\/06\/rallye-grand-cest-hot-pere-fille\/#primaryimage","url":"https:\/\/vosgesinfo.fr\/app\/uploads\/sites\/6\/2024\/07\/201806karine-hot.png","contentUrl":"https:\/\/vosgesinfo.fr\/app\/uploads\/sites\/6\/2024\/07\/201806karine-hot.png","width":762,"height":423},{"@type":"BreadcrumbList","@id":"https:\/\/vosgesinfo.fr\/gerardmerinfo\/2018\/06\/rallye-grand-cest-hot-pere-fille\/#breadcrumb","itemListElement":[{"@type":"ListItem","position":1,"name":"Home","item":"https:\/\/vosgesinfo.fr\/gerardmerinfo\/"},{"@type":"ListItem","position":2,"name":"Le Rallye Grand Est c&rsquo;est&#8230;Hot&#8230;p\u00e8re et fille"}]},{"@type":"WebSite","@id":"https:\/\/vosgesinfo.fr\/gerardmerinfo\/#website","url":"https:\/\/vosgesinfo.fr\/gerardmerinfo\/","name":"Gerardmer Info","description":"Toute l&#039;actualit\u00e9 de G\u00e9rardmer","publisher":{"@id":"https:\/\/vosgesinfo.fr\/gerardmerinfo\/#organization"},"alternateName":"Toute l'actualit\u00e9 de G\u00e9rardmer","potentialAction":[{"@type":"SearchAction","target":{"@type":"EntryPoint","urlTemplate":"https:\/\/vosgesinfo.fr\/gerardmerinfo\/?s={search_term_string}"},"query-input":"required name=search_term_string"}],"inLanguage":"fr-FR"},{"@type":"Organization","@id":"https:\/\/vosgesinfo.fr\/gerardmerinfo\/#organization","name":"Gerardmer Info","url":"https:\/\/vosgesinfo.fr\/gerardmerinfo\/","logo":{"@type":"ImageObject","inLanguage":"fr-FR","@id":"https:\/\/vosgesinfo.fr\/gerardmerinfo\/#\/schema\/logo\/image\/","url":"https:\/\/vosgesinfo.fr\/app\/uploads\/sites\/6\/2023\/08\/favicon-gerardmerinfo.png","contentUrl":"https:\/\/vosgesinfo.fr\/app\/uploads\/sites\/6\/2023\/08\/favicon-gerardmerinfo.png","width":512,"height":512,"caption":"Gerardmer Info"},"image":{"@id":"https:\/\/vosgesinfo.fr\/gerardmerinfo\/#\/schema\/logo\/image\/"},"sameAs":["https:\/\/www.facebook.com\/profile.php?id=100049475262660","https:\/\/x.com\/VosgesInfo88","https:\/\/www.youtube.com\/@vosgesinfo"]},{"@type":"Person","@id":"https:\/\/vosgesinfo.fr\/gerardmerinfo\/#\/schema\/person\/bc5d02d71e6932e81b6dadb7386667b1","name":"qs_admin","image":{"@type":"ImageObject","inLanguage":"fr-FR","@id":"https:\/\/vosgesinfo.fr\/gerardmerinfo\/#\/schema\/person\/image\/","url":"https:\/\/secure.gravatar.com\/avatar\/94b18ee0ed79e4a42ea2f2931277b6841a8999fc6fde214600c78057cf1fe1de?s=96&d=mm&r=g","contentUrl":"https:\/\/secure.gravatar.com\/avatar\/94b18ee0ed79e4a42ea2f2931277b6841a8999fc6fde214600c78057cf1fe1de?s=96&d=mm&r=g","caption":"qs_admin"},"sameAs":["https:\/\/vosgesinfo.fr\/wp"],"url":"https:\/\/vosgesinfo.fr\/gerardmerinfo\/author\/qs_admin\/"}]}},"_links":{"self":[{"href":"https:\/\/vosgesinfo.fr\/gerardmerinfo\/wp-json\/wp\/v2\/posts\/34420","targetHints":{"allow":["GET"]}}],"collection":[{"href":"https:\/\/vosgesinfo.fr\/gerardmerinfo\/wp-json\/wp\/v2\/posts"}],"about":[{"href":"https:\/\/vosgesinfo.fr\/gerardmerinfo\/wp-json\/wp\/v2\/types\/post"}],"author":[{"embeddable":true,"href":"https:\/\/vosgesinfo.fr\/gerardmerinfo\/wp-json\/wp\/v2\/users\/1"}],"replies":[{"embeddable":true,"href":"https:\/\/vosgesinfo.fr\/gerardmerinfo\/wp-json\/wp\/v2\/comments?post=34420"}],"version-history":[{"count":0,"href":"https:\/\/vosgesinfo.fr\/gerardmerinfo\/wp-json\/wp\/v2\/posts\/34420\/revisions"}],"wp:featuredmedia":[{"embeddable":true,"href":"https:\/\/vosgesinfo.fr\/gerardmerinfo\/wp-json\/wp\/v2\/media\/34421"}],"wp:attachment":[{"href":"https:\/\/vosgesinfo.fr\/gerardmerinfo\/wp-json\/wp\/v2\/media?parent=34420"}],"wp:term":[{"taxonomy":"category","embeddable":true,"href":"https:\/\/vosgesinfo.fr\/gerardmerinfo\/wp-json\/wp\/v2\/categories?post=34420"},{"taxonomy":"post_tag","embeddable":true,"href":"https:\/\/vosgesinfo.fr\/gerardmerinfo\/wp-json\/wp\/v2\/tags?post=34420"}],"curies":[{"name":"wp","href":"https:\/\/api.w.org\/{rel}","templated":true}]}}