{"id":34431,"date":"2018-06-06T15:57:37","date_gmt":"2018-06-06T13:57:37","guid":{"rendered":"https:\/\/vosgesinfo.fr\/gerardmerinfo\/2018\/06\/sexualite-bien-parler-bien-vivre\/"},"modified":"2018-06-06T15:57:37","modified_gmt":"2018-06-06T13:57:37","slug":"sexualite-bien-parler-bien-vivre","status":"publish","type":"post","link":"https:\/\/vosgesinfo.fr\/gerardmerinfo\/2018\/06\/sexualite-bien-parler-bien-vivre\/","title":{"rendered":"La sexualit\u00e9 : bien en parler pour bien la vivre"},"content":{"rendered":"<p><a href=\"\/2018\/06\/tota-compania-PG-de-gennes-4.jpg\"><img decoding=\"async\" class=\"aligncenter wp-image-128575\" src=\"\/2018\/06\/tota-compania-PG-de-gennes-4.jpg\" alt=\"tota compania PG de gennes (4)\" width=\"500\" height=\"375\" \/><\/a><\/p>\n<p><span class=\"x_sender\" style=\"color: #000000;\"><strong>Mardi apr\u00e8s-midi, dans le cadre du projet alt\u00e9rit\u00e9 men\u00e9 au sein du lyc\u00e9e P-G De Gennes, les \u00e9l\u00e8ves de seconde CRM, CTR1 &amp; CTR2 ont eu la chance d\u2019assister au spectacle-d\u00e9bat intitul\u00e9 \u00ab\u00a0<em>XY<\/em>\u00a0\u00bb et pr\u00e9sent\u00e9 par la compagnie Tota Compania venue de Toul.<\/strong> <\/span><\/p>\n<div id=\"attachment_128574\" style=\"width: 350px\" class=\"wp-caption alignright\"><a href=\"\/2018\/06\/tota-compania-PG-de-gennes-3.jpg\"><img decoding=\"async\" aria-describedby=\"caption-attachment-128574\" class=\"size-medium wp-image-128574\" src=\"\/2018\/06\/tota-compania-PG-de-gennes-3-340x255.jpg\" alt=\"Ca Fauv\u00e9\" width=\"340\" height=\"255\" \/><\/a><p id=\"caption-attachment-128574\" class=\"wp-caption-text\">Catherine Fauv\u00e9<\/p><\/div>\n<p><span style=\"color: #000000;\"><span class=\"x_sender\">\u00ab\u00a0A l&rsquo;\u00e9poque o\u00f9 nous avons \u00e9crit XY, en 2008, la compagnie faisait partie d&rsquo;un collectif qui souhaitait d\u00e9noncer et lutter contre les viols collectifs qui s\u00e9vissaient \u00e0 Toul. C&rsquo;est un peu le point de d\u00e9part de ce spectacle\u00a0\u00bb explique Catherine Fauv\u00e9 qui dirige Tota Compania. D&rsquo;une dur\u00e9e d&rsquo;environ 2 heures, XY m\u00eale ainsi habilement th\u00e9\u00e2tre et d\u00e9bat avec les \u00e9l\u00e8ves sur des th\u00e8mes tels que la premi\u00e8re fois, <\/span><span class=\"x_sender\">sexualit\u00e9 et loi, respect de soi et des autres, relations filles\/gar\u00e7ons, attitudes violentes, discrimination sexuelle, sexisme et homophobie, contraception et protection&#8230;<\/span><\/span><\/p>\n<p><span style=\"color: #000000;\"><span class=\"x_sender\"><a href=\"\/2018\/06\/tota-compania-PG-de-gennes-2.jpg\"><img decoding=\"async\" class=\"alignleft size-medium wp-image-128573\" src=\"\/2018\/06\/tota-compania-PG-de-gennes-2-340x255.jpg\" alt=\"tota compania PG de gennes (2)\" width=\"340\" height=\"255\" \/><\/a>\u00ab\u00a0Chaque sc\u00e9nette aborde un th\u00e8me g\u00e9n\u00e9ral avec d&rsquo;autres th\u00e8mes annexes et apr\u00e8s chacune d&rsquo;elle il y a un temps d&rsquo;\u00e9change avec le public. Et dans chaque sc\u00e8ne, certaines questions reviennent r\u00e9guli\u00e8rement en toile de fond, ce qui permet aux jeunes de revenir dessus ou parfois de les saisir s&rsquo;ils sont pass\u00e9s un peu \u00e0 c\u00f4t\u00e9 pr\u00e9c\u00e9demment, et donc de r\u00e9agir dessus\u00a0\u00bb ajoute Catherine Fauv\u00e9, accompagn\u00e9e par l&rsquo;occasion des deux com\u00e9diens Alexandre Lefranc &amp; Charl\u00e8ne Fran\u00e7ois ainsi que de la r\u00e9gisseuse B\u00e9rang\u00e8re Taberkane.<\/span><span class=\"x_sender\"><br \/>\n<\/span><\/span><\/p>\n<p><span style=\"color: #000000;\"><em>XY<\/em> permet donc de rentrer dans le vif du sujet de th\u00e8mes particuli\u00e8rement importants pour les ados et jeunes adultes \u00e0 une \u00e9poque de la vie qui est vraiment charni\u00e8re, notamment en mati\u00e8re de sexualit\u00e9. Des questions qu&rsquo;il est parfois difficile d&rsquo;aborder avec son entourage et qui pourtant sont essentielles. Les deux com\u00e9diens savent eux aussi alterner, mais entre s\u00e9rieux et humour. Humour qu&rsquo;ils glissent subtilement pour mieux toucher leur public, plus en profondeur. Sachant que le spectacle s&rsquo;ach\u00e8ve pr\u00e9cis\u00e9ment sur une sc\u00e8ne plus l\u00e9g\u00e8re, humoristique, histoire de ne pas alourdir l&rsquo;atmosph\u00e8re mais plut\u00f4t laisser couler l&rsquo;imaginaire&#8230;<\/span><\/p>\n<p>Retrouvez la compagnie sur le net : <a href=\"https:\/\/www.totacompania.fr\/index.html\" target=\"_blank\" rel=\"noopener\">https:\/\/www.totacompania.fr\/index.html<\/a><\/p>\n<p><a href=\"\/2018\/06\/tota-compania-PG-de-gennes-1.jpg\"><img decoding=\"async\" class=\"aligncenter size-medium wp-image-128572\" src=\"\/2018\/06\/tota-compania-PG-de-gennes-1-340x255.jpg\" alt=\"tota compania PG de gennes (1)\" width=\"340\" height=\"255\" \/><\/a><\/p>\n","protected":false},"excerpt":{"rendered":"<p>Mardi apr\u00e8s-midi, dans le cadre du projet alt\u00e9rit\u00e9 men\u00e9 au sein du lyc\u00e9e P-G De Gennes, les \u00e9l\u00e8ves de seconde [&hellip;]<\/p>\n","protected":false},"author":42,"featured_media":34432,"comment_status":"open","ping_status":"open","sticky":false,"template":"","format":"standard","meta":{"footnotes":""},"categories":[20,6,25],"tags":[544,3639],"class_list":["post-34431","post","type-post","status-publish","format-standard","has-post-thumbnail","hentry","category-a-la-une","category-education","category-gerardmer","tag-lycee-pierre-gilles-de-gennes","tag-tota-compania"],"acf":[],"yoast_head":"<!-- This site is optimized with the Yoast SEO plugin v22.5 - https:\/\/yoast.com\/wordpress\/plugins\/seo\/ -->\n<title>La sexualit\u00e9 : bien en parler pour bien la vivre - Gerardmer Info<\/title>\n<meta name=\"robots\" content=\"index, follow, max-snippet:-1, max-image-preview:large, max-video-preview:-1\" \/>\n<link rel=\"canonical\" href=\"https:\/\/vosgesinfo.fr\/gerardmerinfo\/2018\/06\/sexualite-bien-parler-bien-vivre\/\" \/>\n<meta name=\"twitter:card\" content=\"summary_large_image\" \/>\n<meta name=\"twitter:title\" content=\"La sexualit\u00e9 : bien en parler pour bien la vivre - Gerardmer Info\" \/>\n<meta name=\"twitter:description\" content=\"Mardi apr\u00e8s-midi, dans le cadre du projet alt\u00e9rit\u00e9 men\u00e9 au sein du lyc\u00e9e P-G De Gennes, les \u00e9l\u00e8ves de seconde [&hellip;]\" \/>\n<meta name=\"twitter:image\" content=\"https:\/\/vosgesinfo.fr\/app\/uploads\/sites\/6\/2024\/07\/201806tota-compania-pg-de-gennes-1.jpg\" \/>\n<meta name=\"twitter:creator\" content=\"@VosgesInfo88\" \/>\n<meta name=\"twitter:site\" content=\"@VosgesInfo88\" \/>\n<meta name=\"twitter:label1\" content=\"\u00c9crit par\" \/>\n\t<meta name=\"twitter:data1\" content=\"QG\" \/>\n\t<meta name=\"twitter:label2\" content=\"Dur\u00e9e de lecture estim\u00e9e\" \/>\n\t<meta name=\"twitter:data2\" content=\"2 minutes\" \/>\n<script type=\"application\/ld+json\" class=\"yoast-schema-graph\">{\"@context\":\"https:\/\/schema.org\",\"@graph\":[{\"@type\":\"Article\",\"@id\":\"https:\/\/vosgesinfo.fr\/gerardmerinfo\/2018\/06\/sexualite-bien-parler-bien-vivre\/#article\",\"isPartOf\":{\"@id\":\"https:\/\/vosgesinfo.fr\/gerardmerinfo\/2018\/06\/sexualite-bien-parler-bien-vivre\/\"},\"author\":{\"name\":\"QG\",\"@id\":\"https:\/\/vosgesinfo.fr\/gerardmerinfo\/#\/schema\/person\/db5605779a843dad16b5368f3e7613a5\"},\"headline\":\"La sexualit\u00e9 : bien en parler pour bien la vivre\",\"datePublished\":\"2018-06-06T13:57:37+00:00\",\"dateModified\":\"2018-06-06T13:57:37+00:00\",\"mainEntityOfPage\":{\"@id\":\"https:\/\/vosgesinfo.fr\/gerardmerinfo\/2018\/06\/sexualite-bien-parler-bien-vivre\/\"},\"wordCount\":406,\"commentCount\":0,\"publisher\":{\"@id\":\"https:\/\/vosgesinfo.fr\/gerardmerinfo\/#organization\"},\"image\":{\"@id\":\"https:\/\/vosgesinfo.fr\/gerardmerinfo\/2018\/06\/sexualite-bien-parler-bien-vivre\/#primaryimage\"},\"thumbnailUrl\":\"https:\/\/vosgesinfo.fr\/app\/uploads\/sites\/6\/2024\/07\/201806tota-compania-pg-de-gennes-1.jpg\",\"keywords\":[\"lyc\u00e9e pierre gilles de gennes\",\"Tota Compania\"],\"articleSection\":[\"A la une\",\"\u00c9ducation\",\"G\u00e9rardmer\"],\"inLanguage\":\"fr-FR\",\"potentialAction\":[{\"@type\":\"CommentAction\",\"name\":\"Comment\",\"target\":[\"https:\/\/vosgesinfo.fr\/gerardmerinfo\/2018\/06\/sexualite-bien-parler-bien-vivre\/#respond\"]}]},{\"@type\":\"WebPage\",\"@id\":\"https:\/\/vosgesinfo.fr\/gerardmerinfo\/2018\/06\/sexualite-bien-parler-bien-vivre\/\",\"url\":\"https:\/\/vosgesinfo.fr\/gerardmerinfo\/2018\/06\/sexualite-bien-parler-bien-vivre\/\",\"name\":\"La sexualit\u00e9 : bien en parler pour bien la vivre - Gerardmer Info\",\"isPartOf\":{\"@id\":\"https:\/\/vosgesinfo.fr\/gerardmerinfo\/#website\"},\"primaryImageOfPage\":{\"@id\":\"https:\/\/vosgesinfo.fr\/gerardmerinfo\/2018\/06\/sexualite-bien-parler-bien-vivre\/#primaryimage\"},\"image\":{\"@id\":\"https:\/\/vosgesinfo.fr\/gerardmerinfo\/2018\/06\/sexualite-bien-parler-bien-vivre\/#primaryimage\"},\"thumbnailUrl\":\"https:\/\/vosgesinfo.fr\/app\/uploads\/sites\/6\/2024\/07\/201806tota-compania-pg-de-gennes-1.jpg\",\"datePublished\":\"2018-06-06T13:57:37+00:00\",\"dateModified\":\"2018-06-06T13:57:37+00:00\",\"breadcrumb\":{\"@id\":\"https:\/\/vosgesinfo.fr\/gerardmerinfo\/2018\/06\/sexualite-bien-parler-bien-vivre\/#breadcrumb\"},\"inLanguage\":\"fr-FR\",\"potentialAction\":[{\"@type\":\"ReadAction\",\"target\":[\"https:\/\/vosgesinfo.fr\/gerardmerinfo\/2018\/06\/sexualite-bien-parler-bien-vivre\/\"]}]},{\"@type\":\"ImageObject\",\"inLanguage\":\"fr-FR\",\"@id\":\"https:\/\/vosgesinfo.fr\/gerardmerinfo\/2018\/06\/sexualite-bien-parler-bien-vivre\/#primaryimage\",\"url\":\"https:\/\/vosgesinfo.fr\/app\/uploads\/sites\/6\/2024\/07\/201806tota-compania-pg-de-gennes-1.jpg\",\"contentUrl\":\"https:\/\/vosgesinfo.fr\/app\/uploads\/sites\/6\/2024\/07\/201806tota-compania-pg-de-gennes-1.jpg\",\"width\":800,\"height\":600},{\"@type\":\"BreadcrumbList\",\"@id\":\"https:\/\/vosgesinfo.fr\/gerardmerinfo\/2018\/06\/sexualite-bien-parler-bien-vivre\/#breadcrumb\",\"itemListElement\":[{\"@type\":\"ListItem\",\"position\":1,\"name\":\"Home\",\"item\":\"https:\/\/vosgesinfo.fr\/gerardmerinfo\/\"},{\"@type\":\"ListItem\",\"position\":2,\"name\":\"La sexualit\u00e9 : bien en parler pour bien la vivre\"}]},{\"@type\":\"WebSite\",\"@id\":\"https:\/\/vosgesinfo.fr\/gerardmerinfo\/#website\",\"url\":\"https:\/\/vosgesinfo.fr\/gerardmerinfo\/\",\"name\":\"Gerardmer Info\",\"description\":\"Toute l&#039;actualit\u00e9 de G\u00e9rardmer\",\"publisher\":{\"@id\":\"https:\/\/vosgesinfo.fr\/gerardmerinfo\/#organization\"},\"alternateName\":\"Toute l'actualit\u00e9 de G\u00e9rardmer\",\"potentialAction\":[{\"@type\":\"SearchAction\",\"target\":{\"@type\":\"EntryPoint\",\"urlTemplate\":\"https:\/\/vosgesinfo.fr\/gerardmerinfo\/?s={search_term_string}\"},\"query-input\":\"required name=search_term_string\"}],\"inLanguage\":\"fr-FR\"},{\"@type\":\"Organization\",\"@id\":\"https:\/\/vosgesinfo.fr\/gerardmerinfo\/#organization\",\"name\":\"Gerardmer Info\",\"url\":\"https:\/\/vosgesinfo.fr\/gerardmerinfo\/\",\"logo\":{\"@type\":\"ImageObject\",\"inLanguage\":\"fr-FR\",\"@id\":\"https:\/\/vosgesinfo.fr\/gerardmerinfo\/#\/schema\/logo\/image\/\",\"url\":\"https:\/\/vosgesinfo.fr\/app\/uploads\/sites\/6\/2023\/08\/favicon-gerardmerinfo.png\",\"contentUrl\":\"https:\/\/vosgesinfo.fr\/app\/uploads\/sites\/6\/2023\/08\/favicon-gerardmerinfo.png\",\"width\":512,\"height\":512,\"caption\":\"Gerardmer Info\"},\"image\":{\"@id\":\"https:\/\/vosgesinfo.fr\/gerardmerinfo\/#\/schema\/logo\/image\/\"},\"sameAs\":[\"https:\/\/www.facebook.com\/profile.php?id=100049475262660\",\"https:\/\/x.com\/VosgesInfo88\",\"https:\/\/www.youtube.com\/@vosgesinfo\"]},{\"@type\":\"Person\",\"@id\":\"https:\/\/vosgesinfo.fr\/gerardmerinfo\/#\/schema\/person\/db5605779a843dad16b5368f3e7613a5\",\"name\":\"QG\",\"image\":{\"@type\":\"ImageObject\",\"inLanguage\":\"fr-FR\",\"@id\":\"https:\/\/vosgesinfo.fr\/gerardmerinfo\/#\/schema\/person\/image\/\",\"url\":\"https:\/\/secure.gravatar.com\/avatar\/ea80c42c204b534408512832fde52504ecabb9706bcb6151cf6175e5b64e6793?s=96&d=mm&r=g\",\"contentUrl\":\"https:\/\/secure.gravatar.com\/avatar\/ea80c42c204b534408512832fde52504ecabb9706bcb6151cf6175e5b64e6793?s=96&d=mm&r=g\",\"caption\":\"QG\"},\"url\":\"https:\/\/vosgesinfo.fr\/gerardmerinfo\/author\/quentin88\/\"}]}<\/script>\n<!-- \/ Yoast SEO plugin. -->","yoast_head_json":{"title":"La sexualit\u00e9 : bien en parler pour bien la vivre - Gerardmer Info","robots":{"index":"index","follow":"follow","max-snippet":"max-snippet:-1","max-image-preview":"max-image-preview:large","max-video-preview":"max-video-preview:-1"},"canonical":"https:\/\/vosgesinfo.fr\/gerardmerinfo\/2018\/06\/sexualite-bien-parler-bien-vivre\/","twitter_card":"summary_large_image","twitter_title":"La sexualit\u00e9 : bien en parler pour bien la vivre - Gerardmer Info","twitter_description":"Mardi apr\u00e8s-midi, dans le cadre du projet alt\u00e9rit\u00e9 men\u00e9 au sein du lyc\u00e9e P-G De Gennes, les \u00e9l\u00e8ves de seconde [&hellip;]","twitter_image":"https:\/\/vosgesinfo.fr\/app\/uploads\/sites\/6\/2024\/07\/201806tota-compania-pg-de-gennes-1.jpg","twitter_creator":"@VosgesInfo88","twitter_site":"@VosgesInfo88","twitter_misc":{"\u00c9crit par":"QG","Dur\u00e9e de lecture estim\u00e9e":"2 minutes"},"schema":{"@context":"https:\/\/schema.org","@graph":[{"@type":"Article","@id":"https:\/\/vosgesinfo.fr\/gerardmerinfo\/2018\/06\/sexualite-bien-parler-bien-vivre\/#article","isPartOf":{"@id":"https:\/\/vosgesinfo.fr\/gerardmerinfo\/2018\/06\/sexualite-bien-parler-bien-vivre\/"},"author":{"name":"QG","@id":"https:\/\/vosgesinfo.fr\/gerardmerinfo\/#\/schema\/person\/db5605779a843dad16b5368f3e7613a5"},"headline":"La sexualit\u00e9 : bien en parler pour bien la vivre","datePublished":"2018-06-06T13:57:37+00:00","dateModified":"2018-06-06T13:57:37+00:00","mainEntityOfPage":{"@id":"https:\/\/vosgesinfo.fr\/gerardmerinfo\/2018\/06\/sexualite-bien-parler-bien-vivre\/"},"wordCount":406,"commentCount":0,"publisher":{"@id":"https:\/\/vosgesinfo.fr\/gerardmerinfo\/#organization"},"image":{"@id":"https:\/\/vosgesinfo.fr\/gerardmerinfo\/2018\/06\/sexualite-bien-parler-bien-vivre\/#primaryimage"},"thumbnailUrl":"https:\/\/vosgesinfo.fr\/app\/uploads\/sites\/6\/2024\/07\/201806tota-compania-pg-de-gennes-1.jpg","keywords":["lyc\u00e9e pierre gilles de gennes","Tota Compania"],"articleSection":["A la une","\u00c9ducation","G\u00e9rardmer"],"inLanguage":"fr-FR","potentialAction":[{"@type":"CommentAction","name":"Comment","target":["https:\/\/vosgesinfo.fr\/gerardmerinfo\/2018\/06\/sexualite-bien-parler-bien-vivre\/#respond"]}]},{"@type":"WebPage","@id":"https:\/\/vosgesinfo.fr\/gerardmerinfo\/2018\/06\/sexualite-bien-parler-bien-vivre\/","url":"https:\/\/vosgesinfo.fr\/gerardmerinfo\/2018\/06\/sexualite-bien-parler-bien-vivre\/","name":"La sexualit\u00e9 : bien en parler pour bien la vivre - Gerardmer Info","isPartOf":{"@id":"https:\/\/vosgesinfo.fr\/gerardmerinfo\/#website"},"primaryImageOfPage":{"@id":"https:\/\/vosgesinfo.fr\/gerardmerinfo\/2018\/06\/sexualite-bien-parler-bien-vivre\/#primaryimage"},"image":{"@id":"https:\/\/vosgesinfo.fr\/gerardmerinfo\/2018\/06\/sexualite-bien-parler-bien-vivre\/#primaryimage"},"thumbnailUrl":"https:\/\/vosgesinfo.fr\/app\/uploads\/sites\/6\/2024\/07\/201806tota-compania-pg-de-gennes-1.jpg","datePublished":"2018-06-06T13:57:37+00:00","dateModified":"2018-06-06T13:57:37+00:00","breadcrumb":{"@id":"https:\/\/vosgesinfo.fr\/gerardmerinfo\/2018\/06\/sexualite-bien-parler-bien-vivre\/#breadcrumb"},"inLanguage":"fr-FR","potentialAction":[{"@type":"ReadAction","target":["https:\/\/vosgesinfo.fr\/gerardmerinfo\/2018\/06\/sexualite-bien-parler-bien-vivre\/"]}]},{"@type":"ImageObject","inLanguage":"fr-FR","@id":"https:\/\/vosgesinfo.fr\/gerardmerinfo\/2018\/06\/sexualite-bien-parler-bien-vivre\/#primaryimage","url":"https:\/\/vosgesinfo.fr\/app\/uploads\/sites\/6\/2024\/07\/201806tota-compania-pg-de-gennes-1.jpg","contentUrl":"https:\/\/vosgesinfo.fr\/app\/uploads\/sites\/6\/2024\/07\/201806tota-compania-pg-de-gennes-1.jpg","width":800,"height":600},{"@type":"BreadcrumbList","@id":"https:\/\/vosgesinfo.fr\/gerardmerinfo\/2018\/06\/sexualite-bien-parler-bien-vivre\/#breadcrumb","itemListElement":[{"@type":"ListItem","position":1,"name":"Home","item":"https:\/\/vosgesinfo.fr\/gerardmerinfo\/"},{"@type":"ListItem","position":2,"name":"La sexualit\u00e9 : bien en parler pour bien la vivre"}]},{"@type":"WebSite","@id":"https:\/\/vosgesinfo.fr\/gerardmerinfo\/#website","url":"https:\/\/vosgesinfo.fr\/gerardmerinfo\/","name":"Gerardmer Info","description":"Toute l&#039;actualit\u00e9 de G\u00e9rardmer","publisher":{"@id":"https:\/\/vosgesinfo.fr\/gerardmerinfo\/#organization"},"alternateName":"Toute l'actualit\u00e9 de G\u00e9rardmer","potentialAction":[{"@type":"SearchAction","target":{"@type":"EntryPoint","urlTemplate":"https:\/\/vosgesinfo.fr\/gerardmerinfo\/?s={search_term_string}"},"query-input":"required name=search_term_string"}],"inLanguage":"fr-FR"},{"@type":"Organization","@id":"https:\/\/vosgesinfo.fr\/gerardmerinfo\/#organization","name":"Gerardmer Info","url":"https:\/\/vosgesinfo.fr\/gerardmerinfo\/","logo":{"@type":"ImageObject","inLanguage":"fr-FR","@id":"https:\/\/vosgesinfo.fr\/gerardmerinfo\/#\/schema\/logo\/image\/","url":"https:\/\/vosgesinfo.fr\/app\/uploads\/sites\/6\/2023\/08\/favicon-gerardmerinfo.png","contentUrl":"https:\/\/vosgesinfo.fr\/app\/uploads\/sites\/6\/2023\/08\/favicon-gerardmerinfo.png","width":512,"height":512,"caption":"Gerardmer Info"},"image":{"@id":"https:\/\/vosgesinfo.fr\/gerardmerinfo\/#\/schema\/logo\/image\/"},"sameAs":["https:\/\/www.facebook.com\/profile.php?id=100049475262660","https:\/\/x.com\/VosgesInfo88","https:\/\/www.youtube.com\/@vosgesinfo"]},{"@type":"Person","@id":"https:\/\/vosgesinfo.fr\/gerardmerinfo\/#\/schema\/person\/db5605779a843dad16b5368f3e7613a5","name":"QG","image":{"@type":"ImageObject","inLanguage":"fr-FR","@id":"https:\/\/vosgesinfo.fr\/gerardmerinfo\/#\/schema\/person\/image\/","url":"https:\/\/secure.gravatar.com\/avatar\/ea80c42c204b534408512832fde52504ecabb9706bcb6151cf6175e5b64e6793?s=96&d=mm&r=g","contentUrl":"https:\/\/secure.gravatar.com\/avatar\/ea80c42c204b534408512832fde52504ecabb9706bcb6151cf6175e5b64e6793?s=96&d=mm&r=g","caption":"QG"},"url":"https:\/\/vosgesinfo.fr\/gerardmerinfo\/author\/quentin88\/"}]}},"_links":{"self":[{"href":"https:\/\/vosgesinfo.fr\/gerardmerinfo\/wp-json\/wp\/v2\/posts\/34431","targetHints":{"allow":["GET"]}}],"collection":[{"href":"https:\/\/vosgesinfo.fr\/gerardmerinfo\/wp-json\/wp\/v2\/posts"}],"about":[{"href":"https:\/\/vosgesinfo.fr\/gerardmerinfo\/wp-json\/wp\/v2\/types\/post"}],"author":[{"embeddable":true,"href":"https:\/\/vosgesinfo.fr\/gerardmerinfo\/wp-json\/wp\/v2\/users\/42"}],"replies":[{"embeddable":true,"href":"https:\/\/vosgesinfo.fr\/gerardmerinfo\/wp-json\/wp\/v2\/comments?post=34431"}],"version-history":[{"count":0,"href":"https:\/\/vosgesinfo.fr\/gerardmerinfo\/wp-json\/wp\/v2\/posts\/34431\/revisions"}],"wp:featuredmedia":[{"embeddable":true,"href":"https:\/\/vosgesinfo.fr\/gerardmerinfo\/wp-json\/wp\/v2\/media\/34432"}],"wp:attachment":[{"href":"https:\/\/vosgesinfo.fr\/gerardmerinfo\/wp-json\/wp\/v2\/media?parent=34431"}],"wp:term":[{"taxonomy":"category","embeddable":true,"href":"https:\/\/vosgesinfo.fr\/gerardmerinfo\/wp-json\/wp\/v2\/categories?post=34431"},{"taxonomy":"post_tag","embeddable":true,"href":"https:\/\/vosgesinfo.fr\/gerardmerinfo\/wp-json\/wp\/v2\/tags?post=34431"}],"curies":[{"name":"wp","href":"https:\/\/api.w.org\/{rel}","templated":true}]}}