{"id":34453,"date":"2018-06-06T16:00:07","date_gmt":"2018-06-06T14:00:07","guid":{"rendered":"https:\/\/vosgesinfo.fr\/gerardmerinfo\/2018\/06\/una-grand-accompagne-pres-de-68-000-personnes-agees-situation-de-handicap\/"},"modified":"2018-06-06T16:00:07","modified_gmt":"2018-06-06T14:00:07","slug":"una-grand-accompagne-pres-de-68-000-personnes-agees-situation-de-handicap","status":"publish","type":"post","link":"https:\/\/vosgesinfo.fr\/gerardmerinfo\/2018\/06\/una-grand-accompagne-pres-de-68-000-personnes-agees-situation-de-handicap\/","title":{"rendered":"UNA Grand Est accompagne pr\u00e8s de 68 000 personnes \u00e2g\u00e9es ou en situation de handicap"},"content":{"rendered":"<h2>Il y a un an, ont eu lieu les premi\u00e8res rencontres r\u00e9gionales de l\u2019UNA organis\u00e9es conjointement par l\u2019union nationale et les diff\u00e9rentes structures de la r\u00e9gion.\u00a0UNA Grand Est organisait ce mercredi la premi\u00e8re r\u00e9union de travail \u00e0 l\u2019espace cours d\u2019Epinal.<\/h2>\n<p>Aujourd\u2019hui, concernant le domicile, UNA Grand-Est emploie 10\u00a0333 personnes et accompagne pr\u00e8s de 68\u00a0000 personnes \u00e2g\u00e9es ou en situation de handicap. Cette union g\u00e8re \u00e9galement plus de 50 \u00e9tablissements (EHPAD, FAS, Foyer logement\u2026).<\/p>\n","protected":false},"excerpt":{"rendered":"<p>Il y a un an, ont eu lieu les premi\u00e8res rencontres r\u00e9gionales de l\u2019UNA organis\u00e9es conjointement par l\u2019union nationale et [&hellip;]<\/p>\n","protected":false},"author":42,"featured_media":34454,"comment_status":"open","ping_status":"open","sticky":false,"template":"","format":"standard","meta":{"footnotes":""},"categories":[20,12,17,18],"tags":[3642],"class_list":["post-34453","post","type-post","status-publish","format-standard","has-post-thumbnail","hentry","category-a-la-une","category-sante","category-vie-associative","category-vosges","tag-una-grand-est"],"acf":[],"yoast_head":"<!-- This site is optimized with the Yoast SEO plugin v22.5 - https:\/\/yoast.com\/wordpress\/plugins\/seo\/ -->\n<title>UNA Grand Est accompagne pr\u00e8s de 68 000 personnes \u00e2g\u00e9es ou en situation de handicap - Gerardmer Info<\/title>\n<meta name=\"robots\" content=\"index, follow, max-snippet:-1, max-image-preview:large, max-video-preview:-1\" \/>\n<link rel=\"canonical\" href=\"https:\/\/vosgesinfo.fr\/gerardmerinfo\/2018\/06\/una-grand-accompagne-pres-de-68-000-personnes-agees-situation-de-handicap\/\" \/>\n<meta name=\"twitter:card\" content=\"summary_large_image\" \/>\n<meta name=\"twitter:title\" content=\"UNA Grand Est accompagne pr\u00e8s de 68 000 personnes \u00e2g\u00e9es ou en situation de handicap - Gerardmer Info\" \/>\n<meta name=\"twitter:description\" content=\"Il y a un an, ont eu lieu les premi\u00e8res rencontres r\u00e9gionales de l\u2019UNA organis\u00e9es conjointement par l\u2019union nationale et [&hellip;]\" \/>\n<meta name=\"twitter:image\" content=\"https:\/\/vosgesinfo.fr\/app\/uploads\/sites\/6\/2024\/07\/201806una.jpg\" \/>\n<meta name=\"twitter:creator\" content=\"@VosgesInfo88\" \/>\n<meta name=\"twitter:site\" content=\"@VosgesInfo88\" \/>\n<meta name=\"twitter:label1\" content=\"\u00c9crit par\" \/>\n\t<meta name=\"twitter:data1\" content=\"QG\" \/>\n<script type=\"application\/ld+json\" class=\"yoast-schema-graph\">{\"@context\":\"https:\/\/schema.org\",\"@graph\":[{\"@type\":\"Article\",\"@id\":\"https:\/\/vosgesinfo.fr\/gerardmerinfo\/2018\/06\/una-grand-accompagne-pres-de-68-000-personnes-agees-situation-de-handicap\/#article\",\"isPartOf\":{\"@id\":\"https:\/\/vosgesinfo.fr\/gerardmerinfo\/2018\/06\/una-grand-accompagne-pres-de-68-000-personnes-agees-situation-de-handicap\/\"},\"author\":{\"name\":\"QG\",\"@id\":\"https:\/\/vosgesinfo.fr\/gerardmerinfo\/#\/schema\/person\/db5605779a843dad16b5368f3e7613a5\"},\"headline\":\"UNA Grand Est accompagne pr\u00e8s de 68 000 personnes \u00e2g\u00e9es ou en situation de handicap\",\"datePublished\":\"2018-06-06T14:00:07+00:00\",\"dateModified\":\"2018-06-06T14:00:07+00:00\",\"mainEntityOfPage\":{\"@id\":\"https:\/\/vosgesinfo.fr\/gerardmerinfo\/2018\/06\/una-grand-accompagne-pres-de-68-000-personnes-agees-situation-de-handicap\/\"},\"wordCount\":100,\"commentCount\":0,\"publisher\":{\"@id\":\"https:\/\/vosgesinfo.fr\/gerardmerinfo\/#organization\"},\"image\":{\"@id\":\"https:\/\/vosgesinfo.fr\/gerardmerinfo\/2018\/06\/una-grand-accompagne-pres-de-68-000-personnes-agees-situation-de-handicap\/#primaryimage\"},\"thumbnailUrl\":\"https:\/\/vosgesinfo.fr\/app\/uploads\/sites\/6\/2024\/07\/201806una.jpg\",\"keywords\":[\"UNA Grand Est\"],\"articleSection\":[\"A la une\",\"Sant\u00e9\",\"Vie Associative\",\"Vosges\"],\"inLanguage\":\"fr-FR\",\"potentialAction\":[{\"@type\":\"CommentAction\",\"name\":\"Comment\",\"target\":[\"https:\/\/vosgesinfo.fr\/gerardmerinfo\/2018\/06\/una-grand-accompagne-pres-de-68-000-personnes-agees-situation-de-handicap\/#respond\"]}]},{\"@type\":\"WebPage\",\"@id\":\"https:\/\/vosgesinfo.fr\/gerardmerinfo\/2018\/06\/una-grand-accompagne-pres-de-68-000-personnes-agees-situation-de-handicap\/\",\"url\":\"https:\/\/vosgesinfo.fr\/gerardmerinfo\/2018\/06\/una-grand-accompagne-pres-de-68-000-personnes-agees-situation-de-handicap\/\",\"name\":\"UNA Grand Est accompagne pr\u00e8s de 68 000 personnes \u00e2g\u00e9es ou en situation de handicap - Gerardmer Info\",\"isPartOf\":{\"@id\":\"https:\/\/vosgesinfo.fr\/gerardmerinfo\/#website\"},\"primaryImageOfPage\":{\"@id\":\"https:\/\/vosgesinfo.fr\/gerardmerinfo\/2018\/06\/una-grand-accompagne-pres-de-68-000-personnes-agees-situation-de-handicap\/#primaryimage\"},\"image\":{\"@id\":\"https:\/\/vosgesinfo.fr\/gerardmerinfo\/2018\/06\/una-grand-accompagne-pres-de-68-000-personnes-agees-situation-de-handicap\/#primaryimage\"},\"thumbnailUrl\":\"https:\/\/vosgesinfo.fr\/app\/uploads\/sites\/6\/2024\/07\/201806una.jpg\",\"datePublished\":\"2018-06-06T14:00:07+00:00\",\"dateModified\":\"2018-06-06T14:00:07+00:00\",\"breadcrumb\":{\"@id\":\"https:\/\/vosgesinfo.fr\/gerardmerinfo\/2018\/06\/una-grand-accompagne-pres-de-68-000-personnes-agees-situation-de-handicap\/#breadcrumb\"},\"inLanguage\":\"fr-FR\",\"potentialAction\":[{\"@type\":\"ReadAction\",\"target\":[\"https:\/\/vosgesinfo.fr\/gerardmerinfo\/2018\/06\/una-grand-accompagne-pres-de-68-000-personnes-agees-situation-de-handicap\/\"]}]},{\"@type\":\"ImageObject\",\"inLanguage\":\"fr-FR\",\"@id\":\"https:\/\/vosgesinfo.fr\/gerardmerinfo\/2018\/06\/una-grand-accompagne-pres-de-68-000-personnes-agees-situation-de-handicap\/#primaryimage\",\"url\":\"https:\/\/vosgesinfo.fr\/app\/uploads\/sites\/6\/2024\/07\/201806una.jpg\",\"contentUrl\":\"https:\/\/vosgesinfo.fr\/app\/uploads\/sites\/6\/2024\/07\/201806una.jpg\",\"width\":800,\"height\":600},{\"@type\":\"BreadcrumbList\",\"@id\":\"https:\/\/vosgesinfo.fr\/gerardmerinfo\/2018\/06\/una-grand-accompagne-pres-de-68-000-personnes-agees-situation-de-handicap\/#breadcrumb\",\"itemListElement\":[{\"@type\":\"ListItem\",\"position\":1,\"name\":\"Home\",\"item\":\"https:\/\/vosgesinfo.fr\/gerardmerinfo\/\"},{\"@type\":\"ListItem\",\"position\":2,\"name\":\"UNA Grand Est accompagne pr\u00e8s de 68 000 personnes \u00e2g\u00e9es ou en situation de handicap\"}]},{\"@type\":\"WebSite\",\"@id\":\"https:\/\/vosgesinfo.fr\/gerardmerinfo\/#website\",\"url\":\"https:\/\/vosgesinfo.fr\/gerardmerinfo\/\",\"name\":\"Gerardmer Info\",\"description\":\"Toute l&#039;actualit\u00e9 de G\u00e9rardmer\",\"publisher\":{\"@id\":\"https:\/\/vosgesinfo.fr\/gerardmerinfo\/#organization\"},\"alternateName\":\"Toute l'actualit\u00e9 de G\u00e9rardmer\",\"potentialAction\":[{\"@type\":\"SearchAction\",\"target\":{\"@type\":\"EntryPoint\",\"urlTemplate\":\"https:\/\/vosgesinfo.fr\/gerardmerinfo\/?s={search_term_string}\"},\"query-input\":\"required name=search_term_string\"}],\"inLanguage\":\"fr-FR\"},{\"@type\":\"Organization\",\"@id\":\"https:\/\/vosgesinfo.fr\/gerardmerinfo\/#organization\",\"name\":\"Gerardmer Info\",\"url\":\"https:\/\/vosgesinfo.fr\/gerardmerinfo\/\",\"logo\":{\"@type\":\"ImageObject\",\"inLanguage\":\"fr-FR\",\"@id\":\"https:\/\/vosgesinfo.fr\/gerardmerinfo\/#\/schema\/logo\/image\/\",\"url\":\"https:\/\/vosgesinfo.fr\/app\/uploads\/sites\/6\/2023\/08\/favicon-gerardmerinfo.png\",\"contentUrl\":\"https:\/\/vosgesinfo.fr\/app\/uploads\/sites\/6\/2023\/08\/favicon-gerardmerinfo.png\",\"width\":512,\"height\":512,\"caption\":\"Gerardmer Info\"},\"image\":{\"@id\":\"https:\/\/vosgesinfo.fr\/gerardmerinfo\/#\/schema\/logo\/image\/\"},\"sameAs\":[\"https:\/\/www.facebook.com\/profile.php?id=100049475262660\",\"https:\/\/x.com\/VosgesInfo88\",\"https:\/\/www.youtube.com\/@vosgesinfo\"]},{\"@type\":\"Person\",\"@id\":\"https:\/\/vosgesinfo.fr\/gerardmerinfo\/#\/schema\/person\/db5605779a843dad16b5368f3e7613a5\",\"name\":\"QG\",\"image\":{\"@type\":\"ImageObject\",\"inLanguage\":\"fr-FR\",\"@id\":\"https:\/\/vosgesinfo.fr\/gerardmerinfo\/#\/schema\/person\/image\/\",\"url\":\"https:\/\/secure.gravatar.com\/avatar\/ea80c42c204b534408512832fde52504ecabb9706bcb6151cf6175e5b64e6793?s=96&d=mm&r=g\",\"contentUrl\":\"https:\/\/secure.gravatar.com\/avatar\/ea80c42c204b534408512832fde52504ecabb9706bcb6151cf6175e5b64e6793?s=96&d=mm&r=g\",\"caption\":\"QG\"},\"url\":\"https:\/\/vosgesinfo.fr\/gerardmerinfo\/author\/quentin88\/\"}]}<\/script>\n<!-- \/ Yoast SEO plugin. -->","yoast_head_json":{"title":"UNA Grand Est accompagne pr\u00e8s de 68 000 personnes \u00e2g\u00e9es ou en situation de handicap - Gerardmer Info","robots":{"index":"index","follow":"follow","max-snippet":"max-snippet:-1","max-image-preview":"max-image-preview:large","max-video-preview":"max-video-preview:-1"},"canonical":"https:\/\/vosgesinfo.fr\/gerardmerinfo\/2018\/06\/una-grand-accompagne-pres-de-68-000-personnes-agees-situation-de-handicap\/","twitter_card":"summary_large_image","twitter_title":"UNA Grand Est accompagne pr\u00e8s de 68 000 personnes \u00e2g\u00e9es ou en situation de handicap - Gerardmer Info","twitter_description":"Il y a un an, ont eu lieu les premi\u00e8res rencontres r\u00e9gionales de l\u2019UNA organis\u00e9es conjointement par l\u2019union nationale et [&hellip;]","twitter_image":"https:\/\/vosgesinfo.fr\/app\/uploads\/sites\/6\/2024\/07\/201806una.jpg","twitter_creator":"@VosgesInfo88","twitter_site":"@VosgesInfo88","twitter_misc":{"\u00c9crit par":"QG"},"schema":{"@context":"https:\/\/schema.org","@graph":[{"@type":"Article","@id":"https:\/\/vosgesinfo.fr\/gerardmerinfo\/2018\/06\/una-grand-accompagne-pres-de-68-000-personnes-agees-situation-de-handicap\/#article","isPartOf":{"@id":"https:\/\/vosgesinfo.fr\/gerardmerinfo\/2018\/06\/una-grand-accompagne-pres-de-68-000-personnes-agees-situation-de-handicap\/"},"author":{"name":"QG","@id":"https:\/\/vosgesinfo.fr\/gerardmerinfo\/#\/schema\/person\/db5605779a843dad16b5368f3e7613a5"},"headline":"UNA Grand Est accompagne pr\u00e8s de 68 000 personnes \u00e2g\u00e9es ou en situation de handicap","datePublished":"2018-06-06T14:00:07+00:00","dateModified":"2018-06-06T14:00:07+00:00","mainEntityOfPage":{"@id":"https:\/\/vosgesinfo.fr\/gerardmerinfo\/2018\/06\/una-grand-accompagne-pres-de-68-000-personnes-agees-situation-de-handicap\/"},"wordCount":100,"commentCount":0,"publisher":{"@id":"https:\/\/vosgesinfo.fr\/gerardmerinfo\/#organization"},"image":{"@id":"https:\/\/vosgesinfo.fr\/gerardmerinfo\/2018\/06\/una-grand-accompagne-pres-de-68-000-personnes-agees-situation-de-handicap\/#primaryimage"},"thumbnailUrl":"https:\/\/vosgesinfo.fr\/app\/uploads\/sites\/6\/2024\/07\/201806una.jpg","keywords":["UNA Grand Est"],"articleSection":["A la une","Sant\u00e9","Vie Associative","Vosges"],"inLanguage":"fr-FR","potentialAction":[{"@type":"CommentAction","name":"Comment","target":["https:\/\/vosgesinfo.fr\/gerardmerinfo\/2018\/06\/una-grand-accompagne-pres-de-68-000-personnes-agees-situation-de-handicap\/#respond"]}]},{"@type":"WebPage","@id":"https:\/\/vosgesinfo.fr\/gerardmerinfo\/2018\/06\/una-grand-accompagne-pres-de-68-000-personnes-agees-situation-de-handicap\/","url":"https:\/\/vosgesinfo.fr\/gerardmerinfo\/2018\/06\/una-grand-accompagne-pres-de-68-000-personnes-agees-situation-de-handicap\/","name":"UNA Grand Est accompagne pr\u00e8s de 68 000 personnes \u00e2g\u00e9es ou en situation de handicap - Gerardmer Info","isPartOf":{"@id":"https:\/\/vosgesinfo.fr\/gerardmerinfo\/#website"},"primaryImageOfPage":{"@id":"https:\/\/vosgesinfo.fr\/gerardmerinfo\/2018\/06\/una-grand-accompagne-pres-de-68-000-personnes-agees-situation-de-handicap\/#primaryimage"},"image":{"@id":"https:\/\/vosgesinfo.fr\/gerardmerinfo\/2018\/06\/una-grand-accompagne-pres-de-68-000-personnes-agees-situation-de-handicap\/#primaryimage"},"thumbnailUrl":"https:\/\/vosgesinfo.fr\/app\/uploads\/sites\/6\/2024\/07\/201806una.jpg","datePublished":"2018-06-06T14:00:07+00:00","dateModified":"2018-06-06T14:00:07+00:00","breadcrumb":{"@id":"https:\/\/vosgesinfo.fr\/gerardmerinfo\/2018\/06\/una-grand-accompagne-pres-de-68-000-personnes-agees-situation-de-handicap\/#breadcrumb"},"inLanguage":"fr-FR","potentialAction":[{"@type":"ReadAction","target":["https:\/\/vosgesinfo.fr\/gerardmerinfo\/2018\/06\/una-grand-accompagne-pres-de-68-000-personnes-agees-situation-de-handicap\/"]}]},{"@type":"ImageObject","inLanguage":"fr-FR","@id":"https:\/\/vosgesinfo.fr\/gerardmerinfo\/2018\/06\/una-grand-accompagne-pres-de-68-000-personnes-agees-situation-de-handicap\/#primaryimage","url":"https:\/\/vosgesinfo.fr\/app\/uploads\/sites\/6\/2024\/07\/201806una.jpg","contentUrl":"https:\/\/vosgesinfo.fr\/app\/uploads\/sites\/6\/2024\/07\/201806una.jpg","width":800,"height":600},{"@type":"BreadcrumbList","@id":"https:\/\/vosgesinfo.fr\/gerardmerinfo\/2018\/06\/una-grand-accompagne-pres-de-68-000-personnes-agees-situation-de-handicap\/#breadcrumb","itemListElement":[{"@type":"ListItem","position":1,"name":"Home","item":"https:\/\/vosgesinfo.fr\/gerardmerinfo\/"},{"@type":"ListItem","position":2,"name":"UNA Grand Est accompagne pr\u00e8s de 68 000 personnes \u00e2g\u00e9es ou en situation de handicap"}]},{"@type":"WebSite","@id":"https:\/\/vosgesinfo.fr\/gerardmerinfo\/#website","url":"https:\/\/vosgesinfo.fr\/gerardmerinfo\/","name":"Gerardmer Info","description":"Toute l&#039;actualit\u00e9 de G\u00e9rardmer","publisher":{"@id":"https:\/\/vosgesinfo.fr\/gerardmerinfo\/#organization"},"alternateName":"Toute l'actualit\u00e9 de G\u00e9rardmer","potentialAction":[{"@type":"SearchAction","target":{"@type":"EntryPoint","urlTemplate":"https:\/\/vosgesinfo.fr\/gerardmerinfo\/?s={search_term_string}"},"query-input":"required name=search_term_string"}],"inLanguage":"fr-FR"},{"@type":"Organization","@id":"https:\/\/vosgesinfo.fr\/gerardmerinfo\/#organization","name":"Gerardmer Info","url":"https:\/\/vosgesinfo.fr\/gerardmerinfo\/","logo":{"@type":"ImageObject","inLanguage":"fr-FR","@id":"https:\/\/vosgesinfo.fr\/gerardmerinfo\/#\/schema\/logo\/image\/","url":"https:\/\/vosgesinfo.fr\/app\/uploads\/sites\/6\/2023\/08\/favicon-gerardmerinfo.png","contentUrl":"https:\/\/vosgesinfo.fr\/app\/uploads\/sites\/6\/2023\/08\/favicon-gerardmerinfo.png","width":512,"height":512,"caption":"Gerardmer Info"},"image":{"@id":"https:\/\/vosgesinfo.fr\/gerardmerinfo\/#\/schema\/logo\/image\/"},"sameAs":["https:\/\/www.facebook.com\/profile.php?id=100049475262660","https:\/\/x.com\/VosgesInfo88","https:\/\/www.youtube.com\/@vosgesinfo"]},{"@type":"Person","@id":"https:\/\/vosgesinfo.fr\/gerardmerinfo\/#\/schema\/person\/db5605779a843dad16b5368f3e7613a5","name":"QG","image":{"@type":"ImageObject","inLanguage":"fr-FR","@id":"https:\/\/vosgesinfo.fr\/gerardmerinfo\/#\/schema\/person\/image\/","url":"https:\/\/secure.gravatar.com\/avatar\/ea80c42c204b534408512832fde52504ecabb9706bcb6151cf6175e5b64e6793?s=96&d=mm&r=g","contentUrl":"https:\/\/secure.gravatar.com\/avatar\/ea80c42c204b534408512832fde52504ecabb9706bcb6151cf6175e5b64e6793?s=96&d=mm&r=g","caption":"QG"},"url":"https:\/\/vosgesinfo.fr\/gerardmerinfo\/author\/quentin88\/"}]}},"_links":{"self":[{"href":"https:\/\/vosgesinfo.fr\/gerardmerinfo\/wp-json\/wp\/v2\/posts\/34453","targetHints":{"allow":["GET"]}}],"collection":[{"href":"https:\/\/vosgesinfo.fr\/gerardmerinfo\/wp-json\/wp\/v2\/posts"}],"about":[{"href":"https:\/\/vosgesinfo.fr\/gerardmerinfo\/wp-json\/wp\/v2\/types\/post"}],"author":[{"embeddable":true,"href":"https:\/\/vosgesinfo.fr\/gerardmerinfo\/wp-json\/wp\/v2\/users\/42"}],"replies":[{"embeddable":true,"href":"https:\/\/vosgesinfo.fr\/gerardmerinfo\/wp-json\/wp\/v2\/comments?post=34453"}],"version-history":[{"count":0,"href":"https:\/\/vosgesinfo.fr\/gerardmerinfo\/wp-json\/wp\/v2\/posts\/34453\/revisions"}],"wp:featuredmedia":[{"embeddable":true,"href":"https:\/\/vosgesinfo.fr\/gerardmerinfo\/wp-json\/wp\/v2\/media\/34454"}],"wp:attachment":[{"href":"https:\/\/vosgesinfo.fr\/gerardmerinfo\/wp-json\/wp\/v2\/media?parent=34453"}],"wp:term":[{"taxonomy":"category","embeddable":true,"href":"https:\/\/vosgesinfo.fr\/gerardmerinfo\/wp-json\/wp\/v2\/categories?post=34453"},{"taxonomy":"post_tag","embeddable":true,"href":"https:\/\/vosgesinfo.fr\/gerardmerinfo\/wp-json\/wp\/v2\/tags?post=34453"}],"curies":[{"name":"wp","href":"https:\/\/api.w.org\/{rel}","templated":true}]}}