{"id":34509,"date":"2018-06-08T13:24:28","date_gmt":"2018-06-08T11:24:28","guid":{"rendered":"https:\/\/vosgesinfo.fr\/gerardmerinfo\/2018\/06\/service-de-cardiologie-maintenu-a-remiremont\/"},"modified":"2018-06-08T13:24:28","modified_gmt":"2018-06-08T11:24:28","slug":"service-de-cardiologie-maintenu-a-remiremont","status":"publish","type":"post","link":"https:\/\/vosgesinfo.fr\/gerardmerinfo\/2018\/06\/service-de-cardiologie-maintenu-a-remiremont\/","title":{"rendered":"Le service de cardiologie maintenu \u00e0 Remiremont"},"content":{"rendered":"<p><strong><a href=\"http:\/\/gerardmerinfo.fr\/2018\/06\/service-de-cardiologie-maintenu-a-remiremont\/centre-hospitalier-de-remiremont1-2\/\" rel=\"attachment wp-att-128776\"><img decoding=\"async\" class=\"alignright size-medium wp-image-128776\" src=\"\/2018\/06\/Centre-hospitalier-de-Remiremont1-400x237.png\" alt=\"Centre-hospitalier-de-Remiremont1\" width=\"400\" height=\"237\" \/><\/a>D\u00e9claration de Fran\u00e7ois Vannson, Pr\u00e9sident du Conseil D\u00e9partemental, concernant l&rsquo;h\u00f4pital de Remiremont :\u00a0<\/strong><\/p>\n<p><em>\u00ab\u00a0Le service de cardiologie sera maintenu, c\u2019est d\u00e9sormais confirm\u00e9. L\u2019H\u00f4pital de Remiremont m\u00e9rite de b\u00e9n\u00e9ficier d\u2019une communication positive et d\u2019un soutien sans faille. C\u2019est une structure essentielle, qui rayonne non seulement sur le bassin de vie de Remiremont mais \u00e9galement bien au-del\u00e0. Elle est connue pour la qualit\u00e9 de ses soins, reconnue pour la r\u00e9activit\u00e9 de ses services et l\u2019engagement des plus de 800 personnes qui y \u0153uvrent chaque jour &#8211; m\u00e9decins, personnel soignant, agents de la fonction publique hospitali\u00e8re\u2026-. <\/em><\/p>\n<p><em>Nous en sommes toutes et tous conscients\u00a0; nous y sommes toutes et tous profond\u00e9ment attach\u00e9s.<\/em><\/p>\n<p><em>C\u2019est pourquoi lorsque s\u2019est engag\u00e9 en 2015 un d\u00e9bat sur l\u2019avenir de la maternit\u00e9 de Remiremont, j\u2019ai choisi d\u2019\u00eatre force de proposition pour que soient sauvegard\u00e9s cet \u00e9tablissement et ses services. En ma qualit\u00e9 de Pr\u00e9sident du Conseil d\u00e9partemental, j\u2019ai fait le choix d\u2019une approche globale, r\u00e9fl\u00e9chie et prospective, prenant en compte les enjeux locaux, territoriaux et de sant\u00e9 du d\u00e9partement. <\/em><\/p>\n<p><em>De ces r\u00e9flexions est n\u00e9 le Plan Sant\u00e9, qui s&rsquo;inscrit r\u00e9solument dans le Sch\u00e9ma D\u00e9partemental d&rsquo;Am\u00e9lioration des Services au Public et dans le Plan Vosges Ambitions 2021. Il est le fruit d\u2019un travail collaboratif entre les services du d\u00e9partement, les professionnels de sant\u00e9, les acteurs du secteur et l\u2019ARS\u00a0; c\u2019est cette alliance de la d\u00e9termination et de la concertation qui s\u2019est av\u00e9r\u00e9e d\u00e9cisive pour le maintien de la maternit\u00e9 et des disciplines de l\u2019H\u00f4pital de Remiremont. Cette d\u00e9marche a \u00e9t\u00e9 salu\u00e9e par le Pr\u00e9fet des Vosges et le Directeur de l\u2019ARS \u00e0 l\u2019occasion de la pr\u00e9sentation du plan Sant\u00e9 en mars dernier.<\/em><\/p>\n<p><em>L\u2019ensemble des d\u00e9partements ruraux de France sont impact\u00e9s par le manque de m\u00e9decins et de praticiens hospitaliers sur leurs territoires. Les Vosges ne sont pas \u00e9pargn\u00e9es et le service cardiologie de l\u2019h\u00f4pital de Remiremont en est un exemple.<\/em><\/p>\n<p><em>L\u2019un des objectifs majeurs du Plan Sant\u00e9 est d\u2019inciter les professionnels de sant\u00e9 \u00e0 venir exercer dans notre d\u00e9partement et nos \u00e9tablissements hospitaliers en mettant l\u2019attractivit\u00e9 du territoire au c\u0153ur du dispositif. Le d\u00e9partement se mobilise en ce sens et va accompagner les projets d\u2019installation. En quelques semaines, ce sont d\u00e9j\u00e0 six jeunes m\u00e9decins qui finalisent leur projet professionnel dans les Vosges. Ce plan est naturellement appel\u00e9 \u00e0 monter en puissance.<\/em><\/p>\n<p><em>Sans esquiver les difficult\u00e9s pr\u00e9sentes &#8211; conditions de travail, r\u00e9alit\u00e9 du terrain\u2026 -, v\u00e9hiculer une image positive de nos \u00e9tablissements et des \u00e9quipes m\u00e9dicales en place m\u2019appara\u00eet comme la meilleure trajectoire. Il en va de l\u2019int\u00e9r\u00eat de nos populations et de celui des patients.\u00a0\u00bb<\/em><\/p>\n<p><strong>Fran\u00e7ois Vannson<\/strong><\/p>\n","protected":false},"excerpt":{"rendered":"<p>D\u00e9claration de Fran\u00e7ois Vannson, Pr\u00e9sident du Conseil D\u00e9partemental, concernant l&rsquo;h\u00f4pital de Remiremont :\u00a0 \u00ab\u00a0Le service de cardiologie sera maintenu, c\u2019est [&hellip;]<\/p>\n","protected":false},"author":1,"featured_media":34510,"comment_status":"open","ping_status":"open","sticky":false,"template":"","format":"standard","meta":{"footnotes":""},"categories":[20,12],"tags":[],"class_list":["post-34509","post","type-post","status-publish","format-standard","has-post-thumbnail","hentry","category-a-la-une","category-sante"],"acf":[],"yoast_head":"<!-- This site is optimized with the Yoast SEO plugin v22.5 - https:\/\/yoast.com\/wordpress\/plugins\/seo\/ -->\n<title>Le service de cardiologie maintenu \u00e0 Remiremont - Gerardmer Info<\/title>\n<meta name=\"robots\" content=\"index, follow, max-snippet:-1, max-image-preview:large, max-video-preview:-1\" \/>\n<link rel=\"canonical\" href=\"https:\/\/vosgesinfo.fr\/gerardmerinfo\/2018\/06\/service-de-cardiologie-maintenu-a-remiremont\/\" \/>\n<meta name=\"twitter:card\" content=\"summary_large_image\" \/>\n<meta name=\"twitter:title\" content=\"Le service de cardiologie maintenu \u00e0 Remiremont - Gerardmer Info\" \/>\n<meta name=\"twitter:description\" content=\"D\u00e9claration de Fran\u00e7ois Vannson, Pr\u00e9sident du Conseil D\u00e9partemental, concernant l&rsquo;h\u00f4pital de Remiremont :\u00a0 \u00ab\u00a0Le service de cardiologie sera maintenu, c\u2019est [&hellip;]\" \/>\n<meta name=\"twitter:image\" content=\"https:\/\/vosgesinfo.fr\/app\/uploads\/sites\/6\/2024\/07\/201806centre-hospitalier-de-remiremont1.png\" \/>\n<meta name=\"twitter:creator\" content=\"@VosgesInfo88\" \/>\n<meta name=\"twitter:site\" content=\"@VosgesInfo88\" \/>\n<meta name=\"twitter:label1\" content=\"\u00c9crit par\" \/>\n\t<meta name=\"twitter:data1\" content=\"qs_admin\" \/>\n\t<meta name=\"twitter:label2\" content=\"Dur\u00e9e de lecture estim\u00e9e\" \/>\n\t<meta name=\"twitter:data2\" content=\"3 minutes\" \/>\n<script type=\"application\/ld+json\" class=\"yoast-schema-graph\">{\"@context\":\"https:\/\/schema.org\",\"@graph\":[{\"@type\":\"Article\",\"@id\":\"https:\/\/vosgesinfo.fr\/gerardmerinfo\/2018\/06\/service-de-cardiologie-maintenu-a-remiremont\/#article\",\"isPartOf\":{\"@id\":\"https:\/\/vosgesinfo.fr\/gerardmerinfo\/2018\/06\/service-de-cardiologie-maintenu-a-remiremont\/\"},\"author\":{\"name\":\"qs_admin\",\"@id\":\"https:\/\/vosgesinfo.fr\/gerardmerinfo\/#\/schema\/person\/bc5d02d71e6932e81b6dadb7386667b1\"},\"headline\":\"Le service de cardiologie maintenu \u00e0 Remiremont\",\"datePublished\":\"2018-06-08T11:24:28+00:00\",\"dateModified\":\"2018-06-08T11:24:28+00:00\",\"mainEntityOfPage\":{\"@id\":\"https:\/\/vosgesinfo.fr\/gerardmerinfo\/2018\/06\/service-de-cardiologie-maintenu-a-remiremont\/\"},\"wordCount\":513,\"commentCount\":0,\"publisher\":{\"@id\":\"https:\/\/vosgesinfo.fr\/gerardmerinfo\/#organization\"},\"image\":{\"@id\":\"https:\/\/vosgesinfo.fr\/gerardmerinfo\/2018\/06\/service-de-cardiologie-maintenu-a-remiremont\/#primaryimage\"},\"thumbnailUrl\":\"https:\/\/vosgesinfo.fr\/app\/uploads\/sites\/6\/2024\/07\/201806centre-hospitalier-de-remiremont1.png\",\"articleSection\":[\"A la une\",\"Sant\u00e9\"],\"inLanguage\":\"fr-FR\",\"potentialAction\":[{\"@type\":\"CommentAction\",\"name\":\"Comment\",\"target\":[\"https:\/\/vosgesinfo.fr\/gerardmerinfo\/2018\/06\/service-de-cardiologie-maintenu-a-remiremont\/#respond\"]}]},{\"@type\":\"WebPage\",\"@id\":\"https:\/\/vosgesinfo.fr\/gerardmerinfo\/2018\/06\/service-de-cardiologie-maintenu-a-remiremont\/\",\"url\":\"https:\/\/vosgesinfo.fr\/gerardmerinfo\/2018\/06\/service-de-cardiologie-maintenu-a-remiremont\/\",\"name\":\"Le service de cardiologie maintenu \u00e0 Remiremont - Gerardmer Info\",\"isPartOf\":{\"@id\":\"https:\/\/vosgesinfo.fr\/gerardmerinfo\/#website\"},\"primaryImageOfPage\":{\"@id\":\"https:\/\/vosgesinfo.fr\/gerardmerinfo\/2018\/06\/service-de-cardiologie-maintenu-a-remiremont\/#primaryimage\"},\"image\":{\"@id\":\"https:\/\/vosgesinfo.fr\/gerardmerinfo\/2018\/06\/service-de-cardiologie-maintenu-a-remiremont\/#primaryimage\"},\"thumbnailUrl\":\"https:\/\/vosgesinfo.fr\/app\/uploads\/sites\/6\/2024\/07\/201806centre-hospitalier-de-remiremont1.png\",\"datePublished\":\"2018-06-08T11:24:28+00:00\",\"dateModified\":\"2018-06-08T11:24:28+00:00\",\"breadcrumb\":{\"@id\":\"https:\/\/vosgesinfo.fr\/gerardmerinfo\/2018\/06\/service-de-cardiologie-maintenu-a-remiremont\/#breadcrumb\"},\"inLanguage\":\"fr-FR\",\"potentialAction\":[{\"@type\":\"ReadAction\",\"target\":[\"https:\/\/vosgesinfo.fr\/gerardmerinfo\/2018\/06\/service-de-cardiologie-maintenu-a-remiremont\/\"]}]},{\"@type\":\"ImageObject\",\"inLanguage\":\"fr-FR\",\"@id\":\"https:\/\/vosgesinfo.fr\/gerardmerinfo\/2018\/06\/service-de-cardiologie-maintenu-a-remiremont\/#primaryimage\",\"url\":\"https:\/\/vosgesinfo.fr\/app\/uploads\/sites\/6\/2024\/07\/201806centre-hospitalier-de-remiremont1.png\",\"contentUrl\":\"https:\/\/vosgesinfo.fr\/app\/uploads\/sites\/6\/2024\/07\/201806centre-hospitalier-de-remiremont1.png\",\"width\":644,\"height\":381},{\"@type\":\"BreadcrumbList\",\"@id\":\"https:\/\/vosgesinfo.fr\/gerardmerinfo\/2018\/06\/service-de-cardiologie-maintenu-a-remiremont\/#breadcrumb\",\"itemListElement\":[{\"@type\":\"ListItem\",\"position\":1,\"name\":\"Home\",\"item\":\"https:\/\/vosgesinfo.fr\/gerardmerinfo\/\"},{\"@type\":\"ListItem\",\"position\":2,\"name\":\"Le service de cardiologie maintenu \u00e0 Remiremont\"}]},{\"@type\":\"WebSite\",\"@id\":\"https:\/\/vosgesinfo.fr\/gerardmerinfo\/#website\",\"url\":\"https:\/\/vosgesinfo.fr\/gerardmerinfo\/\",\"name\":\"Gerardmer Info\",\"description\":\"Toute l&#039;actualit\u00e9 de G\u00e9rardmer\",\"publisher\":{\"@id\":\"https:\/\/vosgesinfo.fr\/gerardmerinfo\/#organization\"},\"alternateName\":\"Toute l'actualit\u00e9 de G\u00e9rardmer\",\"potentialAction\":[{\"@type\":\"SearchAction\",\"target\":{\"@type\":\"EntryPoint\",\"urlTemplate\":\"https:\/\/vosgesinfo.fr\/gerardmerinfo\/?s={search_term_string}\"},\"query-input\":\"required name=search_term_string\"}],\"inLanguage\":\"fr-FR\"},{\"@type\":\"Organization\",\"@id\":\"https:\/\/vosgesinfo.fr\/gerardmerinfo\/#organization\",\"name\":\"Gerardmer Info\",\"url\":\"https:\/\/vosgesinfo.fr\/gerardmerinfo\/\",\"logo\":{\"@type\":\"ImageObject\",\"inLanguage\":\"fr-FR\",\"@id\":\"https:\/\/vosgesinfo.fr\/gerardmerinfo\/#\/schema\/logo\/image\/\",\"url\":\"https:\/\/vosgesinfo.fr\/app\/uploads\/sites\/6\/2023\/08\/favicon-gerardmerinfo.png\",\"contentUrl\":\"https:\/\/vosgesinfo.fr\/app\/uploads\/sites\/6\/2023\/08\/favicon-gerardmerinfo.png\",\"width\":512,\"height\":512,\"caption\":\"Gerardmer Info\"},\"image\":{\"@id\":\"https:\/\/vosgesinfo.fr\/gerardmerinfo\/#\/schema\/logo\/image\/\"},\"sameAs\":[\"https:\/\/www.facebook.com\/profile.php?id=100049475262660\",\"https:\/\/x.com\/VosgesInfo88\",\"https:\/\/www.youtube.com\/@vosgesinfo\"]},{\"@type\":\"Person\",\"@id\":\"https:\/\/vosgesinfo.fr\/gerardmerinfo\/#\/schema\/person\/bc5d02d71e6932e81b6dadb7386667b1\",\"name\":\"qs_admin\",\"image\":{\"@type\":\"ImageObject\",\"inLanguage\":\"fr-FR\",\"@id\":\"https:\/\/vosgesinfo.fr\/gerardmerinfo\/#\/schema\/person\/image\/\",\"url\":\"https:\/\/secure.gravatar.com\/avatar\/94b18ee0ed79e4a42ea2f2931277b6841a8999fc6fde214600c78057cf1fe1de?s=96&d=mm&r=g\",\"contentUrl\":\"https:\/\/secure.gravatar.com\/avatar\/94b18ee0ed79e4a42ea2f2931277b6841a8999fc6fde214600c78057cf1fe1de?s=96&d=mm&r=g\",\"caption\":\"qs_admin\"},\"sameAs\":[\"https:\/\/vosgesinfo.fr\/wp\"],\"url\":\"https:\/\/vosgesinfo.fr\/gerardmerinfo\/author\/qs_admin\/\"}]}<\/script>\n<!-- \/ Yoast SEO plugin. -->","yoast_head_json":{"title":"Le service de cardiologie maintenu \u00e0 Remiremont - Gerardmer Info","robots":{"index":"index","follow":"follow","max-snippet":"max-snippet:-1","max-image-preview":"max-image-preview:large","max-video-preview":"max-video-preview:-1"},"canonical":"https:\/\/vosgesinfo.fr\/gerardmerinfo\/2018\/06\/service-de-cardiologie-maintenu-a-remiremont\/","twitter_card":"summary_large_image","twitter_title":"Le service de cardiologie maintenu \u00e0 Remiremont - Gerardmer Info","twitter_description":"D\u00e9claration de Fran\u00e7ois Vannson, Pr\u00e9sident du Conseil D\u00e9partemental, concernant l&rsquo;h\u00f4pital de Remiremont :\u00a0 \u00ab\u00a0Le service de cardiologie sera maintenu, c\u2019est [&hellip;]","twitter_image":"https:\/\/vosgesinfo.fr\/app\/uploads\/sites\/6\/2024\/07\/201806centre-hospitalier-de-remiremont1.png","twitter_creator":"@VosgesInfo88","twitter_site":"@VosgesInfo88","twitter_misc":{"\u00c9crit par":"qs_admin","Dur\u00e9e de lecture estim\u00e9e":"3 minutes"},"schema":{"@context":"https:\/\/schema.org","@graph":[{"@type":"Article","@id":"https:\/\/vosgesinfo.fr\/gerardmerinfo\/2018\/06\/service-de-cardiologie-maintenu-a-remiremont\/#article","isPartOf":{"@id":"https:\/\/vosgesinfo.fr\/gerardmerinfo\/2018\/06\/service-de-cardiologie-maintenu-a-remiremont\/"},"author":{"name":"qs_admin","@id":"https:\/\/vosgesinfo.fr\/gerardmerinfo\/#\/schema\/person\/bc5d02d71e6932e81b6dadb7386667b1"},"headline":"Le service de cardiologie maintenu \u00e0 Remiremont","datePublished":"2018-06-08T11:24:28+00:00","dateModified":"2018-06-08T11:24:28+00:00","mainEntityOfPage":{"@id":"https:\/\/vosgesinfo.fr\/gerardmerinfo\/2018\/06\/service-de-cardiologie-maintenu-a-remiremont\/"},"wordCount":513,"commentCount":0,"publisher":{"@id":"https:\/\/vosgesinfo.fr\/gerardmerinfo\/#organization"},"image":{"@id":"https:\/\/vosgesinfo.fr\/gerardmerinfo\/2018\/06\/service-de-cardiologie-maintenu-a-remiremont\/#primaryimage"},"thumbnailUrl":"https:\/\/vosgesinfo.fr\/app\/uploads\/sites\/6\/2024\/07\/201806centre-hospitalier-de-remiremont1.png","articleSection":["A la une","Sant\u00e9"],"inLanguage":"fr-FR","potentialAction":[{"@type":"CommentAction","name":"Comment","target":["https:\/\/vosgesinfo.fr\/gerardmerinfo\/2018\/06\/service-de-cardiologie-maintenu-a-remiremont\/#respond"]}]},{"@type":"WebPage","@id":"https:\/\/vosgesinfo.fr\/gerardmerinfo\/2018\/06\/service-de-cardiologie-maintenu-a-remiremont\/","url":"https:\/\/vosgesinfo.fr\/gerardmerinfo\/2018\/06\/service-de-cardiologie-maintenu-a-remiremont\/","name":"Le service de cardiologie maintenu \u00e0 Remiremont - Gerardmer Info","isPartOf":{"@id":"https:\/\/vosgesinfo.fr\/gerardmerinfo\/#website"},"primaryImageOfPage":{"@id":"https:\/\/vosgesinfo.fr\/gerardmerinfo\/2018\/06\/service-de-cardiologie-maintenu-a-remiremont\/#primaryimage"},"image":{"@id":"https:\/\/vosgesinfo.fr\/gerardmerinfo\/2018\/06\/service-de-cardiologie-maintenu-a-remiremont\/#primaryimage"},"thumbnailUrl":"https:\/\/vosgesinfo.fr\/app\/uploads\/sites\/6\/2024\/07\/201806centre-hospitalier-de-remiremont1.png","datePublished":"2018-06-08T11:24:28+00:00","dateModified":"2018-06-08T11:24:28+00:00","breadcrumb":{"@id":"https:\/\/vosgesinfo.fr\/gerardmerinfo\/2018\/06\/service-de-cardiologie-maintenu-a-remiremont\/#breadcrumb"},"inLanguage":"fr-FR","potentialAction":[{"@type":"ReadAction","target":["https:\/\/vosgesinfo.fr\/gerardmerinfo\/2018\/06\/service-de-cardiologie-maintenu-a-remiremont\/"]}]},{"@type":"ImageObject","inLanguage":"fr-FR","@id":"https:\/\/vosgesinfo.fr\/gerardmerinfo\/2018\/06\/service-de-cardiologie-maintenu-a-remiremont\/#primaryimage","url":"https:\/\/vosgesinfo.fr\/app\/uploads\/sites\/6\/2024\/07\/201806centre-hospitalier-de-remiremont1.png","contentUrl":"https:\/\/vosgesinfo.fr\/app\/uploads\/sites\/6\/2024\/07\/201806centre-hospitalier-de-remiremont1.png","width":644,"height":381},{"@type":"BreadcrumbList","@id":"https:\/\/vosgesinfo.fr\/gerardmerinfo\/2018\/06\/service-de-cardiologie-maintenu-a-remiremont\/#breadcrumb","itemListElement":[{"@type":"ListItem","position":1,"name":"Home","item":"https:\/\/vosgesinfo.fr\/gerardmerinfo\/"},{"@type":"ListItem","position":2,"name":"Le service de cardiologie maintenu \u00e0 Remiremont"}]},{"@type":"WebSite","@id":"https:\/\/vosgesinfo.fr\/gerardmerinfo\/#website","url":"https:\/\/vosgesinfo.fr\/gerardmerinfo\/","name":"Gerardmer Info","description":"Toute l&#039;actualit\u00e9 de G\u00e9rardmer","publisher":{"@id":"https:\/\/vosgesinfo.fr\/gerardmerinfo\/#organization"},"alternateName":"Toute l'actualit\u00e9 de G\u00e9rardmer","potentialAction":[{"@type":"SearchAction","target":{"@type":"EntryPoint","urlTemplate":"https:\/\/vosgesinfo.fr\/gerardmerinfo\/?s={search_term_string}"},"query-input":"required name=search_term_string"}],"inLanguage":"fr-FR"},{"@type":"Organization","@id":"https:\/\/vosgesinfo.fr\/gerardmerinfo\/#organization","name":"Gerardmer Info","url":"https:\/\/vosgesinfo.fr\/gerardmerinfo\/","logo":{"@type":"ImageObject","inLanguage":"fr-FR","@id":"https:\/\/vosgesinfo.fr\/gerardmerinfo\/#\/schema\/logo\/image\/","url":"https:\/\/vosgesinfo.fr\/app\/uploads\/sites\/6\/2023\/08\/favicon-gerardmerinfo.png","contentUrl":"https:\/\/vosgesinfo.fr\/app\/uploads\/sites\/6\/2023\/08\/favicon-gerardmerinfo.png","width":512,"height":512,"caption":"Gerardmer Info"},"image":{"@id":"https:\/\/vosgesinfo.fr\/gerardmerinfo\/#\/schema\/logo\/image\/"},"sameAs":["https:\/\/www.facebook.com\/profile.php?id=100049475262660","https:\/\/x.com\/VosgesInfo88","https:\/\/www.youtube.com\/@vosgesinfo"]},{"@type":"Person","@id":"https:\/\/vosgesinfo.fr\/gerardmerinfo\/#\/schema\/person\/bc5d02d71e6932e81b6dadb7386667b1","name":"qs_admin","image":{"@type":"ImageObject","inLanguage":"fr-FR","@id":"https:\/\/vosgesinfo.fr\/gerardmerinfo\/#\/schema\/person\/image\/","url":"https:\/\/secure.gravatar.com\/avatar\/94b18ee0ed79e4a42ea2f2931277b6841a8999fc6fde214600c78057cf1fe1de?s=96&d=mm&r=g","contentUrl":"https:\/\/secure.gravatar.com\/avatar\/94b18ee0ed79e4a42ea2f2931277b6841a8999fc6fde214600c78057cf1fe1de?s=96&d=mm&r=g","caption":"qs_admin"},"sameAs":["https:\/\/vosgesinfo.fr\/wp"],"url":"https:\/\/vosgesinfo.fr\/gerardmerinfo\/author\/qs_admin\/"}]}},"_links":{"self":[{"href":"https:\/\/vosgesinfo.fr\/gerardmerinfo\/wp-json\/wp\/v2\/posts\/34509","targetHints":{"allow":["GET"]}}],"collection":[{"href":"https:\/\/vosgesinfo.fr\/gerardmerinfo\/wp-json\/wp\/v2\/posts"}],"about":[{"href":"https:\/\/vosgesinfo.fr\/gerardmerinfo\/wp-json\/wp\/v2\/types\/post"}],"author":[{"embeddable":true,"href":"https:\/\/vosgesinfo.fr\/gerardmerinfo\/wp-json\/wp\/v2\/users\/1"}],"replies":[{"embeddable":true,"href":"https:\/\/vosgesinfo.fr\/gerardmerinfo\/wp-json\/wp\/v2\/comments?post=34509"}],"version-history":[{"count":0,"href":"https:\/\/vosgesinfo.fr\/gerardmerinfo\/wp-json\/wp\/v2\/posts\/34509\/revisions"}],"wp:featuredmedia":[{"embeddable":true,"href":"https:\/\/vosgesinfo.fr\/gerardmerinfo\/wp-json\/wp\/v2\/media\/34510"}],"wp:attachment":[{"href":"https:\/\/vosgesinfo.fr\/gerardmerinfo\/wp-json\/wp\/v2\/media?parent=34509"}],"wp:term":[{"taxonomy":"category","embeddable":true,"href":"https:\/\/vosgesinfo.fr\/gerardmerinfo\/wp-json\/wp\/v2\/categories?post=34509"},{"taxonomy":"post_tag","embeddable":true,"href":"https:\/\/vosgesinfo.fr\/gerardmerinfo\/wp-json\/wp\/v2\/tags?post=34509"}],"curies":[{"name":"wp","href":"https:\/\/api.w.org\/{rel}","templated":true}]}}