{"id":34755,"date":"2018-06-16T12:46:46","date_gmt":"2018-06-16T10:46:46","guid":{"rendered":"https:\/\/vosgesinfo.fr\/gerardmerinfo\/2018\/06\/trail-de-vallee-lacs-reichenbach-vraiment-fort\/"},"modified":"2018-06-16T12:46:46","modified_gmt":"2018-06-16T10:46:46","slug":"trail-de-vallee-lacs-reichenbach-vraiment-fort","status":"publish","type":"post","link":"https:\/\/vosgesinfo.fr\/gerardmerinfo\/2018\/06\/trail-de-vallee-lacs-reichenbach-vraiment-fort\/","title":{"rendered":"Trail de la Vall\u00e9e des Lacs : Reichenbach vraiment trop fort"},"content":{"rendered":"\n<p>Il valait mieux ne pas manquer le r\u00e9veil ou carr\u00e9ment ne pas aller se coucher pour assister au d\u00e9part du Grand Trail programm\u00e9 \u00e0 2 heures du matin. C&rsquo;est qu&rsquo;il y avait rien de moins que 90 km \u00e0 avaler avant de franchir la ligne d&rsquo;arriv\u00e9e, le tout avec 5 300m de d\u00e9nivel\u00e9. Une \u00e9preuve reine dont le parcours avait \u00e9t\u00e9 soigneusement \u00e9tudi\u00e9 par l&rsquo;\u00e9quipe organisatrice d&rsquo;Athl\u00e9 Vosges afin de mixer habilement points de vue magnifiques et passages techniques. Un trac\u00e9 manifestement appr\u00e9ci\u00e9 par les coureurs, \u00e0 commencer par le trio de t\u00eate de cette \u00e9dition remport\u00e9e avec panache par le V\u00e9ternat S\u00e9bastien Reichenbach.<\/p>\n<p>Sur le papier, ce n&rsquo;\u00e9tait pourtant pas gagn\u00e9 d&rsquo;avance, loin s&rsquo;en faut. Comme l&rsquo;a pr\u00e9cis\u00e9 Reichenbach au micro de J\u00e9r\u00f4me Jan, ses petits soucis au genou gauche avait rendu incertaine sa participation au Trail. \u00ab\u00a0\u00c7a fait quelques temps que je ne fais pas de grosses sorties \u00e0 l&rsquo;entra\u00eenement et je n&rsquo;ai fait que des distances courtes en comp\u00e9tition. Je me suis inscrit ici au dernier moment, mercredi\u00a0\u00bb a-t-il pr\u00e9cis\u00e9. Grand bien lui en a pris m\u00eame si la course n&rsquo;a pas \u00e9t\u00e9 aussi lin\u00e9aire que le chrono pourrait le laisser imaginer. En effet, apr\u00e8s avoir distanc\u00e9 le duo form\u00e9 par Damien Loitron (ESAM &#8211; r\u00e9gion parisienne) et le Normand Yoann Lecauchois (Cotentreil), Reichenbach a eu un petit coup de moins bien \u00e0 Lispach. Contraint de faire une bonne pause au ravitaillement, il a d\u00fb c\u00e9der momentan\u00e9ment la t\u00eate de la course \u00e0 ses poursuivants.<\/p>\n<p>Mais sans s&rsquo;affoler, apr\u00e8s avoir repris suffisamment de jus, il a entam\u00e9 sa remont\u00e9e pour finalement repasser devant dans la derni\u00e8re portion de la course, 2 ou 3 km avant Grouvelin. Lecauchois et Loitron ont rapidement compris qu&rsquo;il ne pourraient pas lutter face au V\u00e9ternat qui s&rsquo;est ensuite envol\u00e9 pour finir la course avec 8 minutes d&rsquo;avance et un temps de 11:04:04. Un chrono pas forc\u00e9ment canon, mais une tr\u00e8s belle course de Reichenbach qui a montr\u00e9 du caract\u00e8re pour revenir sur ses adversaires. Il faut dire qu&rsquo;il y avait du monde pour l&rsquo;accompagner et l&rsquo;attendre sur la ligne d&rsquo;arriv\u00e9e et c&rsquo;est parfois ce qui fait la diff\u00e9rence : \u00ab\u00a0\u00c7a fait chaud au c\u0153ur d&rsquo;avoir du monde \u00e0 c\u00f4t\u00e9, c&rsquo;est important ce r\u00e9confort quand on a fini\u00a0\u00bb ajoutera-t-il. C&rsquo;est peut-\u00eatre aussi pour cela que Loitron et Lecauchois ont fait la course ensemble alors qu&rsquo;ils ne se connaissaient pas avant le d\u00e9part, histoire de se soutenir mutuellement et faire un beau trail, finir entre potes, en beaut\u00e9 bras-dessus bras dessous sur la ligne d&rsquo;arriv\u00e9e !<\/p>\n<p>Tout les r\u00e9sultats ici : <span style=\"color: #000080;\"><a style=\"color: #000080;\" href=\"http:\/\/prod.chronorace.be\/Classements\/ListeRapports.aspx?eventId=1188318666566175\" target=\"_blank\" rel=\"noopener\">Chronorace<\/a><\/span><\/p>\n","protected":false},"excerpt":{"rendered":"<p>Il valait mieux ne pas manquer le r\u00e9veil ou carr\u00e9ment ne pas aller se coucher pour assister au d\u00e9part du [&hellip;]<\/p>\n","protected":false},"author":42,"featured_media":34756,"comment_status":"open","ping_status":"open","sticky":false,"template":"","format":"standard","meta":{"footnotes":""},"categories":[20,14,18],"tags":[3658,1124],"class_list":["post-34755","post","type-post","status-publish","format-standard","has-post-thumbnail","hentry","category-a-la-une","category-sport","category-vosges","tag-sebastien-reichenbach","tag-trail-de-la-vallee-des-lacs"],"acf":[],"yoast_head":"<!-- This site is optimized with the Yoast SEO plugin v22.5 - https:\/\/yoast.com\/wordpress\/plugins\/seo\/ -->\n<title>Trail de la Vall\u00e9e des Lacs : Reichenbach vraiment trop fort - Gerardmer Info<\/title>\n<meta name=\"robots\" content=\"index, follow, max-snippet:-1, max-image-preview:large, max-video-preview:-1\" \/>\n<link rel=\"canonical\" href=\"https:\/\/vosgesinfo.fr\/gerardmerinfo\/2018\/06\/trail-de-vallee-lacs-reichenbach-vraiment-fort\/\" \/>\n<meta name=\"twitter:card\" content=\"summary_large_image\" \/>\n<meta name=\"twitter:title\" content=\"Trail de la Vall\u00e9e des Lacs : Reichenbach vraiment trop fort - Gerardmer Info\" \/>\n<meta name=\"twitter:description\" content=\"Il valait mieux ne pas manquer le r\u00e9veil ou carr\u00e9ment ne pas aller se coucher pour assister au d\u00e9part du [&hellip;]\" \/>\n<meta name=\"twitter:image\" content=\"https:\/\/vosgesinfo.fr\/app\/uploads\/sites\/6\/2024\/07\/201806trail-de-la-vallee-des-lacs-90-km-3.jpg\" \/>\n<meta name=\"twitter:creator\" content=\"@VosgesInfo88\" \/>\n<meta name=\"twitter:site\" content=\"@VosgesInfo88\" \/>\n<meta name=\"twitter:label1\" content=\"\u00c9crit par\" \/>\n\t<meta name=\"twitter:data1\" content=\"QG\" \/>\n\t<meta name=\"twitter:label2\" content=\"Dur\u00e9e de lecture estim\u00e9e\" \/>\n\t<meta name=\"twitter:data2\" content=\"2 minutes\" \/>\n<script type=\"application\/ld+json\" class=\"yoast-schema-graph\">{\"@context\":\"https:\/\/schema.org\",\"@graph\":[{\"@type\":\"Article\",\"@id\":\"https:\/\/vosgesinfo.fr\/gerardmerinfo\/2018\/06\/trail-de-vallee-lacs-reichenbach-vraiment-fort\/#article\",\"isPartOf\":{\"@id\":\"https:\/\/vosgesinfo.fr\/gerardmerinfo\/2018\/06\/trail-de-vallee-lacs-reichenbach-vraiment-fort\/\"},\"author\":{\"name\":\"QG\",\"@id\":\"https:\/\/vosgesinfo.fr\/gerardmerinfo\/#\/schema\/person\/db5605779a843dad16b5368f3e7613a5\"},\"headline\":\"Trail de la Vall\u00e9e des Lacs : Reichenbach vraiment trop fort\",\"datePublished\":\"2018-06-16T10:46:46+00:00\",\"dateModified\":\"2018-06-16T10:46:46+00:00\",\"mainEntityOfPage\":{\"@id\":\"https:\/\/vosgesinfo.fr\/gerardmerinfo\/2018\/06\/trail-de-vallee-lacs-reichenbach-vraiment-fort\/\"},\"wordCount\":497,\"commentCount\":0,\"publisher\":{\"@id\":\"https:\/\/vosgesinfo.fr\/gerardmerinfo\/#organization\"},\"image\":{\"@id\":\"https:\/\/vosgesinfo.fr\/gerardmerinfo\/2018\/06\/trail-de-vallee-lacs-reichenbach-vraiment-fort\/#primaryimage\"},\"thumbnailUrl\":\"https:\/\/vosgesinfo.fr\/app\/uploads\/sites\/6\/2024\/07\/201806trail-de-la-vallee-des-lacs-90-km-3.jpg\",\"keywords\":[\"Sebastien reichenbach\",\"Trail de la Vall\u00e9e des Lacs\"],\"articleSection\":[\"A la une\",\"Sport\",\"Vosges\"],\"inLanguage\":\"fr-FR\",\"potentialAction\":[{\"@type\":\"CommentAction\",\"name\":\"Comment\",\"target\":[\"https:\/\/vosgesinfo.fr\/gerardmerinfo\/2018\/06\/trail-de-vallee-lacs-reichenbach-vraiment-fort\/#respond\"]}]},{\"@type\":\"WebPage\",\"@id\":\"https:\/\/vosgesinfo.fr\/gerardmerinfo\/2018\/06\/trail-de-vallee-lacs-reichenbach-vraiment-fort\/\",\"url\":\"https:\/\/vosgesinfo.fr\/gerardmerinfo\/2018\/06\/trail-de-vallee-lacs-reichenbach-vraiment-fort\/\",\"name\":\"Trail de la Vall\u00e9e des Lacs : Reichenbach vraiment trop fort - Gerardmer Info\",\"isPartOf\":{\"@id\":\"https:\/\/vosgesinfo.fr\/gerardmerinfo\/#website\"},\"primaryImageOfPage\":{\"@id\":\"https:\/\/vosgesinfo.fr\/gerardmerinfo\/2018\/06\/trail-de-vallee-lacs-reichenbach-vraiment-fort\/#primaryimage\"},\"image\":{\"@id\":\"https:\/\/vosgesinfo.fr\/gerardmerinfo\/2018\/06\/trail-de-vallee-lacs-reichenbach-vraiment-fort\/#primaryimage\"},\"thumbnailUrl\":\"https:\/\/vosgesinfo.fr\/app\/uploads\/sites\/6\/2024\/07\/201806trail-de-la-vallee-des-lacs-90-km-3.jpg\",\"datePublished\":\"2018-06-16T10:46:46+00:00\",\"dateModified\":\"2018-06-16T10:46:46+00:00\",\"breadcrumb\":{\"@id\":\"https:\/\/vosgesinfo.fr\/gerardmerinfo\/2018\/06\/trail-de-vallee-lacs-reichenbach-vraiment-fort\/#breadcrumb\"},\"inLanguage\":\"fr-FR\",\"potentialAction\":[{\"@type\":\"ReadAction\",\"target\":[\"https:\/\/vosgesinfo.fr\/gerardmerinfo\/2018\/06\/trail-de-vallee-lacs-reichenbach-vraiment-fort\/\"]}]},{\"@type\":\"ImageObject\",\"inLanguage\":\"fr-FR\",\"@id\":\"https:\/\/vosgesinfo.fr\/gerardmerinfo\/2018\/06\/trail-de-vallee-lacs-reichenbach-vraiment-fort\/#primaryimage\",\"url\":\"https:\/\/vosgesinfo.fr\/app\/uploads\/sites\/6\/2024\/07\/201806trail-de-la-vallee-des-lacs-90-km-3.jpg\",\"contentUrl\":\"https:\/\/vosgesinfo.fr\/app\/uploads\/sites\/6\/2024\/07\/201806trail-de-la-vallee-des-lacs-90-km-3.jpg\",\"width\":800,\"height\":600},{\"@type\":\"BreadcrumbList\",\"@id\":\"https:\/\/vosgesinfo.fr\/gerardmerinfo\/2018\/06\/trail-de-vallee-lacs-reichenbach-vraiment-fort\/#breadcrumb\",\"itemListElement\":[{\"@type\":\"ListItem\",\"position\":1,\"name\":\"Home\",\"item\":\"https:\/\/vosgesinfo.fr\/gerardmerinfo\/\"},{\"@type\":\"ListItem\",\"position\":2,\"name\":\"Trail de la Vall\u00e9e des Lacs : Reichenbach vraiment trop fort\"}]},{\"@type\":\"WebSite\",\"@id\":\"https:\/\/vosgesinfo.fr\/gerardmerinfo\/#website\",\"url\":\"https:\/\/vosgesinfo.fr\/gerardmerinfo\/\",\"name\":\"Gerardmer Info\",\"description\":\"Toute l&#039;actualit\u00e9 de G\u00e9rardmer\",\"publisher\":{\"@id\":\"https:\/\/vosgesinfo.fr\/gerardmerinfo\/#organization\"},\"alternateName\":\"Toute l'actualit\u00e9 de G\u00e9rardmer\",\"potentialAction\":[{\"@type\":\"SearchAction\",\"target\":{\"@type\":\"EntryPoint\",\"urlTemplate\":\"https:\/\/vosgesinfo.fr\/gerardmerinfo\/?s={search_term_string}\"},\"query-input\":\"required name=search_term_string\"}],\"inLanguage\":\"fr-FR\"},{\"@type\":\"Organization\",\"@id\":\"https:\/\/vosgesinfo.fr\/gerardmerinfo\/#organization\",\"name\":\"Gerardmer Info\",\"url\":\"https:\/\/vosgesinfo.fr\/gerardmerinfo\/\",\"logo\":{\"@type\":\"ImageObject\",\"inLanguage\":\"fr-FR\",\"@id\":\"https:\/\/vosgesinfo.fr\/gerardmerinfo\/#\/schema\/logo\/image\/\",\"url\":\"https:\/\/vosgesinfo.fr\/app\/uploads\/sites\/6\/2023\/08\/favicon-gerardmerinfo.png\",\"contentUrl\":\"https:\/\/vosgesinfo.fr\/app\/uploads\/sites\/6\/2023\/08\/favicon-gerardmerinfo.png\",\"width\":512,\"height\":512,\"caption\":\"Gerardmer Info\"},\"image\":{\"@id\":\"https:\/\/vosgesinfo.fr\/gerardmerinfo\/#\/schema\/logo\/image\/\"},\"sameAs\":[\"https:\/\/www.facebook.com\/profile.php?id=100049475262660\",\"https:\/\/x.com\/VosgesInfo88\",\"https:\/\/www.youtube.com\/@vosgesinfo\"]},{\"@type\":\"Person\",\"@id\":\"https:\/\/vosgesinfo.fr\/gerardmerinfo\/#\/schema\/person\/db5605779a843dad16b5368f3e7613a5\",\"name\":\"QG\",\"image\":{\"@type\":\"ImageObject\",\"inLanguage\":\"fr-FR\",\"@id\":\"https:\/\/vosgesinfo.fr\/gerardmerinfo\/#\/schema\/person\/image\/\",\"url\":\"https:\/\/secure.gravatar.com\/avatar\/ea80c42c204b534408512832fde52504ecabb9706bcb6151cf6175e5b64e6793?s=96&d=mm&r=g\",\"contentUrl\":\"https:\/\/secure.gravatar.com\/avatar\/ea80c42c204b534408512832fde52504ecabb9706bcb6151cf6175e5b64e6793?s=96&d=mm&r=g\",\"caption\":\"QG\"},\"url\":\"https:\/\/vosgesinfo.fr\/gerardmerinfo\/author\/quentin88\/\"}]}<\/script>\n<!-- \/ Yoast SEO plugin. -->","yoast_head_json":{"title":"Trail de la Vall\u00e9e des Lacs : Reichenbach vraiment trop fort - Gerardmer Info","robots":{"index":"index","follow":"follow","max-snippet":"max-snippet:-1","max-image-preview":"max-image-preview:large","max-video-preview":"max-video-preview:-1"},"canonical":"https:\/\/vosgesinfo.fr\/gerardmerinfo\/2018\/06\/trail-de-vallee-lacs-reichenbach-vraiment-fort\/","twitter_card":"summary_large_image","twitter_title":"Trail de la Vall\u00e9e des Lacs : Reichenbach vraiment trop fort - Gerardmer Info","twitter_description":"Il valait mieux ne pas manquer le r\u00e9veil ou carr\u00e9ment ne pas aller se coucher pour assister au d\u00e9part du [&hellip;]","twitter_image":"https:\/\/vosgesinfo.fr\/app\/uploads\/sites\/6\/2024\/07\/201806trail-de-la-vallee-des-lacs-90-km-3.jpg","twitter_creator":"@VosgesInfo88","twitter_site":"@VosgesInfo88","twitter_misc":{"\u00c9crit par":"QG","Dur\u00e9e de lecture estim\u00e9e":"2 minutes"},"schema":{"@context":"https:\/\/schema.org","@graph":[{"@type":"Article","@id":"https:\/\/vosgesinfo.fr\/gerardmerinfo\/2018\/06\/trail-de-vallee-lacs-reichenbach-vraiment-fort\/#article","isPartOf":{"@id":"https:\/\/vosgesinfo.fr\/gerardmerinfo\/2018\/06\/trail-de-vallee-lacs-reichenbach-vraiment-fort\/"},"author":{"name":"QG","@id":"https:\/\/vosgesinfo.fr\/gerardmerinfo\/#\/schema\/person\/db5605779a843dad16b5368f3e7613a5"},"headline":"Trail de la Vall\u00e9e des Lacs : Reichenbach vraiment trop fort","datePublished":"2018-06-16T10:46:46+00:00","dateModified":"2018-06-16T10:46:46+00:00","mainEntityOfPage":{"@id":"https:\/\/vosgesinfo.fr\/gerardmerinfo\/2018\/06\/trail-de-vallee-lacs-reichenbach-vraiment-fort\/"},"wordCount":497,"commentCount":0,"publisher":{"@id":"https:\/\/vosgesinfo.fr\/gerardmerinfo\/#organization"},"image":{"@id":"https:\/\/vosgesinfo.fr\/gerardmerinfo\/2018\/06\/trail-de-vallee-lacs-reichenbach-vraiment-fort\/#primaryimage"},"thumbnailUrl":"https:\/\/vosgesinfo.fr\/app\/uploads\/sites\/6\/2024\/07\/201806trail-de-la-vallee-des-lacs-90-km-3.jpg","keywords":["Sebastien reichenbach","Trail de la Vall\u00e9e des Lacs"],"articleSection":["A la une","Sport","Vosges"],"inLanguage":"fr-FR","potentialAction":[{"@type":"CommentAction","name":"Comment","target":["https:\/\/vosgesinfo.fr\/gerardmerinfo\/2018\/06\/trail-de-vallee-lacs-reichenbach-vraiment-fort\/#respond"]}]},{"@type":"WebPage","@id":"https:\/\/vosgesinfo.fr\/gerardmerinfo\/2018\/06\/trail-de-vallee-lacs-reichenbach-vraiment-fort\/","url":"https:\/\/vosgesinfo.fr\/gerardmerinfo\/2018\/06\/trail-de-vallee-lacs-reichenbach-vraiment-fort\/","name":"Trail de la Vall\u00e9e des Lacs : Reichenbach vraiment trop fort - Gerardmer Info","isPartOf":{"@id":"https:\/\/vosgesinfo.fr\/gerardmerinfo\/#website"},"primaryImageOfPage":{"@id":"https:\/\/vosgesinfo.fr\/gerardmerinfo\/2018\/06\/trail-de-vallee-lacs-reichenbach-vraiment-fort\/#primaryimage"},"image":{"@id":"https:\/\/vosgesinfo.fr\/gerardmerinfo\/2018\/06\/trail-de-vallee-lacs-reichenbach-vraiment-fort\/#primaryimage"},"thumbnailUrl":"https:\/\/vosgesinfo.fr\/app\/uploads\/sites\/6\/2024\/07\/201806trail-de-la-vallee-des-lacs-90-km-3.jpg","datePublished":"2018-06-16T10:46:46+00:00","dateModified":"2018-06-16T10:46:46+00:00","breadcrumb":{"@id":"https:\/\/vosgesinfo.fr\/gerardmerinfo\/2018\/06\/trail-de-vallee-lacs-reichenbach-vraiment-fort\/#breadcrumb"},"inLanguage":"fr-FR","potentialAction":[{"@type":"ReadAction","target":["https:\/\/vosgesinfo.fr\/gerardmerinfo\/2018\/06\/trail-de-vallee-lacs-reichenbach-vraiment-fort\/"]}]},{"@type":"ImageObject","inLanguage":"fr-FR","@id":"https:\/\/vosgesinfo.fr\/gerardmerinfo\/2018\/06\/trail-de-vallee-lacs-reichenbach-vraiment-fort\/#primaryimage","url":"https:\/\/vosgesinfo.fr\/app\/uploads\/sites\/6\/2024\/07\/201806trail-de-la-vallee-des-lacs-90-km-3.jpg","contentUrl":"https:\/\/vosgesinfo.fr\/app\/uploads\/sites\/6\/2024\/07\/201806trail-de-la-vallee-des-lacs-90-km-3.jpg","width":800,"height":600},{"@type":"BreadcrumbList","@id":"https:\/\/vosgesinfo.fr\/gerardmerinfo\/2018\/06\/trail-de-vallee-lacs-reichenbach-vraiment-fort\/#breadcrumb","itemListElement":[{"@type":"ListItem","position":1,"name":"Home","item":"https:\/\/vosgesinfo.fr\/gerardmerinfo\/"},{"@type":"ListItem","position":2,"name":"Trail de la Vall\u00e9e des Lacs : Reichenbach vraiment trop fort"}]},{"@type":"WebSite","@id":"https:\/\/vosgesinfo.fr\/gerardmerinfo\/#website","url":"https:\/\/vosgesinfo.fr\/gerardmerinfo\/","name":"Gerardmer Info","description":"Toute l&#039;actualit\u00e9 de G\u00e9rardmer","publisher":{"@id":"https:\/\/vosgesinfo.fr\/gerardmerinfo\/#organization"},"alternateName":"Toute l'actualit\u00e9 de G\u00e9rardmer","potentialAction":[{"@type":"SearchAction","target":{"@type":"EntryPoint","urlTemplate":"https:\/\/vosgesinfo.fr\/gerardmerinfo\/?s={search_term_string}"},"query-input":"required name=search_term_string"}],"inLanguage":"fr-FR"},{"@type":"Organization","@id":"https:\/\/vosgesinfo.fr\/gerardmerinfo\/#organization","name":"Gerardmer Info","url":"https:\/\/vosgesinfo.fr\/gerardmerinfo\/","logo":{"@type":"ImageObject","inLanguage":"fr-FR","@id":"https:\/\/vosgesinfo.fr\/gerardmerinfo\/#\/schema\/logo\/image\/","url":"https:\/\/vosgesinfo.fr\/app\/uploads\/sites\/6\/2023\/08\/favicon-gerardmerinfo.png","contentUrl":"https:\/\/vosgesinfo.fr\/app\/uploads\/sites\/6\/2023\/08\/favicon-gerardmerinfo.png","width":512,"height":512,"caption":"Gerardmer Info"},"image":{"@id":"https:\/\/vosgesinfo.fr\/gerardmerinfo\/#\/schema\/logo\/image\/"},"sameAs":["https:\/\/www.facebook.com\/profile.php?id=100049475262660","https:\/\/x.com\/VosgesInfo88","https:\/\/www.youtube.com\/@vosgesinfo"]},{"@type":"Person","@id":"https:\/\/vosgesinfo.fr\/gerardmerinfo\/#\/schema\/person\/db5605779a843dad16b5368f3e7613a5","name":"QG","image":{"@type":"ImageObject","inLanguage":"fr-FR","@id":"https:\/\/vosgesinfo.fr\/gerardmerinfo\/#\/schema\/person\/image\/","url":"https:\/\/secure.gravatar.com\/avatar\/ea80c42c204b534408512832fde52504ecabb9706bcb6151cf6175e5b64e6793?s=96&d=mm&r=g","contentUrl":"https:\/\/secure.gravatar.com\/avatar\/ea80c42c204b534408512832fde52504ecabb9706bcb6151cf6175e5b64e6793?s=96&d=mm&r=g","caption":"QG"},"url":"https:\/\/vosgesinfo.fr\/gerardmerinfo\/author\/quentin88\/"}]}},"_links":{"self":[{"href":"https:\/\/vosgesinfo.fr\/gerardmerinfo\/wp-json\/wp\/v2\/posts\/34755","targetHints":{"allow":["GET"]}}],"collection":[{"href":"https:\/\/vosgesinfo.fr\/gerardmerinfo\/wp-json\/wp\/v2\/posts"}],"about":[{"href":"https:\/\/vosgesinfo.fr\/gerardmerinfo\/wp-json\/wp\/v2\/types\/post"}],"author":[{"embeddable":true,"href":"https:\/\/vosgesinfo.fr\/gerardmerinfo\/wp-json\/wp\/v2\/users\/42"}],"replies":[{"embeddable":true,"href":"https:\/\/vosgesinfo.fr\/gerardmerinfo\/wp-json\/wp\/v2\/comments?post=34755"}],"version-history":[{"count":0,"href":"https:\/\/vosgesinfo.fr\/gerardmerinfo\/wp-json\/wp\/v2\/posts\/34755\/revisions"}],"wp:featuredmedia":[{"embeddable":true,"href":"https:\/\/vosgesinfo.fr\/gerardmerinfo\/wp-json\/wp\/v2\/media\/34756"}],"wp:attachment":[{"href":"https:\/\/vosgesinfo.fr\/gerardmerinfo\/wp-json\/wp\/v2\/media?parent=34755"}],"wp:term":[{"taxonomy":"category","embeddable":true,"href":"https:\/\/vosgesinfo.fr\/gerardmerinfo\/wp-json\/wp\/v2\/categories?post=34755"},{"taxonomy":"post_tag","embeddable":true,"href":"https:\/\/vosgesinfo.fr\/gerardmerinfo\/wp-json\/wp\/v2\/tags?post=34755"}],"curies":[{"name":"wp","href":"https:\/\/api.w.org\/{rel}","templated":true}]}}