{"id":34806,"date":"2018-06-17T12:33:51","date_gmt":"2018-06-17T10:33:51","guid":{"rendered":"https:\/\/vosgesinfo.fr\/gerardmerinfo\/2018\/06\/sentiers-de-photo-2018-tibet-toit-vosges-toit-monde\/"},"modified":"2018-06-17T12:33:51","modified_gmt":"2018-06-17T10:33:51","slug":"sentiers-de-photo-2018-tibet-toit-vosges-toit-monde","status":"publish","type":"post","link":"https:\/\/vosgesinfo.fr\/gerardmerinfo\/2018\/06\/sentiers-de-photo-2018-tibet-toit-vosges-toit-monde\/","title":{"rendered":"Les Sentiers de la photo 2018 : Tibet &#8211; du toit des Vosges au toit du monde"},"content":{"rendered":"<p><strong><a href=\"\/2018\/06\/inauguration-sentiers-de-la-photo-2018-M.-ricard-4.jpg\"><img decoding=\"async\" class=\"aligncenter wp-image-129442\" src=\"\/2018\/06\/inauguration-sentiers-de-la-photo-2018-M.-ricard-4.jpg\" alt=\"inauguration sentiers de la photo 2018 M. ricard (4)\" width=\"500\" height=\"375\" \/><\/a><\/strong><\/p>\n<p><strong>Pour cette troisi\u00e8me \u00e9dition des Sentiers de la Photo aux Jardins de Bernadette, le th\u00e8me retenu cette ann\u00e9e pour cette exposition \u00e0 ciel ouvert \u00e9tait le Tibet.<\/strong><\/p>\n<div id=\"attachment_129435\" style=\"width: 350px\" class=\"wp-caption alignright\"><a href=\"\/2018\/06\/sentiers-de-la-photo-2018-M.-ricard-6.jpg\"><img decoding=\"async\" aria-describedby=\"caption-attachment-129435\" class=\"size-medium wp-image-129435\" src=\"\/2018\/06\/sentiers-de-la-photo-2018-M.-ricard-6-340x255.jpg\" alt=\"La pr\u00e9sidente de l'association des Sentiers St\u00e9phanie rauscent (au centre) s'est fait un plaisir de pr\u00e9senter cette nouvelle \u00e9dition\" width=\"340\" height=\"255\" \/><\/a><p id=\"caption-attachment-129435\" class=\"wp-caption-text\">La pr\u00e9sidente de l&rsquo;association des Sentiers St\u00e9phanie Rauscent (au centre) s&rsquo;est fait un plaisir de pr\u00e9senter cette nouvelle \u00e9dition<\/p><\/div>\n<p>De juin \u00e0 novembre, le Haut-du-T\u00f4t, village le plus haut des Vosges, accueille donc pour la troisi\u00e8me ann\u00e9e cons\u00e9cutive, une exposition photographique \u00e0 ciel ouvert. Tout au long d\u2019un sentier de 3 kilom\u00e8tres, ce sont plus de 130 photographies grand format qui sont propos\u00e9es aux visiteurs. C\u2019est au d\u00e9tour d\u2019un chemin creux ou \u00e0 l\u2019ombre des hauts sapins que les promeneurs\/visiteurs d\u00e9couvriront les \u0153uvres expos\u00e9es.<\/p>\n<p>Pour garnir les all\u00e9es des Jardins de clich\u00e9s de toute beaut\u00e9 et faire la part belle au Tibet, Caroline Riegel, Matthieu Ricard, Fr\u00e9d\u00e9ric Lemalet et Vincent Munier \u00ab\u00a0<em>ont su capter des instants rares qui refl\u00e8tent leur qu\u00eate personnelle : se confronter \u00e0 la nature sauvage intacte pour Vincent, saisir la lumi\u00e8re du monde dans un regard d\u2019enfant pour Fr\u00e9d\u00e9ric, partager les couleurs d\u2019une vie spirituelle pour Matthieu, et pour Caroline, une soif de rencontres impr\u00e9gn\u00e9es de joie.\u00a0\u00bb<\/em><\/p>\n<div id=\"attachment_129436\" style=\"width: 350px\" class=\"wp-caption alignleft\"><a href=\"\/2018\/06\/sentiers-de-la-photo-2018-M.-ricard-7.jpg\"><img decoding=\"async\" aria-describedby=\"caption-attachment-129436\" class=\"size-medium wp-image-129436\" src=\"\/2018\/06\/sentiers-de-la-photo-2018-M.-ricard-7-340x255.jpg\" alt=\"Un point presse \u00e9tait pr\u00e9vu dans la matin\u00e9e\" width=\"340\" height=\"255\" \/><\/a><p id=\"caption-attachment-129436\" class=\"wp-caption-text\"><span style=\"color: #800000;\">Un point presse \u00e9tait pr\u00e9vu dans la matin\u00e9e<\/span><\/p><\/div>\n<p>A cette dream team de photographes, ajoutons, comme l&rsquo;an dernier, un partenariat avec le Festival de la photo animali\u00e8re et de nature de Montier-en-Der. Un rassemblement incontournable des amateurs et des professionnels de photographie animali\u00e8re, c\u2019est le lieu privil\u00e9gi\u00e9 o\u00f9 s\u2019exposent les plus grands noms : Vincent MUNIER, Jim BRANDENBURG, Frans LANTING, Steve WINTER, James BALOG, Kyriakos KAZIRAS, REZA et bien d\u2019autres encore. L\u2019association les Sentiers de la photo est \u0087 fi\u00e8re de pouvoir programmer une exposition issue du Festival international de Montier. Plus de 30 images s\u00e9lectionn\u00e9es pour le concours international de la photo nature 2017 sont pr\u00e9sent\u00e9es sur le parcours des Sentiers o\u00f9 le visiteur pourra admirer les paysages, la faune et la flore des 5 continents&#8230;<\/p>\n<p><a href=\"\/2018\/06\/senteirs-de-la-photo-2018.png\"><img decoding=\"async\" class=\"alignright size-medium wp-image-129439\" src=\"\/2018\/06\/senteirs-de-la-photo-2018-180x255.png\" alt=\"senteirs de la photo 2018\" width=\"180\" height=\"255\" \/><\/a>Que dire de plus sur cette \u00e9dition, si ce n&rsquo;est qu&rsquo;il y avait foule samedi tout au long de la journ\u00e9e o\u00f9 \u00e9taient programm\u00e9s le vernissage de ce nouvel opus ainsi que plusieurs animations dont une conf\u00e9rence de Matthieu Ricard sur l&rsquo;altruisme, ou encore la programmation du film de Caroline RIEGEL, \u00ab Les Semeuses de joie \u00bb. Au total, ce sont pr\u00e8s de 1 500 visiteurs qui se sont succ\u00e9d\u00e9s au Haut du T\u00f4t pour cette grande premi\u00e8re. Pour la pr\u00e9sidente de l&rsquo;association des Sentiers St\u00e9phanie Rauscent et ses amis, cette \u00e9dition se pr\u00e9sente donc sous les meilleurs auspices.<\/p>\n<p>Plus d&rsquo;informations sur l&rsquo;association et l&rsquo;exposition ici : <a href=\"http:\/\/2018.sentiersdelaphoto.fr\/\" target=\"_blank\" rel=\"noopener\">http:\/\/2018.sentiersdelaphoto.fr\/<\/a><\/p>\n<p>Exposition visible du 16 juin au 10 novembre 2018 en entr\u00e9e libre aux Jardins de Bernadette.<\/p>\n<p>Photos : merci \u00e0 Julien F\u00e9lix<\/p>\n\n","protected":false},"excerpt":{"rendered":"<p>Pour cette troisi\u00e8me \u00e9dition des Sentiers de la Photo aux Jardins de Bernadette, le th\u00e8me retenu cette ann\u00e9e pour cette [&hellip;]<\/p>\n","protected":false},"author":42,"featured_media":34807,"comment_status":"open","ping_status":"open","sticky":false,"template":"","format":"standard","meta":{"footnotes":""},"categories":[20,4],"tags":[435],"class_list":["post-34806","post","type-post","status-publish","format-standard","has-post-thumbnail","hentry","category-a-la-une","category-culture","tag-sentiers-de-la-photo"],"acf":[],"yoast_head":"<!-- This site is optimized with the Yoast SEO plugin v22.5 - https:\/\/yoast.com\/wordpress\/plugins\/seo\/ -->\n<title>Les Sentiers de la photo 2018 : Tibet - du toit des Vosges au toit du monde - Gerardmer Info<\/title>\n<meta name=\"robots\" content=\"index, follow, max-snippet:-1, max-image-preview:large, max-video-preview:-1\" \/>\n<link rel=\"canonical\" href=\"https:\/\/vosgesinfo.fr\/gerardmerinfo\/2018\/06\/sentiers-de-photo-2018-tibet-toit-vosges-toit-monde\/\" \/>\n<meta name=\"twitter:card\" content=\"summary_large_image\" \/>\n<meta name=\"twitter:title\" content=\"Les Sentiers de la photo 2018 : Tibet - du toit des Vosges au toit du monde - Gerardmer Info\" \/>\n<meta name=\"twitter:description\" content=\"Pour cette troisi\u00e8me \u00e9dition des Sentiers de la Photo aux Jardins de Bernadette, le th\u00e8me retenu cette ann\u00e9e pour cette [&hellip;]\" \/>\n<meta name=\"twitter:image\" content=\"https:\/\/vosgesinfo.fr\/app\/uploads\/sites\/6\/2024\/07\/201806sentiers-de-la-photo-2018-m.-ricard-6.jpg\" \/>\n<meta name=\"twitter:creator\" content=\"@VosgesInfo88\" \/>\n<meta name=\"twitter:site\" content=\"@VosgesInfo88\" \/>\n<meta name=\"twitter:label1\" content=\"\u00c9crit par\" \/>\n\t<meta name=\"twitter:data1\" content=\"QG\" \/>\n\t<meta name=\"twitter:label2\" content=\"Dur\u00e9e de lecture estim\u00e9e\" \/>\n\t<meta name=\"twitter:data2\" content=\"3 minutes\" \/>\n<script type=\"application\/ld+json\" class=\"yoast-schema-graph\">{\"@context\":\"https:\/\/schema.org\",\"@graph\":[{\"@type\":\"Article\",\"@id\":\"https:\/\/vosgesinfo.fr\/gerardmerinfo\/2018\/06\/sentiers-de-photo-2018-tibet-toit-vosges-toit-monde\/#article\",\"isPartOf\":{\"@id\":\"https:\/\/vosgesinfo.fr\/gerardmerinfo\/2018\/06\/sentiers-de-photo-2018-tibet-toit-vosges-toit-monde\/\"},\"author\":{\"name\":\"QG\",\"@id\":\"https:\/\/vosgesinfo.fr\/gerardmerinfo\/#\/schema\/person\/db5605779a843dad16b5368f3e7613a5\"},\"headline\":\"Les Sentiers de la photo 2018 : Tibet &#8211; du toit des Vosges au toit du monde\",\"datePublished\":\"2018-06-17T10:33:51+00:00\",\"dateModified\":\"2018-06-17T10:33:51+00:00\",\"mainEntityOfPage\":{\"@id\":\"https:\/\/vosgesinfo.fr\/gerardmerinfo\/2018\/06\/sentiers-de-photo-2018-tibet-toit-vosges-toit-monde\/\"},\"wordCount\":533,\"commentCount\":0,\"publisher\":{\"@id\":\"https:\/\/vosgesinfo.fr\/gerardmerinfo\/#organization\"},\"image\":{\"@id\":\"https:\/\/vosgesinfo.fr\/gerardmerinfo\/2018\/06\/sentiers-de-photo-2018-tibet-toit-vosges-toit-monde\/#primaryimage\"},\"thumbnailUrl\":\"https:\/\/vosgesinfo.fr\/app\/uploads\/sites\/6\/2024\/07\/201806sentiers-de-la-photo-2018-m.-ricard-6.jpg\",\"keywords\":[\"sentiers de la photo\"],\"articleSection\":[\"A la une\",\"Culture\"],\"inLanguage\":\"fr-FR\",\"potentialAction\":[{\"@type\":\"CommentAction\",\"name\":\"Comment\",\"target\":[\"https:\/\/vosgesinfo.fr\/gerardmerinfo\/2018\/06\/sentiers-de-photo-2018-tibet-toit-vosges-toit-monde\/#respond\"]}]},{\"@type\":\"WebPage\",\"@id\":\"https:\/\/vosgesinfo.fr\/gerardmerinfo\/2018\/06\/sentiers-de-photo-2018-tibet-toit-vosges-toit-monde\/\",\"url\":\"https:\/\/vosgesinfo.fr\/gerardmerinfo\/2018\/06\/sentiers-de-photo-2018-tibet-toit-vosges-toit-monde\/\",\"name\":\"Les Sentiers de la photo 2018 : Tibet - du toit des Vosges au toit du monde - Gerardmer Info\",\"isPartOf\":{\"@id\":\"https:\/\/vosgesinfo.fr\/gerardmerinfo\/#website\"},\"primaryImageOfPage\":{\"@id\":\"https:\/\/vosgesinfo.fr\/gerardmerinfo\/2018\/06\/sentiers-de-photo-2018-tibet-toit-vosges-toit-monde\/#primaryimage\"},\"image\":{\"@id\":\"https:\/\/vosgesinfo.fr\/gerardmerinfo\/2018\/06\/sentiers-de-photo-2018-tibet-toit-vosges-toit-monde\/#primaryimage\"},\"thumbnailUrl\":\"https:\/\/vosgesinfo.fr\/app\/uploads\/sites\/6\/2024\/07\/201806sentiers-de-la-photo-2018-m.-ricard-6.jpg\",\"datePublished\":\"2018-06-17T10:33:51+00:00\",\"dateModified\":\"2018-06-17T10:33:51+00:00\",\"breadcrumb\":{\"@id\":\"https:\/\/vosgesinfo.fr\/gerardmerinfo\/2018\/06\/sentiers-de-photo-2018-tibet-toit-vosges-toit-monde\/#breadcrumb\"},\"inLanguage\":\"fr-FR\",\"potentialAction\":[{\"@type\":\"ReadAction\",\"target\":[\"https:\/\/vosgesinfo.fr\/gerardmerinfo\/2018\/06\/sentiers-de-photo-2018-tibet-toit-vosges-toit-monde\/\"]}]},{\"@type\":\"ImageObject\",\"inLanguage\":\"fr-FR\",\"@id\":\"https:\/\/vosgesinfo.fr\/gerardmerinfo\/2018\/06\/sentiers-de-photo-2018-tibet-toit-vosges-toit-monde\/#primaryimage\",\"url\":\"https:\/\/vosgesinfo.fr\/app\/uploads\/sites\/6\/2024\/07\/201806sentiers-de-la-photo-2018-m.-ricard-6.jpg\",\"contentUrl\":\"https:\/\/vosgesinfo.fr\/app\/uploads\/sites\/6\/2024\/07\/201806sentiers-de-la-photo-2018-m.-ricard-6.jpg\",\"width\":800,\"height\":600},{\"@type\":\"BreadcrumbList\",\"@id\":\"https:\/\/vosgesinfo.fr\/gerardmerinfo\/2018\/06\/sentiers-de-photo-2018-tibet-toit-vosges-toit-monde\/#breadcrumb\",\"itemListElement\":[{\"@type\":\"ListItem\",\"position\":1,\"name\":\"Home\",\"item\":\"https:\/\/vosgesinfo.fr\/gerardmerinfo\/\"},{\"@type\":\"ListItem\",\"position\":2,\"name\":\"Les Sentiers de la photo 2018 : Tibet &#8211; du toit des Vosges au toit du monde\"}]},{\"@type\":\"WebSite\",\"@id\":\"https:\/\/vosgesinfo.fr\/gerardmerinfo\/#website\",\"url\":\"https:\/\/vosgesinfo.fr\/gerardmerinfo\/\",\"name\":\"Gerardmer Info\",\"description\":\"Toute l&#039;actualit\u00e9 de G\u00e9rardmer\",\"publisher\":{\"@id\":\"https:\/\/vosgesinfo.fr\/gerardmerinfo\/#organization\"},\"alternateName\":\"Toute l'actualit\u00e9 de G\u00e9rardmer\",\"potentialAction\":[{\"@type\":\"SearchAction\",\"target\":{\"@type\":\"EntryPoint\",\"urlTemplate\":\"https:\/\/vosgesinfo.fr\/gerardmerinfo\/?s={search_term_string}\"},\"query-input\":\"required name=search_term_string\"}],\"inLanguage\":\"fr-FR\"},{\"@type\":\"Organization\",\"@id\":\"https:\/\/vosgesinfo.fr\/gerardmerinfo\/#organization\",\"name\":\"Gerardmer Info\",\"url\":\"https:\/\/vosgesinfo.fr\/gerardmerinfo\/\",\"logo\":{\"@type\":\"ImageObject\",\"inLanguage\":\"fr-FR\",\"@id\":\"https:\/\/vosgesinfo.fr\/gerardmerinfo\/#\/schema\/logo\/image\/\",\"url\":\"https:\/\/vosgesinfo.fr\/app\/uploads\/sites\/6\/2023\/08\/favicon-gerardmerinfo.png\",\"contentUrl\":\"https:\/\/vosgesinfo.fr\/app\/uploads\/sites\/6\/2023\/08\/favicon-gerardmerinfo.png\",\"width\":512,\"height\":512,\"caption\":\"Gerardmer Info\"},\"image\":{\"@id\":\"https:\/\/vosgesinfo.fr\/gerardmerinfo\/#\/schema\/logo\/image\/\"},\"sameAs\":[\"https:\/\/www.facebook.com\/profile.php?id=100049475262660\",\"https:\/\/x.com\/VosgesInfo88\",\"https:\/\/www.youtube.com\/@vosgesinfo\"]},{\"@type\":\"Person\",\"@id\":\"https:\/\/vosgesinfo.fr\/gerardmerinfo\/#\/schema\/person\/db5605779a843dad16b5368f3e7613a5\",\"name\":\"QG\",\"image\":{\"@type\":\"ImageObject\",\"inLanguage\":\"fr-FR\",\"@id\":\"https:\/\/vosgesinfo.fr\/gerardmerinfo\/#\/schema\/person\/image\/\",\"url\":\"https:\/\/secure.gravatar.com\/avatar\/ea80c42c204b534408512832fde52504ecabb9706bcb6151cf6175e5b64e6793?s=96&d=mm&r=g\",\"contentUrl\":\"https:\/\/secure.gravatar.com\/avatar\/ea80c42c204b534408512832fde52504ecabb9706bcb6151cf6175e5b64e6793?s=96&d=mm&r=g\",\"caption\":\"QG\"},\"url\":\"https:\/\/vosgesinfo.fr\/gerardmerinfo\/author\/quentin88\/\"}]}<\/script>\n<!-- \/ Yoast SEO plugin. -->","yoast_head_json":{"title":"Les Sentiers de la photo 2018 : Tibet - du toit des Vosges au toit du monde - Gerardmer Info","robots":{"index":"index","follow":"follow","max-snippet":"max-snippet:-1","max-image-preview":"max-image-preview:large","max-video-preview":"max-video-preview:-1"},"canonical":"https:\/\/vosgesinfo.fr\/gerardmerinfo\/2018\/06\/sentiers-de-photo-2018-tibet-toit-vosges-toit-monde\/","twitter_card":"summary_large_image","twitter_title":"Les Sentiers de la photo 2018 : Tibet - du toit des Vosges au toit du monde - Gerardmer Info","twitter_description":"Pour cette troisi\u00e8me \u00e9dition des Sentiers de la Photo aux Jardins de Bernadette, le th\u00e8me retenu cette ann\u00e9e pour cette [&hellip;]","twitter_image":"https:\/\/vosgesinfo.fr\/app\/uploads\/sites\/6\/2024\/07\/201806sentiers-de-la-photo-2018-m.-ricard-6.jpg","twitter_creator":"@VosgesInfo88","twitter_site":"@VosgesInfo88","twitter_misc":{"\u00c9crit par":"QG","Dur\u00e9e de lecture estim\u00e9e":"3 minutes"},"schema":{"@context":"https:\/\/schema.org","@graph":[{"@type":"Article","@id":"https:\/\/vosgesinfo.fr\/gerardmerinfo\/2018\/06\/sentiers-de-photo-2018-tibet-toit-vosges-toit-monde\/#article","isPartOf":{"@id":"https:\/\/vosgesinfo.fr\/gerardmerinfo\/2018\/06\/sentiers-de-photo-2018-tibet-toit-vosges-toit-monde\/"},"author":{"name":"QG","@id":"https:\/\/vosgesinfo.fr\/gerardmerinfo\/#\/schema\/person\/db5605779a843dad16b5368f3e7613a5"},"headline":"Les Sentiers de la photo 2018 : Tibet &#8211; du toit des Vosges au toit du monde","datePublished":"2018-06-17T10:33:51+00:00","dateModified":"2018-06-17T10:33:51+00:00","mainEntityOfPage":{"@id":"https:\/\/vosgesinfo.fr\/gerardmerinfo\/2018\/06\/sentiers-de-photo-2018-tibet-toit-vosges-toit-monde\/"},"wordCount":533,"commentCount":0,"publisher":{"@id":"https:\/\/vosgesinfo.fr\/gerardmerinfo\/#organization"},"image":{"@id":"https:\/\/vosgesinfo.fr\/gerardmerinfo\/2018\/06\/sentiers-de-photo-2018-tibet-toit-vosges-toit-monde\/#primaryimage"},"thumbnailUrl":"https:\/\/vosgesinfo.fr\/app\/uploads\/sites\/6\/2024\/07\/201806sentiers-de-la-photo-2018-m.-ricard-6.jpg","keywords":["sentiers de la photo"],"articleSection":["A la une","Culture"],"inLanguage":"fr-FR","potentialAction":[{"@type":"CommentAction","name":"Comment","target":["https:\/\/vosgesinfo.fr\/gerardmerinfo\/2018\/06\/sentiers-de-photo-2018-tibet-toit-vosges-toit-monde\/#respond"]}]},{"@type":"WebPage","@id":"https:\/\/vosgesinfo.fr\/gerardmerinfo\/2018\/06\/sentiers-de-photo-2018-tibet-toit-vosges-toit-monde\/","url":"https:\/\/vosgesinfo.fr\/gerardmerinfo\/2018\/06\/sentiers-de-photo-2018-tibet-toit-vosges-toit-monde\/","name":"Les Sentiers de la photo 2018 : Tibet - du toit des Vosges au toit du monde - Gerardmer Info","isPartOf":{"@id":"https:\/\/vosgesinfo.fr\/gerardmerinfo\/#website"},"primaryImageOfPage":{"@id":"https:\/\/vosgesinfo.fr\/gerardmerinfo\/2018\/06\/sentiers-de-photo-2018-tibet-toit-vosges-toit-monde\/#primaryimage"},"image":{"@id":"https:\/\/vosgesinfo.fr\/gerardmerinfo\/2018\/06\/sentiers-de-photo-2018-tibet-toit-vosges-toit-monde\/#primaryimage"},"thumbnailUrl":"https:\/\/vosgesinfo.fr\/app\/uploads\/sites\/6\/2024\/07\/201806sentiers-de-la-photo-2018-m.-ricard-6.jpg","datePublished":"2018-06-17T10:33:51+00:00","dateModified":"2018-06-17T10:33:51+00:00","breadcrumb":{"@id":"https:\/\/vosgesinfo.fr\/gerardmerinfo\/2018\/06\/sentiers-de-photo-2018-tibet-toit-vosges-toit-monde\/#breadcrumb"},"inLanguage":"fr-FR","potentialAction":[{"@type":"ReadAction","target":["https:\/\/vosgesinfo.fr\/gerardmerinfo\/2018\/06\/sentiers-de-photo-2018-tibet-toit-vosges-toit-monde\/"]}]},{"@type":"ImageObject","inLanguage":"fr-FR","@id":"https:\/\/vosgesinfo.fr\/gerardmerinfo\/2018\/06\/sentiers-de-photo-2018-tibet-toit-vosges-toit-monde\/#primaryimage","url":"https:\/\/vosgesinfo.fr\/app\/uploads\/sites\/6\/2024\/07\/201806sentiers-de-la-photo-2018-m.-ricard-6.jpg","contentUrl":"https:\/\/vosgesinfo.fr\/app\/uploads\/sites\/6\/2024\/07\/201806sentiers-de-la-photo-2018-m.-ricard-6.jpg","width":800,"height":600},{"@type":"BreadcrumbList","@id":"https:\/\/vosgesinfo.fr\/gerardmerinfo\/2018\/06\/sentiers-de-photo-2018-tibet-toit-vosges-toit-monde\/#breadcrumb","itemListElement":[{"@type":"ListItem","position":1,"name":"Home","item":"https:\/\/vosgesinfo.fr\/gerardmerinfo\/"},{"@type":"ListItem","position":2,"name":"Les Sentiers de la photo 2018 : Tibet &#8211; du toit des Vosges au toit du monde"}]},{"@type":"WebSite","@id":"https:\/\/vosgesinfo.fr\/gerardmerinfo\/#website","url":"https:\/\/vosgesinfo.fr\/gerardmerinfo\/","name":"Gerardmer Info","description":"Toute l&#039;actualit\u00e9 de G\u00e9rardmer","publisher":{"@id":"https:\/\/vosgesinfo.fr\/gerardmerinfo\/#organization"},"alternateName":"Toute l'actualit\u00e9 de G\u00e9rardmer","potentialAction":[{"@type":"SearchAction","target":{"@type":"EntryPoint","urlTemplate":"https:\/\/vosgesinfo.fr\/gerardmerinfo\/?s={search_term_string}"},"query-input":"required name=search_term_string"}],"inLanguage":"fr-FR"},{"@type":"Organization","@id":"https:\/\/vosgesinfo.fr\/gerardmerinfo\/#organization","name":"Gerardmer Info","url":"https:\/\/vosgesinfo.fr\/gerardmerinfo\/","logo":{"@type":"ImageObject","inLanguage":"fr-FR","@id":"https:\/\/vosgesinfo.fr\/gerardmerinfo\/#\/schema\/logo\/image\/","url":"https:\/\/vosgesinfo.fr\/app\/uploads\/sites\/6\/2023\/08\/favicon-gerardmerinfo.png","contentUrl":"https:\/\/vosgesinfo.fr\/app\/uploads\/sites\/6\/2023\/08\/favicon-gerardmerinfo.png","width":512,"height":512,"caption":"Gerardmer Info"},"image":{"@id":"https:\/\/vosgesinfo.fr\/gerardmerinfo\/#\/schema\/logo\/image\/"},"sameAs":["https:\/\/www.facebook.com\/profile.php?id=100049475262660","https:\/\/x.com\/VosgesInfo88","https:\/\/www.youtube.com\/@vosgesinfo"]},{"@type":"Person","@id":"https:\/\/vosgesinfo.fr\/gerardmerinfo\/#\/schema\/person\/db5605779a843dad16b5368f3e7613a5","name":"QG","image":{"@type":"ImageObject","inLanguage":"fr-FR","@id":"https:\/\/vosgesinfo.fr\/gerardmerinfo\/#\/schema\/person\/image\/","url":"https:\/\/secure.gravatar.com\/avatar\/ea80c42c204b534408512832fde52504ecabb9706bcb6151cf6175e5b64e6793?s=96&d=mm&r=g","contentUrl":"https:\/\/secure.gravatar.com\/avatar\/ea80c42c204b534408512832fde52504ecabb9706bcb6151cf6175e5b64e6793?s=96&d=mm&r=g","caption":"QG"},"url":"https:\/\/vosgesinfo.fr\/gerardmerinfo\/author\/quentin88\/"}]}},"_links":{"self":[{"href":"https:\/\/vosgesinfo.fr\/gerardmerinfo\/wp-json\/wp\/v2\/posts\/34806","targetHints":{"allow":["GET"]}}],"collection":[{"href":"https:\/\/vosgesinfo.fr\/gerardmerinfo\/wp-json\/wp\/v2\/posts"}],"about":[{"href":"https:\/\/vosgesinfo.fr\/gerardmerinfo\/wp-json\/wp\/v2\/types\/post"}],"author":[{"embeddable":true,"href":"https:\/\/vosgesinfo.fr\/gerardmerinfo\/wp-json\/wp\/v2\/users\/42"}],"replies":[{"embeddable":true,"href":"https:\/\/vosgesinfo.fr\/gerardmerinfo\/wp-json\/wp\/v2\/comments?post=34806"}],"version-history":[{"count":0,"href":"https:\/\/vosgesinfo.fr\/gerardmerinfo\/wp-json\/wp\/v2\/posts\/34806\/revisions"}],"wp:featuredmedia":[{"embeddable":true,"href":"https:\/\/vosgesinfo.fr\/gerardmerinfo\/wp-json\/wp\/v2\/media\/34807"}],"wp:attachment":[{"href":"https:\/\/vosgesinfo.fr\/gerardmerinfo\/wp-json\/wp\/v2\/media?parent=34806"}],"wp:term":[{"taxonomy":"category","embeddable":true,"href":"https:\/\/vosgesinfo.fr\/gerardmerinfo\/wp-json\/wp\/v2\/categories?post=34806"},{"taxonomy":"post_tag","embeddable":true,"href":"https:\/\/vosgesinfo.fr\/gerardmerinfo\/wp-json\/wp\/v2\/tags?post=34806"}],"curies":[{"name":"wp","href":"https:\/\/api.w.org\/{rel}","templated":true}]}}