{"id":34818,"date":"2018-06-20T16:55:44","date_gmt":"2018-06-20T14:55:44","guid":{"rendered":"https:\/\/vosgesinfo.fr\/gerardmerinfo\/2018\/06\/tour-departement-vosges-randonnez-sang\/"},"modified":"2018-06-20T16:55:44","modified_gmt":"2018-06-20T14:55:44","slug":"tour-departement-vosges-randonnez-sang","status":"publish","type":"post","link":"https:\/\/vosgesinfo.fr\/gerardmerinfo\/2018\/06\/tour-departement-vosges-randonnez-sang\/","title":{"rendered":"Tour du d\u00e9partement des Vosges avec Randonnez votre Sang"},"content":{"rendered":"<p><strong><a href=\"\/2018\/06\/logo-randonnez-votre-sang.jpg\"><img decoding=\"async\" class=\"aligncenter size-medium wp-image-129457\" src=\"\/2018\/06\/logo-randonnez-votre-sang-400x130.jpg\" alt=\"logo randonnez-votre-sang\" width=\"400\" height=\"130\" \/><\/a><\/strong><\/p>\n<p><strong>L\u2019amicale des donneurs de sang b\u00e9n\u00e9voles de G\u00e9rardmer-Xonrupt-Li\u00e9zey vous propose d\u2019accompagner les marcheurs dans notre secteur les 26 et 27 juin.<\/strong><\/p>\n<p style=\"text-align: center;\"><strong>Programme :<\/strong><\/p>\n<p>*Le 26 Juin Etape Cornimont -La Bresse-G\u00e9rardmer :<\/p>\n<p>A 8h00 : Rendez vous Place de la Gare \u00e0 G\u00e9rardmer pour acheminement vers le point de d\u00e9part du jour \u00e0 Cornimont (Mairie). Le v\u00e9hicule prendra en charge vos sacs \u00e0 dos si vous le souhaitez.<\/p>\n<p>9 h00 : d\u00e9part de Cornimont<\/p>\n<p>10h30-12h30 : R\u00e9ception \u00e0 LA BRESSE et Casse cro\u00fbte (tir\u00e9 des sacs)<\/p>\n<p>12h30 : d\u00e9part de la Marie de la Bresse<\/p>\n<p>15h10 : tr\u00e8s court arr\u00eat \u00e0 l&rsquo;\u00e9cole des Bas Rupt<\/p>\n<p>15h50 : arriv\u00e9e \u00e0 l&rsquo;H\u00f4tel des Sapins<\/p>\n<p>16h00 : Accueil \u00e0 GERARDMER par les Corps de Chasse de la Vall\u00e9e des Lacs puis l\u00e2cher de ballons par les \u00e9coliers du groupe scolaire Jean Mac\u00e9.<\/p>\n<p>17h00 : Arriv\u00e9e \u00e0 la mairie sonnerie par les Corps de Chasse de la Vall\u00e9e des Lacs puis r\u00e9ception \u00e0 la Salle des Armes avec peut-\u00eatre l&rsquo;\u00e9cole de Musique Juniors de M.B\u00e9rard puis intervention des Personnalit\u00e9s.<\/p>\n<p>Un repas en toute simplicit\u00e9 r\u00e9unira mardi soir celles et ceux qui souhaiteront prolonger la journ\u00e9e avec les marcheurs (restaurant non encore choisi)<\/p>\n<p>*Le 27 Juin Etape G\u00e9rardmer-Gerb\u00e9pal-Fraize :<\/p>\n<p>8 h 15 : D\u00e9part depuis le Rond Point du Saut des Cuves (Commune de Xonrupt)<\/p>\n<p>10h40 : Arriv\u00e9e \u00e0 Gerb\u00e9pal, contact avec les enfants de l&rsquo;\u00e9cole, l\u00e2cher de ballons, intervention de M. Le Maire puis repas tir\u00e9 des sacs dans des locaux mis \u00e0 disposition par la mairie.<\/p>\n<p>Pause repos<\/p>\n<p>14h00 : d\u00e9part Gerb\u00e9pal<\/p>\n<p>17h00 : arriv\u00e9e Fraize au Stand de Tir puis r\u00e9ception \u00e0 la Mairie d&rsquo;Anould.<\/p>\n<p><strong>Important :<\/strong><\/p>\n<p>Les acheminements des marcheurs (ainsi que celui des repas tir\u00e9s des sacs) aux points de d\u00e9part et retour \u00e9tant assur\u00e9s par covoiturage et par le v\u00e9hicule de l\u2019union d\u00e9partementale des donneurs de sang, pour des raisons d\u2019intendance, il importe que chacun se fasse conna\u00eetre au pr\u00e9alable aupr\u00e8s de :<\/p>\n<p>Fran\u00e7oise DIDIER T\u00e9l. 06 86 87 77 31<\/p>\n<p>Idem pour celles et ceux qui souhaiteraient participer au repas du mardi soir 26 juin (l&rsquo;Amicale offrira les boissons)<\/p>\n","protected":false},"excerpt":{"rendered":"<p>L\u2019amicale des donneurs de sang b\u00e9n\u00e9voles de G\u00e9rardmer-Xonrupt-Li\u00e9zey vous propose d\u2019accompagner les marcheurs dans notre secteur les 26 et 27 [&hellip;]<\/p>\n","protected":false},"author":1,"featured_media":34819,"comment_status":"open","ping_status":"open","sticky":false,"template":"","format":"standard","meta":{"footnotes":""},"categories":[20,12,17],"tags":[54],"class_list":["post-34818","post","type-post","status-publish","format-standard","has-post-thumbnail","hentry","category-a-la-une","category-sante","category-vie-associative","tag-don-du-sang"],"acf":[],"yoast_head":"<!-- This site is optimized with the Yoast SEO plugin v22.5 - https:\/\/yoast.com\/wordpress\/plugins\/seo\/ -->\n<title>Tour du d\u00e9partement des Vosges avec Randonnez votre Sang - Gerardmer Info<\/title>\n<meta name=\"robots\" content=\"index, follow, max-snippet:-1, max-image-preview:large, max-video-preview:-1\" \/>\n<link rel=\"canonical\" href=\"https:\/\/vosgesinfo.fr\/gerardmerinfo\/2018\/06\/tour-departement-vosges-randonnez-sang\/\" \/>\n<meta name=\"twitter:card\" content=\"summary_large_image\" \/>\n<meta name=\"twitter:title\" content=\"Tour du d\u00e9partement des Vosges avec Randonnez votre Sang - Gerardmer Info\" \/>\n<meta name=\"twitter:description\" content=\"L\u2019amicale des donneurs de sang b\u00e9n\u00e9voles de G\u00e9rardmer-Xonrupt-Li\u00e9zey vous propose d\u2019accompagner les marcheurs dans notre secteur les 26 et 27 [&hellip;]\" \/>\n<meta name=\"twitter:image\" content=\"https:\/\/vosgesinfo.fr\/app\/uploads\/sites\/6\/2024\/07\/201806logo-randonnez-votre-sang.jpg\" \/>\n<meta name=\"twitter:creator\" content=\"@VosgesInfo88\" \/>\n<meta name=\"twitter:site\" content=\"@VosgesInfo88\" \/>\n<meta name=\"twitter:label1\" content=\"\u00c9crit par\" \/>\n\t<meta name=\"twitter:data1\" content=\"qs_admin\" \/>\n\t<meta name=\"twitter:label2\" content=\"Dur\u00e9e de lecture estim\u00e9e\" \/>\n\t<meta name=\"twitter:data2\" content=\"2 minutes\" \/>\n<script type=\"application\/ld+json\" class=\"yoast-schema-graph\">{\"@context\":\"https:\/\/schema.org\",\"@graph\":[{\"@type\":\"Article\",\"@id\":\"https:\/\/vosgesinfo.fr\/gerardmerinfo\/2018\/06\/tour-departement-vosges-randonnez-sang\/#article\",\"isPartOf\":{\"@id\":\"https:\/\/vosgesinfo.fr\/gerardmerinfo\/2018\/06\/tour-departement-vosges-randonnez-sang\/\"},\"author\":{\"name\":\"qs_admin\",\"@id\":\"https:\/\/vosgesinfo.fr\/gerardmerinfo\/#\/schema\/person\/bc5d02d71e6932e81b6dadb7386667b1\"},\"headline\":\"Tour du d\u00e9partement des Vosges avec Randonnez votre Sang\",\"datePublished\":\"2018-06-20T14:55:44+00:00\",\"dateModified\":\"2018-06-20T14:55:44+00:00\",\"mainEntityOfPage\":{\"@id\":\"https:\/\/vosgesinfo.fr\/gerardmerinfo\/2018\/06\/tour-departement-vosges-randonnez-sang\/\"},\"wordCount\":377,\"commentCount\":0,\"publisher\":{\"@id\":\"https:\/\/vosgesinfo.fr\/gerardmerinfo\/#organization\"},\"image\":{\"@id\":\"https:\/\/vosgesinfo.fr\/gerardmerinfo\/2018\/06\/tour-departement-vosges-randonnez-sang\/#primaryimage\"},\"thumbnailUrl\":\"https:\/\/vosgesinfo.fr\/app\/uploads\/sites\/6\/2024\/07\/201806logo-randonnez-votre-sang.jpg\",\"keywords\":[\"don du sang\"],\"articleSection\":[\"A la une\",\"Sant\u00e9\",\"Vie Associative\"],\"inLanguage\":\"fr-FR\",\"potentialAction\":[{\"@type\":\"CommentAction\",\"name\":\"Comment\",\"target\":[\"https:\/\/vosgesinfo.fr\/gerardmerinfo\/2018\/06\/tour-departement-vosges-randonnez-sang\/#respond\"]}]},{\"@type\":\"WebPage\",\"@id\":\"https:\/\/vosgesinfo.fr\/gerardmerinfo\/2018\/06\/tour-departement-vosges-randonnez-sang\/\",\"url\":\"https:\/\/vosgesinfo.fr\/gerardmerinfo\/2018\/06\/tour-departement-vosges-randonnez-sang\/\",\"name\":\"Tour du d\u00e9partement des Vosges avec Randonnez votre Sang - Gerardmer Info\",\"isPartOf\":{\"@id\":\"https:\/\/vosgesinfo.fr\/gerardmerinfo\/#website\"},\"primaryImageOfPage\":{\"@id\":\"https:\/\/vosgesinfo.fr\/gerardmerinfo\/2018\/06\/tour-departement-vosges-randonnez-sang\/#primaryimage\"},\"image\":{\"@id\":\"https:\/\/vosgesinfo.fr\/gerardmerinfo\/2018\/06\/tour-departement-vosges-randonnez-sang\/#primaryimage\"},\"thumbnailUrl\":\"https:\/\/vosgesinfo.fr\/app\/uploads\/sites\/6\/2024\/07\/201806logo-randonnez-votre-sang.jpg\",\"datePublished\":\"2018-06-20T14:55:44+00:00\",\"dateModified\":\"2018-06-20T14:55:44+00:00\",\"breadcrumb\":{\"@id\":\"https:\/\/vosgesinfo.fr\/gerardmerinfo\/2018\/06\/tour-departement-vosges-randonnez-sang\/#breadcrumb\"},\"inLanguage\":\"fr-FR\",\"potentialAction\":[{\"@type\":\"ReadAction\",\"target\":[\"https:\/\/vosgesinfo.fr\/gerardmerinfo\/2018\/06\/tour-departement-vosges-randonnez-sang\/\"]}]},{\"@type\":\"ImageObject\",\"inLanguage\":\"fr-FR\",\"@id\":\"https:\/\/vosgesinfo.fr\/gerardmerinfo\/2018\/06\/tour-departement-vosges-randonnez-sang\/#primaryimage\",\"url\":\"https:\/\/vosgesinfo.fr\/app\/uploads\/sites\/6\/2024\/07\/201806logo-randonnez-votre-sang.jpg\",\"contentUrl\":\"https:\/\/vosgesinfo.fr\/app\/uploads\/sites\/6\/2024\/07\/201806logo-randonnez-votre-sang.jpg\",\"width\":800,\"height\":259},{\"@type\":\"BreadcrumbList\",\"@id\":\"https:\/\/vosgesinfo.fr\/gerardmerinfo\/2018\/06\/tour-departement-vosges-randonnez-sang\/#breadcrumb\",\"itemListElement\":[{\"@type\":\"ListItem\",\"position\":1,\"name\":\"Home\",\"item\":\"https:\/\/vosgesinfo.fr\/gerardmerinfo\/\"},{\"@type\":\"ListItem\",\"position\":2,\"name\":\"Tour du d\u00e9partement des Vosges avec Randonnez votre Sang\"}]},{\"@type\":\"WebSite\",\"@id\":\"https:\/\/vosgesinfo.fr\/gerardmerinfo\/#website\",\"url\":\"https:\/\/vosgesinfo.fr\/gerardmerinfo\/\",\"name\":\"Gerardmer Info\",\"description\":\"Toute l&#039;actualit\u00e9 de G\u00e9rardmer\",\"publisher\":{\"@id\":\"https:\/\/vosgesinfo.fr\/gerardmerinfo\/#organization\"},\"alternateName\":\"Toute l'actualit\u00e9 de G\u00e9rardmer\",\"potentialAction\":[{\"@type\":\"SearchAction\",\"target\":{\"@type\":\"EntryPoint\",\"urlTemplate\":\"https:\/\/vosgesinfo.fr\/gerardmerinfo\/?s={search_term_string}\"},\"query-input\":\"required name=search_term_string\"}],\"inLanguage\":\"fr-FR\"},{\"@type\":\"Organization\",\"@id\":\"https:\/\/vosgesinfo.fr\/gerardmerinfo\/#organization\",\"name\":\"Gerardmer Info\",\"url\":\"https:\/\/vosgesinfo.fr\/gerardmerinfo\/\",\"logo\":{\"@type\":\"ImageObject\",\"inLanguage\":\"fr-FR\",\"@id\":\"https:\/\/vosgesinfo.fr\/gerardmerinfo\/#\/schema\/logo\/image\/\",\"url\":\"https:\/\/vosgesinfo.fr\/app\/uploads\/sites\/6\/2023\/08\/favicon-gerardmerinfo.png\",\"contentUrl\":\"https:\/\/vosgesinfo.fr\/app\/uploads\/sites\/6\/2023\/08\/favicon-gerardmerinfo.png\",\"width\":512,\"height\":512,\"caption\":\"Gerardmer Info\"},\"image\":{\"@id\":\"https:\/\/vosgesinfo.fr\/gerardmerinfo\/#\/schema\/logo\/image\/\"},\"sameAs\":[\"https:\/\/www.facebook.com\/profile.php?id=100049475262660\",\"https:\/\/x.com\/VosgesInfo88\",\"https:\/\/www.youtube.com\/@vosgesinfo\"]},{\"@type\":\"Person\",\"@id\":\"https:\/\/vosgesinfo.fr\/gerardmerinfo\/#\/schema\/person\/bc5d02d71e6932e81b6dadb7386667b1\",\"name\":\"qs_admin\",\"image\":{\"@type\":\"ImageObject\",\"inLanguage\":\"fr-FR\",\"@id\":\"https:\/\/vosgesinfo.fr\/gerardmerinfo\/#\/schema\/person\/image\/\",\"url\":\"https:\/\/secure.gravatar.com\/avatar\/94b18ee0ed79e4a42ea2f2931277b6841a8999fc6fde214600c78057cf1fe1de?s=96&d=mm&r=g\",\"contentUrl\":\"https:\/\/secure.gravatar.com\/avatar\/94b18ee0ed79e4a42ea2f2931277b6841a8999fc6fde214600c78057cf1fe1de?s=96&d=mm&r=g\",\"caption\":\"qs_admin\"},\"sameAs\":[\"https:\/\/vosgesinfo.fr\/wp\"],\"url\":\"https:\/\/vosgesinfo.fr\/gerardmerinfo\/author\/qs_admin\/\"}]}<\/script>\n<!-- \/ Yoast SEO plugin. -->","yoast_head_json":{"title":"Tour du d\u00e9partement des Vosges avec Randonnez votre Sang - Gerardmer Info","robots":{"index":"index","follow":"follow","max-snippet":"max-snippet:-1","max-image-preview":"max-image-preview:large","max-video-preview":"max-video-preview:-1"},"canonical":"https:\/\/vosgesinfo.fr\/gerardmerinfo\/2018\/06\/tour-departement-vosges-randonnez-sang\/","twitter_card":"summary_large_image","twitter_title":"Tour du d\u00e9partement des Vosges avec Randonnez votre Sang - Gerardmer Info","twitter_description":"L\u2019amicale des donneurs de sang b\u00e9n\u00e9voles de G\u00e9rardmer-Xonrupt-Li\u00e9zey vous propose d\u2019accompagner les marcheurs dans notre secteur les 26 et 27 [&hellip;]","twitter_image":"https:\/\/vosgesinfo.fr\/app\/uploads\/sites\/6\/2024\/07\/201806logo-randonnez-votre-sang.jpg","twitter_creator":"@VosgesInfo88","twitter_site":"@VosgesInfo88","twitter_misc":{"\u00c9crit par":"qs_admin","Dur\u00e9e de lecture estim\u00e9e":"2 minutes"},"schema":{"@context":"https:\/\/schema.org","@graph":[{"@type":"Article","@id":"https:\/\/vosgesinfo.fr\/gerardmerinfo\/2018\/06\/tour-departement-vosges-randonnez-sang\/#article","isPartOf":{"@id":"https:\/\/vosgesinfo.fr\/gerardmerinfo\/2018\/06\/tour-departement-vosges-randonnez-sang\/"},"author":{"name":"qs_admin","@id":"https:\/\/vosgesinfo.fr\/gerardmerinfo\/#\/schema\/person\/bc5d02d71e6932e81b6dadb7386667b1"},"headline":"Tour du d\u00e9partement des Vosges avec Randonnez votre Sang","datePublished":"2018-06-20T14:55:44+00:00","dateModified":"2018-06-20T14:55:44+00:00","mainEntityOfPage":{"@id":"https:\/\/vosgesinfo.fr\/gerardmerinfo\/2018\/06\/tour-departement-vosges-randonnez-sang\/"},"wordCount":377,"commentCount":0,"publisher":{"@id":"https:\/\/vosgesinfo.fr\/gerardmerinfo\/#organization"},"image":{"@id":"https:\/\/vosgesinfo.fr\/gerardmerinfo\/2018\/06\/tour-departement-vosges-randonnez-sang\/#primaryimage"},"thumbnailUrl":"https:\/\/vosgesinfo.fr\/app\/uploads\/sites\/6\/2024\/07\/201806logo-randonnez-votre-sang.jpg","keywords":["don du sang"],"articleSection":["A la une","Sant\u00e9","Vie Associative"],"inLanguage":"fr-FR","potentialAction":[{"@type":"CommentAction","name":"Comment","target":["https:\/\/vosgesinfo.fr\/gerardmerinfo\/2018\/06\/tour-departement-vosges-randonnez-sang\/#respond"]}]},{"@type":"WebPage","@id":"https:\/\/vosgesinfo.fr\/gerardmerinfo\/2018\/06\/tour-departement-vosges-randonnez-sang\/","url":"https:\/\/vosgesinfo.fr\/gerardmerinfo\/2018\/06\/tour-departement-vosges-randonnez-sang\/","name":"Tour du d\u00e9partement des Vosges avec Randonnez votre Sang - Gerardmer Info","isPartOf":{"@id":"https:\/\/vosgesinfo.fr\/gerardmerinfo\/#website"},"primaryImageOfPage":{"@id":"https:\/\/vosgesinfo.fr\/gerardmerinfo\/2018\/06\/tour-departement-vosges-randonnez-sang\/#primaryimage"},"image":{"@id":"https:\/\/vosgesinfo.fr\/gerardmerinfo\/2018\/06\/tour-departement-vosges-randonnez-sang\/#primaryimage"},"thumbnailUrl":"https:\/\/vosgesinfo.fr\/app\/uploads\/sites\/6\/2024\/07\/201806logo-randonnez-votre-sang.jpg","datePublished":"2018-06-20T14:55:44+00:00","dateModified":"2018-06-20T14:55:44+00:00","breadcrumb":{"@id":"https:\/\/vosgesinfo.fr\/gerardmerinfo\/2018\/06\/tour-departement-vosges-randonnez-sang\/#breadcrumb"},"inLanguage":"fr-FR","potentialAction":[{"@type":"ReadAction","target":["https:\/\/vosgesinfo.fr\/gerardmerinfo\/2018\/06\/tour-departement-vosges-randonnez-sang\/"]}]},{"@type":"ImageObject","inLanguage":"fr-FR","@id":"https:\/\/vosgesinfo.fr\/gerardmerinfo\/2018\/06\/tour-departement-vosges-randonnez-sang\/#primaryimage","url":"https:\/\/vosgesinfo.fr\/app\/uploads\/sites\/6\/2024\/07\/201806logo-randonnez-votre-sang.jpg","contentUrl":"https:\/\/vosgesinfo.fr\/app\/uploads\/sites\/6\/2024\/07\/201806logo-randonnez-votre-sang.jpg","width":800,"height":259},{"@type":"BreadcrumbList","@id":"https:\/\/vosgesinfo.fr\/gerardmerinfo\/2018\/06\/tour-departement-vosges-randonnez-sang\/#breadcrumb","itemListElement":[{"@type":"ListItem","position":1,"name":"Home","item":"https:\/\/vosgesinfo.fr\/gerardmerinfo\/"},{"@type":"ListItem","position":2,"name":"Tour du d\u00e9partement des Vosges avec Randonnez votre Sang"}]},{"@type":"WebSite","@id":"https:\/\/vosgesinfo.fr\/gerardmerinfo\/#website","url":"https:\/\/vosgesinfo.fr\/gerardmerinfo\/","name":"Gerardmer Info","description":"Toute l&#039;actualit\u00e9 de G\u00e9rardmer","publisher":{"@id":"https:\/\/vosgesinfo.fr\/gerardmerinfo\/#organization"},"alternateName":"Toute l'actualit\u00e9 de G\u00e9rardmer","potentialAction":[{"@type":"SearchAction","target":{"@type":"EntryPoint","urlTemplate":"https:\/\/vosgesinfo.fr\/gerardmerinfo\/?s={search_term_string}"},"query-input":"required name=search_term_string"}],"inLanguage":"fr-FR"},{"@type":"Organization","@id":"https:\/\/vosgesinfo.fr\/gerardmerinfo\/#organization","name":"Gerardmer Info","url":"https:\/\/vosgesinfo.fr\/gerardmerinfo\/","logo":{"@type":"ImageObject","inLanguage":"fr-FR","@id":"https:\/\/vosgesinfo.fr\/gerardmerinfo\/#\/schema\/logo\/image\/","url":"https:\/\/vosgesinfo.fr\/app\/uploads\/sites\/6\/2023\/08\/favicon-gerardmerinfo.png","contentUrl":"https:\/\/vosgesinfo.fr\/app\/uploads\/sites\/6\/2023\/08\/favicon-gerardmerinfo.png","width":512,"height":512,"caption":"Gerardmer Info"},"image":{"@id":"https:\/\/vosgesinfo.fr\/gerardmerinfo\/#\/schema\/logo\/image\/"},"sameAs":["https:\/\/www.facebook.com\/profile.php?id=100049475262660","https:\/\/x.com\/VosgesInfo88","https:\/\/www.youtube.com\/@vosgesinfo"]},{"@type":"Person","@id":"https:\/\/vosgesinfo.fr\/gerardmerinfo\/#\/schema\/person\/bc5d02d71e6932e81b6dadb7386667b1","name":"qs_admin","image":{"@type":"ImageObject","inLanguage":"fr-FR","@id":"https:\/\/vosgesinfo.fr\/gerardmerinfo\/#\/schema\/person\/image\/","url":"https:\/\/secure.gravatar.com\/avatar\/94b18ee0ed79e4a42ea2f2931277b6841a8999fc6fde214600c78057cf1fe1de?s=96&d=mm&r=g","contentUrl":"https:\/\/secure.gravatar.com\/avatar\/94b18ee0ed79e4a42ea2f2931277b6841a8999fc6fde214600c78057cf1fe1de?s=96&d=mm&r=g","caption":"qs_admin"},"sameAs":["https:\/\/vosgesinfo.fr\/wp"],"url":"https:\/\/vosgesinfo.fr\/gerardmerinfo\/author\/qs_admin\/"}]}},"_links":{"self":[{"href":"https:\/\/vosgesinfo.fr\/gerardmerinfo\/wp-json\/wp\/v2\/posts\/34818","targetHints":{"allow":["GET"]}}],"collection":[{"href":"https:\/\/vosgesinfo.fr\/gerardmerinfo\/wp-json\/wp\/v2\/posts"}],"about":[{"href":"https:\/\/vosgesinfo.fr\/gerardmerinfo\/wp-json\/wp\/v2\/types\/post"}],"author":[{"embeddable":true,"href":"https:\/\/vosgesinfo.fr\/gerardmerinfo\/wp-json\/wp\/v2\/users\/1"}],"replies":[{"embeddable":true,"href":"https:\/\/vosgesinfo.fr\/gerardmerinfo\/wp-json\/wp\/v2\/comments?post=34818"}],"version-history":[{"count":0,"href":"https:\/\/vosgesinfo.fr\/gerardmerinfo\/wp-json\/wp\/v2\/posts\/34818\/revisions"}],"wp:featuredmedia":[{"embeddable":true,"href":"https:\/\/vosgesinfo.fr\/gerardmerinfo\/wp-json\/wp\/v2\/media\/34819"}],"wp:attachment":[{"href":"https:\/\/vosgesinfo.fr\/gerardmerinfo\/wp-json\/wp\/v2\/media?parent=34818"}],"wp:term":[{"taxonomy":"category","embeddable":true,"href":"https:\/\/vosgesinfo.fr\/gerardmerinfo\/wp-json\/wp\/v2\/categories?post=34818"},{"taxonomy":"post_tag","embeddable":true,"href":"https:\/\/vosgesinfo.fr\/gerardmerinfo\/wp-json\/wp\/v2\/tags?post=34818"}],"curies":[{"name":"wp","href":"https:\/\/api.w.org\/{rel}","templated":true}]}}