{"id":34825,"date":"2018-06-19T21:29:58","date_gmt":"2018-06-19T19:29:58","guid":{"rendered":"https:\/\/vosgesinfo.fr\/gerardmerinfo\/2018\/06\/to-wheel-or-not-to-wheel\/"},"modified":"2018-06-19T21:29:58","modified_gmt":"2018-06-19T19:29:58","slug":"to-wheel-or-not-to-wheel","status":"publish","type":"post","link":"https:\/\/vosgesinfo.fr\/gerardmerinfo\/2018\/06\/to-wheel-or-not-to-wheel\/","title":{"rendered":"To wheel or not to wheel&#8230;"},"content":{"rendered":"<p><strong><a href=\"\/2018\/06\/march\u00e9-noel-roue-patinoire-1.jpg\"><img decoding=\"async\" class=\"aligncenter wp-image-129473 size-full\" src=\"\/2018\/06\/march\u00e9-noel-roue-patinoire-1.jpg\" alt=\"march\u00e9 noel roue + patinoire (1)\" width=\"800\" height=\"533\" \/><\/a><\/strong><\/p>\n<p><strong>L&rsquo;association des commer\u00e7ants G\u00e9rardmer Animation a r\u00e9cemment d\u00e9voil\u00e9 son nouveau projet pour l&rsquo;hiver 2018-2019. S&rsquo;il venait \u00e0 \u00eatre valid\u00e9 par la Municipalit\u00e9, ce dernier s&rsquo;\u00e9tendrait du 30 novembre 2018 au 10 mars 2019, p\u00e9riode d\u00e9coup\u00e9e en trois parties : le march\u00e9 de No\u00ebl, du Fantastique et du Skieur.<\/strong><\/p>\n<p><a href=\"\/2018\/06\/march\u00e9-noel-roue-patinoire-4.jpg\"><img decoding=\"async\" class=\"alignright size-medium wp-image-129476\" src=\"\/2018\/06\/march\u00e9-noel-roue-patinoire-4-340x255.jpg\" alt=\"march\u00e9 noel roue + patinoire (4)\" width=\"340\" height=\"255\" \/><\/a>Ces march\u00e9s prendraient place sur trois sites diff\u00e9rents : la rue Fran\u00e7ois Mitterrand (pour le march\u00e9 gourmand), ainsi que le quai de Waremme et l&rsquo;esplanade du Lac. En mati\u00e8re d&rsquo;animation, le man\u00e8ge traditionnel et la fameuse cal\u00e8che liant les sites seront maintenus, tout comme la sonorisation d&rsquo;une partie de la ville. Mais l&rsquo;animation phare de cette nouvelle version, si elle est valid\u00e9e, sera sans nul doute la grande roue de 38 m de haut (14 \u00e9tages) autour de laquelle tout l\u2019\u00e9v\u00e9nement est construit et qui a pour objectif de g\u00e9n\u00e9rer une formidable attractivit\u00e9. \u00ab\u00a0<em>Cette animation rendra G\u00e9rardmer unique sur cette p\u00e9riode dans un rayon de 100 km<\/em>\u00a0\u00bb pr\u00e9cise les chevilles ouvri\u00e8res du projet port\u00e9 par Nicolas Rumeau qui souhaiterait mettre en place l&rsquo;engin sur l&rsquo;esplanade du 30 novembre au 10 mars.<\/p>\n<p><a href=\"\/2018\/06\/march\u00e9-noel-roue-patinoire-2.jpg\"><img decoding=\"async\" class=\"alignleft size-medium wp-image-129474\" src=\"\/2018\/06\/march\u00e9-noel-roue-patinoire-2-340x255.jpg\" alt=\"march\u00e9 noel roue + patinoire (2)\" width=\"340\" height=\"255\" \/><\/a>L&rsquo;autre animation ludique qui pourrait faire son apparition serait une patinoire de 200 m\u00b2 (chemin de glace de 3m de large en boucle autour d\u2019un d\u00e9cor). Une nouveaut\u00e9 habituellement tr\u00e8s appr\u00e9ci\u00e9e des touristes hivernaux (public familial qui n\u2019aura pas acc\u00e8s \u00e0 la piscine et \u00e0 la patinoire municipales en travaux \u00e0 cette p\u00e9riode). Elle viendra en compl\u00e9ment de la grande roue uniquement et serait en place pendant la m\u00eame p\u00e9riode.<\/p>\n<p>\u00ab\u00a0<em>Pour l&rsquo;heure, le projet\u00a0 est abouti techniquement et financi\u00e8rement pour G\u00e9rardmer Animation qui le finance dans son ensemble. Nous demandons uniquement \u00e0 la Ville de prendre en charge l\u2019\u00e9lectricit\u00e9 pour le fonctionnement de ses animations. Officiellement, le projet a \u00e9t\u00e9 mis en stand by par la Municipalit\u00e9, mais nous avons rendez-vous demain soir (mardi) en mairie pour une r\u00e9union exceptionnelle et sp\u00e9cifique sur le sujet&#8230;<\/em>\u00a0\u00bb pr\u00e9cise Nicolas Rumeau, pr\u00e9sident de G\u00e9rardmer Animation.<\/p>\n<p>Affaire \u00e0 suivre&#8230;d\u2019autant qu&rsquo;une partie des \u00e9lus est loin d&rsquo;\u00eatre d\u2019accord sur l&rsquo;implantation de cette nouveaut\u00e9&#8230;et les riverains ?\u00a0 Encore un sujet \u00e0 division dans le Landerneau g\u00e9r\u00f4mois qui devrait laisser des traces !<\/p>\n<p><a href=\"\/2018\/06\/march\u00e9-noel-roue-patinoire-3.jpg\"><img decoding=\"async\" class=\"aligncenter wp-image-129475 size-full\" src=\"\/2018\/06\/march\u00e9-noel-roue-patinoire-3.jpg\" alt=\"march\u00e9 noel roue + patinoire (3)\" width=\"450\" height=\"800\" \/><\/a><\/p>\n","protected":false},"excerpt":{"rendered":"<p>L&rsquo;association des commer\u00e7ants G\u00e9rardmer Animation a r\u00e9cemment d\u00e9voil\u00e9 son nouveau projet pour l&rsquo;hiver 2018-2019. S&rsquo;il venait \u00e0 \u00eatre valid\u00e9 par [&hellip;]<\/p>\n","protected":false},"author":42,"featured_media":34826,"comment_status":"open","ping_status":"open","sticky":false,"template":"","format":"standard","meta":{"footnotes":""},"categories":[20,24,25,17],"tags":[674,779],"class_list":["post-34825","post","type-post","status-publish","format-standard","has-post-thumbnail","hentry","category-a-la-une","category-evenements","category-gerardmer","category-vie-associative","tag-gerardmer-animation","tag-marche-de-noel"],"acf":[],"yoast_head":"<!-- This site is optimized with the Yoast SEO plugin v22.5 - https:\/\/yoast.com\/wordpress\/plugins\/seo\/ -->\n<title>To wheel or not to wheel... - Gerardmer Info<\/title>\n<meta name=\"robots\" content=\"index, follow, max-snippet:-1, max-image-preview:large, max-video-preview:-1\" \/>\n<link rel=\"canonical\" href=\"https:\/\/vosgesinfo.fr\/gerardmerinfo\/2018\/06\/to-wheel-or-not-to-wheel\/\" \/>\n<meta name=\"twitter:card\" content=\"summary_large_image\" \/>\n<meta name=\"twitter:title\" content=\"To wheel or not to wheel... - Gerardmer Info\" \/>\n<meta name=\"twitter:description\" content=\"L&rsquo;association des commer\u00e7ants G\u00e9rardmer Animation a r\u00e9cemment d\u00e9voil\u00e9 son nouveau projet pour l&rsquo;hiver 2018-2019. S&rsquo;il venait \u00e0 \u00eatre valid\u00e9 par [&hellip;]\" \/>\n<meta name=\"twitter:image\" content=\"https:\/\/vosgesinfo.fr\/app\/uploads\/sites\/6\/2024\/07\/201806marche-noel-roue-patinoire-1.jpg\" \/>\n<meta name=\"twitter:creator\" content=\"@VosgesInfo88\" \/>\n<meta name=\"twitter:site\" content=\"@VosgesInfo88\" \/>\n<meta name=\"twitter:label1\" content=\"\u00c9crit par\" \/>\n\t<meta name=\"twitter:data1\" content=\"QG\" \/>\n\t<meta name=\"twitter:label2\" content=\"Dur\u00e9e de lecture estim\u00e9e\" \/>\n\t<meta name=\"twitter:data2\" content=\"2 minutes\" \/>\n<script type=\"application\/ld+json\" class=\"yoast-schema-graph\">{\"@context\":\"https:\/\/schema.org\",\"@graph\":[{\"@type\":\"Article\",\"@id\":\"https:\/\/vosgesinfo.fr\/gerardmerinfo\/2018\/06\/to-wheel-or-not-to-wheel\/#article\",\"isPartOf\":{\"@id\":\"https:\/\/vosgesinfo.fr\/gerardmerinfo\/2018\/06\/to-wheel-or-not-to-wheel\/\"},\"author\":{\"name\":\"QG\",\"@id\":\"https:\/\/vosgesinfo.fr\/gerardmerinfo\/#\/schema\/person\/db5605779a843dad16b5368f3e7613a5\"},\"headline\":\"To wheel or not to wheel&#8230;\",\"datePublished\":\"2018-06-19T19:29:58+00:00\",\"dateModified\":\"2018-06-19T19:29:58+00:00\",\"mainEntityOfPage\":{\"@id\":\"https:\/\/vosgesinfo.fr\/gerardmerinfo\/2018\/06\/to-wheel-or-not-to-wheel\/\"},\"wordCount\":403,\"commentCount\":0,\"publisher\":{\"@id\":\"https:\/\/vosgesinfo.fr\/gerardmerinfo\/#organization\"},\"image\":{\"@id\":\"https:\/\/vosgesinfo.fr\/gerardmerinfo\/2018\/06\/to-wheel-or-not-to-wheel\/#primaryimage\"},\"thumbnailUrl\":\"https:\/\/vosgesinfo.fr\/app\/uploads\/sites\/6\/2024\/07\/201806marche-noel-roue-patinoire-1.jpg\",\"keywords\":[\"g\u00e9rardmer animation\",\"March\u00e9 de No\u00ebl\"],\"articleSection\":[\"A la une\",\"Ev\u00e8nements\",\"G\u00e9rardmer\",\"Vie Associative\"],\"inLanguage\":\"fr-FR\",\"potentialAction\":[{\"@type\":\"CommentAction\",\"name\":\"Comment\",\"target\":[\"https:\/\/vosgesinfo.fr\/gerardmerinfo\/2018\/06\/to-wheel-or-not-to-wheel\/#respond\"]}]},{\"@type\":\"WebPage\",\"@id\":\"https:\/\/vosgesinfo.fr\/gerardmerinfo\/2018\/06\/to-wheel-or-not-to-wheel\/\",\"url\":\"https:\/\/vosgesinfo.fr\/gerardmerinfo\/2018\/06\/to-wheel-or-not-to-wheel\/\",\"name\":\"To wheel or not to wheel... - Gerardmer Info\",\"isPartOf\":{\"@id\":\"https:\/\/vosgesinfo.fr\/gerardmerinfo\/#website\"},\"primaryImageOfPage\":{\"@id\":\"https:\/\/vosgesinfo.fr\/gerardmerinfo\/2018\/06\/to-wheel-or-not-to-wheel\/#primaryimage\"},\"image\":{\"@id\":\"https:\/\/vosgesinfo.fr\/gerardmerinfo\/2018\/06\/to-wheel-or-not-to-wheel\/#primaryimage\"},\"thumbnailUrl\":\"https:\/\/vosgesinfo.fr\/app\/uploads\/sites\/6\/2024\/07\/201806marche-noel-roue-patinoire-1.jpg\",\"datePublished\":\"2018-06-19T19:29:58+00:00\",\"dateModified\":\"2018-06-19T19:29:58+00:00\",\"breadcrumb\":{\"@id\":\"https:\/\/vosgesinfo.fr\/gerardmerinfo\/2018\/06\/to-wheel-or-not-to-wheel\/#breadcrumb\"},\"inLanguage\":\"fr-FR\",\"potentialAction\":[{\"@type\":\"ReadAction\",\"target\":[\"https:\/\/vosgesinfo.fr\/gerardmerinfo\/2018\/06\/to-wheel-or-not-to-wheel\/\"]}]},{\"@type\":\"ImageObject\",\"inLanguage\":\"fr-FR\",\"@id\":\"https:\/\/vosgesinfo.fr\/gerardmerinfo\/2018\/06\/to-wheel-or-not-to-wheel\/#primaryimage\",\"url\":\"https:\/\/vosgesinfo.fr\/app\/uploads\/sites\/6\/2024\/07\/201806marche-noel-roue-patinoire-1.jpg\",\"contentUrl\":\"https:\/\/vosgesinfo.fr\/app\/uploads\/sites\/6\/2024\/07\/201806marche-noel-roue-patinoire-1.jpg\",\"width\":800,\"height\":533},{\"@type\":\"BreadcrumbList\",\"@id\":\"https:\/\/vosgesinfo.fr\/gerardmerinfo\/2018\/06\/to-wheel-or-not-to-wheel\/#breadcrumb\",\"itemListElement\":[{\"@type\":\"ListItem\",\"position\":1,\"name\":\"Home\",\"item\":\"https:\/\/vosgesinfo.fr\/gerardmerinfo\/\"},{\"@type\":\"ListItem\",\"position\":2,\"name\":\"To wheel or not to wheel&#8230;\"}]},{\"@type\":\"WebSite\",\"@id\":\"https:\/\/vosgesinfo.fr\/gerardmerinfo\/#website\",\"url\":\"https:\/\/vosgesinfo.fr\/gerardmerinfo\/\",\"name\":\"Gerardmer Info\",\"description\":\"Toute l&#039;actualit\u00e9 de G\u00e9rardmer\",\"publisher\":{\"@id\":\"https:\/\/vosgesinfo.fr\/gerardmerinfo\/#organization\"},\"alternateName\":\"Toute l'actualit\u00e9 de G\u00e9rardmer\",\"potentialAction\":[{\"@type\":\"SearchAction\",\"target\":{\"@type\":\"EntryPoint\",\"urlTemplate\":\"https:\/\/vosgesinfo.fr\/gerardmerinfo\/?s={search_term_string}\"},\"query-input\":\"required name=search_term_string\"}],\"inLanguage\":\"fr-FR\"},{\"@type\":\"Organization\",\"@id\":\"https:\/\/vosgesinfo.fr\/gerardmerinfo\/#organization\",\"name\":\"Gerardmer Info\",\"url\":\"https:\/\/vosgesinfo.fr\/gerardmerinfo\/\",\"logo\":{\"@type\":\"ImageObject\",\"inLanguage\":\"fr-FR\",\"@id\":\"https:\/\/vosgesinfo.fr\/gerardmerinfo\/#\/schema\/logo\/image\/\",\"url\":\"https:\/\/vosgesinfo.fr\/app\/uploads\/sites\/6\/2023\/08\/favicon-gerardmerinfo.png\",\"contentUrl\":\"https:\/\/vosgesinfo.fr\/app\/uploads\/sites\/6\/2023\/08\/favicon-gerardmerinfo.png\",\"width\":512,\"height\":512,\"caption\":\"Gerardmer Info\"},\"image\":{\"@id\":\"https:\/\/vosgesinfo.fr\/gerardmerinfo\/#\/schema\/logo\/image\/\"},\"sameAs\":[\"https:\/\/www.facebook.com\/profile.php?id=100049475262660\",\"https:\/\/x.com\/VosgesInfo88\",\"https:\/\/www.youtube.com\/@vosgesinfo\"]},{\"@type\":\"Person\",\"@id\":\"https:\/\/vosgesinfo.fr\/gerardmerinfo\/#\/schema\/person\/db5605779a843dad16b5368f3e7613a5\",\"name\":\"QG\",\"image\":{\"@type\":\"ImageObject\",\"inLanguage\":\"fr-FR\",\"@id\":\"https:\/\/vosgesinfo.fr\/gerardmerinfo\/#\/schema\/person\/image\/\",\"url\":\"https:\/\/secure.gravatar.com\/avatar\/ea80c42c204b534408512832fde52504ecabb9706bcb6151cf6175e5b64e6793?s=96&d=mm&r=g\",\"contentUrl\":\"https:\/\/secure.gravatar.com\/avatar\/ea80c42c204b534408512832fde52504ecabb9706bcb6151cf6175e5b64e6793?s=96&d=mm&r=g\",\"caption\":\"QG\"},\"url\":\"https:\/\/vosgesinfo.fr\/gerardmerinfo\/author\/quentin88\/\"}]}<\/script>\n<!-- \/ Yoast SEO plugin. -->","yoast_head_json":{"title":"To wheel or not to wheel... - Gerardmer Info","robots":{"index":"index","follow":"follow","max-snippet":"max-snippet:-1","max-image-preview":"max-image-preview:large","max-video-preview":"max-video-preview:-1"},"canonical":"https:\/\/vosgesinfo.fr\/gerardmerinfo\/2018\/06\/to-wheel-or-not-to-wheel\/","twitter_card":"summary_large_image","twitter_title":"To wheel or not to wheel... - Gerardmer Info","twitter_description":"L&rsquo;association des commer\u00e7ants G\u00e9rardmer Animation a r\u00e9cemment d\u00e9voil\u00e9 son nouveau projet pour l&rsquo;hiver 2018-2019. S&rsquo;il venait \u00e0 \u00eatre valid\u00e9 par [&hellip;]","twitter_image":"https:\/\/vosgesinfo.fr\/app\/uploads\/sites\/6\/2024\/07\/201806marche-noel-roue-patinoire-1.jpg","twitter_creator":"@VosgesInfo88","twitter_site":"@VosgesInfo88","twitter_misc":{"\u00c9crit par":"QG","Dur\u00e9e de lecture estim\u00e9e":"2 minutes"},"schema":{"@context":"https:\/\/schema.org","@graph":[{"@type":"Article","@id":"https:\/\/vosgesinfo.fr\/gerardmerinfo\/2018\/06\/to-wheel-or-not-to-wheel\/#article","isPartOf":{"@id":"https:\/\/vosgesinfo.fr\/gerardmerinfo\/2018\/06\/to-wheel-or-not-to-wheel\/"},"author":{"name":"QG","@id":"https:\/\/vosgesinfo.fr\/gerardmerinfo\/#\/schema\/person\/db5605779a843dad16b5368f3e7613a5"},"headline":"To wheel or not to wheel&#8230;","datePublished":"2018-06-19T19:29:58+00:00","dateModified":"2018-06-19T19:29:58+00:00","mainEntityOfPage":{"@id":"https:\/\/vosgesinfo.fr\/gerardmerinfo\/2018\/06\/to-wheel-or-not-to-wheel\/"},"wordCount":403,"commentCount":0,"publisher":{"@id":"https:\/\/vosgesinfo.fr\/gerardmerinfo\/#organization"},"image":{"@id":"https:\/\/vosgesinfo.fr\/gerardmerinfo\/2018\/06\/to-wheel-or-not-to-wheel\/#primaryimage"},"thumbnailUrl":"https:\/\/vosgesinfo.fr\/app\/uploads\/sites\/6\/2024\/07\/201806marche-noel-roue-patinoire-1.jpg","keywords":["g\u00e9rardmer animation","March\u00e9 de No\u00ebl"],"articleSection":["A la une","Ev\u00e8nements","G\u00e9rardmer","Vie Associative"],"inLanguage":"fr-FR","potentialAction":[{"@type":"CommentAction","name":"Comment","target":["https:\/\/vosgesinfo.fr\/gerardmerinfo\/2018\/06\/to-wheel-or-not-to-wheel\/#respond"]}]},{"@type":"WebPage","@id":"https:\/\/vosgesinfo.fr\/gerardmerinfo\/2018\/06\/to-wheel-or-not-to-wheel\/","url":"https:\/\/vosgesinfo.fr\/gerardmerinfo\/2018\/06\/to-wheel-or-not-to-wheel\/","name":"To wheel or not to wheel... - Gerardmer Info","isPartOf":{"@id":"https:\/\/vosgesinfo.fr\/gerardmerinfo\/#website"},"primaryImageOfPage":{"@id":"https:\/\/vosgesinfo.fr\/gerardmerinfo\/2018\/06\/to-wheel-or-not-to-wheel\/#primaryimage"},"image":{"@id":"https:\/\/vosgesinfo.fr\/gerardmerinfo\/2018\/06\/to-wheel-or-not-to-wheel\/#primaryimage"},"thumbnailUrl":"https:\/\/vosgesinfo.fr\/app\/uploads\/sites\/6\/2024\/07\/201806marche-noel-roue-patinoire-1.jpg","datePublished":"2018-06-19T19:29:58+00:00","dateModified":"2018-06-19T19:29:58+00:00","breadcrumb":{"@id":"https:\/\/vosgesinfo.fr\/gerardmerinfo\/2018\/06\/to-wheel-or-not-to-wheel\/#breadcrumb"},"inLanguage":"fr-FR","potentialAction":[{"@type":"ReadAction","target":["https:\/\/vosgesinfo.fr\/gerardmerinfo\/2018\/06\/to-wheel-or-not-to-wheel\/"]}]},{"@type":"ImageObject","inLanguage":"fr-FR","@id":"https:\/\/vosgesinfo.fr\/gerardmerinfo\/2018\/06\/to-wheel-or-not-to-wheel\/#primaryimage","url":"https:\/\/vosgesinfo.fr\/app\/uploads\/sites\/6\/2024\/07\/201806marche-noel-roue-patinoire-1.jpg","contentUrl":"https:\/\/vosgesinfo.fr\/app\/uploads\/sites\/6\/2024\/07\/201806marche-noel-roue-patinoire-1.jpg","width":800,"height":533},{"@type":"BreadcrumbList","@id":"https:\/\/vosgesinfo.fr\/gerardmerinfo\/2018\/06\/to-wheel-or-not-to-wheel\/#breadcrumb","itemListElement":[{"@type":"ListItem","position":1,"name":"Home","item":"https:\/\/vosgesinfo.fr\/gerardmerinfo\/"},{"@type":"ListItem","position":2,"name":"To wheel or not to wheel&#8230;"}]},{"@type":"WebSite","@id":"https:\/\/vosgesinfo.fr\/gerardmerinfo\/#website","url":"https:\/\/vosgesinfo.fr\/gerardmerinfo\/","name":"Gerardmer Info","description":"Toute l&#039;actualit\u00e9 de G\u00e9rardmer","publisher":{"@id":"https:\/\/vosgesinfo.fr\/gerardmerinfo\/#organization"},"alternateName":"Toute l'actualit\u00e9 de G\u00e9rardmer","potentialAction":[{"@type":"SearchAction","target":{"@type":"EntryPoint","urlTemplate":"https:\/\/vosgesinfo.fr\/gerardmerinfo\/?s={search_term_string}"},"query-input":"required name=search_term_string"}],"inLanguage":"fr-FR"},{"@type":"Organization","@id":"https:\/\/vosgesinfo.fr\/gerardmerinfo\/#organization","name":"Gerardmer Info","url":"https:\/\/vosgesinfo.fr\/gerardmerinfo\/","logo":{"@type":"ImageObject","inLanguage":"fr-FR","@id":"https:\/\/vosgesinfo.fr\/gerardmerinfo\/#\/schema\/logo\/image\/","url":"https:\/\/vosgesinfo.fr\/app\/uploads\/sites\/6\/2023\/08\/favicon-gerardmerinfo.png","contentUrl":"https:\/\/vosgesinfo.fr\/app\/uploads\/sites\/6\/2023\/08\/favicon-gerardmerinfo.png","width":512,"height":512,"caption":"Gerardmer Info"},"image":{"@id":"https:\/\/vosgesinfo.fr\/gerardmerinfo\/#\/schema\/logo\/image\/"},"sameAs":["https:\/\/www.facebook.com\/profile.php?id=100049475262660","https:\/\/x.com\/VosgesInfo88","https:\/\/www.youtube.com\/@vosgesinfo"]},{"@type":"Person","@id":"https:\/\/vosgesinfo.fr\/gerardmerinfo\/#\/schema\/person\/db5605779a843dad16b5368f3e7613a5","name":"QG","image":{"@type":"ImageObject","inLanguage":"fr-FR","@id":"https:\/\/vosgesinfo.fr\/gerardmerinfo\/#\/schema\/person\/image\/","url":"https:\/\/secure.gravatar.com\/avatar\/ea80c42c204b534408512832fde52504ecabb9706bcb6151cf6175e5b64e6793?s=96&d=mm&r=g","contentUrl":"https:\/\/secure.gravatar.com\/avatar\/ea80c42c204b534408512832fde52504ecabb9706bcb6151cf6175e5b64e6793?s=96&d=mm&r=g","caption":"QG"},"url":"https:\/\/vosgesinfo.fr\/gerardmerinfo\/author\/quentin88\/"}]}},"_links":{"self":[{"href":"https:\/\/vosgesinfo.fr\/gerardmerinfo\/wp-json\/wp\/v2\/posts\/34825","targetHints":{"allow":["GET"]}}],"collection":[{"href":"https:\/\/vosgesinfo.fr\/gerardmerinfo\/wp-json\/wp\/v2\/posts"}],"about":[{"href":"https:\/\/vosgesinfo.fr\/gerardmerinfo\/wp-json\/wp\/v2\/types\/post"}],"author":[{"embeddable":true,"href":"https:\/\/vosgesinfo.fr\/gerardmerinfo\/wp-json\/wp\/v2\/users\/42"}],"replies":[{"embeddable":true,"href":"https:\/\/vosgesinfo.fr\/gerardmerinfo\/wp-json\/wp\/v2\/comments?post=34825"}],"version-history":[{"count":0,"href":"https:\/\/vosgesinfo.fr\/gerardmerinfo\/wp-json\/wp\/v2\/posts\/34825\/revisions"}],"wp:featuredmedia":[{"embeddable":true,"href":"https:\/\/vosgesinfo.fr\/gerardmerinfo\/wp-json\/wp\/v2\/media\/34826"}],"wp:attachment":[{"href":"https:\/\/vosgesinfo.fr\/gerardmerinfo\/wp-json\/wp\/v2\/media?parent=34825"}],"wp:term":[{"taxonomy":"category","embeddable":true,"href":"https:\/\/vosgesinfo.fr\/gerardmerinfo\/wp-json\/wp\/v2\/categories?post=34825"},{"taxonomy":"post_tag","embeddable":true,"href":"https:\/\/vosgesinfo.fr\/gerardmerinfo\/wp-json\/wp\/v2\/tags?post=34825"}],"curies":[{"name":"wp","href":"https:\/\/api.w.org\/{rel}","templated":true}]}}