{"id":34859,"date":"2018-06-19T08:42:35","date_gmt":"2018-06-19T06:42:35","guid":{"rendered":"https:\/\/vosgesinfo.fr\/gerardmerinfo\/2018\/06\/kayak-coupe-monde-louis-lapointe-sommet-de-art\/"},"modified":"2018-06-19T08:42:35","modified_gmt":"2018-06-19T06:42:35","slug":"kayak-coupe-monde-louis-lapointe-sommet-de-art","status":"publish","type":"post","link":"https:\/\/vosgesinfo.fr\/gerardmerinfo\/2018\/06\/kayak-coupe-monde-louis-lapointe-sommet-de-art\/","title":{"rendered":"Kayak &#8211; Coupe du Monde : Louis Lapointe au sommet de son art"},"content":{"rendered":"<div><\/div>\n<h2><span style=\"font-family: Arial; font-size: small;\">Une fin de saison internationale parfaite pour Louis Lapointe qui participait aux 2 derni\u00e8res manches de la Coupe du Monde ce week-end \u00e0 Celje en Slov\u00e9nie, avec 1 Classique et 1 sprint.<\/span><\/h2>\n<div><span style=\"font-family: Arial; font-size: small;\">En C2, avec son \u00e9quipier Tony Debray, ils remportent la Classique et le Sprint r\u00e9coltant ainsi\u00a0leur 4\u00e8me victoire en 4 courses ! Ils remportent donc le classement g\u00e9n\u00e9ral de la Coupe du Monde.<\/span><\/div>\n<div><span style=\"font-family: Arial; font-size: small;\">En C1, il d\u00e9croche une magnifique victoire devant son grand rival tch\u00e8que Ondrej Rolenc en Classique et fini \u00e0 la 2\u00e8me place derri\u00e8re son \u00e9quipier Tony, lui permettant de remporter\u00a0 \u00e9galement le classement g\u00e9n\u00e9ral de la Coupe du Monde, quel exploit !<\/span><\/div>\n<div><span style=\"font-family: Arial; font-size: small;\">Une Coupe du Monde dont il se souviendra longtemps.<\/span><\/div>\n<div><\/div>\n<div><span style=\"font-family: Arial; font-size: small;\">Pendant ce temps, les g\u00e9romois se rendaient sur l&rsquo;Ubaye \u00e0 Barcelonnette pour le dernier s\u00e9lectif Sprint, et le contrat est rempli, tous ceux qui ne l&rsquo;\u00e9taiet pas encore se sont qualifi\u00e9s pour les Championnat de France du 18 au 21 juillet \u00e0 l&rsquo;Argenti\u00e8re-La-Bess\u00e9e (05).<\/span><\/div>\n<div><\/div>\n<div><span style=\"font-family: Arial; font-size: small;\"><em>Les r\u00e9sultats:<\/em><\/span><\/div>\n<div><span style=\"font-family: Arial; font-size: small;\"><em>K1 Cadettes: 1. Coline Husson<\/em><\/span><\/div>\n<div><span style=\"font-family: Arial; font-size: small;\"><em>\u00a0\u00a0\u00a0\u00a0\u00a0\u00a0\u00a0\u00a0\u00a0\u00a0\u00a0\u00a0\u00a0\u00a0\u00a0\u00a0\u00a0\u00a0\u00a0 3. Elise Nicot<\/em><\/span><\/div>\n<div><span style=\"font-family: Arial; font-size: small;\"><em>C1 Cadettes: 1. Coline Husson<\/em><\/span><\/div>\n<div><span style=\"font-family: Arial; font-size: small;\"><em>K1 Juniores:\u00a0 2. Cl\u00e9mentine G\u00e9gout<\/em><\/span><\/div>\n<div><span style=\"font-family: Arial; font-size: small;\"><em>K1 S\u00e9niores: 1. Justine Viry<\/em><\/span><\/div>\n<div><span style=\"font-family: Arial; font-size: small;\"><em>K1 S\u00e9niors:\u00a0\u00a0 1. Christophe Poulain<\/em><\/span><\/div>\n<div><span style=\"font-family: Arial; font-size: small;\"><em>K1 V\u00e9t\u00e9ran:\u00a0\u00a0 3. Gwendal Duchet<\/em><\/span><\/div>\n<div><span style=\"font-family: Arial; font-size: small;\"><em>C1 V\u00e9t\u00e9ran:\u00a0\u00a0 1. Gwendal Duchet<\/em><\/span><\/div>\n<div><\/div>\n<div><span style=\"font-family: Arial; font-size: small;\">E.V.<\/span><\/div>\n","protected":false},"excerpt":{"rendered":"<p>Une fin de saison internationale parfaite pour Louis Lapointe qui participait aux 2 derni\u00e8res manches de la Coupe du Monde [&hellip;]<\/p>\n","protected":false},"author":1,"featured_media":34860,"comment_status":"open","ping_status":"open","sticky":false,"template":"","format":"standard","meta":{"footnotes":""},"categories":[20,14],"tags":[],"class_list":["post-34859","post","type-post","status-publish","format-standard","has-post-thumbnail","hentry","category-a-la-une","category-sport"],"acf":[],"yoast_head":"<!-- This site is optimized with the Yoast SEO plugin v22.5 - https:\/\/yoast.com\/wordpress\/plugins\/seo\/ -->\n<title>Kayak - Coupe du Monde : Louis Lapointe au sommet de son art - Gerardmer Info<\/title>\n<meta name=\"robots\" content=\"index, follow, max-snippet:-1, max-image-preview:large, max-video-preview:-1\" \/>\n<link rel=\"canonical\" href=\"https:\/\/vosgesinfo.fr\/gerardmerinfo\/2018\/06\/kayak-coupe-monde-louis-lapointe-sommet-de-art\/\" \/>\n<meta name=\"twitter:card\" content=\"summary_large_image\" \/>\n<meta name=\"twitter:title\" content=\"Kayak - Coupe du Monde : Louis Lapointe au sommet de son art - Gerardmer Info\" \/>\n<meta name=\"twitter:description\" content=\"Une fin de saison internationale parfaite pour Louis Lapointe qui participait aux 2 derni\u00e8res manches de la Coupe du Monde [&hellip;]\" \/>\n<meta name=\"twitter:image\" content=\"https:\/\/vosgesinfo.fr\/app\/uploads\/sites\/6\/2024\/07\/201705louispau2017-1.jpg\" \/>\n<meta name=\"twitter:creator\" content=\"@VosgesInfo88\" \/>\n<meta name=\"twitter:site\" content=\"@VosgesInfo88\" \/>\n<meta name=\"twitter:label1\" content=\"\u00c9crit par\" \/>\n\t<meta name=\"twitter:data1\" content=\"qs_admin\" \/>\n\t<meta name=\"twitter:label2\" content=\"Dur\u00e9e de lecture estim\u00e9e\" \/>\n\t<meta name=\"twitter:data2\" content=\"1 minute\" \/>\n<script type=\"application\/ld+json\" class=\"yoast-schema-graph\">{\"@context\":\"https:\/\/schema.org\",\"@graph\":[{\"@type\":\"Article\",\"@id\":\"https:\/\/vosgesinfo.fr\/gerardmerinfo\/2018\/06\/kayak-coupe-monde-louis-lapointe-sommet-de-art\/#article\",\"isPartOf\":{\"@id\":\"https:\/\/vosgesinfo.fr\/gerardmerinfo\/2018\/06\/kayak-coupe-monde-louis-lapointe-sommet-de-art\/\"},\"author\":{\"name\":\"qs_admin\",\"@id\":\"https:\/\/vosgesinfo.fr\/gerardmerinfo\/#\/schema\/person\/bc5d02d71e6932e81b6dadb7386667b1\"},\"headline\":\"Kayak &#8211; Coupe du Monde : Louis Lapointe au sommet de son art\",\"datePublished\":\"2018-06-19T06:42:35+00:00\",\"dateModified\":\"2018-06-19T06:42:35+00:00\",\"mainEntityOfPage\":{\"@id\":\"https:\/\/vosgesinfo.fr\/gerardmerinfo\/2018\/06\/kayak-coupe-monde-louis-lapointe-sommet-de-art\/\"},\"wordCount\":221,\"commentCount\":0,\"publisher\":{\"@id\":\"https:\/\/vosgesinfo.fr\/gerardmerinfo\/#organization\"},\"image\":{\"@id\":\"https:\/\/vosgesinfo.fr\/gerardmerinfo\/2018\/06\/kayak-coupe-monde-louis-lapointe-sommet-de-art\/#primaryimage\"},\"thumbnailUrl\":\"https:\/\/vosgesinfo.fr\/app\/uploads\/sites\/6\/2024\/07\/201705louispau2017-1.jpg\",\"articleSection\":[\"A la une\",\"Sport\"],\"inLanguage\":\"fr-FR\",\"potentialAction\":[{\"@type\":\"CommentAction\",\"name\":\"Comment\",\"target\":[\"https:\/\/vosgesinfo.fr\/gerardmerinfo\/2018\/06\/kayak-coupe-monde-louis-lapointe-sommet-de-art\/#respond\"]}]},{\"@type\":\"WebPage\",\"@id\":\"https:\/\/vosgesinfo.fr\/gerardmerinfo\/2018\/06\/kayak-coupe-monde-louis-lapointe-sommet-de-art\/\",\"url\":\"https:\/\/vosgesinfo.fr\/gerardmerinfo\/2018\/06\/kayak-coupe-monde-louis-lapointe-sommet-de-art\/\",\"name\":\"Kayak - Coupe du Monde : Louis Lapointe au sommet de son art - Gerardmer Info\",\"isPartOf\":{\"@id\":\"https:\/\/vosgesinfo.fr\/gerardmerinfo\/#website\"},\"primaryImageOfPage\":{\"@id\":\"https:\/\/vosgesinfo.fr\/gerardmerinfo\/2018\/06\/kayak-coupe-monde-louis-lapointe-sommet-de-art\/#primaryimage\"},\"image\":{\"@id\":\"https:\/\/vosgesinfo.fr\/gerardmerinfo\/2018\/06\/kayak-coupe-monde-louis-lapointe-sommet-de-art\/#primaryimage\"},\"thumbnailUrl\":\"https:\/\/vosgesinfo.fr\/app\/uploads\/sites\/6\/2024\/07\/201705louispau2017-1.jpg\",\"datePublished\":\"2018-06-19T06:42:35+00:00\",\"dateModified\":\"2018-06-19T06:42:35+00:00\",\"breadcrumb\":{\"@id\":\"https:\/\/vosgesinfo.fr\/gerardmerinfo\/2018\/06\/kayak-coupe-monde-louis-lapointe-sommet-de-art\/#breadcrumb\"},\"inLanguage\":\"fr-FR\",\"potentialAction\":[{\"@type\":\"ReadAction\",\"target\":[\"https:\/\/vosgesinfo.fr\/gerardmerinfo\/2018\/06\/kayak-coupe-monde-louis-lapointe-sommet-de-art\/\"]}]},{\"@type\":\"ImageObject\",\"inLanguage\":\"fr-FR\",\"@id\":\"https:\/\/vosgesinfo.fr\/gerardmerinfo\/2018\/06\/kayak-coupe-monde-louis-lapointe-sommet-de-art\/#primaryimage\",\"url\":\"https:\/\/vosgesinfo.fr\/app\/uploads\/sites\/6\/2024\/07\/201705louispau2017-1.jpg\",\"contentUrl\":\"https:\/\/vosgesinfo.fr\/app\/uploads\/sites\/6\/2024\/07\/201705louispau2017-1.jpg\",\"width\":720,\"height\":477},{\"@type\":\"BreadcrumbList\",\"@id\":\"https:\/\/vosgesinfo.fr\/gerardmerinfo\/2018\/06\/kayak-coupe-monde-louis-lapointe-sommet-de-art\/#breadcrumb\",\"itemListElement\":[{\"@type\":\"ListItem\",\"position\":1,\"name\":\"Home\",\"item\":\"https:\/\/vosgesinfo.fr\/gerardmerinfo\/\"},{\"@type\":\"ListItem\",\"position\":2,\"name\":\"Kayak &#8211; Coupe du Monde : Louis Lapointe au sommet de son art\"}]},{\"@type\":\"WebSite\",\"@id\":\"https:\/\/vosgesinfo.fr\/gerardmerinfo\/#website\",\"url\":\"https:\/\/vosgesinfo.fr\/gerardmerinfo\/\",\"name\":\"Gerardmer Info\",\"description\":\"Toute l&#039;actualit\u00e9 de G\u00e9rardmer\",\"publisher\":{\"@id\":\"https:\/\/vosgesinfo.fr\/gerardmerinfo\/#organization\"},\"alternateName\":\"Toute l'actualit\u00e9 de G\u00e9rardmer\",\"potentialAction\":[{\"@type\":\"SearchAction\",\"target\":{\"@type\":\"EntryPoint\",\"urlTemplate\":\"https:\/\/vosgesinfo.fr\/gerardmerinfo\/?s={search_term_string}\"},\"query-input\":\"required name=search_term_string\"}],\"inLanguage\":\"fr-FR\"},{\"@type\":\"Organization\",\"@id\":\"https:\/\/vosgesinfo.fr\/gerardmerinfo\/#organization\",\"name\":\"Gerardmer Info\",\"url\":\"https:\/\/vosgesinfo.fr\/gerardmerinfo\/\",\"logo\":{\"@type\":\"ImageObject\",\"inLanguage\":\"fr-FR\",\"@id\":\"https:\/\/vosgesinfo.fr\/gerardmerinfo\/#\/schema\/logo\/image\/\",\"url\":\"https:\/\/vosgesinfo.fr\/app\/uploads\/sites\/6\/2023\/08\/favicon-gerardmerinfo.png\",\"contentUrl\":\"https:\/\/vosgesinfo.fr\/app\/uploads\/sites\/6\/2023\/08\/favicon-gerardmerinfo.png\",\"width\":512,\"height\":512,\"caption\":\"Gerardmer Info\"},\"image\":{\"@id\":\"https:\/\/vosgesinfo.fr\/gerardmerinfo\/#\/schema\/logo\/image\/\"},\"sameAs\":[\"https:\/\/www.facebook.com\/profile.php?id=100049475262660\",\"https:\/\/x.com\/VosgesInfo88\",\"https:\/\/www.youtube.com\/@vosgesinfo\"]},{\"@type\":\"Person\",\"@id\":\"https:\/\/vosgesinfo.fr\/gerardmerinfo\/#\/schema\/person\/bc5d02d71e6932e81b6dadb7386667b1\",\"name\":\"qs_admin\",\"image\":{\"@type\":\"ImageObject\",\"inLanguage\":\"fr-FR\",\"@id\":\"https:\/\/vosgesinfo.fr\/gerardmerinfo\/#\/schema\/person\/image\/\",\"url\":\"https:\/\/secure.gravatar.com\/avatar\/94b18ee0ed79e4a42ea2f2931277b6841a8999fc6fde214600c78057cf1fe1de?s=96&d=mm&r=g\",\"contentUrl\":\"https:\/\/secure.gravatar.com\/avatar\/94b18ee0ed79e4a42ea2f2931277b6841a8999fc6fde214600c78057cf1fe1de?s=96&d=mm&r=g\",\"caption\":\"qs_admin\"},\"sameAs\":[\"https:\/\/vosgesinfo.fr\/wp\"],\"url\":\"https:\/\/vosgesinfo.fr\/gerardmerinfo\/author\/qs_admin\/\"}]}<\/script>\n<!-- \/ Yoast SEO plugin. -->","yoast_head_json":{"title":"Kayak - Coupe du Monde : Louis Lapointe au sommet de son art - Gerardmer Info","robots":{"index":"index","follow":"follow","max-snippet":"max-snippet:-1","max-image-preview":"max-image-preview:large","max-video-preview":"max-video-preview:-1"},"canonical":"https:\/\/vosgesinfo.fr\/gerardmerinfo\/2018\/06\/kayak-coupe-monde-louis-lapointe-sommet-de-art\/","twitter_card":"summary_large_image","twitter_title":"Kayak - Coupe du Monde : Louis Lapointe au sommet de son art - Gerardmer Info","twitter_description":"Une fin de saison internationale parfaite pour Louis Lapointe qui participait aux 2 derni\u00e8res manches de la Coupe du Monde [&hellip;]","twitter_image":"https:\/\/vosgesinfo.fr\/app\/uploads\/sites\/6\/2024\/07\/201705louispau2017-1.jpg","twitter_creator":"@VosgesInfo88","twitter_site":"@VosgesInfo88","twitter_misc":{"\u00c9crit par":"qs_admin","Dur\u00e9e de lecture estim\u00e9e":"1 minute"},"schema":{"@context":"https:\/\/schema.org","@graph":[{"@type":"Article","@id":"https:\/\/vosgesinfo.fr\/gerardmerinfo\/2018\/06\/kayak-coupe-monde-louis-lapointe-sommet-de-art\/#article","isPartOf":{"@id":"https:\/\/vosgesinfo.fr\/gerardmerinfo\/2018\/06\/kayak-coupe-monde-louis-lapointe-sommet-de-art\/"},"author":{"name":"qs_admin","@id":"https:\/\/vosgesinfo.fr\/gerardmerinfo\/#\/schema\/person\/bc5d02d71e6932e81b6dadb7386667b1"},"headline":"Kayak &#8211; Coupe du Monde : Louis Lapointe au sommet de son art","datePublished":"2018-06-19T06:42:35+00:00","dateModified":"2018-06-19T06:42:35+00:00","mainEntityOfPage":{"@id":"https:\/\/vosgesinfo.fr\/gerardmerinfo\/2018\/06\/kayak-coupe-monde-louis-lapointe-sommet-de-art\/"},"wordCount":221,"commentCount":0,"publisher":{"@id":"https:\/\/vosgesinfo.fr\/gerardmerinfo\/#organization"},"image":{"@id":"https:\/\/vosgesinfo.fr\/gerardmerinfo\/2018\/06\/kayak-coupe-monde-louis-lapointe-sommet-de-art\/#primaryimage"},"thumbnailUrl":"https:\/\/vosgesinfo.fr\/app\/uploads\/sites\/6\/2024\/07\/201705louispau2017-1.jpg","articleSection":["A la une","Sport"],"inLanguage":"fr-FR","potentialAction":[{"@type":"CommentAction","name":"Comment","target":["https:\/\/vosgesinfo.fr\/gerardmerinfo\/2018\/06\/kayak-coupe-monde-louis-lapointe-sommet-de-art\/#respond"]}]},{"@type":"WebPage","@id":"https:\/\/vosgesinfo.fr\/gerardmerinfo\/2018\/06\/kayak-coupe-monde-louis-lapointe-sommet-de-art\/","url":"https:\/\/vosgesinfo.fr\/gerardmerinfo\/2018\/06\/kayak-coupe-monde-louis-lapointe-sommet-de-art\/","name":"Kayak - Coupe du Monde : Louis Lapointe au sommet de son art - Gerardmer Info","isPartOf":{"@id":"https:\/\/vosgesinfo.fr\/gerardmerinfo\/#website"},"primaryImageOfPage":{"@id":"https:\/\/vosgesinfo.fr\/gerardmerinfo\/2018\/06\/kayak-coupe-monde-louis-lapointe-sommet-de-art\/#primaryimage"},"image":{"@id":"https:\/\/vosgesinfo.fr\/gerardmerinfo\/2018\/06\/kayak-coupe-monde-louis-lapointe-sommet-de-art\/#primaryimage"},"thumbnailUrl":"https:\/\/vosgesinfo.fr\/app\/uploads\/sites\/6\/2024\/07\/201705louispau2017-1.jpg","datePublished":"2018-06-19T06:42:35+00:00","dateModified":"2018-06-19T06:42:35+00:00","breadcrumb":{"@id":"https:\/\/vosgesinfo.fr\/gerardmerinfo\/2018\/06\/kayak-coupe-monde-louis-lapointe-sommet-de-art\/#breadcrumb"},"inLanguage":"fr-FR","potentialAction":[{"@type":"ReadAction","target":["https:\/\/vosgesinfo.fr\/gerardmerinfo\/2018\/06\/kayak-coupe-monde-louis-lapointe-sommet-de-art\/"]}]},{"@type":"ImageObject","inLanguage":"fr-FR","@id":"https:\/\/vosgesinfo.fr\/gerardmerinfo\/2018\/06\/kayak-coupe-monde-louis-lapointe-sommet-de-art\/#primaryimage","url":"https:\/\/vosgesinfo.fr\/app\/uploads\/sites\/6\/2024\/07\/201705louispau2017-1.jpg","contentUrl":"https:\/\/vosgesinfo.fr\/app\/uploads\/sites\/6\/2024\/07\/201705louispau2017-1.jpg","width":720,"height":477},{"@type":"BreadcrumbList","@id":"https:\/\/vosgesinfo.fr\/gerardmerinfo\/2018\/06\/kayak-coupe-monde-louis-lapointe-sommet-de-art\/#breadcrumb","itemListElement":[{"@type":"ListItem","position":1,"name":"Home","item":"https:\/\/vosgesinfo.fr\/gerardmerinfo\/"},{"@type":"ListItem","position":2,"name":"Kayak &#8211; Coupe du Monde : Louis Lapointe au sommet de son art"}]},{"@type":"WebSite","@id":"https:\/\/vosgesinfo.fr\/gerardmerinfo\/#website","url":"https:\/\/vosgesinfo.fr\/gerardmerinfo\/","name":"Gerardmer Info","description":"Toute l&#039;actualit\u00e9 de G\u00e9rardmer","publisher":{"@id":"https:\/\/vosgesinfo.fr\/gerardmerinfo\/#organization"},"alternateName":"Toute l'actualit\u00e9 de G\u00e9rardmer","potentialAction":[{"@type":"SearchAction","target":{"@type":"EntryPoint","urlTemplate":"https:\/\/vosgesinfo.fr\/gerardmerinfo\/?s={search_term_string}"},"query-input":"required name=search_term_string"}],"inLanguage":"fr-FR"},{"@type":"Organization","@id":"https:\/\/vosgesinfo.fr\/gerardmerinfo\/#organization","name":"Gerardmer Info","url":"https:\/\/vosgesinfo.fr\/gerardmerinfo\/","logo":{"@type":"ImageObject","inLanguage":"fr-FR","@id":"https:\/\/vosgesinfo.fr\/gerardmerinfo\/#\/schema\/logo\/image\/","url":"https:\/\/vosgesinfo.fr\/app\/uploads\/sites\/6\/2023\/08\/favicon-gerardmerinfo.png","contentUrl":"https:\/\/vosgesinfo.fr\/app\/uploads\/sites\/6\/2023\/08\/favicon-gerardmerinfo.png","width":512,"height":512,"caption":"Gerardmer Info"},"image":{"@id":"https:\/\/vosgesinfo.fr\/gerardmerinfo\/#\/schema\/logo\/image\/"},"sameAs":["https:\/\/www.facebook.com\/profile.php?id=100049475262660","https:\/\/x.com\/VosgesInfo88","https:\/\/www.youtube.com\/@vosgesinfo"]},{"@type":"Person","@id":"https:\/\/vosgesinfo.fr\/gerardmerinfo\/#\/schema\/person\/bc5d02d71e6932e81b6dadb7386667b1","name":"qs_admin","image":{"@type":"ImageObject","inLanguage":"fr-FR","@id":"https:\/\/vosgesinfo.fr\/gerardmerinfo\/#\/schema\/person\/image\/","url":"https:\/\/secure.gravatar.com\/avatar\/94b18ee0ed79e4a42ea2f2931277b6841a8999fc6fde214600c78057cf1fe1de?s=96&d=mm&r=g","contentUrl":"https:\/\/secure.gravatar.com\/avatar\/94b18ee0ed79e4a42ea2f2931277b6841a8999fc6fde214600c78057cf1fe1de?s=96&d=mm&r=g","caption":"qs_admin"},"sameAs":["https:\/\/vosgesinfo.fr\/wp"],"url":"https:\/\/vosgesinfo.fr\/gerardmerinfo\/author\/qs_admin\/"}]}},"_links":{"self":[{"href":"https:\/\/vosgesinfo.fr\/gerardmerinfo\/wp-json\/wp\/v2\/posts\/34859","targetHints":{"allow":["GET"]}}],"collection":[{"href":"https:\/\/vosgesinfo.fr\/gerardmerinfo\/wp-json\/wp\/v2\/posts"}],"about":[{"href":"https:\/\/vosgesinfo.fr\/gerardmerinfo\/wp-json\/wp\/v2\/types\/post"}],"author":[{"embeddable":true,"href":"https:\/\/vosgesinfo.fr\/gerardmerinfo\/wp-json\/wp\/v2\/users\/1"}],"replies":[{"embeddable":true,"href":"https:\/\/vosgesinfo.fr\/gerardmerinfo\/wp-json\/wp\/v2\/comments?post=34859"}],"version-history":[{"count":0,"href":"https:\/\/vosgesinfo.fr\/gerardmerinfo\/wp-json\/wp\/v2\/posts\/34859\/revisions"}],"wp:featuredmedia":[{"embeddable":true,"href":"https:\/\/vosgesinfo.fr\/gerardmerinfo\/wp-json\/wp\/v2\/media\/34860"}],"wp:attachment":[{"href":"https:\/\/vosgesinfo.fr\/gerardmerinfo\/wp-json\/wp\/v2\/media?parent=34859"}],"wp:term":[{"taxonomy":"category","embeddable":true,"href":"https:\/\/vosgesinfo.fr\/gerardmerinfo\/wp-json\/wp\/v2\/categories?post=34859"},{"taxonomy":"post_tag","embeddable":true,"href":"https:\/\/vosgesinfo.fr\/gerardmerinfo\/wp-json\/wp\/v2\/tags?post=34859"}],"curies":[{"name":"wp","href":"https:\/\/api.w.org\/{rel}","templated":true}]}}