{"id":34881,"date":"2018-06-20T16:56:02","date_gmt":"2018-06-20T14:56:02","guid":{"rendered":"https:\/\/vosgesinfo.fr\/gerardmerinfo\/2018\/06\/aviron-geromois-bien-classes-aux-championnats-de-zone\/"},"modified":"2018-06-20T16:56:02","modified_gmt":"2018-06-20T14:56:02","slug":"aviron-geromois-bien-classes-aux-championnats-de-zone","status":"publish","type":"post","link":"https:\/\/vosgesinfo.fr\/gerardmerinfo\/2018\/06\/aviron-geromois-bien-classes-aux-championnats-de-zone\/","title":{"rendered":"Aviron : les G\u00e9r\u00f4mois bien class\u00e9s aux championnats de zone !"},"content":{"rendered":"<p><strong><a href=\"\/2018\/06\/aviron-charleville-mezi\u00e8res-2018-ASG.jpg\"><img decoding=\"async\" class=\"aligncenter size-full wp-image-129591\" src=\"\/2018\/06\/aviron-charleville-mezi\u00e8res-2018-ASG.jpg\" alt=\"aviron charleville mezi\u00e8res 2018 ASG\" width=\"800\" height=\"450\" \/><\/a>Ce week-end avaient lieu les championnats de zone \u00e0 Charleville-M\u00e9zi\u00e8res. Derni\u00e8re \u00e9tape avant les championnats de France, les rameurs g\u00e9r\u00f4mois se sont bien positionn\u00e9s dans l\u2019ensemble. Belle le\u00e7on de volont\u00e9 des jeunes, qui ont donn\u00e9 le meilleur d\u2019eux-m\u00eames\u2026<\/strong><\/p>\n<p>En skiff femmes J13, Anna COMINOTTI et Abbyga\u00eblle COURTELLEMONT se sont qualifi\u00e9es samedi matin, avec de tr\u00e8s belles courses engag\u00e9es, en finale B. Il s\u2019en est fallu de peu pour qu\u2019Anna remporte la premi\u00e8re place de cette finale l\u2019apr\u00e8s-midi, en t\u00eate de course en premi\u00e8re partie de parcours, elle s\u2019est fait d\u00e9passer apr\u00e8s 700 m\u00e8tres pour remonter \u00e0 nouveau et \u00ab mourir \u00bb \u00e0 une seconde de la premi\u00e8re place ! Abbyga\u00eblle a, quant \u00e0 elle produit un tr\u00e8s gros effort \u00e0 partir des 600 m\u00e8tres pour remonter \u00e0 la 4\u00e8me place, tout en poursuivant une incroyable acc\u00e9l\u00e9ration soutenue, elle a termin\u00e9 \u00e0 la 3\u00e8me place, rel\u00e9guant sa poursuivante de 4 secondes !<\/p>\n<p>Chez les J14 femmes, en double, Isaure GASPARD et Lily RUAUX se sont qualifi\u00e9es pour la finale C, elles avaient le premier temps de cette finale le matin, encore fallait-il le confirmer&#8230; ce qu\u2019elles ont r\u00e9alis\u00e9 en finale l\u2019apr\u00e8s-midi !<\/p>\n<p><a href=\"\/2018\/06\/aviron-charleville-mezi\u00e8res-2018-ASG.jpeg\"><img decoding=\"async\" class=\"alignright size-medium wp-image-129592\" src=\"\/2018\/06\/aviron-charleville-mezi\u00e8res-2018-ASG-369x255.jpeg\" alt=\"aviron charleville mezi\u00e8res 2018 ASG\" width=\"369\" height=\"255\" \/><\/a>\u00ab Le sport n\u2019est pas une logique implacable, chacune va en course pour donner le meilleur et \u00e0 la fin, c\u2019est souvent le moral et la rage de vaincre qui fait la diff\u00e9rence. Qui ne croit pas en cela, conna\u00eet mal Valentine et Margot \u00bb a d\u00e9clar\u00e9 Jean-Marc, l\u2019entra\u00eeneur des minimes\u2026 Valentine CHIPOT et Margot VOINSON, en double, couraient en finale B : apr\u00e8s un d\u00e9part manqu\u00e9, les filles n\u2019ont rien l\u00e2ch\u00e9 et sont remont\u00e9es progressivement 5\u00e8me pour finir 4\u00e8me, dans la m\u00eame seconde que les deux bateaux pr\u00e9c\u00e9dents !<\/p>\n<p>En skiff femmes J14, Marie GUERNIER s\u2019est qualifi\u00e9e 5\u00e8me de la finale D.<\/p>\n<p>En double, J14 hommes, Charles GASPARD et Stanislas RUAUX, face \u00e0 de la concurrence, se classent 6\u00e8me de la finale C.<\/p>\n<p>Le dimanche, l\u2019\u00e9quipage des 8 filles (Isaure GASPARD, Abbyga\u00eblle COURTELLEMONT, Lily RUAUX, Marie GUERNIER, Valentine CHIPOT, Anna COMINOTTI, Janice MEURVILLE et Margot VOINSON, barr\u00e9 par Sarah PIERREL) a termin\u00e9 \u00e0 la troisi\u00e8me place de leur cat\u00e9gorie.<\/p>\n<p>Le 4 de couple mixte, compos\u00e9 de Charles GASPARD, Pauline ETIENNE, Stanislas RUAUX et L\u00e9ontine IMBERT, barr\u00e9 par Alice CATELLA, s\u2019est class\u00e9 4\u00e8me.<\/p>\n<p>Ces deux derniers bateaux seront engag\u00e9s au Championnat National Jeunes au Creusot les 29 juin et 1er juillet. (Clothilde RUAUX remplacera Janice MEURVILLE, absente ce week-end l\u00e0).<\/p>\n<p>Un grand bravo \u00e0 tous pour leur bel engagement !<\/p>\n<p>Les plus grands, ont quant \u00e0 eux, pass\u00e9 des \u00e9preuves qualificatives pour les championnats de France, qui se d\u00e9rouleront le 6 et 7 juillet prochains \u00e0 Brive-La-Gaillarde. En effet, il faut \u00eatre class\u00e9 dans les 4 premiers des cat\u00e9gories pour pouvoir y participer.<\/p>\n<p>Cela est chose faite pour Jessie PIERREL et Manon MANSUY, qui terminent leur derni\u00e8re course en 2\u00e8me place, dans la cat\u00e9gorie 2 sans barreur, femmes J16. Les filles ont bien men\u00e9 leurs courses, le niveau \u00e9tait \u00e9lev\u00e9 et elles ont r\u00e9duit l\u2019\u00e9cart avec les premi\u00e8res au fur et \u00e0 mesure des<\/p>\n<p>parcours. Bravo \u00e0 elles ! M\u00eame ticket gagnant pour le 2 sans barreur, hommes J16, de Rapha\u00ebl RUAUX et Th\u00e9o FEUVRAUX qui d\u00e9crochent eux aussi la 2\u00e8me place de leur cat\u00e9gorie.<\/p>\n<p>Sarah PIERREL est 6\u00e8me en skiff, mais elle n\u2019a pas d\u00e9m\u00e9rit\u00e9\u2026 Apr\u00e8s des pr\u00e9parations perturb\u00e9es, elle faisait face \u00e0 un niveau tr\u00e8s \u00e9lev\u00e9, mais a r\u00e9ussi \u00e0 se qualifier en finale A en r\u00e9alisant une tr\u00e8s belle demi-finale !<\/p>\n<p>Chez les juniors enfin, Augustin TRIBOULOT et Maxime DROUHIN, ont termin\u00e9 7\u00e8me. Ils ont men\u00e9 leurs courses intelligemment, mais la t\u00e2che \u00e9tait ardue, une fois de plus, il \u00e9tait difficile de faire le poids, leurs gabarits \u00e9tant trop l\u00e9gers face aux autres concurrents. A noter que chez les juniors, la cat\u00e9gorie \u00ab poids l\u00e9ger \u00bb n\u2019existe pas\u2026<\/p>\n<p>Il reste donc deux semaines d\u2019entra\u00eenement pour les minimes et trois semaines pour les plus grands avant le Championnat National Jeunes et les Championnats de France. Ca va ramer \u00ab fort \u00bb sur le lac sous le soleil de juin !<\/p>\n<p>Caroline COMINOTTI pour l\u2019ASG AVIRON.<\/p>\n","protected":false},"excerpt":{"rendered":"<p>Ce week-end avaient lieu les championnats de zone \u00e0 Charleville-M\u00e9zi\u00e8res. Derni\u00e8re \u00e9tape avant les championnats de France, les rameurs g\u00e9r\u00f4mois [&hellip;]<\/p>\n","protected":false},"author":1,"featured_media":34882,"comment_status":"open","ping_status":"open","sticky":false,"template":"","format":"standard","meta":{"footnotes":""},"categories":[20,14],"tags":[174],"class_list":["post-34881","post","type-post","status-publish","format-standard","has-post-thumbnail","hentry","category-a-la-une","category-sport","tag-asg-aviron"],"acf":[],"yoast_head":"<!-- This site is optimized with the Yoast SEO plugin v22.5 - https:\/\/yoast.com\/wordpress\/plugins\/seo\/ -->\n<title>Aviron : les G\u00e9r\u00f4mois bien class\u00e9s aux championnats de zone ! - Gerardmer Info<\/title>\n<meta name=\"robots\" content=\"index, follow, max-snippet:-1, max-image-preview:large, max-video-preview:-1\" \/>\n<link rel=\"canonical\" href=\"https:\/\/vosgesinfo.fr\/gerardmerinfo\/2018\/06\/aviron-geromois-bien-classes-aux-championnats-de-zone\/\" \/>\n<meta name=\"twitter:card\" content=\"summary_large_image\" \/>\n<meta name=\"twitter:title\" content=\"Aviron : les G\u00e9r\u00f4mois bien class\u00e9s aux championnats de zone ! - Gerardmer Info\" \/>\n<meta name=\"twitter:description\" content=\"Ce week-end avaient lieu les championnats de zone \u00e0 Charleville-M\u00e9zi\u00e8res. Derni\u00e8re \u00e9tape avant les championnats de France, les rameurs g\u00e9r\u00f4mois [&hellip;]\" \/>\n<meta name=\"twitter:image\" content=\"https:\/\/vosgesinfo.fr\/app\/uploads\/sites\/6\/2024\/07\/201806aviron-charleville-mezieres-2018-asg.jpg\" \/>\n<meta name=\"twitter:creator\" content=\"@VosgesInfo88\" \/>\n<meta name=\"twitter:site\" content=\"@VosgesInfo88\" \/>\n<meta name=\"twitter:label1\" content=\"\u00c9crit par\" \/>\n\t<meta name=\"twitter:data1\" content=\"qs_admin\" \/>\n\t<meta name=\"twitter:label2\" content=\"Dur\u00e9e de lecture estim\u00e9e\" \/>\n\t<meta name=\"twitter:data2\" content=\"4 minutes\" \/>\n<script type=\"application\/ld+json\" class=\"yoast-schema-graph\">{\"@context\":\"https:\/\/schema.org\",\"@graph\":[{\"@type\":\"Article\",\"@id\":\"https:\/\/vosgesinfo.fr\/gerardmerinfo\/2018\/06\/aviron-geromois-bien-classes-aux-championnats-de-zone\/#article\",\"isPartOf\":{\"@id\":\"https:\/\/vosgesinfo.fr\/gerardmerinfo\/2018\/06\/aviron-geromois-bien-classes-aux-championnats-de-zone\/\"},\"author\":{\"name\":\"qs_admin\",\"@id\":\"https:\/\/vosgesinfo.fr\/gerardmerinfo\/#\/schema\/person\/bc5d02d71e6932e81b6dadb7386667b1\"},\"headline\":\"Aviron : les G\u00e9r\u00f4mois bien class\u00e9s aux championnats de zone !\",\"datePublished\":\"2018-06-20T14:56:02+00:00\",\"dateModified\":\"2018-06-20T14:56:02+00:00\",\"mainEntityOfPage\":{\"@id\":\"https:\/\/vosgesinfo.fr\/gerardmerinfo\/2018\/06\/aviron-geromois-bien-classes-aux-championnats-de-zone\/\"},\"wordCount\":736,\"commentCount\":0,\"publisher\":{\"@id\":\"https:\/\/vosgesinfo.fr\/gerardmerinfo\/#organization\"},\"image\":{\"@id\":\"https:\/\/vosgesinfo.fr\/gerardmerinfo\/2018\/06\/aviron-geromois-bien-classes-aux-championnats-de-zone\/#primaryimage\"},\"thumbnailUrl\":\"https:\/\/vosgesinfo.fr\/app\/uploads\/sites\/6\/2024\/07\/201806aviron-charleville-mezieres-2018-asg.jpg\",\"keywords\":[\"asg aviron\"],\"articleSection\":[\"A la une\",\"Sport\"],\"inLanguage\":\"fr-FR\",\"potentialAction\":[{\"@type\":\"CommentAction\",\"name\":\"Comment\",\"target\":[\"https:\/\/vosgesinfo.fr\/gerardmerinfo\/2018\/06\/aviron-geromois-bien-classes-aux-championnats-de-zone\/#respond\"]}]},{\"@type\":\"WebPage\",\"@id\":\"https:\/\/vosgesinfo.fr\/gerardmerinfo\/2018\/06\/aviron-geromois-bien-classes-aux-championnats-de-zone\/\",\"url\":\"https:\/\/vosgesinfo.fr\/gerardmerinfo\/2018\/06\/aviron-geromois-bien-classes-aux-championnats-de-zone\/\",\"name\":\"Aviron : les G\u00e9r\u00f4mois bien class\u00e9s aux championnats de zone ! - Gerardmer Info\",\"isPartOf\":{\"@id\":\"https:\/\/vosgesinfo.fr\/gerardmerinfo\/#website\"},\"primaryImageOfPage\":{\"@id\":\"https:\/\/vosgesinfo.fr\/gerardmerinfo\/2018\/06\/aviron-geromois-bien-classes-aux-championnats-de-zone\/#primaryimage\"},\"image\":{\"@id\":\"https:\/\/vosgesinfo.fr\/gerardmerinfo\/2018\/06\/aviron-geromois-bien-classes-aux-championnats-de-zone\/#primaryimage\"},\"thumbnailUrl\":\"https:\/\/vosgesinfo.fr\/app\/uploads\/sites\/6\/2024\/07\/201806aviron-charleville-mezieres-2018-asg.jpg\",\"datePublished\":\"2018-06-20T14:56:02+00:00\",\"dateModified\":\"2018-06-20T14:56:02+00:00\",\"breadcrumb\":{\"@id\":\"https:\/\/vosgesinfo.fr\/gerardmerinfo\/2018\/06\/aviron-geromois-bien-classes-aux-championnats-de-zone\/#breadcrumb\"},\"inLanguage\":\"fr-FR\",\"potentialAction\":[{\"@type\":\"ReadAction\",\"target\":[\"https:\/\/vosgesinfo.fr\/gerardmerinfo\/2018\/06\/aviron-geromois-bien-classes-aux-championnats-de-zone\/\"]}]},{\"@type\":\"ImageObject\",\"inLanguage\":\"fr-FR\",\"@id\":\"https:\/\/vosgesinfo.fr\/gerardmerinfo\/2018\/06\/aviron-geromois-bien-classes-aux-championnats-de-zone\/#primaryimage\",\"url\":\"https:\/\/vosgesinfo.fr\/app\/uploads\/sites\/6\/2024\/07\/201806aviron-charleville-mezieres-2018-asg.jpg\",\"contentUrl\":\"https:\/\/vosgesinfo.fr\/app\/uploads\/sites\/6\/2024\/07\/201806aviron-charleville-mezieres-2018-asg.jpg\",\"width\":800,\"height\":450},{\"@type\":\"BreadcrumbList\",\"@id\":\"https:\/\/vosgesinfo.fr\/gerardmerinfo\/2018\/06\/aviron-geromois-bien-classes-aux-championnats-de-zone\/#breadcrumb\",\"itemListElement\":[{\"@type\":\"ListItem\",\"position\":1,\"name\":\"Home\",\"item\":\"https:\/\/vosgesinfo.fr\/gerardmerinfo\/\"},{\"@type\":\"ListItem\",\"position\":2,\"name\":\"Aviron : les G\u00e9r\u00f4mois bien class\u00e9s aux championnats de zone !\"}]},{\"@type\":\"WebSite\",\"@id\":\"https:\/\/vosgesinfo.fr\/gerardmerinfo\/#website\",\"url\":\"https:\/\/vosgesinfo.fr\/gerardmerinfo\/\",\"name\":\"Gerardmer Info\",\"description\":\"Toute l&#039;actualit\u00e9 de G\u00e9rardmer\",\"publisher\":{\"@id\":\"https:\/\/vosgesinfo.fr\/gerardmerinfo\/#organization\"},\"alternateName\":\"Toute l'actualit\u00e9 de G\u00e9rardmer\",\"potentialAction\":[{\"@type\":\"SearchAction\",\"target\":{\"@type\":\"EntryPoint\",\"urlTemplate\":\"https:\/\/vosgesinfo.fr\/gerardmerinfo\/?s={search_term_string}\"},\"query-input\":\"required name=search_term_string\"}],\"inLanguage\":\"fr-FR\"},{\"@type\":\"Organization\",\"@id\":\"https:\/\/vosgesinfo.fr\/gerardmerinfo\/#organization\",\"name\":\"Gerardmer Info\",\"url\":\"https:\/\/vosgesinfo.fr\/gerardmerinfo\/\",\"logo\":{\"@type\":\"ImageObject\",\"inLanguage\":\"fr-FR\",\"@id\":\"https:\/\/vosgesinfo.fr\/gerardmerinfo\/#\/schema\/logo\/image\/\",\"url\":\"https:\/\/vosgesinfo.fr\/app\/uploads\/sites\/6\/2023\/08\/favicon-gerardmerinfo.png\",\"contentUrl\":\"https:\/\/vosgesinfo.fr\/app\/uploads\/sites\/6\/2023\/08\/favicon-gerardmerinfo.png\",\"width\":512,\"height\":512,\"caption\":\"Gerardmer Info\"},\"image\":{\"@id\":\"https:\/\/vosgesinfo.fr\/gerardmerinfo\/#\/schema\/logo\/image\/\"},\"sameAs\":[\"https:\/\/www.facebook.com\/profile.php?id=100049475262660\",\"https:\/\/x.com\/VosgesInfo88\",\"https:\/\/www.youtube.com\/@vosgesinfo\"]},{\"@type\":\"Person\",\"@id\":\"https:\/\/vosgesinfo.fr\/gerardmerinfo\/#\/schema\/person\/bc5d02d71e6932e81b6dadb7386667b1\",\"name\":\"qs_admin\",\"image\":{\"@type\":\"ImageObject\",\"inLanguage\":\"fr-FR\",\"@id\":\"https:\/\/vosgesinfo.fr\/gerardmerinfo\/#\/schema\/person\/image\/\",\"url\":\"https:\/\/secure.gravatar.com\/avatar\/94b18ee0ed79e4a42ea2f2931277b6841a8999fc6fde214600c78057cf1fe1de?s=96&d=mm&r=g\",\"contentUrl\":\"https:\/\/secure.gravatar.com\/avatar\/94b18ee0ed79e4a42ea2f2931277b6841a8999fc6fde214600c78057cf1fe1de?s=96&d=mm&r=g\",\"caption\":\"qs_admin\"},\"sameAs\":[\"https:\/\/vosgesinfo.fr\/wp\"],\"url\":\"https:\/\/vosgesinfo.fr\/gerardmerinfo\/author\/qs_admin\/\"}]}<\/script>\n<!-- \/ Yoast SEO plugin. -->","yoast_head_json":{"title":"Aviron : les G\u00e9r\u00f4mois bien class\u00e9s aux championnats de zone ! - Gerardmer Info","robots":{"index":"index","follow":"follow","max-snippet":"max-snippet:-1","max-image-preview":"max-image-preview:large","max-video-preview":"max-video-preview:-1"},"canonical":"https:\/\/vosgesinfo.fr\/gerardmerinfo\/2018\/06\/aviron-geromois-bien-classes-aux-championnats-de-zone\/","twitter_card":"summary_large_image","twitter_title":"Aviron : les G\u00e9r\u00f4mois bien class\u00e9s aux championnats de zone ! - Gerardmer Info","twitter_description":"Ce week-end avaient lieu les championnats de zone \u00e0 Charleville-M\u00e9zi\u00e8res. Derni\u00e8re \u00e9tape avant les championnats de France, les rameurs g\u00e9r\u00f4mois [&hellip;]","twitter_image":"https:\/\/vosgesinfo.fr\/app\/uploads\/sites\/6\/2024\/07\/201806aviron-charleville-mezieres-2018-asg.jpg","twitter_creator":"@VosgesInfo88","twitter_site":"@VosgesInfo88","twitter_misc":{"\u00c9crit par":"qs_admin","Dur\u00e9e de lecture estim\u00e9e":"4 minutes"},"schema":{"@context":"https:\/\/schema.org","@graph":[{"@type":"Article","@id":"https:\/\/vosgesinfo.fr\/gerardmerinfo\/2018\/06\/aviron-geromois-bien-classes-aux-championnats-de-zone\/#article","isPartOf":{"@id":"https:\/\/vosgesinfo.fr\/gerardmerinfo\/2018\/06\/aviron-geromois-bien-classes-aux-championnats-de-zone\/"},"author":{"name":"qs_admin","@id":"https:\/\/vosgesinfo.fr\/gerardmerinfo\/#\/schema\/person\/bc5d02d71e6932e81b6dadb7386667b1"},"headline":"Aviron : les G\u00e9r\u00f4mois bien class\u00e9s aux championnats de zone !","datePublished":"2018-06-20T14:56:02+00:00","dateModified":"2018-06-20T14:56:02+00:00","mainEntityOfPage":{"@id":"https:\/\/vosgesinfo.fr\/gerardmerinfo\/2018\/06\/aviron-geromois-bien-classes-aux-championnats-de-zone\/"},"wordCount":736,"commentCount":0,"publisher":{"@id":"https:\/\/vosgesinfo.fr\/gerardmerinfo\/#organization"},"image":{"@id":"https:\/\/vosgesinfo.fr\/gerardmerinfo\/2018\/06\/aviron-geromois-bien-classes-aux-championnats-de-zone\/#primaryimage"},"thumbnailUrl":"https:\/\/vosgesinfo.fr\/app\/uploads\/sites\/6\/2024\/07\/201806aviron-charleville-mezieres-2018-asg.jpg","keywords":["asg aviron"],"articleSection":["A la une","Sport"],"inLanguage":"fr-FR","potentialAction":[{"@type":"CommentAction","name":"Comment","target":["https:\/\/vosgesinfo.fr\/gerardmerinfo\/2018\/06\/aviron-geromois-bien-classes-aux-championnats-de-zone\/#respond"]}]},{"@type":"WebPage","@id":"https:\/\/vosgesinfo.fr\/gerardmerinfo\/2018\/06\/aviron-geromois-bien-classes-aux-championnats-de-zone\/","url":"https:\/\/vosgesinfo.fr\/gerardmerinfo\/2018\/06\/aviron-geromois-bien-classes-aux-championnats-de-zone\/","name":"Aviron : les G\u00e9r\u00f4mois bien class\u00e9s aux championnats de zone ! - Gerardmer Info","isPartOf":{"@id":"https:\/\/vosgesinfo.fr\/gerardmerinfo\/#website"},"primaryImageOfPage":{"@id":"https:\/\/vosgesinfo.fr\/gerardmerinfo\/2018\/06\/aviron-geromois-bien-classes-aux-championnats-de-zone\/#primaryimage"},"image":{"@id":"https:\/\/vosgesinfo.fr\/gerardmerinfo\/2018\/06\/aviron-geromois-bien-classes-aux-championnats-de-zone\/#primaryimage"},"thumbnailUrl":"https:\/\/vosgesinfo.fr\/app\/uploads\/sites\/6\/2024\/07\/201806aviron-charleville-mezieres-2018-asg.jpg","datePublished":"2018-06-20T14:56:02+00:00","dateModified":"2018-06-20T14:56:02+00:00","breadcrumb":{"@id":"https:\/\/vosgesinfo.fr\/gerardmerinfo\/2018\/06\/aviron-geromois-bien-classes-aux-championnats-de-zone\/#breadcrumb"},"inLanguage":"fr-FR","potentialAction":[{"@type":"ReadAction","target":["https:\/\/vosgesinfo.fr\/gerardmerinfo\/2018\/06\/aviron-geromois-bien-classes-aux-championnats-de-zone\/"]}]},{"@type":"ImageObject","inLanguage":"fr-FR","@id":"https:\/\/vosgesinfo.fr\/gerardmerinfo\/2018\/06\/aviron-geromois-bien-classes-aux-championnats-de-zone\/#primaryimage","url":"https:\/\/vosgesinfo.fr\/app\/uploads\/sites\/6\/2024\/07\/201806aviron-charleville-mezieres-2018-asg.jpg","contentUrl":"https:\/\/vosgesinfo.fr\/app\/uploads\/sites\/6\/2024\/07\/201806aviron-charleville-mezieres-2018-asg.jpg","width":800,"height":450},{"@type":"BreadcrumbList","@id":"https:\/\/vosgesinfo.fr\/gerardmerinfo\/2018\/06\/aviron-geromois-bien-classes-aux-championnats-de-zone\/#breadcrumb","itemListElement":[{"@type":"ListItem","position":1,"name":"Home","item":"https:\/\/vosgesinfo.fr\/gerardmerinfo\/"},{"@type":"ListItem","position":2,"name":"Aviron : les G\u00e9r\u00f4mois bien class\u00e9s aux championnats de zone !"}]},{"@type":"WebSite","@id":"https:\/\/vosgesinfo.fr\/gerardmerinfo\/#website","url":"https:\/\/vosgesinfo.fr\/gerardmerinfo\/","name":"Gerardmer Info","description":"Toute l&#039;actualit\u00e9 de G\u00e9rardmer","publisher":{"@id":"https:\/\/vosgesinfo.fr\/gerardmerinfo\/#organization"},"alternateName":"Toute l'actualit\u00e9 de G\u00e9rardmer","potentialAction":[{"@type":"SearchAction","target":{"@type":"EntryPoint","urlTemplate":"https:\/\/vosgesinfo.fr\/gerardmerinfo\/?s={search_term_string}"},"query-input":"required name=search_term_string"}],"inLanguage":"fr-FR"},{"@type":"Organization","@id":"https:\/\/vosgesinfo.fr\/gerardmerinfo\/#organization","name":"Gerardmer Info","url":"https:\/\/vosgesinfo.fr\/gerardmerinfo\/","logo":{"@type":"ImageObject","inLanguage":"fr-FR","@id":"https:\/\/vosgesinfo.fr\/gerardmerinfo\/#\/schema\/logo\/image\/","url":"https:\/\/vosgesinfo.fr\/app\/uploads\/sites\/6\/2023\/08\/favicon-gerardmerinfo.png","contentUrl":"https:\/\/vosgesinfo.fr\/app\/uploads\/sites\/6\/2023\/08\/favicon-gerardmerinfo.png","width":512,"height":512,"caption":"Gerardmer Info"},"image":{"@id":"https:\/\/vosgesinfo.fr\/gerardmerinfo\/#\/schema\/logo\/image\/"},"sameAs":["https:\/\/www.facebook.com\/profile.php?id=100049475262660","https:\/\/x.com\/VosgesInfo88","https:\/\/www.youtube.com\/@vosgesinfo"]},{"@type":"Person","@id":"https:\/\/vosgesinfo.fr\/gerardmerinfo\/#\/schema\/person\/bc5d02d71e6932e81b6dadb7386667b1","name":"qs_admin","image":{"@type":"ImageObject","inLanguage":"fr-FR","@id":"https:\/\/vosgesinfo.fr\/gerardmerinfo\/#\/schema\/person\/image\/","url":"https:\/\/secure.gravatar.com\/avatar\/94b18ee0ed79e4a42ea2f2931277b6841a8999fc6fde214600c78057cf1fe1de?s=96&d=mm&r=g","contentUrl":"https:\/\/secure.gravatar.com\/avatar\/94b18ee0ed79e4a42ea2f2931277b6841a8999fc6fde214600c78057cf1fe1de?s=96&d=mm&r=g","caption":"qs_admin"},"sameAs":["https:\/\/vosgesinfo.fr\/wp"],"url":"https:\/\/vosgesinfo.fr\/gerardmerinfo\/author\/qs_admin\/"}]}},"_links":{"self":[{"href":"https:\/\/vosgesinfo.fr\/gerardmerinfo\/wp-json\/wp\/v2\/posts\/34881","targetHints":{"allow":["GET"]}}],"collection":[{"href":"https:\/\/vosgesinfo.fr\/gerardmerinfo\/wp-json\/wp\/v2\/posts"}],"about":[{"href":"https:\/\/vosgesinfo.fr\/gerardmerinfo\/wp-json\/wp\/v2\/types\/post"}],"author":[{"embeddable":true,"href":"https:\/\/vosgesinfo.fr\/gerardmerinfo\/wp-json\/wp\/v2\/users\/1"}],"replies":[{"embeddable":true,"href":"https:\/\/vosgesinfo.fr\/gerardmerinfo\/wp-json\/wp\/v2\/comments?post=34881"}],"version-history":[{"count":0,"href":"https:\/\/vosgesinfo.fr\/gerardmerinfo\/wp-json\/wp\/v2\/posts\/34881\/revisions"}],"wp:featuredmedia":[{"embeddable":true,"href":"https:\/\/vosgesinfo.fr\/gerardmerinfo\/wp-json\/wp\/v2\/media\/34882"}],"wp:attachment":[{"href":"https:\/\/vosgesinfo.fr\/gerardmerinfo\/wp-json\/wp\/v2\/media?parent=34881"}],"wp:term":[{"taxonomy":"category","embeddable":true,"href":"https:\/\/vosgesinfo.fr\/gerardmerinfo\/wp-json\/wp\/v2\/categories?post=34881"},{"taxonomy":"post_tag","embeddable":true,"href":"https:\/\/vosgesinfo.fr\/gerardmerinfo\/wp-json\/wp\/v2\/tags?post=34881"}],"curies":[{"name":"wp","href":"https:\/\/api.w.org\/{rel}","templated":true}]}}