{"id":34981,"date":"2018-06-25T11:46:58","date_gmt":"2018-06-25T09:46:58","guid":{"rendered":"https:\/\/vosgesinfo.fr\/gerardmerinfo\/2018\/06\/jeunes-service-civique\/"},"modified":"2018-06-25T11:46:58","modified_gmt":"2018-06-25T09:46:58","slug":"jeunes-service-civique","status":"publish","type":"post","link":"https:\/\/vosgesinfo.fr\/gerardmerinfo\/2018\/06\/jeunes-service-civique\/","title":{"rendered":"Les jeunes et le Service Civique"},"content":{"rendered":"<p class=\"Standard\" style=\"text-align: center;\" align=\"center\"><b><u><span style=\"font-size: 14.0pt; color: #006699;\"><a href=\"http:\/\/gerardmerinfo.fr\/2018\/06\/jeunes-service-civique\/bandeau-fb18\/\" rel=\"attachment wp-att-129904\"><img decoding=\"async\" class=\"aligncenter size-full wp-image-129904\" src=\"\/2018\/06\/Bandeau-FB18.jpg\" alt=\"Bandeau FB18\" width=\"800\" height=\"296\" \/><\/a>Forums du Service Civique<\/span><\/u><\/b><b><span style=\"font-size: 14.0pt; color: #006699;\">:<\/span><\/b><\/p>\n<p class=\"Standard\" style=\"text-align: center;\" align=\"center\"><span style=\"font-size: 14.0pt; color: #006699;\">Bourse aux missions, informations sur le dispositif<\/span><\/p>\n<p class=\"Standard\" style=\"text-align: center;\" align=\"center\"><b><span style=\"font-size: 14.0pt; color: #006699;\">De nombreuses missions \u00e0 pourvoir !<\/span><\/b><\/p>\n<p class=\"Standard\" style=\"text-align: justify;\">\n<p class=\"Standard\" style=\"text-align: center;\" align=\"center\">En partenariat avec la Ligue de l&rsquo;Enseignement des Vosges et les acteurs locaux, les services de la DDCSPP organisent <b><span style=\"color: red;\">trois forums Service Civique<\/span><\/b> !<\/p>\n<p class=\"Standard\" style=\"text-align: center;\" align=\"center\">Le <b><span style=\"color: red;\">mercredi 27 juin<\/span><\/b> de 14h \u00e0 17h30 \u00e0 <b><span style=\"color: red;\">l\u2019Espace Cours d\u2019Epinal<\/span><\/b><\/p>\n<p class=\"Standard\" style=\"text-align: center;\" align=\"center\">Le <b><span style=\"color: red;\">jeudi 28 juin<\/span><\/b> de 14h \u00e0 17h30 \u00e0 la <b><span style=\"color: red;\">Tour Libert\u00e9 de Saint Di\u00e9 des Vosges<br \/>\n<\/span><\/b><\/p>\n<p class=\"Standard\" style=\"text-align: center;\" align=\"center\">Le <b><span style=\"color: red;\">vendredi 29 juin<\/span><\/b> de 14h \u00e0 17h30 \u00e0 <b><span style=\"color: red;\">la MCL \u00e0 Neufch\u00e2teau<\/span><\/b><\/p>\n<p class=\"Standard\" style=\"text-align: justify;\">\u00a0Ces \u00e9v\u00e9nements ont pour objectif de permettre aux jeunes \u00e2g\u00e9s entre 16 et 25 ans et aux structures d\u00e9partementales agr\u00e9\u00e9es du Service Civique de se rencontrer et d&rsquo;\u00e9changer sur l&rsquo;engagement volontaire.<br \/>\nPrincipalement ax\u00e9s sur une bourse aux missions pour faciliter le recrutement des prochains engag\u00e9s, les forums comprendront \u00e9galement un stand d\u00e9di\u00e9 \u00e0 l&rsquo;information sur le Service Civique et seront l\u2019occasion pour toute structure agr\u00e9\u00e9e Service Civique, de venir proposer des missions \u00e0 des jeunes souhaitant s\u2019engager, de rencontrer des jeunes, de nouer des contacts et d\u2019\u00e9changer avec les acteurs locaux de l\u2019accompagnement des jeunes, \u00e9galement partenaires de l\u2019organisation de ces forums.<\/p>\n<p class=\"Standard\" style=\"text-align: justify;\">Nous convions donc les jeunes du d\u00e9partement \u00e0 venir nous rencontrer pour s\u2019engager ou s\u2019informer mais \u00e9galement les structures curieuses et d\u00e9sireuses d\u2019engager prochainement des volontaires en service civique\u00a0!<\/p>\n<p class=\"Standard\" style=\"margin-bottom: 12.0pt;\">En 2017, 587 jeunes se sont engag\u00e9s dans une mission d&rsquo;int\u00e9r\u00eat g\u00e9n\u00e9ral sur le territoire vosgien, principalement dans l&rsquo;arrondissement d\u2019\u00c9pinal et dans les domaines de l&rsquo;\u00e9ducation pour tous, de la solidarit\u00e9, de la culture et du sport.<\/p>\n","protected":false},"excerpt":{"rendered":"<p>Forums du Service Civique: Bourse aux missions, informations sur le dispositif De nombreuses missions \u00e0 pourvoir ! En partenariat avec [&hellip;]<\/p>\n","protected":false},"author":1,"featured_media":34982,"comment_status":"open","ping_status":"open","sticky":false,"template":"","format":"standard","meta":{"footnotes":""},"categories":[20,13],"tags":[],"class_list":["post-34981","post","type-post","status-publish","format-standard","has-post-thumbnail","hentry","category-a-la-une","category-societe"],"acf":[],"yoast_head":"<!-- This site is optimized with the Yoast SEO plugin v22.5 - https:\/\/yoast.com\/wordpress\/plugins\/seo\/ -->\n<title>Les jeunes et le Service Civique - Gerardmer Info<\/title>\n<meta name=\"robots\" content=\"index, follow, max-snippet:-1, max-image-preview:large, max-video-preview:-1\" \/>\n<link rel=\"canonical\" href=\"https:\/\/vosgesinfo.fr\/gerardmerinfo\/2018\/06\/jeunes-service-civique\/\" \/>\n<meta name=\"twitter:card\" content=\"summary_large_image\" \/>\n<meta name=\"twitter:title\" content=\"Les jeunes et le Service Civique - Gerardmer Info\" \/>\n<meta name=\"twitter:description\" content=\"Forums du Service Civique: Bourse aux missions, informations sur le dispositif De nombreuses missions \u00e0 pourvoir ! En partenariat avec [&hellip;]\" \/>\n<meta name=\"twitter:image\" content=\"https:\/\/vosgesinfo.fr\/app\/uploads\/sites\/6\/2024\/07\/201806bandeau-fb18.jpg\" \/>\n<meta name=\"twitter:creator\" content=\"@VosgesInfo88\" \/>\n<meta name=\"twitter:site\" content=\"@VosgesInfo88\" \/>\n<meta name=\"twitter:label1\" content=\"\u00c9crit par\" \/>\n\t<meta name=\"twitter:data1\" content=\"qs_admin\" \/>\n\t<meta name=\"twitter:label2\" content=\"Dur\u00e9e de lecture estim\u00e9e\" \/>\n\t<meta name=\"twitter:data2\" content=\"1 minute\" \/>\n<script type=\"application\/ld+json\" class=\"yoast-schema-graph\">{\"@context\":\"https:\/\/schema.org\",\"@graph\":[{\"@type\":\"Article\",\"@id\":\"https:\/\/vosgesinfo.fr\/gerardmerinfo\/2018\/06\/jeunes-service-civique\/#article\",\"isPartOf\":{\"@id\":\"https:\/\/vosgesinfo.fr\/gerardmerinfo\/2018\/06\/jeunes-service-civique\/\"},\"author\":{\"name\":\"qs_admin\",\"@id\":\"https:\/\/vosgesinfo.fr\/gerardmerinfo\/#\/schema\/person\/bc5d02d71e6932e81b6dadb7386667b1\"},\"headline\":\"Les jeunes et le Service Civique\",\"datePublished\":\"2018-06-25T09:46:58+00:00\",\"dateModified\":\"2018-06-25T09:46:58+00:00\",\"mainEntityOfPage\":{\"@id\":\"https:\/\/vosgesinfo.fr\/gerardmerinfo\/2018\/06\/jeunes-service-civique\/\"},\"wordCount\":271,\"commentCount\":0,\"publisher\":{\"@id\":\"https:\/\/vosgesinfo.fr\/gerardmerinfo\/#organization\"},\"image\":{\"@id\":\"https:\/\/vosgesinfo.fr\/gerardmerinfo\/2018\/06\/jeunes-service-civique\/#primaryimage\"},\"thumbnailUrl\":\"https:\/\/vosgesinfo.fr\/app\/uploads\/sites\/6\/2024\/07\/201806bandeau-fb18.jpg\",\"articleSection\":[\"A la une\",\"Soci\u00e9t\u00e9\"],\"inLanguage\":\"fr-FR\",\"potentialAction\":[{\"@type\":\"CommentAction\",\"name\":\"Comment\",\"target\":[\"https:\/\/vosgesinfo.fr\/gerardmerinfo\/2018\/06\/jeunes-service-civique\/#respond\"]}]},{\"@type\":\"WebPage\",\"@id\":\"https:\/\/vosgesinfo.fr\/gerardmerinfo\/2018\/06\/jeunes-service-civique\/\",\"url\":\"https:\/\/vosgesinfo.fr\/gerardmerinfo\/2018\/06\/jeunes-service-civique\/\",\"name\":\"Les jeunes et le Service Civique - Gerardmer Info\",\"isPartOf\":{\"@id\":\"https:\/\/vosgesinfo.fr\/gerardmerinfo\/#website\"},\"primaryImageOfPage\":{\"@id\":\"https:\/\/vosgesinfo.fr\/gerardmerinfo\/2018\/06\/jeunes-service-civique\/#primaryimage\"},\"image\":{\"@id\":\"https:\/\/vosgesinfo.fr\/gerardmerinfo\/2018\/06\/jeunes-service-civique\/#primaryimage\"},\"thumbnailUrl\":\"https:\/\/vosgesinfo.fr\/app\/uploads\/sites\/6\/2024\/07\/201806bandeau-fb18.jpg\",\"datePublished\":\"2018-06-25T09:46:58+00:00\",\"dateModified\":\"2018-06-25T09:46:58+00:00\",\"breadcrumb\":{\"@id\":\"https:\/\/vosgesinfo.fr\/gerardmerinfo\/2018\/06\/jeunes-service-civique\/#breadcrumb\"},\"inLanguage\":\"fr-FR\",\"potentialAction\":[{\"@type\":\"ReadAction\",\"target\":[\"https:\/\/vosgesinfo.fr\/gerardmerinfo\/2018\/06\/jeunes-service-civique\/\"]}]},{\"@type\":\"ImageObject\",\"inLanguage\":\"fr-FR\",\"@id\":\"https:\/\/vosgesinfo.fr\/gerardmerinfo\/2018\/06\/jeunes-service-civique\/#primaryimage\",\"url\":\"https:\/\/vosgesinfo.fr\/app\/uploads\/sites\/6\/2024\/07\/201806bandeau-fb18.jpg\",\"contentUrl\":\"https:\/\/vosgesinfo.fr\/app\/uploads\/sites\/6\/2024\/07\/201806bandeau-fb18.jpg\",\"width\":800,\"height\":296},{\"@type\":\"BreadcrumbList\",\"@id\":\"https:\/\/vosgesinfo.fr\/gerardmerinfo\/2018\/06\/jeunes-service-civique\/#breadcrumb\",\"itemListElement\":[{\"@type\":\"ListItem\",\"position\":1,\"name\":\"Home\",\"item\":\"https:\/\/vosgesinfo.fr\/gerardmerinfo\/\"},{\"@type\":\"ListItem\",\"position\":2,\"name\":\"Les jeunes et le Service Civique\"}]},{\"@type\":\"WebSite\",\"@id\":\"https:\/\/vosgesinfo.fr\/gerardmerinfo\/#website\",\"url\":\"https:\/\/vosgesinfo.fr\/gerardmerinfo\/\",\"name\":\"Gerardmer Info\",\"description\":\"Toute l&#039;actualit\u00e9 de G\u00e9rardmer\",\"publisher\":{\"@id\":\"https:\/\/vosgesinfo.fr\/gerardmerinfo\/#organization\"},\"alternateName\":\"Toute l'actualit\u00e9 de G\u00e9rardmer\",\"potentialAction\":[{\"@type\":\"SearchAction\",\"target\":{\"@type\":\"EntryPoint\",\"urlTemplate\":\"https:\/\/vosgesinfo.fr\/gerardmerinfo\/?s={search_term_string}\"},\"query-input\":\"required name=search_term_string\"}],\"inLanguage\":\"fr-FR\"},{\"@type\":\"Organization\",\"@id\":\"https:\/\/vosgesinfo.fr\/gerardmerinfo\/#organization\",\"name\":\"Gerardmer Info\",\"url\":\"https:\/\/vosgesinfo.fr\/gerardmerinfo\/\",\"logo\":{\"@type\":\"ImageObject\",\"inLanguage\":\"fr-FR\",\"@id\":\"https:\/\/vosgesinfo.fr\/gerardmerinfo\/#\/schema\/logo\/image\/\",\"url\":\"https:\/\/vosgesinfo.fr\/app\/uploads\/sites\/6\/2023\/08\/favicon-gerardmerinfo.png\",\"contentUrl\":\"https:\/\/vosgesinfo.fr\/app\/uploads\/sites\/6\/2023\/08\/favicon-gerardmerinfo.png\",\"width\":512,\"height\":512,\"caption\":\"Gerardmer Info\"},\"image\":{\"@id\":\"https:\/\/vosgesinfo.fr\/gerardmerinfo\/#\/schema\/logo\/image\/\"},\"sameAs\":[\"https:\/\/www.facebook.com\/profile.php?id=100049475262660\",\"https:\/\/x.com\/VosgesInfo88\",\"https:\/\/www.youtube.com\/@vosgesinfo\"]},{\"@type\":\"Person\",\"@id\":\"https:\/\/vosgesinfo.fr\/gerardmerinfo\/#\/schema\/person\/bc5d02d71e6932e81b6dadb7386667b1\",\"name\":\"qs_admin\",\"image\":{\"@type\":\"ImageObject\",\"inLanguage\":\"fr-FR\",\"@id\":\"https:\/\/vosgesinfo.fr\/gerardmerinfo\/#\/schema\/person\/image\/\",\"url\":\"https:\/\/secure.gravatar.com\/avatar\/94b18ee0ed79e4a42ea2f2931277b6841a8999fc6fde214600c78057cf1fe1de?s=96&d=mm&r=g\",\"contentUrl\":\"https:\/\/secure.gravatar.com\/avatar\/94b18ee0ed79e4a42ea2f2931277b6841a8999fc6fde214600c78057cf1fe1de?s=96&d=mm&r=g\",\"caption\":\"qs_admin\"},\"sameAs\":[\"https:\/\/vosgesinfo.fr\/wp\"],\"url\":\"https:\/\/vosgesinfo.fr\/gerardmerinfo\/author\/qs_admin\/\"}]}<\/script>\n<!-- \/ Yoast SEO plugin. -->","yoast_head_json":{"title":"Les jeunes et le Service Civique - Gerardmer Info","robots":{"index":"index","follow":"follow","max-snippet":"max-snippet:-1","max-image-preview":"max-image-preview:large","max-video-preview":"max-video-preview:-1"},"canonical":"https:\/\/vosgesinfo.fr\/gerardmerinfo\/2018\/06\/jeunes-service-civique\/","twitter_card":"summary_large_image","twitter_title":"Les jeunes et le Service Civique - Gerardmer Info","twitter_description":"Forums du Service Civique: Bourse aux missions, informations sur le dispositif De nombreuses missions \u00e0 pourvoir ! En partenariat avec [&hellip;]","twitter_image":"https:\/\/vosgesinfo.fr\/app\/uploads\/sites\/6\/2024\/07\/201806bandeau-fb18.jpg","twitter_creator":"@VosgesInfo88","twitter_site":"@VosgesInfo88","twitter_misc":{"\u00c9crit par":"qs_admin","Dur\u00e9e de lecture estim\u00e9e":"1 minute"},"schema":{"@context":"https:\/\/schema.org","@graph":[{"@type":"Article","@id":"https:\/\/vosgesinfo.fr\/gerardmerinfo\/2018\/06\/jeunes-service-civique\/#article","isPartOf":{"@id":"https:\/\/vosgesinfo.fr\/gerardmerinfo\/2018\/06\/jeunes-service-civique\/"},"author":{"name":"qs_admin","@id":"https:\/\/vosgesinfo.fr\/gerardmerinfo\/#\/schema\/person\/bc5d02d71e6932e81b6dadb7386667b1"},"headline":"Les jeunes et le Service Civique","datePublished":"2018-06-25T09:46:58+00:00","dateModified":"2018-06-25T09:46:58+00:00","mainEntityOfPage":{"@id":"https:\/\/vosgesinfo.fr\/gerardmerinfo\/2018\/06\/jeunes-service-civique\/"},"wordCount":271,"commentCount":0,"publisher":{"@id":"https:\/\/vosgesinfo.fr\/gerardmerinfo\/#organization"},"image":{"@id":"https:\/\/vosgesinfo.fr\/gerardmerinfo\/2018\/06\/jeunes-service-civique\/#primaryimage"},"thumbnailUrl":"https:\/\/vosgesinfo.fr\/app\/uploads\/sites\/6\/2024\/07\/201806bandeau-fb18.jpg","articleSection":["A la une","Soci\u00e9t\u00e9"],"inLanguage":"fr-FR","potentialAction":[{"@type":"CommentAction","name":"Comment","target":["https:\/\/vosgesinfo.fr\/gerardmerinfo\/2018\/06\/jeunes-service-civique\/#respond"]}]},{"@type":"WebPage","@id":"https:\/\/vosgesinfo.fr\/gerardmerinfo\/2018\/06\/jeunes-service-civique\/","url":"https:\/\/vosgesinfo.fr\/gerardmerinfo\/2018\/06\/jeunes-service-civique\/","name":"Les jeunes et le Service Civique - Gerardmer Info","isPartOf":{"@id":"https:\/\/vosgesinfo.fr\/gerardmerinfo\/#website"},"primaryImageOfPage":{"@id":"https:\/\/vosgesinfo.fr\/gerardmerinfo\/2018\/06\/jeunes-service-civique\/#primaryimage"},"image":{"@id":"https:\/\/vosgesinfo.fr\/gerardmerinfo\/2018\/06\/jeunes-service-civique\/#primaryimage"},"thumbnailUrl":"https:\/\/vosgesinfo.fr\/app\/uploads\/sites\/6\/2024\/07\/201806bandeau-fb18.jpg","datePublished":"2018-06-25T09:46:58+00:00","dateModified":"2018-06-25T09:46:58+00:00","breadcrumb":{"@id":"https:\/\/vosgesinfo.fr\/gerardmerinfo\/2018\/06\/jeunes-service-civique\/#breadcrumb"},"inLanguage":"fr-FR","potentialAction":[{"@type":"ReadAction","target":["https:\/\/vosgesinfo.fr\/gerardmerinfo\/2018\/06\/jeunes-service-civique\/"]}]},{"@type":"ImageObject","inLanguage":"fr-FR","@id":"https:\/\/vosgesinfo.fr\/gerardmerinfo\/2018\/06\/jeunes-service-civique\/#primaryimage","url":"https:\/\/vosgesinfo.fr\/app\/uploads\/sites\/6\/2024\/07\/201806bandeau-fb18.jpg","contentUrl":"https:\/\/vosgesinfo.fr\/app\/uploads\/sites\/6\/2024\/07\/201806bandeau-fb18.jpg","width":800,"height":296},{"@type":"BreadcrumbList","@id":"https:\/\/vosgesinfo.fr\/gerardmerinfo\/2018\/06\/jeunes-service-civique\/#breadcrumb","itemListElement":[{"@type":"ListItem","position":1,"name":"Home","item":"https:\/\/vosgesinfo.fr\/gerardmerinfo\/"},{"@type":"ListItem","position":2,"name":"Les jeunes et le Service Civique"}]},{"@type":"WebSite","@id":"https:\/\/vosgesinfo.fr\/gerardmerinfo\/#website","url":"https:\/\/vosgesinfo.fr\/gerardmerinfo\/","name":"Gerardmer Info","description":"Toute l&#039;actualit\u00e9 de G\u00e9rardmer","publisher":{"@id":"https:\/\/vosgesinfo.fr\/gerardmerinfo\/#organization"},"alternateName":"Toute l'actualit\u00e9 de G\u00e9rardmer","potentialAction":[{"@type":"SearchAction","target":{"@type":"EntryPoint","urlTemplate":"https:\/\/vosgesinfo.fr\/gerardmerinfo\/?s={search_term_string}"},"query-input":"required name=search_term_string"}],"inLanguage":"fr-FR"},{"@type":"Organization","@id":"https:\/\/vosgesinfo.fr\/gerardmerinfo\/#organization","name":"Gerardmer Info","url":"https:\/\/vosgesinfo.fr\/gerardmerinfo\/","logo":{"@type":"ImageObject","inLanguage":"fr-FR","@id":"https:\/\/vosgesinfo.fr\/gerardmerinfo\/#\/schema\/logo\/image\/","url":"https:\/\/vosgesinfo.fr\/app\/uploads\/sites\/6\/2023\/08\/favicon-gerardmerinfo.png","contentUrl":"https:\/\/vosgesinfo.fr\/app\/uploads\/sites\/6\/2023\/08\/favicon-gerardmerinfo.png","width":512,"height":512,"caption":"Gerardmer Info"},"image":{"@id":"https:\/\/vosgesinfo.fr\/gerardmerinfo\/#\/schema\/logo\/image\/"},"sameAs":["https:\/\/www.facebook.com\/profile.php?id=100049475262660","https:\/\/x.com\/VosgesInfo88","https:\/\/www.youtube.com\/@vosgesinfo"]},{"@type":"Person","@id":"https:\/\/vosgesinfo.fr\/gerardmerinfo\/#\/schema\/person\/bc5d02d71e6932e81b6dadb7386667b1","name":"qs_admin","image":{"@type":"ImageObject","inLanguage":"fr-FR","@id":"https:\/\/vosgesinfo.fr\/gerardmerinfo\/#\/schema\/person\/image\/","url":"https:\/\/secure.gravatar.com\/avatar\/94b18ee0ed79e4a42ea2f2931277b6841a8999fc6fde214600c78057cf1fe1de?s=96&d=mm&r=g","contentUrl":"https:\/\/secure.gravatar.com\/avatar\/94b18ee0ed79e4a42ea2f2931277b6841a8999fc6fde214600c78057cf1fe1de?s=96&d=mm&r=g","caption":"qs_admin"},"sameAs":["https:\/\/vosgesinfo.fr\/wp"],"url":"https:\/\/vosgesinfo.fr\/gerardmerinfo\/author\/qs_admin\/"}]}},"_links":{"self":[{"href":"https:\/\/vosgesinfo.fr\/gerardmerinfo\/wp-json\/wp\/v2\/posts\/34981","targetHints":{"allow":["GET"]}}],"collection":[{"href":"https:\/\/vosgesinfo.fr\/gerardmerinfo\/wp-json\/wp\/v2\/posts"}],"about":[{"href":"https:\/\/vosgesinfo.fr\/gerardmerinfo\/wp-json\/wp\/v2\/types\/post"}],"author":[{"embeddable":true,"href":"https:\/\/vosgesinfo.fr\/gerardmerinfo\/wp-json\/wp\/v2\/users\/1"}],"replies":[{"embeddable":true,"href":"https:\/\/vosgesinfo.fr\/gerardmerinfo\/wp-json\/wp\/v2\/comments?post=34981"}],"version-history":[{"count":0,"href":"https:\/\/vosgesinfo.fr\/gerardmerinfo\/wp-json\/wp\/v2\/posts\/34981\/revisions"}],"wp:featuredmedia":[{"embeddable":true,"href":"https:\/\/vosgesinfo.fr\/gerardmerinfo\/wp-json\/wp\/v2\/media\/34982"}],"wp:attachment":[{"href":"https:\/\/vosgesinfo.fr\/gerardmerinfo\/wp-json\/wp\/v2\/media?parent=34981"}],"wp:term":[{"taxonomy":"category","embeddable":true,"href":"https:\/\/vosgesinfo.fr\/gerardmerinfo\/wp-json\/wp\/v2\/categories?post=34981"},{"taxonomy":"post_tag","embeddable":true,"href":"https:\/\/vosgesinfo.fr\/gerardmerinfo\/wp-json\/wp\/v2\/tags?post=34981"}],"curies":[{"name":"wp","href":"https:\/\/api.w.org\/{rel}","templated":true}]}}