{"id":35365,"date":"2018-07-15T17:56:34","date_gmt":"2018-07-15T15:56:34","guid":{"rendered":"https:\/\/vosgesinfo.fr\/gerardmerinfo\/2018\/07\/latelier-hip-hop-passera-vacances-a-monteux-84\/"},"modified":"2018-07-15T17:56:34","modified_gmt":"2018-07-15T15:56:34","slug":"latelier-hip-hop-passera-vacances-a-monteux-84","status":"publish","type":"post","link":"https:\/\/vosgesinfo.fr\/gerardmerinfo\/2018\/07\/latelier-hip-hop-passera-vacances-a-monteux-84\/","title":{"rendered":"L&rsquo;atelier Hip Hop passera ses vacances \u00e0 Monteux (84)"},"content":{"rendered":"<p><a href=\"\/2018\/07\/hip-hop-atelier-mcl-Monteux-2.jpg\"><img decoding=\"async\" class=\"aligncenter size-full wp-image-130833\" src=\"\/2018\/07\/hip-hop-atelier-mcl-Monteux-2.jpg\" alt=\"hip hop atelier mcl Monteux (2)\" width=\"800\" height=\"600\" \/><\/a><\/p>\n<h3><span style=\"font-size: 12pt;\">Chaque ann\u00e9e, la MCL propose aux jeunes de son atelier Hip Hop anim\u00e9 par Pierre Jacquot de prolonger un peu l&rsquo;exp\u00e9rience et le plaisir \u00e0 travers le montage d&rsquo;un projet estival. Cet \u00e9t\u00e9, ils partiront \u00e0 Monteux du 16 au 22 juillet afin d&rsquo;y rencontrer les \u00e9l\u00e8ves d&rsquo;un atelier identique.<\/span><\/h3>\n<p><a href=\"\/2018\/07\/hip-hop-actions-financemant-1.jpg\"><img decoding=\"async\" class=\"alignleft size-medium wp-image-130846\" src=\"\/2018\/07\/hip-hop-actions-financemant-1-400x225.jpg\" alt=\"hip hop actions financemant (1)\" width=\"400\" height=\"225\" \/><\/a>Mais avant cela, les 7 \u00e9l\u00e8ves qui participeront \u00e0 se voyage plac\u00e9 sous le signe du Hip Hop et du partage se sont r\u00e9unis une dizaine de fois au cours de l&rsquo;ann\u00e9e scolaire en compagnie de Pierre Jacquot et de Julien Thibault, responsable du secteur jeunes de la Maison. L&rsquo;objectif \u00e9tant l&rsquo;organisation du s\u00e9jour et sa budg\u00e9tisation, la planification de la rencontre avec leurs homologues de Monteux et le programme des activit\u00e9s qui vont venir pimenter l&rsquo;ensemble. Le groupe a \u00e9galement effectu\u00e9 trois actions d&rsquo;autofinancement en tenant la buvette de la MCL pendant le Festival du Film Fantastique, en g\u00e9rant le service, l&rsquo;animation et la buvette lors du repas de la F\u00eate de la Maison, ou encore en s&rsquo;occupant le stand buvette\/snacking lors de la F\u00eate de la Musique o\u00f9 se produisait Beltuner. Une aide importante de la CAF sur les projets jeunes est venue compl\u00e9ter la somme r\u00e9colt\u00e9e lors de ses op\u00e9rations.<\/p>\n<p><a href=\"\/2018\/07\/colo-hi-hop-mcl-2018.jpg\"><img decoding=\"async\" class=\"alignright size-medium wp-image-130834\" src=\"\/2018\/07\/colo-hi-hop-mcl-2018-340x255.jpg\" alt=\"colo hi hop mcl 2018\" width=\"340\" height=\"255\" \/><\/a>Mais revenons-en au s\u00e9jour dans le Vaucluse : plusieurs ateliers hip-hop avec les jeunes de Monteux et leur intervenant viendront rythmer l&rsquo;ensemble qui se conclura par un barbecue organis\u00e9 par les G\u00e9r\u00f4mois ainsi qu&rsquo;une petite restitution des s\u00e9ances communes. Entre-temps, le groupe de la MCL assistera \u00e0 deux spectacles : un premier de th\u00e9\u00e2tre dans le cadre du Off du festival d&rsquo;Avignon qui sera le pr\u00e9texte id\u00e9al pour une petite visite de la ville et un second de Hip Hop par le Pok\u00e9mon Crew que les jeunes auront le plaisir de rencontrer apr\u00e8s la repr\u00e9sentation. Ajoutez \u00e0 cela une journ\u00e9e \u00e0 la plage, une balade en cano\u00eb sur le Vaucluse et quelques quartiers libres et vous avez le programme id\u00e9al pour s&rsquo;\u00e9clater autour d&rsquo;une passion commune. Mais en attendant, il fallait nettoyer les v\u00e9hicules et pr\u00e9parer le mat\u00e9riel \u00e0 embarquer dans l&rsquo;aventure. Ce fut chose faite ce jeudi \u00e0 la MCL !<\/p>\n","protected":false},"excerpt":{"rendered":"<p>Chaque ann\u00e9e, la MCL propose aux jeunes de son atelier Hip Hop anim\u00e9 par Pierre Jacquot de prolonger un peu [&hellip;]<\/p>\n","protected":false},"author":42,"featured_media":35366,"comment_status":"open","ping_status":"open","sticky":false,"template":"","format":"standard","meta":{"footnotes":""},"categories":[20,4,17],"tags":[904,103],"class_list":["post-35365","post","type-post","status-publish","format-standard","has-post-thumbnail","hentry","category-a-la-une","category-culture","category-vie-associative","tag-hip-hop","tag-mcl-gerardmer"],"acf":[],"yoast_head":"<!-- This site is optimized with the Yoast SEO plugin v22.5 - https:\/\/yoast.com\/wordpress\/plugins\/seo\/ -->\n<title>L&#039;atelier Hip Hop passera ses vacances \u00e0 Monteux (84) - Gerardmer Info<\/title>\n<meta name=\"robots\" content=\"index, follow, max-snippet:-1, max-image-preview:large, max-video-preview:-1\" \/>\n<link rel=\"canonical\" href=\"https:\/\/vosgesinfo.fr\/gerardmerinfo\/2018\/07\/latelier-hip-hop-passera-vacances-a-monteux-84\/\" \/>\n<meta name=\"twitter:card\" content=\"summary_large_image\" \/>\n<meta name=\"twitter:title\" content=\"L&#039;atelier Hip Hop passera ses vacances \u00e0 Monteux (84) - Gerardmer Info\" \/>\n<meta name=\"twitter:description\" content=\"Chaque ann\u00e9e, la MCL propose aux jeunes de son atelier Hip Hop anim\u00e9 par Pierre Jacquot de prolonger un peu [&hellip;]\" \/>\n<meta name=\"twitter:image\" content=\"https:\/\/vosgesinfo.fr\/app\/uploads\/sites\/6\/2024\/07\/201807hip-hop-atelier-mcl-monteux-2.jpg\" \/>\n<meta name=\"twitter:creator\" content=\"@VosgesInfo88\" \/>\n<meta name=\"twitter:site\" content=\"@VosgesInfo88\" \/>\n<meta name=\"twitter:label1\" content=\"\u00c9crit par\" \/>\n\t<meta name=\"twitter:data1\" content=\"QG\" \/>\n\t<meta name=\"twitter:label2\" content=\"Dur\u00e9e de lecture estim\u00e9e\" \/>\n\t<meta name=\"twitter:data2\" content=\"2 minutes\" \/>\n<script type=\"application\/ld+json\" class=\"yoast-schema-graph\">{\"@context\":\"https:\/\/schema.org\",\"@graph\":[{\"@type\":\"Article\",\"@id\":\"https:\/\/vosgesinfo.fr\/gerardmerinfo\/2018\/07\/latelier-hip-hop-passera-vacances-a-monteux-84\/#article\",\"isPartOf\":{\"@id\":\"https:\/\/vosgesinfo.fr\/gerardmerinfo\/2018\/07\/latelier-hip-hop-passera-vacances-a-monteux-84\/\"},\"author\":{\"name\":\"QG\",\"@id\":\"https:\/\/vosgesinfo.fr\/gerardmerinfo\/#\/schema\/person\/db5605779a843dad16b5368f3e7613a5\"},\"headline\":\"L&rsquo;atelier Hip Hop passera ses vacances \u00e0 Monteux (84)\",\"datePublished\":\"2018-07-15T15:56:34+00:00\",\"dateModified\":\"2018-07-15T15:56:34+00:00\",\"mainEntityOfPage\":{\"@id\":\"https:\/\/vosgesinfo.fr\/gerardmerinfo\/2018\/07\/latelier-hip-hop-passera-vacances-a-monteux-84\/\"},\"wordCount\":398,\"commentCount\":0,\"publisher\":{\"@id\":\"https:\/\/vosgesinfo.fr\/gerardmerinfo\/#organization\"},\"image\":{\"@id\":\"https:\/\/vosgesinfo.fr\/gerardmerinfo\/2018\/07\/latelier-hip-hop-passera-vacances-a-monteux-84\/#primaryimage\"},\"thumbnailUrl\":\"https:\/\/vosgesinfo.fr\/app\/uploads\/sites\/6\/2024\/07\/201807hip-hop-atelier-mcl-monteux-2.jpg\",\"keywords\":[\"hip hop\",\"MCL G\u00e9rardmer\"],\"articleSection\":[\"A la une\",\"Culture\",\"Vie Associative\"],\"inLanguage\":\"fr-FR\",\"potentialAction\":[{\"@type\":\"CommentAction\",\"name\":\"Comment\",\"target\":[\"https:\/\/vosgesinfo.fr\/gerardmerinfo\/2018\/07\/latelier-hip-hop-passera-vacances-a-monteux-84\/#respond\"]}]},{\"@type\":\"WebPage\",\"@id\":\"https:\/\/vosgesinfo.fr\/gerardmerinfo\/2018\/07\/latelier-hip-hop-passera-vacances-a-monteux-84\/\",\"url\":\"https:\/\/vosgesinfo.fr\/gerardmerinfo\/2018\/07\/latelier-hip-hop-passera-vacances-a-monteux-84\/\",\"name\":\"L'atelier Hip Hop passera ses vacances \u00e0 Monteux (84) - Gerardmer Info\",\"isPartOf\":{\"@id\":\"https:\/\/vosgesinfo.fr\/gerardmerinfo\/#website\"},\"primaryImageOfPage\":{\"@id\":\"https:\/\/vosgesinfo.fr\/gerardmerinfo\/2018\/07\/latelier-hip-hop-passera-vacances-a-monteux-84\/#primaryimage\"},\"image\":{\"@id\":\"https:\/\/vosgesinfo.fr\/gerardmerinfo\/2018\/07\/latelier-hip-hop-passera-vacances-a-monteux-84\/#primaryimage\"},\"thumbnailUrl\":\"https:\/\/vosgesinfo.fr\/app\/uploads\/sites\/6\/2024\/07\/201807hip-hop-atelier-mcl-monteux-2.jpg\",\"datePublished\":\"2018-07-15T15:56:34+00:00\",\"dateModified\":\"2018-07-15T15:56:34+00:00\",\"breadcrumb\":{\"@id\":\"https:\/\/vosgesinfo.fr\/gerardmerinfo\/2018\/07\/latelier-hip-hop-passera-vacances-a-monteux-84\/#breadcrumb\"},\"inLanguage\":\"fr-FR\",\"potentialAction\":[{\"@type\":\"ReadAction\",\"target\":[\"https:\/\/vosgesinfo.fr\/gerardmerinfo\/2018\/07\/latelier-hip-hop-passera-vacances-a-monteux-84\/\"]}]},{\"@type\":\"ImageObject\",\"inLanguage\":\"fr-FR\",\"@id\":\"https:\/\/vosgesinfo.fr\/gerardmerinfo\/2018\/07\/latelier-hip-hop-passera-vacances-a-monteux-84\/#primaryimage\",\"url\":\"https:\/\/vosgesinfo.fr\/app\/uploads\/sites\/6\/2024\/07\/201807hip-hop-atelier-mcl-monteux-2.jpg\",\"contentUrl\":\"https:\/\/vosgesinfo.fr\/app\/uploads\/sites\/6\/2024\/07\/201807hip-hop-atelier-mcl-monteux-2.jpg\",\"width\":800,\"height\":600},{\"@type\":\"BreadcrumbList\",\"@id\":\"https:\/\/vosgesinfo.fr\/gerardmerinfo\/2018\/07\/latelier-hip-hop-passera-vacances-a-monteux-84\/#breadcrumb\",\"itemListElement\":[{\"@type\":\"ListItem\",\"position\":1,\"name\":\"Home\",\"item\":\"https:\/\/vosgesinfo.fr\/gerardmerinfo\/\"},{\"@type\":\"ListItem\",\"position\":2,\"name\":\"L&rsquo;atelier Hip Hop passera ses vacances \u00e0 Monteux (84)\"}]},{\"@type\":\"WebSite\",\"@id\":\"https:\/\/vosgesinfo.fr\/gerardmerinfo\/#website\",\"url\":\"https:\/\/vosgesinfo.fr\/gerardmerinfo\/\",\"name\":\"Gerardmer Info\",\"description\":\"Toute l&#039;actualit\u00e9 de G\u00e9rardmer\",\"publisher\":{\"@id\":\"https:\/\/vosgesinfo.fr\/gerardmerinfo\/#organization\"},\"alternateName\":\"Toute l'actualit\u00e9 de G\u00e9rardmer\",\"potentialAction\":[{\"@type\":\"SearchAction\",\"target\":{\"@type\":\"EntryPoint\",\"urlTemplate\":\"https:\/\/vosgesinfo.fr\/gerardmerinfo\/?s={search_term_string}\"},\"query-input\":\"required name=search_term_string\"}],\"inLanguage\":\"fr-FR\"},{\"@type\":\"Organization\",\"@id\":\"https:\/\/vosgesinfo.fr\/gerardmerinfo\/#organization\",\"name\":\"Gerardmer Info\",\"url\":\"https:\/\/vosgesinfo.fr\/gerardmerinfo\/\",\"logo\":{\"@type\":\"ImageObject\",\"inLanguage\":\"fr-FR\",\"@id\":\"https:\/\/vosgesinfo.fr\/gerardmerinfo\/#\/schema\/logo\/image\/\",\"url\":\"https:\/\/vosgesinfo.fr\/app\/uploads\/sites\/6\/2023\/08\/favicon-gerardmerinfo.png\",\"contentUrl\":\"https:\/\/vosgesinfo.fr\/app\/uploads\/sites\/6\/2023\/08\/favicon-gerardmerinfo.png\",\"width\":512,\"height\":512,\"caption\":\"Gerardmer Info\"},\"image\":{\"@id\":\"https:\/\/vosgesinfo.fr\/gerardmerinfo\/#\/schema\/logo\/image\/\"},\"sameAs\":[\"https:\/\/www.facebook.com\/profile.php?id=100049475262660\",\"https:\/\/x.com\/VosgesInfo88\",\"https:\/\/www.youtube.com\/@vosgesinfo\"]},{\"@type\":\"Person\",\"@id\":\"https:\/\/vosgesinfo.fr\/gerardmerinfo\/#\/schema\/person\/db5605779a843dad16b5368f3e7613a5\",\"name\":\"QG\",\"image\":{\"@type\":\"ImageObject\",\"inLanguage\":\"fr-FR\",\"@id\":\"https:\/\/vosgesinfo.fr\/gerardmerinfo\/#\/schema\/person\/image\/\",\"url\":\"https:\/\/secure.gravatar.com\/avatar\/ea80c42c204b534408512832fde52504ecabb9706bcb6151cf6175e5b64e6793?s=96&d=mm&r=g\",\"contentUrl\":\"https:\/\/secure.gravatar.com\/avatar\/ea80c42c204b534408512832fde52504ecabb9706bcb6151cf6175e5b64e6793?s=96&d=mm&r=g\",\"caption\":\"QG\"},\"url\":\"https:\/\/vosgesinfo.fr\/gerardmerinfo\/author\/quentin88\/\"}]}<\/script>\n<!-- \/ Yoast SEO plugin. -->","yoast_head_json":{"title":"L'atelier Hip Hop passera ses vacances \u00e0 Monteux (84) - Gerardmer Info","robots":{"index":"index","follow":"follow","max-snippet":"max-snippet:-1","max-image-preview":"max-image-preview:large","max-video-preview":"max-video-preview:-1"},"canonical":"https:\/\/vosgesinfo.fr\/gerardmerinfo\/2018\/07\/latelier-hip-hop-passera-vacances-a-monteux-84\/","twitter_card":"summary_large_image","twitter_title":"L'atelier Hip Hop passera ses vacances \u00e0 Monteux (84) - Gerardmer Info","twitter_description":"Chaque ann\u00e9e, la MCL propose aux jeunes de son atelier Hip Hop anim\u00e9 par Pierre Jacquot de prolonger un peu [&hellip;]","twitter_image":"https:\/\/vosgesinfo.fr\/app\/uploads\/sites\/6\/2024\/07\/201807hip-hop-atelier-mcl-monteux-2.jpg","twitter_creator":"@VosgesInfo88","twitter_site":"@VosgesInfo88","twitter_misc":{"\u00c9crit par":"QG","Dur\u00e9e de lecture estim\u00e9e":"2 minutes"},"schema":{"@context":"https:\/\/schema.org","@graph":[{"@type":"Article","@id":"https:\/\/vosgesinfo.fr\/gerardmerinfo\/2018\/07\/latelier-hip-hop-passera-vacances-a-monteux-84\/#article","isPartOf":{"@id":"https:\/\/vosgesinfo.fr\/gerardmerinfo\/2018\/07\/latelier-hip-hop-passera-vacances-a-monteux-84\/"},"author":{"name":"QG","@id":"https:\/\/vosgesinfo.fr\/gerardmerinfo\/#\/schema\/person\/db5605779a843dad16b5368f3e7613a5"},"headline":"L&rsquo;atelier Hip Hop passera ses vacances \u00e0 Monteux (84)","datePublished":"2018-07-15T15:56:34+00:00","dateModified":"2018-07-15T15:56:34+00:00","mainEntityOfPage":{"@id":"https:\/\/vosgesinfo.fr\/gerardmerinfo\/2018\/07\/latelier-hip-hop-passera-vacances-a-monteux-84\/"},"wordCount":398,"commentCount":0,"publisher":{"@id":"https:\/\/vosgesinfo.fr\/gerardmerinfo\/#organization"},"image":{"@id":"https:\/\/vosgesinfo.fr\/gerardmerinfo\/2018\/07\/latelier-hip-hop-passera-vacances-a-monteux-84\/#primaryimage"},"thumbnailUrl":"https:\/\/vosgesinfo.fr\/app\/uploads\/sites\/6\/2024\/07\/201807hip-hop-atelier-mcl-monteux-2.jpg","keywords":["hip hop","MCL G\u00e9rardmer"],"articleSection":["A la une","Culture","Vie Associative"],"inLanguage":"fr-FR","potentialAction":[{"@type":"CommentAction","name":"Comment","target":["https:\/\/vosgesinfo.fr\/gerardmerinfo\/2018\/07\/latelier-hip-hop-passera-vacances-a-monteux-84\/#respond"]}]},{"@type":"WebPage","@id":"https:\/\/vosgesinfo.fr\/gerardmerinfo\/2018\/07\/latelier-hip-hop-passera-vacances-a-monteux-84\/","url":"https:\/\/vosgesinfo.fr\/gerardmerinfo\/2018\/07\/latelier-hip-hop-passera-vacances-a-monteux-84\/","name":"L'atelier Hip Hop passera ses vacances \u00e0 Monteux (84) - Gerardmer Info","isPartOf":{"@id":"https:\/\/vosgesinfo.fr\/gerardmerinfo\/#website"},"primaryImageOfPage":{"@id":"https:\/\/vosgesinfo.fr\/gerardmerinfo\/2018\/07\/latelier-hip-hop-passera-vacances-a-monteux-84\/#primaryimage"},"image":{"@id":"https:\/\/vosgesinfo.fr\/gerardmerinfo\/2018\/07\/latelier-hip-hop-passera-vacances-a-monteux-84\/#primaryimage"},"thumbnailUrl":"https:\/\/vosgesinfo.fr\/app\/uploads\/sites\/6\/2024\/07\/201807hip-hop-atelier-mcl-monteux-2.jpg","datePublished":"2018-07-15T15:56:34+00:00","dateModified":"2018-07-15T15:56:34+00:00","breadcrumb":{"@id":"https:\/\/vosgesinfo.fr\/gerardmerinfo\/2018\/07\/latelier-hip-hop-passera-vacances-a-monteux-84\/#breadcrumb"},"inLanguage":"fr-FR","potentialAction":[{"@type":"ReadAction","target":["https:\/\/vosgesinfo.fr\/gerardmerinfo\/2018\/07\/latelier-hip-hop-passera-vacances-a-monteux-84\/"]}]},{"@type":"ImageObject","inLanguage":"fr-FR","@id":"https:\/\/vosgesinfo.fr\/gerardmerinfo\/2018\/07\/latelier-hip-hop-passera-vacances-a-monteux-84\/#primaryimage","url":"https:\/\/vosgesinfo.fr\/app\/uploads\/sites\/6\/2024\/07\/201807hip-hop-atelier-mcl-monteux-2.jpg","contentUrl":"https:\/\/vosgesinfo.fr\/app\/uploads\/sites\/6\/2024\/07\/201807hip-hop-atelier-mcl-monteux-2.jpg","width":800,"height":600},{"@type":"BreadcrumbList","@id":"https:\/\/vosgesinfo.fr\/gerardmerinfo\/2018\/07\/latelier-hip-hop-passera-vacances-a-monteux-84\/#breadcrumb","itemListElement":[{"@type":"ListItem","position":1,"name":"Home","item":"https:\/\/vosgesinfo.fr\/gerardmerinfo\/"},{"@type":"ListItem","position":2,"name":"L&rsquo;atelier Hip Hop passera ses vacances \u00e0 Monteux (84)"}]},{"@type":"WebSite","@id":"https:\/\/vosgesinfo.fr\/gerardmerinfo\/#website","url":"https:\/\/vosgesinfo.fr\/gerardmerinfo\/","name":"Gerardmer Info","description":"Toute l&#039;actualit\u00e9 de G\u00e9rardmer","publisher":{"@id":"https:\/\/vosgesinfo.fr\/gerardmerinfo\/#organization"},"alternateName":"Toute l'actualit\u00e9 de G\u00e9rardmer","potentialAction":[{"@type":"SearchAction","target":{"@type":"EntryPoint","urlTemplate":"https:\/\/vosgesinfo.fr\/gerardmerinfo\/?s={search_term_string}"},"query-input":"required name=search_term_string"}],"inLanguage":"fr-FR"},{"@type":"Organization","@id":"https:\/\/vosgesinfo.fr\/gerardmerinfo\/#organization","name":"Gerardmer Info","url":"https:\/\/vosgesinfo.fr\/gerardmerinfo\/","logo":{"@type":"ImageObject","inLanguage":"fr-FR","@id":"https:\/\/vosgesinfo.fr\/gerardmerinfo\/#\/schema\/logo\/image\/","url":"https:\/\/vosgesinfo.fr\/app\/uploads\/sites\/6\/2023\/08\/favicon-gerardmerinfo.png","contentUrl":"https:\/\/vosgesinfo.fr\/app\/uploads\/sites\/6\/2023\/08\/favicon-gerardmerinfo.png","width":512,"height":512,"caption":"Gerardmer Info"},"image":{"@id":"https:\/\/vosgesinfo.fr\/gerardmerinfo\/#\/schema\/logo\/image\/"},"sameAs":["https:\/\/www.facebook.com\/profile.php?id=100049475262660","https:\/\/x.com\/VosgesInfo88","https:\/\/www.youtube.com\/@vosgesinfo"]},{"@type":"Person","@id":"https:\/\/vosgesinfo.fr\/gerardmerinfo\/#\/schema\/person\/db5605779a843dad16b5368f3e7613a5","name":"QG","image":{"@type":"ImageObject","inLanguage":"fr-FR","@id":"https:\/\/vosgesinfo.fr\/gerardmerinfo\/#\/schema\/person\/image\/","url":"https:\/\/secure.gravatar.com\/avatar\/ea80c42c204b534408512832fde52504ecabb9706bcb6151cf6175e5b64e6793?s=96&d=mm&r=g","contentUrl":"https:\/\/secure.gravatar.com\/avatar\/ea80c42c204b534408512832fde52504ecabb9706bcb6151cf6175e5b64e6793?s=96&d=mm&r=g","caption":"QG"},"url":"https:\/\/vosgesinfo.fr\/gerardmerinfo\/author\/quentin88\/"}]}},"_links":{"self":[{"href":"https:\/\/vosgesinfo.fr\/gerardmerinfo\/wp-json\/wp\/v2\/posts\/35365","targetHints":{"allow":["GET"]}}],"collection":[{"href":"https:\/\/vosgesinfo.fr\/gerardmerinfo\/wp-json\/wp\/v2\/posts"}],"about":[{"href":"https:\/\/vosgesinfo.fr\/gerardmerinfo\/wp-json\/wp\/v2\/types\/post"}],"author":[{"embeddable":true,"href":"https:\/\/vosgesinfo.fr\/gerardmerinfo\/wp-json\/wp\/v2\/users\/42"}],"replies":[{"embeddable":true,"href":"https:\/\/vosgesinfo.fr\/gerardmerinfo\/wp-json\/wp\/v2\/comments?post=35365"}],"version-history":[{"count":0,"href":"https:\/\/vosgesinfo.fr\/gerardmerinfo\/wp-json\/wp\/v2\/posts\/35365\/revisions"}],"wp:featuredmedia":[{"embeddable":true,"href":"https:\/\/vosgesinfo.fr\/gerardmerinfo\/wp-json\/wp\/v2\/media\/35366"}],"wp:attachment":[{"href":"https:\/\/vosgesinfo.fr\/gerardmerinfo\/wp-json\/wp\/v2\/media?parent=35365"}],"wp:term":[{"taxonomy":"category","embeddable":true,"href":"https:\/\/vosgesinfo.fr\/gerardmerinfo\/wp-json\/wp\/v2\/categories?post=35365"},{"taxonomy":"post_tag","embeddable":true,"href":"https:\/\/vosgesinfo.fr\/gerardmerinfo\/wp-json\/wp\/v2\/tags?post=35365"}],"curies":[{"name":"wp","href":"https:\/\/api.w.org\/{rel}","templated":true}]}}