{"id":35373,"date":"2018-07-15T17:56:54","date_gmt":"2018-07-15T15:56:54","guid":{"rendered":"https:\/\/vosgesinfo.fr\/gerardmerinfo\/2018\/07\/inquietude-cote-hockeyeurs\/"},"modified":"2018-07-15T17:56:54","modified_gmt":"2018-07-15T15:56:54","slug":"inquietude-cote-hockeyeurs","status":"publish","type":"post","link":"https:\/\/vosgesinfo.fr\/gerardmerinfo\/2018\/07\/inquietude-cote-hockeyeurs\/","title":{"rendered":"Inqui\u00e9tude du c\u00f4t\u00e9 des hockeyeurs"},"content":{"rendered":"<p><a href=\"\/2018\/07\/ag-hockey-1.jpg\"><img decoding=\"async\" class=\"aligncenter size-full wp-image-130840\" src=\"\/2018\/07\/ag-hockey-1.jpg\" alt=\"ag hockey 1\" width=\"429\" height=\"241\" \/><\/a><\/p>\n<h3>L&rsquo;assembl\u00e9e g\u00e9n\u00e9rale de l&rsquo;ASG Hockey s&rsquo;est d\u00e9roul\u00e9e r\u00e9cemment \u00e0 la maison de la montagne en pr\u00e9sence de la pr\u00e9sidente de l&rsquo;ASG Rachel Masson et de la conseill\u00e8re municipale d\u00e9l\u00e9gu\u00e9e au sport Nadine Thomas.<\/h3>\n<p>Lors de cette r\u00e9union pr\u00e9sid\u00e9e par Christian Martin, tous les regards \u00e9taient forc\u00e9ment tourn\u00e9s vers la fermeture prochaine du complexe sportif dans le cadre du grand chantier qui d\u00e9butera cet hiver. Une page va se tourner pour le club qui ne sait pas s&rsquo;il doit envisager de maintenir une activit\u00e9 pendant la p\u00e9riode de travaux, la fermeture des lieux \u00e9tant programm\u00e9e pour le 24 novembre 2018 et la r\u00e9ouverture \u00e9tant annonc\u00e9e pour juin 2019. Le club n&rsquo;aurait donc que 3 mois d&rsquo;activit\u00e9&#8230;<\/p>\n<div id=\"attachment_109303\" style=\"width: 393px\" class=\"wp-caption alignright\"><a href=\"\/2017\/06\/hockey-Apaches-lYnx-2017-4.jpg\"><img decoding=\"async\" aria-describedby=\"caption-attachment-109303\" class=\"size-medium wp-image-109303\" src=\"\/2017\/06\/hockey-Apaches-lYnx-2017-4-383x255.jpg\" alt=\"Les G\u00e9r\u00f4mois ont encore livr\u00e9 quelques belles batailles face aux Apaches de Toul notamment !\" width=\"383\" height=\"255\" \/><\/a><p id=\"caption-attachment-109303\" class=\"wp-caption-text\">Les G\u00e9r\u00f4mois ont encore livr\u00e9 quelques belles batailles face aux Apaches de Toul notamment !<\/p><\/div>\n<p>Par ailleurs, l&rsquo;ASG a pris contact avec La Bresse mais, les tarifs sont \u00e9lev\u00e9s et la patinoire n&rsquo;est pas adapt\u00e9e : elle contraindrait les joueurs \u00e0 pratiquer sans cross\u00a0! \u00c9pinal pose le probl\u00e8me du kilom\u00e9trage et financier, sachant qu&rsquo;il y a peu de cr\u00e9neaux pour les jeunes. Seuls les seniors pourraient b\u00e9n\u00e9ficier d&rsquo;un cr\u00e9neau de 2 heures au tarif de 1 700 \u20ac l&rsquo;ann\u00e9e&#8230; Cela ne va donc pas \u00eatre facile et c&rsquo;est bien dommage \u00e0 l&rsquo;heure o\u00f9 le club de hockey local commen\u00e7ait \u00e0 reprendre du poil de la b\u00eate\u00a0!<\/p>\n<p>Christian Martin a \u00e9galement signal\u00e9 la grande d\u00e9ception du club face \u00e0 la d\u00e9cision de la Municipalit\u00e9 de conserver une patinoire synth\u00e9tique alors que le club avait pris les devants avec un repr\u00e9sentant sp\u00e9cialis\u00e9 sur les groupes froids et un repr\u00e9sentant de la F\u00e9d\u00e9ration Fran\u00e7aise de Hockey. Mais aucune date n&rsquo;a \u00e9t\u00e9 convenue par la mairie pour les rencontrer et engager une \u00e9tude, pr\u00e9cisait le pr\u00e9sident des Lynx de G\u00e9rardmer&#8230; \u00ab\u00a0<em>Quel dommage<\/em> !\u00a0\u00bb a-t-il ajout\u00e9 au nom de tous les pratiquants.<\/p>\n<p>Bref, les repr\u00e9sentants du club esp\u00e8rent de tout c\u0153ur pouvoir trouver des solutions pour pouvoir maintenir l&rsquo;ASG hockey\/les Lynx de G\u00e9rardmer en activit\u00e9 malgr\u00e9 la fermeture du complexe sportif. Un petit groupe soud\u00e9 va une fois de plus se d\u00e9mener pour y parvenir, \u00e0 l&rsquo;image du bureau du club ou encore de Camille Demangeon et Thomas No\u00ebl pour l&rsquo;encadrement.<\/p>\n","protected":false},"excerpt":{"rendered":"<p>L&rsquo;assembl\u00e9e g\u00e9n\u00e9rale de l&rsquo;ASG Hockey s&rsquo;est d\u00e9roul\u00e9e r\u00e9cemment \u00e0 la maison de la montagne en pr\u00e9sence de la pr\u00e9sidente de [&hellip;]<\/p>\n","protected":false},"author":42,"featured_media":35374,"comment_status":"open","ping_status":"open","sticky":false,"template":"","format":"standard","meta":{"footnotes":""},"categories":[20,14],"tags":[781],"class_list":["post-35373","post","type-post","status-publish","format-standard","has-post-thumbnail","hentry","category-a-la-une","category-sport","tag-asg-hockey-lynx"],"acf":[],"yoast_head":"<!-- This site is optimized with the Yoast SEO plugin v22.5 - https:\/\/yoast.com\/wordpress\/plugins\/seo\/ -->\n<title>Inqui\u00e9tude du c\u00f4t\u00e9 des hockeyeurs - Gerardmer Info<\/title>\n<meta name=\"robots\" content=\"index, follow, max-snippet:-1, max-image-preview:large, max-video-preview:-1\" \/>\n<link rel=\"canonical\" href=\"https:\/\/vosgesinfo.fr\/gerardmerinfo\/2018\/07\/inquietude-cote-hockeyeurs\/\" \/>\n<meta name=\"twitter:card\" content=\"summary_large_image\" \/>\n<meta name=\"twitter:title\" content=\"Inqui\u00e9tude du c\u00f4t\u00e9 des hockeyeurs - Gerardmer Info\" \/>\n<meta name=\"twitter:description\" content=\"L&rsquo;assembl\u00e9e g\u00e9n\u00e9rale de l&rsquo;ASG Hockey s&rsquo;est d\u00e9roul\u00e9e r\u00e9cemment \u00e0 la maison de la montagne en pr\u00e9sence de la pr\u00e9sidente de [&hellip;]\" \/>\n<meta name=\"twitter:image\" content=\"https:\/\/vosgesinfo.fr\/app\/uploads\/sites\/6\/2024\/07\/201807ag-hockey-1.jpg\" \/>\n<meta name=\"twitter:creator\" content=\"@VosgesInfo88\" \/>\n<meta name=\"twitter:site\" content=\"@VosgesInfo88\" \/>\n<meta name=\"twitter:label1\" content=\"\u00c9crit par\" \/>\n\t<meta name=\"twitter:data1\" content=\"QG\" \/>\n\t<meta name=\"twitter:label2\" content=\"Dur\u00e9e de lecture estim\u00e9e\" \/>\n\t<meta name=\"twitter:data2\" content=\"2 minutes\" \/>\n<script type=\"application\/ld+json\" class=\"yoast-schema-graph\">{\"@context\":\"https:\/\/schema.org\",\"@graph\":[{\"@type\":\"Article\",\"@id\":\"https:\/\/vosgesinfo.fr\/gerardmerinfo\/2018\/07\/inquietude-cote-hockeyeurs\/#article\",\"isPartOf\":{\"@id\":\"https:\/\/vosgesinfo.fr\/gerardmerinfo\/2018\/07\/inquietude-cote-hockeyeurs\/\"},\"author\":{\"name\":\"QG\",\"@id\":\"https:\/\/vosgesinfo.fr\/gerardmerinfo\/#\/schema\/person\/db5605779a843dad16b5368f3e7613a5\"},\"headline\":\"Inqui\u00e9tude du c\u00f4t\u00e9 des hockeyeurs\",\"datePublished\":\"2018-07-15T15:56:54+00:00\",\"dateModified\":\"2018-07-15T15:56:54+00:00\",\"mainEntityOfPage\":{\"@id\":\"https:\/\/vosgesinfo.fr\/gerardmerinfo\/2018\/07\/inquietude-cote-hockeyeurs\/\"},\"wordCount\":430,\"commentCount\":0,\"publisher\":{\"@id\":\"https:\/\/vosgesinfo.fr\/gerardmerinfo\/#organization\"},\"image\":{\"@id\":\"https:\/\/vosgesinfo.fr\/gerardmerinfo\/2018\/07\/inquietude-cote-hockeyeurs\/#primaryimage\"},\"thumbnailUrl\":\"https:\/\/vosgesinfo.fr\/app\/uploads\/sites\/6\/2024\/07\/201807ag-hockey-1.jpg\",\"keywords\":[\"asg hockey Lynx\"],\"articleSection\":[\"A la une\",\"Sport\"],\"inLanguage\":\"fr-FR\",\"potentialAction\":[{\"@type\":\"CommentAction\",\"name\":\"Comment\",\"target\":[\"https:\/\/vosgesinfo.fr\/gerardmerinfo\/2018\/07\/inquietude-cote-hockeyeurs\/#respond\"]}]},{\"@type\":\"WebPage\",\"@id\":\"https:\/\/vosgesinfo.fr\/gerardmerinfo\/2018\/07\/inquietude-cote-hockeyeurs\/\",\"url\":\"https:\/\/vosgesinfo.fr\/gerardmerinfo\/2018\/07\/inquietude-cote-hockeyeurs\/\",\"name\":\"Inqui\u00e9tude du c\u00f4t\u00e9 des hockeyeurs - Gerardmer Info\",\"isPartOf\":{\"@id\":\"https:\/\/vosgesinfo.fr\/gerardmerinfo\/#website\"},\"primaryImageOfPage\":{\"@id\":\"https:\/\/vosgesinfo.fr\/gerardmerinfo\/2018\/07\/inquietude-cote-hockeyeurs\/#primaryimage\"},\"image\":{\"@id\":\"https:\/\/vosgesinfo.fr\/gerardmerinfo\/2018\/07\/inquietude-cote-hockeyeurs\/#primaryimage\"},\"thumbnailUrl\":\"https:\/\/vosgesinfo.fr\/app\/uploads\/sites\/6\/2024\/07\/201807ag-hockey-1.jpg\",\"datePublished\":\"2018-07-15T15:56:54+00:00\",\"dateModified\":\"2018-07-15T15:56:54+00:00\",\"breadcrumb\":{\"@id\":\"https:\/\/vosgesinfo.fr\/gerardmerinfo\/2018\/07\/inquietude-cote-hockeyeurs\/#breadcrumb\"},\"inLanguage\":\"fr-FR\",\"potentialAction\":[{\"@type\":\"ReadAction\",\"target\":[\"https:\/\/vosgesinfo.fr\/gerardmerinfo\/2018\/07\/inquietude-cote-hockeyeurs\/\"]}]},{\"@type\":\"ImageObject\",\"inLanguage\":\"fr-FR\",\"@id\":\"https:\/\/vosgesinfo.fr\/gerardmerinfo\/2018\/07\/inquietude-cote-hockeyeurs\/#primaryimage\",\"url\":\"https:\/\/vosgesinfo.fr\/app\/uploads\/sites\/6\/2024\/07\/201807ag-hockey-1.jpg\",\"contentUrl\":\"https:\/\/vosgesinfo.fr\/app\/uploads\/sites\/6\/2024\/07\/201807ag-hockey-1.jpg\",\"width\":429,\"height\":241},{\"@type\":\"BreadcrumbList\",\"@id\":\"https:\/\/vosgesinfo.fr\/gerardmerinfo\/2018\/07\/inquietude-cote-hockeyeurs\/#breadcrumb\",\"itemListElement\":[{\"@type\":\"ListItem\",\"position\":1,\"name\":\"Home\",\"item\":\"https:\/\/vosgesinfo.fr\/gerardmerinfo\/\"},{\"@type\":\"ListItem\",\"position\":2,\"name\":\"Inqui\u00e9tude du c\u00f4t\u00e9 des hockeyeurs\"}]},{\"@type\":\"WebSite\",\"@id\":\"https:\/\/vosgesinfo.fr\/gerardmerinfo\/#website\",\"url\":\"https:\/\/vosgesinfo.fr\/gerardmerinfo\/\",\"name\":\"Gerardmer Info\",\"description\":\"Toute l&#039;actualit\u00e9 de G\u00e9rardmer\",\"publisher\":{\"@id\":\"https:\/\/vosgesinfo.fr\/gerardmerinfo\/#organization\"},\"alternateName\":\"Toute l'actualit\u00e9 de G\u00e9rardmer\",\"potentialAction\":[{\"@type\":\"SearchAction\",\"target\":{\"@type\":\"EntryPoint\",\"urlTemplate\":\"https:\/\/vosgesinfo.fr\/gerardmerinfo\/?s={search_term_string}\"},\"query-input\":\"required name=search_term_string\"}],\"inLanguage\":\"fr-FR\"},{\"@type\":\"Organization\",\"@id\":\"https:\/\/vosgesinfo.fr\/gerardmerinfo\/#organization\",\"name\":\"Gerardmer Info\",\"url\":\"https:\/\/vosgesinfo.fr\/gerardmerinfo\/\",\"logo\":{\"@type\":\"ImageObject\",\"inLanguage\":\"fr-FR\",\"@id\":\"https:\/\/vosgesinfo.fr\/gerardmerinfo\/#\/schema\/logo\/image\/\",\"url\":\"https:\/\/vosgesinfo.fr\/app\/uploads\/sites\/6\/2023\/08\/favicon-gerardmerinfo.png\",\"contentUrl\":\"https:\/\/vosgesinfo.fr\/app\/uploads\/sites\/6\/2023\/08\/favicon-gerardmerinfo.png\",\"width\":512,\"height\":512,\"caption\":\"Gerardmer Info\"},\"image\":{\"@id\":\"https:\/\/vosgesinfo.fr\/gerardmerinfo\/#\/schema\/logo\/image\/\"},\"sameAs\":[\"https:\/\/www.facebook.com\/profile.php?id=100049475262660\",\"https:\/\/x.com\/VosgesInfo88\",\"https:\/\/www.youtube.com\/@vosgesinfo\"]},{\"@type\":\"Person\",\"@id\":\"https:\/\/vosgesinfo.fr\/gerardmerinfo\/#\/schema\/person\/db5605779a843dad16b5368f3e7613a5\",\"name\":\"QG\",\"image\":{\"@type\":\"ImageObject\",\"inLanguage\":\"fr-FR\",\"@id\":\"https:\/\/vosgesinfo.fr\/gerardmerinfo\/#\/schema\/person\/image\/\",\"url\":\"https:\/\/secure.gravatar.com\/avatar\/ea80c42c204b534408512832fde52504ecabb9706bcb6151cf6175e5b64e6793?s=96&d=mm&r=g\",\"contentUrl\":\"https:\/\/secure.gravatar.com\/avatar\/ea80c42c204b534408512832fde52504ecabb9706bcb6151cf6175e5b64e6793?s=96&d=mm&r=g\",\"caption\":\"QG\"},\"url\":\"https:\/\/vosgesinfo.fr\/gerardmerinfo\/author\/quentin88\/\"}]}<\/script>\n<!-- \/ Yoast SEO plugin. -->","yoast_head_json":{"title":"Inqui\u00e9tude du c\u00f4t\u00e9 des hockeyeurs - Gerardmer Info","robots":{"index":"index","follow":"follow","max-snippet":"max-snippet:-1","max-image-preview":"max-image-preview:large","max-video-preview":"max-video-preview:-1"},"canonical":"https:\/\/vosgesinfo.fr\/gerardmerinfo\/2018\/07\/inquietude-cote-hockeyeurs\/","twitter_card":"summary_large_image","twitter_title":"Inqui\u00e9tude du c\u00f4t\u00e9 des hockeyeurs - Gerardmer Info","twitter_description":"L&rsquo;assembl\u00e9e g\u00e9n\u00e9rale de l&rsquo;ASG Hockey s&rsquo;est d\u00e9roul\u00e9e r\u00e9cemment \u00e0 la maison de la montagne en pr\u00e9sence de la pr\u00e9sidente de [&hellip;]","twitter_image":"https:\/\/vosgesinfo.fr\/app\/uploads\/sites\/6\/2024\/07\/201807ag-hockey-1.jpg","twitter_creator":"@VosgesInfo88","twitter_site":"@VosgesInfo88","twitter_misc":{"\u00c9crit par":"QG","Dur\u00e9e de lecture estim\u00e9e":"2 minutes"},"schema":{"@context":"https:\/\/schema.org","@graph":[{"@type":"Article","@id":"https:\/\/vosgesinfo.fr\/gerardmerinfo\/2018\/07\/inquietude-cote-hockeyeurs\/#article","isPartOf":{"@id":"https:\/\/vosgesinfo.fr\/gerardmerinfo\/2018\/07\/inquietude-cote-hockeyeurs\/"},"author":{"name":"QG","@id":"https:\/\/vosgesinfo.fr\/gerardmerinfo\/#\/schema\/person\/db5605779a843dad16b5368f3e7613a5"},"headline":"Inqui\u00e9tude du c\u00f4t\u00e9 des hockeyeurs","datePublished":"2018-07-15T15:56:54+00:00","dateModified":"2018-07-15T15:56:54+00:00","mainEntityOfPage":{"@id":"https:\/\/vosgesinfo.fr\/gerardmerinfo\/2018\/07\/inquietude-cote-hockeyeurs\/"},"wordCount":430,"commentCount":0,"publisher":{"@id":"https:\/\/vosgesinfo.fr\/gerardmerinfo\/#organization"},"image":{"@id":"https:\/\/vosgesinfo.fr\/gerardmerinfo\/2018\/07\/inquietude-cote-hockeyeurs\/#primaryimage"},"thumbnailUrl":"https:\/\/vosgesinfo.fr\/app\/uploads\/sites\/6\/2024\/07\/201807ag-hockey-1.jpg","keywords":["asg hockey Lynx"],"articleSection":["A la une","Sport"],"inLanguage":"fr-FR","potentialAction":[{"@type":"CommentAction","name":"Comment","target":["https:\/\/vosgesinfo.fr\/gerardmerinfo\/2018\/07\/inquietude-cote-hockeyeurs\/#respond"]}]},{"@type":"WebPage","@id":"https:\/\/vosgesinfo.fr\/gerardmerinfo\/2018\/07\/inquietude-cote-hockeyeurs\/","url":"https:\/\/vosgesinfo.fr\/gerardmerinfo\/2018\/07\/inquietude-cote-hockeyeurs\/","name":"Inqui\u00e9tude du c\u00f4t\u00e9 des hockeyeurs - Gerardmer Info","isPartOf":{"@id":"https:\/\/vosgesinfo.fr\/gerardmerinfo\/#website"},"primaryImageOfPage":{"@id":"https:\/\/vosgesinfo.fr\/gerardmerinfo\/2018\/07\/inquietude-cote-hockeyeurs\/#primaryimage"},"image":{"@id":"https:\/\/vosgesinfo.fr\/gerardmerinfo\/2018\/07\/inquietude-cote-hockeyeurs\/#primaryimage"},"thumbnailUrl":"https:\/\/vosgesinfo.fr\/app\/uploads\/sites\/6\/2024\/07\/201807ag-hockey-1.jpg","datePublished":"2018-07-15T15:56:54+00:00","dateModified":"2018-07-15T15:56:54+00:00","breadcrumb":{"@id":"https:\/\/vosgesinfo.fr\/gerardmerinfo\/2018\/07\/inquietude-cote-hockeyeurs\/#breadcrumb"},"inLanguage":"fr-FR","potentialAction":[{"@type":"ReadAction","target":["https:\/\/vosgesinfo.fr\/gerardmerinfo\/2018\/07\/inquietude-cote-hockeyeurs\/"]}]},{"@type":"ImageObject","inLanguage":"fr-FR","@id":"https:\/\/vosgesinfo.fr\/gerardmerinfo\/2018\/07\/inquietude-cote-hockeyeurs\/#primaryimage","url":"https:\/\/vosgesinfo.fr\/app\/uploads\/sites\/6\/2024\/07\/201807ag-hockey-1.jpg","contentUrl":"https:\/\/vosgesinfo.fr\/app\/uploads\/sites\/6\/2024\/07\/201807ag-hockey-1.jpg","width":429,"height":241},{"@type":"BreadcrumbList","@id":"https:\/\/vosgesinfo.fr\/gerardmerinfo\/2018\/07\/inquietude-cote-hockeyeurs\/#breadcrumb","itemListElement":[{"@type":"ListItem","position":1,"name":"Home","item":"https:\/\/vosgesinfo.fr\/gerardmerinfo\/"},{"@type":"ListItem","position":2,"name":"Inqui\u00e9tude du c\u00f4t\u00e9 des hockeyeurs"}]},{"@type":"WebSite","@id":"https:\/\/vosgesinfo.fr\/gerardmerinfo\/#website","url":"https:\/\/vosgesinfo.fr\/gerardmerinfo\/","name":"Gerardmer Info","description":"Toute l&#039;actualit\u00e9 de G\u00e9rardmer","publisher":{"@id":"https:\/\/vosgesinfo.fr\/gerardmerinfo\/#organization"},"alternateName":"Toute l'actualit\u00e9 de G\u00e9rardmer","potentialAction":[{"@type":"SearchAction","target":{"@type":"EntryPoint","urlTemplate":"https:\/\/vosgesinfo.fr\/gerardmerinfo\/?s={search_term_string}"},"query-input":"required name=search_term_string"}],"inLanguage":"fr-FR"},{"@type":"Organization","@id":"https:\/\/vosgesinfo.fr\/gerardmerinfo\/#organization","name":"Gerardmer Info","url":"https:\/\/vosgesinfo.fr\/gerardmerinfo\/","logo":{"@type":"ImageObject","inLanguage":"fr-FR","@id":"https:\/\/vosgesinfo.fr\/gerardmerinfo\/#\/schema\/logo\/image\/","url":"https:\/\/vosgesinfo.fr\/app\/uploads\/sites\/6\/2023\/08\/favicon-gerardmerinfo.png","contentUrl":"https:\/\/vosgesinfo.fr\/app\/uploads\/sites\/6\/2023\/08\/favicon-gerardmerinfo.png","width":512,"height":512,"caption":"Gerardmer Info"},"image":{"@id":"https:\/\/vosgesinfo.fr\/gerardmerinfo\/#\/schema\/logo\/image\/"},"sameAs":["https:\/\/www.facebook.com\/profile.php?id=100049475262660","https:\/\/x.com\/VosgesInfo88","https:\/\/www.youtube.com\/@vosgesinfo"]},{"@type":"Person","@id":"https:\/\/vosgesinfo.fr\/gerardmerinfo\/#\/schema\/person\/db5605779a843dad16b5368f3e7613a5","name":"QG","image":{"@type":"ImageObject","inLanguage":"fr-FR","@id":"https:\/\/vosgesinfo.fr\/gerardmerinfo\/#\/schema\/person\/image\/","url":"https:\/\/secure.gravatar.com\/avatar\/ea80c42c204b534408512832fde52504ecabb9706bcb6151cf6175e5b64e6793?s=96&d=mm&r=g","contentUrl":"https:\/\/secure.gravatar.com\/avatar\/ea80c42c204b534408512832fde52504ecabb9706bcb6151cf6175e5b64e6793?s=96&d=mm&r=g","caption":"QG"},"url":"https:\/\/vosgesinfo.fr\/gerardmerinfo\/author\/quentin88\/"}]}},"_links":{"self":[{"href":"https:\/\/vosgesinfo.fr\/gerardmerinfo\/wp-json\/wp\/v2\/posts\/35373","targetHints":{"allow":["GET"]}}],"collection":[{"href":"https:\/\/vosgesinfo.fr\/gerardmerinfo\/wp-json\/wp\/v2\/posts"}],"about":[{"href":"https:\/\/vosgesinfo.fr\/gerardmerinfo\/wp-json\/wp\/v2\/types\/post"}],"author":[{"embeddable":true,"href":"https:\/\/vosgesinfo.fr\/gerardmerinfo\/wp-json\/wp\/v2\/users\/42"}],"replies":[{"embeddable":true,"href":"https:\/\/vosgesinfo.fr\/gerardmerinfo\/wp-json\/wp\/v2\/comments?post=35373"}],"version-history":[{"count":0,"href":"https:\/\/vosgesinfo.fr\/gerardmerinfo\/wp-json\/wp\/v2\/posts\/35373\/revisions"}],"wp:featuredmedia":[{"embeddable":true,"href":"https:\/\/vosgesinfo.fr\/gerardmerinfo\/wp-json\/wp\/v2\/media\/35374"}],"wp:attachment":[{"href":"https:\/\/vosgesinfo.fr\/gerardmerinfo\/wp-json\/wp\/v2\/media?parent=35373"}],"wp:term":[{"taxonomy":"category","embeddable":true,"href":"https:\/\/vosgesinfo.fr\/gerardmerinfo\/wp-json\/wp\/v2\/categories?post=35373"},{"taxonomy":"post_tag","embeddable":true,"href":"https:\/\/vosgesinfo.fr\/gerardmerinfo\/wp-json\/wp\/v2\/tags?post=35373"}],"curies":[{"name":"wp","href":"https:\/\/api.w.org\/{rel}","templated":true}]}}