{"id":35461,"date":"2018-07-15T15:32:50","date_gmt":"2018-07-15T13:32:50","guid":{"rendered":"https:\/\/vosgesinfo.fr\/gerardmerinfo\/2018\/07\/disparition-de-jean-pierre-remy\/"},"modified":"2018-07-15T15:32:50","modified_gmt":"2018-07-15T13:32:50","slug":"disparition-de-jean-pierre-remy","status":"publish","type":"post","link":"https:\/\/vosgesinfo.fr\/gerardmerinfo\/2018\/07\/disparition-de-jean-pierre-remy\/","title":{"rendered":"Disparition de Jean-Pierre Remy"},"content":{"rendered":"<p><a href=\"http:\/\/gerardmerinfo.fr\/2018\/07\/disparition-de-jean-pierre-remy\/jpr-2\/\" rel=\"attachment wp-att-131048\"><img decoding=\"async\" class=\"aligncenter wp-image-131048 size-full\" src=\"\/2018\/07\/jpr.jpg\" alt=\"jpr\" width=\"563\" height=\"600\" \/><\/a>Depuis un an, Jean-Pierre Remy souffrait de probl\u00e8mes de sant\u00e9 r\u00e9currents, nous apprenons son d\u00e9c\u00e8s \u00e0 l&rsquo;\u00e2ge de 86 ans.\u00a0 Figure\u00a0 de la Vall\u00e9e des Lacs, le d\u00e9funt \u00e9tait n\u00e9 le 26 juin 1932 \u00e0 G\u00e9rardmer, fils unique de Georges Remy, charpentier de son \u00e9tat sur les bords du lac. Son CAP de charpentier en poche, il rejoint en qualit\u00e9 de militaire, le 27\u00e8 r\u00e9giment de chasseurs alpins \u00e0 Annecy. Sa vie fut ensuite faite de passions et de paris. Apr\u00e8s avoir \u00e9pous\u00e9 Rosine Picart en 1956, le couple devait avoir 2 enfants : Jean-Yves et Isabelle puis 3 petits enfants La\u00ebtitia, Emilie et Thibault. Le cercle familial devait s&rsquo;agrandir avec l&rsquo;arriv\u00e9e de 3 arri\u00e8res petits -enfants, Valentine, Marie Lou et Laureen.<\/p>\n<p>Le couple prit les rennes de la location de p\u00e9dalos et de vente de souvenirs sur les bords du lac de Longemer&#8230;. l&rsquo;aventure durera 53 ans jusqu&rsquo;en 2010. Parall\u00e8lement, le nom de Jean-Pierre Remy fut associ\u00e9 aux remont\u00e9es m\u00e9caniques et t\u00e9l\u00e9skis du Collet qu&rsquo;il cr\u00e9a de toutes pi\u00e8ces en 1968. La famille exploitera la petite station pendant 20 ans. Le couple Jean-Pierre et Rosine devait \u00e9galement g\u00e9rer la petite boutique de souvenirs au pied des pistes de\u00a0 la Mauselaine. Passionn\u00e9 de fleurs, \u00ab\u00a0p\u00e9tanquiste\u00a0\u00bb chevronn\u00e9 au club de Xonrupt, Jean-Pierre Remy avait pour passion la chasse et la p\u00eache. On le retrouvait jadis du c\u00f4t\u00e9 de l&rsquo;Irlande avec ses copains de toujours Abel Della Maria, Coco Leroy, Bernard Alix et Eric Douissard, tous grands amateurs de p\u00eache aux brochets.<\/p>\n<p>Jean Pierre repose au fun\u00e9rarium de G\u00e9rardmer, impasse des Granitiers. La famille sera pr\u00e9sente de 10h \u00e0 12h et de 15h \u00e0 18h.<\/p>\n<p><em>Ses obs\u00e8ques seront\u00a0 c\u00e9l\u00e9br\u00e9es<strong> le MARDI 17 Juillet\u00a0 2018 \u00a0\u00e0 \u00a014H30 <\/strong><\/em><strong><em>en l\u2019\u00e9glise St Barth\u00e9lemy de G\u00e9rardmer, suivies de son inhumation au cimeti\u00e8re communal.<\/em><\/strong><\/p>\n<p>Nos sinc\u00e8res condol\u00e9ances<\/p>\n","protected":false},"excerpt":{"rendered":"<p>Depuis un an, Jean-Pierre Remy souffrait de probl\u00e8mes de sant\u00e9 r\u00e9currents, nous apprenons son d\u00e9c\u00e8s \u00e0 l&rsquo;\u00e2ge de 86 ans.\u00a0 [&hellip;]<\/p>\n","protected":false},"author":1,"featured_media":35462,"comment_status":"open","ping_status":"open","sticky":false,"template":"","format":"standard","meta":{"footnotes":""},"categories":[20,43],"tags":[],"class_list":["post-35461","post","type-post","status-publish","format-standard","has-post-thumbnail","hentry","category-a-la-une","category-necrologie"],"acf":[],"yoast_head":"<!-- This site is optimized with the Yoast SEO plugin v22.5 - https:\/\/yoast.com\/wordpress\/plugins\/seo\/ -->\n<title>Disparition de Jean-Pierre Remy - Gerardmer Info<\/title>\n<meta name=\"robots\" content=\"index, follow, max-snippet:-1, max-image-preview:large, max-video-preview:-1\" \/>\n<link rel=\"canonical\" href=\"https:\/\/vosgesinfo.fr\/gerardmerinfo\/2018\/07\/disparition-de-jean-pierre-remy\/\" \/>\n<meta name=\"twitter:card\" content=\"summary_large_image\" \/>\n<meta name=\"twitter:title\" content=\"Disparition de Jean-Pierre Remy - Gerardmer Info\" \/>\n<meta name=\"twitter:description\" content=\"Depuis un an, Jean-Pierre Remy souffrait de probl\u00e8mes de sant\u00e9 r\u00e9currents, nous apprenons son d\u00e9c\u00e8s \u00e0 l&rsquo;\u00e2ge de 86 ans.\u00a0 [&hellip;]\" \/>\n<meta name=\"twitter:image\" content=\"https:\/\/vosgesinfo.fr\/app\/uploads\/sites\/6\/2024\/07\/201807jpr.jpg\" \/>\n<meta name=\"twitter:creator\" content=\"@VosgesInfo88\" \/>\n<meta name=\"twitter:site\" content=\"@VosgesInfo88\" \/>\n<meta name=\"twitter:label1\" content=\"\u00c9crit par\" \/>\n\t<meta name=\"twitter:data1\" content=\"qs_admin\" \/>\n\t<meta name=\"twitter:label2\" content=\"Dur\u00e9e de lecture estim\u00e9e\" \/>\n\t<meta name=\"twitter:data2\" content=\"2 minutes\" \/>\n<script type=\"application\/ld+json\" class=\"yoast-schema-graph\">{\"@context\":\"https:\/\/schema.org\",\"@graph\":[{\"@type\":\"Article\",\"@id\":\"https:\/\/vosgesinfo.fr\/gerardmerinfo\/2018\/07\/disparition-de-jean-pierre-remy\/#article\",\"isPartOf\":{\"@id\":\"https:\/\/vosgesinfo.fr\/gerardmerinfo\/2018\/07\/disparition-de-jean-pierre-remy\/\"},\"author\":{\"name\":\"qs_admin\",\"@id\":\"https:\/\/vosgesinfo.fr\/gerardmerinfo\/#\/schema\/person\/bc5d02d71e6932e81b6dadb7386667b1\"},\"headline\":\"Disparition de Jean-Pierre Remy\",\"datePublished\":\"2018-07-15T13:32:50+00:00\",\"dateModified\":\"2018-07-15T13:32:50+00:00\",\"mainEntityOfPage\":{\"@id\":\"https:\/\/vosgesinfo.fr\/gerardmerinfo\/2018\/07\/disparition-de-jean-pierre-remy\/\"},\"wordCount\":328,\"commentCount\":0,\"publisher\":{\"@id\":\"https:\/\/vosgesinfo.fr\/gerardmerinfo\/#organization\"},\"image\":{\"@id\":\"https:\/\/vosgesinfo.fr\/gerardmerinfo\/2018\/07\/disparition-de-jean-pierre-remy\/#primaryimage\"},\"thumbnailUrl\":\"https:\/\/vosgesinfo.fr\/app\/uploads\/sites\/6\/2024\/07\/201807jpr.jpg\",\"articleSection\":[\"A la une\",\"N\u00e9crologie\"],\"inLanguage\":\"fr-FR\",\"potentialAction\":[{\"@type\":\"CommentAction\",\"name\":\"Comment\",\"target\":[\"https:\/\/vosgesinfo.fr\/gerardmerinfo\/2018\/07\/disparition-de-jean-pierre-remy\/#respond\"]}]},{\"@type\":\"WebPage\",\"@id\":\"https:\/\/vosgesinfo.fr\/gerardmerinfo\/2018\/07\/disparition-de-jean-pierre-remy\/\",\"url\":\"https:\/\/vosgesinfo.fr\/gerardmerinfo\/2018\/07\/disparition-de-jean-pierre-remy\/\",\"name\":\"Disparition de Jean-Pierre Remy - Gerardmer Info\",\"isPartOf\":{\"@id\":\"https:\/\/vosgesinfo.fr\/gerardmerinfo\/#website\"},\"primaryImageOfPage\":{\"@id\":\"https:\/\/vosgesinfo.fr\/gerardmerinfo\/2018\/07\/disparition-de-jean-pierre-remy\/#primaryimage\"},\"image\":{\"@id\":\"https:\/\/vosgesinfo.fr\/gerardmerinfo\/2018\/07\/disparition-de-jean-pierre-remy\/#primaryimage\"},\"thumbnailUrl\":\"https:\/\/vosgesinfo.fr\/app\/uploads\/sites\/6\/2024\/07\/201807jpr.jpg\",\"datePublished\":\"2018-07-15T13:32:50+00:00\",\"dateModified\":\"2018-07-15T13:32:50+00:00\",\"breadcrumb\":{\"@id\":\"https:\/\/vosgesinfo.fr\/gerardmerinfo\/2018\/07\/disparition-de-jean-pierre-remy\/#breadcrumb\"},\"inLanguage\":\"fr-FR\",\"potentialAction\":[{\"@type\":\"ReadAction\",\"target\":[\"https:\/\/vosgesinfo.fr\/gerardmerinfo\/2018\/07\/disparition-de-jean-pierre-remy\/\"]}]},{\"@type\":\"ImageObject\",\"inLanguage\":\"fr-FR\",\"@id\":\"https:\/\/vosgesinfo.fr\/gerardmerinfo\/2018\/07\/disparition-de-jean-pierre-remy\/#primaryimage\",\"url\":\"https:\/\/vosgesinfo.fr\/app\/uploads\/sites\/6\/2024\/07\/201807jpr.jpg\",\"contentUrl\":\"https:\/\/vosgesinfo.fr\/app\/uploads\/sites\/6\/2024\/07\/201807jpr.jpg\",\"width\":563,\"height\":600},{\"@type\":\"BreadcrumbList\",\"@id\":\"https:\/\/vosgesinfo.fr\/gerardmerinfo\/2018\/07\/disparition-de-jean-pierre-remy\/#breadcrumb\",\"itemListElement\":[{\"@type\":\"ListItem\",\"position\":1,\"name\":\"Home\",\"item\":\"https:\/\/vosgesinfo.fr\/gerardmerinfo\/\"},{\"@type\":\"ListItem\",\"position\":2,\"name\":\"Disparition de Jean-Pierre Remy\"}]},{\"@type\":\"WebSite\",\"@id\":\"https:\/\/vosgesinfo.fr\/gerardmerinfo\/#website\",\"url\":\"https:\/\/vosgesinfo.fr\/gerardmerinfo\/\",\"name\":\"Gerardmer Info\",\"description\":\"Toute l&#039;actualit\u00e9 de G\u00e9rardmer\",\"publisher\":{\"@id\":\"https:\/\/vosgesinfo.fr\/gerardmerinfo\/#organization\"},\"alternateName\":\"Toute l'actualit\u00e9 de G\u00e9rardmer\",\"potentialAction\":[{\"@type\":\"SearchAction\",\"target\":{\"@type\":\"EntryPoint\",\"urlTemplate\":\"https:\/\/vosgesinfo.fr\/gerardmerinfo\/?s={search_term_string}\"},\"query-input\":\"required name=search_term_string\"}],\"inLanguage\":\"fr-FR\"},{\"@type\":\"Organization\",\"@id\":\"https:\/\/vosgesinfo.fr\/gerardmerinfo\/#organization\",\"name\":\"Gerardmer Info\",\"url\":\"https:\/\/vosgesinfo.fr\/gerardmerinfo\/\",\"logo\":{\"@type\":\"ImageObject\",\"inLanguage\":\"fr-FR\",\"@id\":\"https:\/\/vosgesinfo.fr\/gerardmerinfo\/#\/schema\/logo\/image\/\",\"url\":\"https:\/\/vosgesinfo.fr\/app\/uploads\/sites\/6\/2023\/08\/favicon-gerardmerinfo.png\",\"contentUrl\":\"https:\/\/vosgesinfo.fr\/app\/uploads\/sites\/6\/2023\/08\/favicon-gerardmerinfo.png\",\"width\":512,\"height\":512,\"caption\":\"Gerardmer Info\"},\"image\":{\"@id\":\"https:\/\/vosgesinfo.fr\/gerardmerinfo\/#\/schema\/logo\/image\/\"},\"sameAs\":[\"https:\/\/www.facebook.com\/profile.php?id=100049475262660\",\"https:\/\/x.com\/VosgesInfo88\",\"https:\/\/www.youtube.com\/@vosgesinfo\"]},{\"@type\":\"Person\",\"@id\":\"https:\/\/vosgesinfo.fr\/gerardmerinfo\/#\/schema\/person\/bc5d02d71e6932e81b6dadb7386667b1\",\"name\":\"qs_admin\",\"image\":{\"@type\":\"ImageObject\",\"inLanguage\":\"fr-FR\",\"@id\":\"https:\/\/vosgesinfo.fr\/gerardmerinfo\/#\/schema\/person\/image\/\",\"url\":\"https:\/\/secure.gravatar.com\/avatar\/94b18ee0ed79e4a42ea2f2931277b6841a8999fc6fde214600c78057cf1fe1de?s=96&d=mm&r=g\",\"contentUrl\":\"https:\/\/secure.gravatar.com\/avatar\/94b18ee0ed79e4a42ea2f2931277b6841a8999fc6fde214600c78057cf1fe1de?s=96&d=mm&r=g\",\"caption\":\"qs_admin\"},\"sameAs\":[\"https:\/\/vosgesinfo.fr\/wp\"],\"url\":\"https:\/\/vosgesinfo.fr\/gerardmerinfo\/author\/qs_admin\/\"}]}<\/script>\n<!-- \/ Yoast SEO plugin. -->","yoast_head_json":{"title":"Disparition de Jean-Pierre Remy - Gerardmer Info","robots":{"index":"index","follow":"follow","max-snippet":"max-snippet:-1","max-image-preview":"max-image-preview:large","max-video-preview":"max-video-preview:-1"},"canonical":"https:\/\/vosgesinfo.fr\/gerardmerinfo\/2018\/07\/disparition-de-jean-pierre-remy\/","twitter_card":"summary_large_image","twitter_title":"Disparition de Jean-Pierre Remy - Gerardmer Info","twitter_description":"Depuis un an, Jean-Pierre Remy souffrait de probl\u00e8mes de sant\u00e9 r\u00e9currents, nous apprenons son d\u00e9c\u00e8s \u00e0 l&rsquo;\u00e2ge de 86 ans.\u00a0 [&hellip;]","twitter_image":"https:\/\/vosgesinfo.fr\/app\/uploads\/sites\/6\/2024\/07\/201807jpr.jpg","twitter_creator":"@VosgesInfo88","twitter_site":"@VosgesInfo88","twitter_misc":{"\u00c9crit par":"qs_admin","Dur\u00e9e de lecture estim\u00e9e":"2 minutes"},"schema":{"@context":"https:\/\/schema.org","@graph":[{"@type":"Article","@id":"https:\/\/vosgesinfo.fr\/gerardmerinfo\/2018\/07\/disparition-de-jean-pierre-remy\/#article","isPartOf":{"@id":"https:\/\/vosgesinfo.fr\/gerardmerinfo\/2018\/07\/disparition-de-jean-pierre-remy\/"},"author":{"name":"qs_admin","@id":"https:\/\/vosgesinfo.fr\/gerardmerinfo\/#\/schema\/person\/bc5d02d71e6932e81b6dadb7386667b1"},"headline":"Disparition de Jean-Pierre Remy","datePublished":"2018-07-15T13:32:50+00:00","dateModified":"2018-07-15T13:32:50+00:00","mainEntityOfPage":{"@id":"https:\/\/vosgesinfo.fr\/gerardmerinfo\/2018\/07\/disparition-de-jean-pierre-remy\/"},"wordCount":328,"commentCount":0,"publisher":{"@id":"https:\/\/vosgesinfo.fr\/gerardmerinfo\/#organization"},"image":{"@id":"https:\/\/vosgesinfo.fr\/gerardmerinfo\/2018\/07\/disparition-de-jean-pierre-remy\/#primaryimage"},"thumbnailUrl":"https:\/\/vosgesinfo.fr\/app\/uploads\/sites\/6\/2024\/07\/201807jpr.jpg","articleSection":["A la une","N\u00e9crologie"],"inLanguage":"fr-FR","potentialAction":[{"@type":"CommentAction","name":"Comment","target":["https:\/\/vosgesinfo.fr\/gerardmerinfo\/2018\/07\/disparition-de-jean-pierre-remy\/#respond"]}]},{"@type":"WebPage","@id":"https:\/\/vosgesinfo.fr\/gerardmerinfo\/2018\/07\/disparition-de-jean-pierre-remy\/","url":"https:\/\/vosgesinfo.fr\/gerardmerinfo\/2018\/07\/disparition-de-jean-pierre-remy\/","name":"Disparition de Jean-Pierre Remy - Gerardmer Info","isPartOf":{"@id":"https:\/\/vosgesinfo.fr\/gerardmerinfo\/#website"},"primaryImageOfPage":{"@id":"https:\/\/vosgesinfo.fr\/gerardmerinfo\/2018\/07\/disparition-de-jean-pierre-remy\/#primaryimage"},"image":{"@id":"https:\/\/vosgesinfo.fr\/gerardmerinfo\/2018\/07\/disparition-de-jean-pierre-remy\/#primaryimage"},"thumbnailUrl":"https:\/\/vosgesinfo.fr\/app\/uploads\/sites\/6\/2024\/07\/201807jpr.jpg","datePublished":"2018-07-15T13:32:50+00:00","dateModified":"2018-07-15T13:32:50+00:00","breadcrumb":{"@id":"https:\/\/vosgesinfo.fr\/gerardmerinfo\/2018\/07\/disparition-de-jean-pierre-remy\/#breadcrumb"},"inLanguage":"fr-FR","potentialAction":[{"@type":"ReadAction","target":["https:\/\/vosgesinfo.fr\/gerardmerinfo\/2018\/07\/disparition-de-jean-pierre-remy\/"]}]},{"@type":"ImageObject","inLanguage":"fr-FR","@id":"https:\/\/vosgesinfo.fr\/gerardmerinfo\/2018\/07\/disparition-de-jean-pierre-remy\/#primaryimage","url":"https:\/\/vosgesinfo.fr\/app\/uploads\/sites\/6\/2024\/07\/201807jpr.jpg","contentUrl":"https:\/\/vosgesinfo.fr\/app\/uploads\/sites\/6\/2024\/07\/201807jpr.jpg","width":563,"height":600},{"@type":"BreadcrumbList","@id":"https:\/\/vosgesinfo.fr\/gerardmerinfo\/2018\/07\/disparition-de-jean-pierre-remy\/#breadcrumb","itemListElement":[{"@type":"ListItem","position":1,"name":"Home","item":"https:\/\/vosgesinfo.fr\/gerardmerinfo\/"},{"@type":"ListItem","position":2,"name":"Disparition de Jean-Pierre Remy"}]},{"@type":"WebSite","@id":"https:\/\/vosgesinfo.fr\/gerardmerinfo\/#website","url":"https:\/\/vosgesinfo.fr\/gerardmerinfo\/","name":"Gerardmer Info","description":"Toute l&#039;actualit\u00e9 de G\u00e9rardmer","publisher":{"@id":"https:\/\/vosgesinfo.fr\/gerardmerinfo\/#organization"},"alternateName":"Toute l'actualit\u00e9 de G\u00e9rardmer","potentialAction":[{"@type":"SearchAction","target":{"@type":"EntryPoint","urlTemplate":"https:\/\/vosgesinfo.fr\/gerardmerinfo\/?s={search_term_string}"},"query-input":"required name=search_term_string"}],"inLanguage":"fr-FR"},{"@type":"Organization","@id":"https:\/\/vosgesinfo.fr\/gerardmerinfo\/#organization","name":"Gerardmer Info","url":"https:\/\/vosgesinfo.fr\/gerardmerinfo\/","logo":{"@type":"ImageObject","inLanguage":"fr-FR","@id":"https:\/\/vosgesinfo.fr\/gerardmerinfo\/#\/schema\/logo\/image\/","url":"https:\/\/vosgesinfo.fr\/app\/uploads\/sites\/6\/2023\/08\/favicon-gerardmerinfo.png","contentUrl":"https:\/\/vosgesinfo.fr\/app\/uploads\/sites\/6\/2023\/08\/favicon-gerardmerinfo.png","width":512,"height":512,"caption":"Gerardmer Info"},"image":{"@id":"https:\/\/vosgesinfo.fr\/gerardmerinfo\/#\/schema\/logo\/image\/"},"sameAs":["https:\/\/www.facebook.com\/profile.php?id=100049475262660","https:\/\/x.com\/VosgesInfo88","https:\/\/www.youtube.com\/@vosgesinfo"]},{"@type":"Person","@id":"https:\/\/vosgesinfo.fr\/gerardmerinfo\/#\/schema\/person\/bc5d02d71e6932e81b6dadb7386667b1","name":"qs_admin","image":{"@type":"ImageObject","inLanguage":"fr-FR","@id":"https:\/\/vosgesinfo.fr\/gerardmerinfo\/#\/schema\/person\/image\/","url":"https:\/\/secure.gravatar.com\/avatar\/94b18ee0ed79e4a42ea2f2931277b6841a8999fc6fde214600c78057cf1fe1de?s=96&d=mm&r=g","contentUrl":"https:\/\/secure.gravatar.com\/avatar\/94b18ee0ed79e4a42ea2f2931277b6841a8999fc6fde214600c78057cf1fe1de?s=96&d=mm&r=g","caption":"qs_admin"},"sameAs":["https:\/\/vosgesinfo.fr\/wp"],"url":"https:\/\/vosgesinfo.fr\/gerardmerinfo\/author\/qs_admin\/"}]}},"_links":{"self":[{"href":"https:\/\/vosgesinfo.fr\/gerardmerinfo\/wp-json\/wp\/v2\/posts\/35461","targetHints":{"allow":["GET"]}}],"collection":[{"href":"https:\/\/vosgesinfo.fr\/gerardmerinfo\/wp-json\/wp\/v2\/posts"}],"about":[{"href":"https:\/\/vosgesinfo.fr\/gerardmerinfo\/wp-json\/wp\/v2\/types\/post"}],"author":[{"embeddable":true,"href":"https:\/\/vosgesinfo.fr\/gerardmerinfo\/wp-json\/wp\/v2\/users\/1"}],"replies":[{"embeddable":true,"href":"https:\/\/vosgesinfo.fr\/gerardmerinfo\/wp-json\/wp\/v2\/comments?post=35461"}],"version-history":[{"count":0,"href":"https:\/\/vosgesinfo.fr\/gerardmerinfo\/wp-json\/wp\/v2\/posts\/35461\/revisions"}],"wp:featuredmedia":[{"embeddable":true,"href":"https:\/\/vosgesinfo.fr\/gerardmerinfo\/wp-json\/wp\/v2\/media\/35462"}],"wp:attachment":[{"href":"https:\/\/vosgesinfo.fr\/gerardmerinfo\/wp-json\/wp\/v2\/media?parent=35461"}],"wp:term":[{"taxonomy":"category","embeddable":true,"href":"https:\/\/vosgesinfo.fr\/gerardmerinfo\/wp-json\/wp\/v2\/categories?post=35461"},{"taxonomy":"post_tag","embeddable":true,"href":"https:\/\/vosgesinfo.fr\/gerardmerinfo\/wp-json\/wp\/v2\/tags?post=35461"}],"curies":[{"name":"wp","href":"https:\/\/api.w.org\/{rel}","templated":true}]}}