{"id":35519,"date":"2018-07-17T16:44:20","date_gmt":"2018-07-17T14:44:20","guid":{"rendered":"https:\/\/vosgesinfo.fr\/gerardmerinfo\/2018\/07\/geromois-baptiste-morel-pilotage-jt-de-france-2\/"},"modified":"2018-07-17T16:44:20","modified_gmt":"2018-07-17T14:44:20","slug":"geromois-baptiste-morel-pilotage-jt-de-france-2","status":"publish","type":"post","link":"https:\/\/vosgesinfo.fr\/gerardmerinfo\/2018\/07\/geromois-baptiste-morel-pilotage-jt-de-france-2\/","title":{"rendered":"Le g\u00e9r\u00f4mois Baptiste Morel au pilotage du JT de France 2"},"content":{"rendered":"<p><a href=\"http:\/\/gerardmerinfo.fr\/2018\/07\/geromois-baptiste-morel-pilotage-jt-de-france-2\/edition\/\" rel=\"attachment wp-att-131164\"><img decoding=\"async\" class=\"aligncenter size-full wp-image-131164\" src=\"\/2018\/07\/edition.jpg\" alt=\"edition\" width=\"800\" height=\"449\" \/><\/a><\/p>\n<p>La r\u00e9ussite professionnelle a d\u00e9pass\u00e9 depuis longtemps les fronti\u00e8res de notre territoire&#8230;Celui des Vosges en l\u2019occurrence celui des Bas-Rupts \u00e0 G\u00e9rardmer o\u00f9 l&rsquo;on retrouve les origines familiales de Baptiste Morel&#8230;mais aussi\u00a0 du cot\u00e9 de l&rsquo;avenue de la ville de Vichy , toujours sur les bords du lac o\u00f9 \u00a0vivaient ses grands-parents, v\u00e9ritables figures locales. Un bon petit gars bien de chez nous \u00e0 l\u2019accent \u00ab\u00a0parigot\u00a0\u00bb, depuis qu&rsquo;il s\u2019est lanc\u00e9 dans le journalisme audiovisuel en int\u00e9grant diff\u00e9rentes chaines de t\u00e9l\u00e9vision notamment France 2.<\/p>\n<p>Le 9 juillet dernier, Baptiste, \u00e9tait au pilotage, pour une 1\u00e8re, du journal t\u00e9l\u00e9vis\u00e9 de Laurent <a href=\"http:\/\/gerardmerinfo.fr\/2018\/07\/geromois-baptiste-morel-pilotage-jt-de-france-2\/baptiste-2\/\" rel=\"attachment wp-att-131168\"><img decoding=\"async\" class=\"alignright wp-image-131168\" src=\"\/2018\/07\/baptiste-2.jpg\" alt=\"baptiste (2)\" width=\"304\" height=\"360\" \/><\/a>Delahousse en qualit\u00e9 de responsable d\u2019\u00e9dition. C&rsquo;est lui qui\u00a0 assure le bon d\u00e9roulement du JT.\u00a0 Pendant l\u2019enregistrement, il joue le r\u00f4le de coordinateur et assure en r\u00e9gie la partie technique. C&rsquo;est encore lui qui donne les\u00a0 instructions \u00e0 l\u2019\u00e9quipe en fonction du d\u00e9roulement du journal. Il s\u2019assure que les images sont bien incrust\u00e9es, que les reportages partent au bon moment et surtout que le minutage est respect\u00e9. Afin de faire face aux al\u00e9as du direct,\u00a0 le journaliste reste en contact avec le pr\u00e9sentateur par l\u2019interm\u00e9diaire de son oreillette. Il peut ainsi l\u2019avertir d\u2019un changement de derni\u00e8re minute ou de probl\u00e8mes techniques&#8230;Un poste \u00e0 hautes responsabilit\u00e9s !<\/p>\n<p>Les t\u00e9l\u00e9spectateurs de France TV devraient s\u2019habituer \u00e0 la petite incrustation en bas de l\u2019\u00e9cran en fin d&rsquo;enregistrement o\u00f9 \u00a0figure de nom de Baptiste Morel (voir le document extrait de sa page FB ). D&rsquo;ailleurs, le g\u00e9r\u00f4mois nous a confi\u00e9 qu&rsquo;il \u00e9tait un peu \u00ab\u00a0speed\u00a0\u00bb actuellement pour \u00eatre \u00a0\u00bb sur\u00a0\u00bb le 13h.<\/p>\n<p>Qu&rsquo;importe son indisponibilit\u00e9 et son\u00a0 implication professionnelle, Baptiste est un passionn\u00e9 et ne compte pas ses heures de travail. L&rsquo;itin\u00e9raire de cet enfant \u00ab\u00a0g\u00e2t\u00e9\u00a0\u00bb\u00a0 ne fait sans doute que commencer du haut de sa trentaine bien tass\u00e9e. Ah oui, pour ceux qui souhaitent en savoir un peu plus sur son cursus, Baptiste est pass\u00e9 par le Lyc\u00e9e de la Haie Griselle , of course, pour int\u00e9grer ensuite l&rsquo;Universit\u00e9 de Valencienne en section audiovisuelle puis de faire ses armes sur\u00a0 BFM TV et France 5&#8230;on retrouve \u00e9galement le responsable d&rsquo;\u00e9dition\u00a0 aupr\u00e8s de sa famille, et au c\u0153ur de sa montagne vosgienne qu&rsquo;il aime tant.<\/p>\n<p>&nbsp;<\/p>\n<p>&nbsp;<\/p>\n","protected":false},"excerpt":{"rendered":"<p>La r\u00e9ussite professionnelle a d\u00e9pass\u00e9 depuis longtemps les fronti\u00e8res de notre territoire&#8230;Celui des Vosges en l\u2019occurrence celui des Bas-Rupts \u00e0 [&hellip;]<\/p>\n","protected":false},"author":1,"featured_media":35520,"comment_status":"open","ping_status":"open","sticky":false,"template":"","format":"standard","meta":{"footnotes":""},"categories":[20,18],"tags":[],"class_list":["post-35519","post","type-post","status-publish","format-standard","has-post-thumbnail","hentry","category-a-la-une","category-vosges"],"acf":[],"yoast_head":"<!-- This site is optimized with the Yoast SEO plugin v22.5 - https:\/\/yoast.com\/wordpress\/plugins\/seo\/ -->\n<title>Le g\u00e9r\u00f4mois Baptiste Morel au pilotage du JT de France 2 - Gerardmer Info<\/title>\n<meta name=\"robots\" content=\"index, follow, max-snippet:-1, max-image-preview:large, max-video-preview:-1\" \/>\n<link rel=\"canonical\" href=\"https:\/\/vosgesinfo.fr\/gerardmerinfo\/2018\/07\/geromois-baptiste-morel-pilotage-jt-de-france-2\/\" \/>\n<meta name=\"twitter:card\" content=\"summary_large_image\" \/>\n<meta name=\"twitter:title\" content=\"Le g\u00e9r\u00f4mois Baptiste Morel au pilotage du JT de France 2 - Gerardmer Info\" \/>\n<meta name=\"twitter:description\" content=\"La r\u00e9ussite professionnelle a d\u00e9pass\u00e9 depuis longtemps les fronti\u00e8res de notre territoire&#8230;Celui des Vosges en l\u2019occurrence celui des Bas-Rupts \u00e0 [&hellip;]\" \/>\n<meta name=\"twitter:image\" content=\"https:\/\/vosgesinfo.fr\/app\/uploads\/sites\/6\/2024\/07\/201807baptiste-2.jpg\" \/>\n<meta name=\"twitter:creator\" content=\"@VosgesInfo88\" \/>\n<meta name=\"twitter:site\" content=\"@VosgesInfo88\" \/>\n<meta name=\"twitter:label1\" content=\"\u00c9crit par\" \/>\n\t<meta name=\"twitter:data1\" content=\"qs_admin\" \/>\n\t<meta name=\"twitter:label2\" content=\"Dur\u00e9e de lecture estim\u00e9e\" \/>\n\t<meta name=\"twitter:data2\" content=\"2 minutes\" \/>\n<script type=\"application\/ld+json\" class=\"yoast-schema-graph\">{\"@context\":\"https:\/\/schema.org\",\"@graph\":[{\"@type\":\"Article\",\"@id\":\"https:\/\/vosgesinfo.fr\/gerardmerinfo\/2018\/07\/geromois-baptiste-morel-pilotage-jt-de-france-2\/#article\",\"isPartOf\":{\"@id\":\"https:\/\/vosgesinfo.fr\/gerardmerinfo\/2018\/07\/geromois-baptiste-morel-pilotage-jt-de-france-2\/\"},\"author\":{\"name\":\"qs_admin\",\"@id\":\"https:\/\/vosgesinfo.fr\/gerardmerinfo\/#\/schema\/person\/bc5d02d71e6932e81b6dadb7386667b1\"},\"headline\":\"Le g\u00e9r\u00f4mois Baptiste Morel au pilotage du JT de France 2\",\"datePublished\":\"2018-07-17T14:44:20+00:00\",\"dateModified\":\"2018-07-17T14:44:20+00:00\",\"mainEntityOfPage\":{\"@id\":\"https:\/\/vosgesinfo.fr\/gerardmerinfo\/2018\/07\/geromois-baptiste-morel-pilotage-jt-de-france-2\/\"},\"wordCount\":422,\"commentCount\":0,\"publisher\":{\"@id\":\"https:\/\/vosgesinfo.fr\/gerardmerinfo\/#organization\"},\"image\":{\"@id\":\"https:\/\/vosgesinfo.fr\/gerardmerinfo\/2018\/07\/geromois-baptiste-morel-pilotage-jt-de-france-2\/#primaryimage\"},\"thumbnailUrl\":\"https:\/\/vosgesinfo.fr\/app\/uploads\/sites\/6\/2024\/07\/201807baptiste-2.jpg\",\"articleSection\":[\"A la une\",\"Vosges\"],\"inLanguage\":\"fr-FR\",\"potentialAction\":[{\"@type\":\"CommentAction\",\"name\":\"Comment\",\"target\":[\"https:\/\/vosgesinfo.fr\/gerardmerinfo\/2018\/07\/geromois-baptiste-morel-pilotage-jt-de-france-2\/#respond\"]}]},{\"@type\":\"WebPage\",\"@id\":\"https:\/\/vosgesinfo.fr\/gerardmerinfo\/2018\/07\/geromois-baptiste-morel-pilotage-jt-de-france-2\/\",\"url\":\"https:\/\/vosgesinfo.fr\/gerardmerinfo\/2018\/07\/geromois-baptiste-morel-pilotage-jt-de-france-2\/\",\"name\":\"Le g\u00e9r\u00f4mois Baptiste Morel au pilotage du JT de France 2 - Gerardmer Info\",\"isPartOf\":{\"@id\":\"https:\/\/vosgesinfo.fr\/gerardmerinfo\/#website\"},\"primaryImageOfPage\":{\"@id\":\"https:\/\/vosgesinfo.fr\/gerardmerinfo\/2018\/07\/geromois-baptiste-morel-pilotage-jt-de-france-2\/#primaryimage\"},\"image\":{\"@id\":\"https:\/\/vosgesinfo.fr\/gerardmerinfo\/2018\/07\/geromois-baptiste-morel-pilotage-jt-de-france-2\/#primaryimage\"},\"thumbnailUrl\":\"https:\/\/vosgesinfo.fr\/app\/uploads\/sites\/6\/2024\/07\/201807baptiste-2.jpg\",\"datePublished\":\"2018-07-17T14:44:20+00:00\",\"dateModified\":\"2018-07-17T14:44:20+00:00\",\"breadcrumb\":{\"@id\":\"https:\/\/vosgesinfo.fr\/gerardmerinfo\/2018\/07\/geromois-baptiste-morel-pilotage-jt-de-france-2\/#breadcrumb\"},\"inLanguage\":\"fr-FR\",\"potentialAction\":[{\"@type\":\"ReadAction\",\"target\":[\"https:\/\/vosgesinfo.fr\/gerardmerinfo\/2018\/07\/geromois-baptiste-morel-pilotage-jt-de-france-2\/\"]}]},{\"@type\":\"ImageObject\",\"inLanguage\":\"fr-FR\",\"@id\":\"https:\/\/vosgesinfo.fr\/gerardmerinfo\/2018\/07\/geromois-baptiste-morel-pilotage-jt-de-france-2\/#primaryimage\",\"url\":\"https:\/\/vosgesinfo.fr\/app\/uploads\/sites\/6\/2024\/07\/201807baptiste-2.jpg\",\"contentUrl\":\"https:\/\/vosgesinfo.fr\/app\/uploads\/sites\/6\/2024\/07\/201807baptiste-2.jpg\",\"width\":497,\"height\":589},{\"@type\":\"BreadcrumbList\",\"@id\":\"https:\/\/vosgesinfo.fr\/gerardmerinfo\/2018\/07\/geromois-baptiste-morel-pilotage-jt-de-france-2\/#breadcrumb\",\"itemListElement\":[{\"@type\":\"ListItem\",\"position\":1,\"name\":\"Home\",\"item\":\"https:\/\/vosgesinfo.fr\/gerardmerinfo\/\"},{\"@type\":\"ListItem\",\"position\":2,\"name\":\"Le g\u00e9r\u00f4mois Baptiste Morel au pilotage du JT de France 2\"}]},{\"@type\":\"WebSite\",\"@id\":\"https:\/\/vosgesinfo.fr\/gerardmerinfo\/#website\",\"url\":\"https:\/\/vosgesinfo.fr\/gerardmerinfo\/\",\"name\":\"Gerardmer Info\",\"description\":\"Toute l&#039;actualit\u00e9 de G\u00e9rardmer\",\"publisher\":{\"@id\":\"https:\/\/vosgesinfo.fr\/gerardmerinfo\/#organization\"},\"alternateName\":\"Toute l'actualit\u00e9 de G\u00e9rardmer\",\"potentialAction\":[{\"@type\":\"SearchAction\",\"target\":{\"@type\":\"EntryPoint\",\"urlTemplate\":\"https:\/\/vosgesinfo.fr\/gerardmerinfo\/?s={search_term_string}\"},\"query-input\":\"required name=search_term_string\"}],\"inLanguage\":\"fr-FR\"},{\"@type\":\"Organization\",\"@id\":\"https:\/\/vosgesinfo.fr\/gerardmerinfo\/#organization\",\"name\":\"Gerardmer Info\",\"url\":\"https:\/\/vosgesinfo.fr\/gerardmerinfo\/\",\"logo\":{\"@type\":\"ImageObject\",\"inLanguage\":\"fr-FR\",\"@id\":\"https:\/\/vosgesinfo.fr\/gerardmerinfo\/#\/schema\/logo\/image\/\",\"url\":\"https:\/\/vosgesinfo.fr\/app\/uploads\/sites\/6\/2023\/08\/favicon-gerardmerinfo.png\",\"contentUrl\":\"https:\/\/vosgesinfo.fr\/app\/uploads\/sites\/6\/2023\/08\/favicon-gerardmerinfo.png\",\"width\":512,\"height\":512,\"caption\":\"Gerardmer Info\"},\"image\":{\"@id\":\"https:\/\/vosgesinfo.fr\/gerardmerinfo\/#\/schema\/logo\/image\/\"},\"sameAs\":[\"https:\/\/www.facebook.com\/profile.php?id=100049475262660\",\"https:\/\/x.com\/VosgesInfo88\",\"https:\/\/www.youtube.com\/@vosgesinfo\"]},{\"@type\":\"Person\",\"@id\":\"https:\/\/vosgesinfo.fr\/gerardmerinfo\/#\/schema\/person\/bc5d02d71e6932e81b6dadb7386667b1\",\"name\":\"qs_admin\",\"image\":{\"@type\":\"ImageObject\",\"inLanguage\":\"fr-FR\",\"@id\":\"https:\/\/vosgesinfo.fr\/gerardmerinfo\/#\/schema\/person\/image\/\",\"url\":\"https:\/\/secure.gravatar.com\/avatar\/94b18ee0ed79e4a42ea2f2931277b6841a8999fc6fde214600c78057cf1fe1de?s=96&d=mm&r=g\",\"contentUrl\":\"https:\/\/secure.gravatar.com\/avatar\/94b18ee0ed79e4a42ea2f2931277b6841a8999fc6fde214600c78057cf1fe1de?s=96&d=mm&r=g\",\"caption\":\"qs_admin\"},\"sameAs\":[\"https:\/\/vosgesinfo.fr\/wp\"],\"url\":\"https:\/\/vosgesinfo.fr\/gerardmerinfo\/author\/qs_admin\/\"}]}<\/script>\n<!-- \/ Yoast SEO plugin. -->","yoast_head_json":{"title":"Le g\u00e9r\u00f4mois Baptiste Morel au pilotage du JT de France 2 - Gerardmer Info","robots":{"index":"index","follow":"follow","max-snippet":"max-snippet:-1","max-image-preview":"max-image-preview:large","max-video-preview":"max-video-preview:-1"},"canonical":"https:\/\/vosgesinfo.fr\/gerardmerinfo\/2018\/07\/geromois-baptiste-morel-pilotage-jt-de-france-2\/","twitter_card":"summary_large_image","twitter_title":"Le g\u00e9r\u00f4mois Baptiste Morel au pilotage du JT de France 2 - Gerardmer Info","twitter_description":"La r\u00e9ussite professionnelle a d\u00e9pass\u00e9 depuis longtemps les fronti\u00e8res de notre territoire&#8230;Celui des Vosges en l\u2019occurrence celui des Bas-Rupts \u00e0 [&hellip;]","twitter_image":"https:\/\/vosgesinfo.fr\/app\/uploads\/sites\/6\/2024\/07\/201807baptiste-2.jpg","twitter_creator":"@VosgesInfo88","twitter_site":"@VosgesInfo88","twitter_misc":{"\u00c9crit par":"qs_admin","Dur\u00e9e de lecture estim\u00e9e":"2 minutes"},"schema":{"@context":"https:\/\/schema.org","@graph":[{"@type":"Article","@id":"https:\/\/vosgesinfo.fr\/gerardmerinfo\/2018\/07\/geromois-baptiste-morel-pilotage-jt-de-france-2\/#article","isPartOf":{"@id":"https:\/\/vosgesinfo.fr\/gerardmerinfo\/2018\/07\/geromois-baptiste-morel-pilotage-jt-de-france-2\/"},"author":{"name":"qs_admin","@id":"https:\/\/vosgesinfo.fr\/gerardmerinfo\/#\/schema\/person\/bc5d02d71e6932e81b6dadb7386667b1"},"headline":"Le g\u00e9r\u00f4mois Baptiste Morel au pilotage du JT de France 2","datePublished":"2018-07-17T14:44:20+00:00","dateModified":"2018-07-17T14:44:20+00:00","mainEntityOfPage":{"@id":"https:\/\/vosgesinfo.fr\/gerardmerinfo\/2018\/07\/geromois-baptiste-morel-pilotage-jt-de-france-2\/"},"wordCount":422,"commentCount":0,"publisher":{"@id":"https:\/\/vosgesinfo.fr\/gerardmerinfo\/#organization"},"image":{"@id":"https:\/\/vosgesinfo.fr\/gerardmerinfo\/2018\/07\/geromois-baptiste-morel-pilotage-jt-de-france-2\/#primaryimage"},"thumbnailUrl":"https:\/\/vosgesinfo.fr\/app\/uploads\/sites\/6\/2024\/07\/201807baptiste-2.jpg","articleSection":["A la une","Vosges"],"inLanguage":"fr-FR","potentialAction":[{"@type":"CommentAction","name":"Comment","target":["https:\/\/vosgesinfo.fr\/gerardmerinfo\/2018\/07\/geromois-baptiste-morel-pilotage-jt-de-france-2\/#respond"]}]},{"@type":"WebPage","@id":"https:\/\/vosgesinfo.fr\/gerardmerinfo\/2018\/07\/geromois-baptiste-morel-pilotage-jt-de-france-2\/","url":"https:\/\/vosgesinfo.fr\/gerardmerinfo\/2018\/07\/geromois-baptiste-morel-pilotage-jt-de-france-2\/","name":"Le g\u00e9r\u00f4mois Baptiste Morel au pilotage du JT de France 2 - Gerardmer Info","isPartOf":{"@id":"https:\/\/vosgesinfo.fr\/gerardmerinfo\/#website"},"primaryImageOfPage":{"@id":"https:\/\/vosgesinfo.fr\/gerardmerinfo\/2018\/07\/geromois-baptiste-morel-pilotage-jt-de-france-2\/#primaryimage"},"image":{"@id":"https:\/\/vosgesinfo.fr\/gerardmerinfo\/2018\/07\/geromois-baptiste-morel-pilotage-jt-de-france-2\/#primaryimage"},"thumbnailUrl":"https:\/\/vosgesinfo.fr\/app\/uploads\/sites\/6\/2024\/07\/201807baptiste-2.jpg","datePublished":"2018-07-17T14:44:20+00:00","dateModified":"2018-07-17T14:44:20+00:00","breadcrumb":{"@id":"https:\/\/vosgesinfo.fr\/gerardmerinfo\/2018\/07\/geromois-baptiste-morel-pilotage-jt-de-france-2\/#breadcrumb"},"inLanguage":"fr-FR","potentialAction":[{"@type":"ReadAction","target":["https:\/\/vosgesinfo.fr\/gerardmerinfo\/2018\/07\/geromois-baptiste-morel-pilotage-jt-de-france-2\/"]}]},{"@type":"ImageObject","inLanguage":"fr-FR","@id":"https:\/\/vosgesinfo.fr\/gerardmerinfo\/2018\/07\/geromois-baptiste-morel-pilotage-jt-de-france-2\/#primaryimage","url":"https:\/\/vosgesinfo.fr\/app\/uploads\/sites\/6\/2024\/07\/201807baptiste-2.jpg","contentUrl":"https:\/\/vosgesinfo.fr\/app\/uploads\/sites\/6\/2024\/07\/201807baptiste-2.jpg","width":497,"height":589},{"@type":"BreadcrumbList","@id":"https:\/\/vosgesinfo.fr\/gerardmerinfo\/2018\/07\/geromois-baptiste-morel-pilotage-jt-de-france-2\/#breadcrumb","itemListElement":[{"@type":"ListItem","position":1,"name":"Home","item":"https:\/\/vosgesinfo.fr\/gerardmerinfo\/"},{"@type":"ListItem","position":2,"name":"Le g\u00e9r\u00f4mois Baptiste Morel au pilotage du JT de France 2"}]},{"@type":"WebSite","@id":"https:\/\/vosgesinfo.fr\/gerardmerinfo\/#website","url":"https:\/\/vosgesinfo.fr\/gerardmerinfo\/","name":"Gerardmer Info","description":"Toute l&#039;actualit\u00e9 de G\u00e9rardmer","publisher":{"@id":"https:\/\/vosgesinfo.fr\/gerardmerinfo\/#organization"},"alternateName":"Toute l'actualit\u00e9 de G\u00e9rardmer","potentialAction":[{"@type":"SearchAction","target":{"@type":"EntryPoint","urlTemplate":"https:\/\/vosgesinfo.fr\/gerardmerinfo\/?s={search_term_string}"},"query-input":"required name=search_term_string"}],"inLanguage":"fr-FR"},{"@type":"Organization","@id":"https:\/\/vosgesinfo.fr\/gerardmerinfo\/#organization","name":"Gerardmer Info","url":"https:\/\/vosgesinfo.fr\/gerardmerinfo\/","logo":{"@type":"ImageObject","inLanguage":"fr-FR","@id":"https:\/\/vosgesinfo.fr\/gerardmerinfo\/#\/schema\/logo\/image\/","url":"https:\/\/vosgesinfo.fr\/app\/uploads\/sites\/6\/2023\/08\/favicon-gerardmerinfo.png","contentUrl":"https:\/\/vosgesinfo.fr\/app\/uploads\/sites\/6\/2023\/08\/favicon-gerardmerinfo.png","width":512,"height":512,"caption":"Gerardmer Info"},"image":{"@id":"https:\/\/vosgesinfo.fr\/gerardmerinfo\/#\/schema\/logo\/image\/"},"sameAs":["https:\/\/www.facebook.com\/profile.php?id=100049475262660","https:\/\/x.com\/VosgesInfo88","https:\/\/www.youtube.com\/@vosgesinfo"]},{"@type":"Person","@id":"https:\/\/vosgesinfo.fr\/gerardmerinfo\/#\/schema\/person\/bc5d02d71e6932e81b6dadb7386667b1","name":"qs_admin","image":{"@type":"ImageObject","inLanguage":"fr-FR","@id":"https:\/\/vosgesinfo.fr\/gerardmerinfo\/#\/schema\/person\/image\/","url":"https:\/\/secure.gravatar.com\/avatar\/94b18ee0ed79e4a42ea2f2931277b6841a8999fc6fde214600c78057cf1fe1de?s=96&d=mm&r=g","contentUrl":"https:\/\/secure.gravatar.com\/avatar\/94b18ee0ed79e4a42ea2f2931277b6841a8999fc6fde214600c78057cf1fe1de?s=96&d=mm&r=g","caption":"qs_admin"},"sameAs":["https:\/\/vosgesinfo.fr\/wp"],"url":"https:\/\/vosgesinfo.fr\/gerardmerinfo\/author\/qs_admin\/"}]}},"_links":{"self":[{"href":"https:\/\/vosgesinfo.fr\/gerardmerinfo\/wp-json\/wp\/v2\/posts\/35519","targetHints":{"allow":["GET"]}}],"collection":[{"href":"https:\/\/vosgesinfo.fr\/gerardmerinfo\/wp-json\/wp\/v2\/posts"}],"about":[{"href":"https:\/\/vosgesinfo.fr\/gerardmerinfo\/wp-json\/wp\/v2\/types\/post"}],"author":[{"embeddable":true,"href":"https:\/\/vosgesinfo.fr\/gerardmerinfo\/wp-json\/wp\/v2\/users\/1"}],"replies":[{"embeddable":true,"href":"https:\/\/vosgesinfo.fr\/gerardmerinfo\/wp-json\/wp\/v2\/comments?post=35519"}],"version-history":[{"count":0,"href":"https:\/\/vosgesinfo.fr\/gerardmerinfo\/wp-json\/wp\/v2\/posts\/35519\/revisions"}],"wp:featuredmedia":[{"embeddable":true,"href":"https:\/\/vosgesinfo.fr\/gerardmerinfo\/wp-json\/wp\/v2\/media\/35520"}],"wp:attachment":[{"href":"https:\/\/vosgesinfo.fr\/gerardmerinfo\/wp-json\/wp\/v2\/media?parent=35519"}],"wp:term":[{"taxonomy":"category","embeddable":true,"href":"https:\/\/vosgesinfo.fr\/gerardmerinfo\/wp-json\/wp\/v2\/categories?post=35519"},{"taxonomy":"post_tag","embeddable":true,"href":"https:\/\/vosgesinfo.fr\/gerardmerinfo\/wp-json\/wp\/v2\/tags?post=35519"}],"curies":[{"name":"wp","href":"https:\/\/api.w.org\/{rel}","templated":true}]}}