{"id":35528,"date":"2018-07-18T07:55:45","date_gmt":"2018-07-18T05:55:45","guid":{"rendered":"https:\/\/vosgesinfo.fr\/gerardmerinfo\/2018\/07\/canoe-kayak-course-ligne-amelie-nicot-championne-de-france\/"},"modified":"2018-07-18T07:55:45","modified_gmt":"2018-07-18T05:55:45","slug":"canoe-kayak-course-ligne-amelie-nicot-championne-de-france","status":"publish","type":"post","link":"https:\/\/vosgesinfo.fr\/gerardmerinfo\/2018\/07\/canoe-kayak-course-ligne-amelie-nicot-championne-de-france\/","title":{"rendered":"Cano\u00eb-Kayak Course en ligne &#8211; Am\u00e9lie Nicot Championne de France !"},"content":{"rendered":"\n<p class=\"x_MsoNormal\">\n<p class=\"x_MsoNormal\">C\u2019est dans l\u2019Eure, en Normandie, \u00e0 Poses que s\u2019\u00e9taient rendu ce week-end les jeunes prot\u00e9g\u00e9s de Ludovic George pour disputer le Championnat de France de Course en Ligne, alors que toute la France \u00e9tait obnubil\u00e9e par la finale des Bleus en Russie.<\/p>\n<p class=\"x_MsoNormal\">\n<p class=\"x_MsoNormal\">Sur les 2 chances de m\u00e9dailles individuelles g\u00e9romoises, Am\u00e9lie Nicot se montrera intraitable en Cano\u00eb minime 500 m en remportant le titre national, une premi\u00e8re pour elle et pour le club en course en ligne en minime\u00a0! De son cot\u00e9, Coline Husson \u00e9choua par 2 fois au pied du podium en Kayak cadette, sur 200 et 500 m.<\/p>\n<p class=\"x_MsoNormal\">\n<p class=\"x_MsoNormal\">En \u00e9quipage, la paire Coline Husson\/Elise Nicot sont vice-championnes de France en K2 cadettes 500 m.<\/p>\n<p class=\"x_MsoNormal\">\n<p class=\"x_MsoNormal\">Les minimes concouraient sous les couleurs de la R\u00e9gion Grand Est avec de bons r\u00e9sultats d\u2019ensemble puisque tous les g\u00e9r\u00f4mois d\u00e9crochent une m\u00e9daille dans les \u00e9quipages o\u00f9 ils \u00e9taient engag\u00e9s (notamment Chanel Delicourt avec 3 m\u00e9dailles d\u2019or\u00a0!) et la r\u00e9gion fini \u00e0 la 3<sup>\u00e8me<\/sup> place.<\/p>\n<p class=\"x_MsoNormal\">\n<p class=\"x_MsoNormal\"><i>Les r\u00e9sultats des g\u00e9r\u00f4mois\u00a0acc\u00e9dant aux finales:<\/i><\/p>\n<p class=\"x_MsoNormal\"><i>C1 Minime2 D 500 m\u00a0:\u00a0 <b>1.<\/b> Am\u00e9lie Nicot<\/i><\/p>\n<p class=\"x_MsoNormal\"><i>C1 Minime1 H 500 m\u00a0:\u00a0 12. Augustin Schupp<\/i><\/p>\n<p class=\"x_MsoNormal\"><i>K1 Cadettes 200 m\u00a0: \u00a0\u00a0\u00a0\u00a04. Coline Husson<\/i><\/p>\n<p class=\"x_MsoNormal\"><i>\u00a0\u00a0\u00a0\u00a0\u00a0\u00a0\u00a0\u00a0\u00a0\u00a0\u00a0\u00a0\u00a0\u00a0\u00a0\u00a0\u00a0\u00a0\u00a0\u00a0\u00a0\u00a0\u00a0\u00a0\u00a0\u00a0\u00a0\u00a0\u00a0\u00a0\u00a0\u00a0\u00a0\u00a0 \u00a0\u00a0\u00a0\u00a0 \u00a025. Elise Nicot<\/i><\/p>\n<p class=\"x_MsoNormal\"><i>\u00a0\u00a0\u00a0\u00a0\u00a0\u00a0\u00a0\u00a0\u00a0\u00a0\u00a0\u00a0\u00a0\u00a0\u00a0\u00a0\u00a0\u00a0\u00a0\u00a0\u00a0\u00a0\u00a0\u00a0\u00a0\u00a0\u00a0\u00a0\u00a0\u00a0\u00a0\u00a0\u00a0\u00a0 \u00a0\u00a0\u00a0\u00a0 \u00a026. Pauline Del Degan <\/i><\/p>\n<p class=\"x_MsoNormal\"><i>K1 Cadettes 500 m\u00a0: \u00a0\u00a0\u00a0\u00a04. Coline Husson<\/i><\/p>\n<p class=\"x_MsoNormal\"><i>K1 Juniores 500 m\u00a0:\u00a0\u00a0\u00a0 23. Cl\u00e9mentine Gegout<\/i><\/p>\n<p class=\"x_MsoNormal\"><i>K2 Cadettes 500 m\u00a0:\u00a0\u00a0 <b>2.<\/b> Coline Husson\/Elise Nicot<\/i><\/p>\n<p class=\"x_MsoNormal\"><i>K2 Cadettes 200 m\u00a0:\u00a0 4. Coline Husson\/Pauline Del Degan<\/i><\/p>\n<p class=\"x_MsoNormal\"><i><span lang=\"EN-US\">K2 Juniores 500 m\u00a0:\u00a0\u00a0 8. Cl\u00e9mentine Gegout\/Nolwenn Schupp<\/span><\/i><\/p>\n<p class=\"x_MsoNormal\"><i><span lang=\"EN-US\">K2 Juniores 200 m\u00a0:\u00a0\u00a0 8. Cl\u00e9mentine Gegout\/Nolwenn Schupp<\/span><\/i><\/p>\n<p class=\"x_MsoNormal\"><i><span lang=\"EN-US\">K2 MinimesD 500 m\u00a0: <b>1.<\/b> <\/span>Chanel Delicourt\/\u00e9quipi\u00e8re GrandEst<\/i><\/p>\n<p class=\"x_MsoNormal\"><i>K4 MinimesD 500 m\u00a0: <b>1.<\/b> Chanel Delicourt \/\u00e9quipi\u00e8res GrandEst<\/i><\/p>\n<p class=\"x_MsoNormal\"><i>K4 MinimesD 3000 m\u00a0: <b>1.<\/b> Chanel Delicourt \/\u00e9quipi\u00e8res GrandEst<\/i><\/p>\n<p class=\"x_MsoNormal\"><i>C4 MinimesD 500 m\u00a0: 4. Am\u00e9lie Nicot\/\u00e9quipi\u00e8res GrandEst<\/i><\/p>\n<p class=\"x_MsoNormal\"><i>C4 MinimesD 3000 m\u00a0: <b>3.<\/b> Am\u00e9lie Nicot\/\u00e9quipi\u00e8res GrandEst<\/i><\/p>\n<p class=\"x_MsoNormal\"><i>C4 MinimesH 500 m\u00a0: <b>3.<\/b> Augustin Schupp\/\u00e9quipiers GrandEst<\/i><\/p>\n<p class=\"x_MsoNormal\"><i>C4 MinimesH 3000 m\u00a0: 5. Augustin Schupp\/\u00e9quipiers GrandEst<\/i><\/p>\n<p class=\"x_MsoNormal\"><i>Tous les r\u00e9sultats\u00a0: <a href=\"http:\/\/www.ffck.org\/2018\/07\/10\/poses-en-live\/#1531207187555-d3f62c7a-2bae\" target=\"_blank\" rel=\"noopener noreferrer\" data-auth=\"NotApplicable\">http:\/\/www.ffck.org\/2018\/07\/10\/poses-en-live\/#1531207187555-d3f62c7a-2bae<\/a><\/i><\/p>\n<p class=\"x_MsoNormal\">\n<p class=\"x_MsoNormal\">Les pagayeurs g\u00e9r\u00f4mois (\u00e0 partir de la cat\u00e9gorie cadet) sont d\u00e9sormais dans les Hautes-Alpes, \u00e0 l\u2019Argenti\u00e8re la Bess\u00e9e, pour disputer le Championnat de France de Descente Sprint, avec les finales individuelles vendredi et par \u00e9quipe le samedi.<\/p>\n<p class=\"x_MsoNormal\">\n<p class=\"x_MsoNormal\">E.V.<\/p>\n<p class=\"x_MsoNormal\">\n<p class=\"x_MsoNormal\">Cr\u00e9dit photo\u00a0: Christophe Poulain \/ Pascale Nicot<\/p>\n<p class=\"x_MsoNormal\">\n","protected":false},"excerpt":{"rendered":"<p>C\u2019est dans l\u2019Eure, en Normandie, \u00e0 Poses que s\u2019\u00e9taient rendu ce week-end les jeunes prot\u00e9g\u00e9s de Ludovic George pour disputer [&hellip;]<\/p>\n","protected":false},"author":1,"featured_media":35529,"comment_status":"open","ping_status":"open","sticky":false,"template":"","format":"standard","meta":{"footnotes":""},"categories":[20,14],"tags":[249],"class_list":["post-35528","post","type-post","status-publish","format-standard","has-post-thumbnail","hentry","category-a-la-une","category-sport","tag-asg-canoe-kayak"],"acf":[],"yoast_head":"<!-- This site is optimized with the Yoast SEO plugin v22.5 - https:\/\/yoast.com\/wordpress\/plugins\/seo\/ -->\n<title>Cano\u00eb-Kayak Course en ligne - Am\u00e9lie Nicot Championne de France ! - Gerardmer Info<\/title>\n<meta name=\"robots\" content=\"index, follow, max-snippet:-1, max-image-preview:large, max-video-preview:-1\" \/>\n<link rel=\"canonical\" href=\"https:\/\/vosgesinfo.fr\/gerardmerinfo\/2018\/07\/canoe-kayak-course-ligne-amelie-nicot-championne-de-france\/\" \/>\n<meta name=\"twitter:card\" content=\"summary_large_image\" \/>\n<meta name=\"twitter:title\" content=\"Cano\u00eb-Kayak Course en ligne - Am\u00e9lie Nicot Championne de France ! - Gerardmer Info\" \/>\n<meta name=\"twitter:description\" content=\"C\u2019est dans l\u2019Eure, en Normandie, \u00e0 Poses que s\u2019\u00e9taient rendu ce week-end les jeunes prot\u00e9g\u00e9s de Ludovic George pour disputer [&hellip;]\" \/>\n<meta name=\"twitter:image\" content=\"https:\/\/vosgesinfo.fr\/app\/uploads\/sites\/6\/2024\/07\/201807a.bicot-chp-de-france-1.jpg\" \/>\n<meta name=\"twitter:creator\" content=\"@VosgesInfo88\" \/>\n<meta name=\"twitter:site\" content=\"@VosgesInfo88\" \/>\n<meta name=\"twitter:label1\" content=\"\u00c9crit par\" \/>\n\t<meta name=\"twitter:data1\" content=\"qs_admin\" \/>\n\t<meta name=\"twitter:label2\" content=\"Dur\u00e9e de lecture estim\u00e9e\" \/>\n\t<meta name=\"twitter:data2\" content=\"2 minutes\" \/>\n<script type=\"application\/ld+json\" class=\"yoast-schema-graph\">{\"@context\":\"https:\/\/schema.org\",\"@graph\":[{\"@type\":\"Article\",\"@id\":\"https:\/\/vosgesinfo.fr\/gerardmerinfo\/2018\/07\/canoe-kayak-course-ligne-amelie-nicot-championne-de-france\/#article\",\"isPartOf\":{\"@id\":\"https:\/\/vosgesinfo.fr\/gerardmerinfo\/2018\/07\/canoe-kayak-course-ligne-amelie-nicot-championne-de-france\/\"},\"author\":{\"name\":\"qs_admin\",\"@id\":\"https:\/\/vosgesinfo.fr\/gerardmerinfo\/#\/schema\/person\/bc5d02d71e6932e81b6dadb7386667b1\"},\"headline\":\"Cano\u00eb-Kayak Course en ligne &#8211; Am\u00e9lie Nicot Championne de France !\",\"datePublished\":\"2018-07-18T05:55:45+00:00\",\"dateModified\":\"2018-07-18T05:55:45+00:00\",\"mainEntityOfPage\":{\"@id\":\"https:\/\/vosgesinfo.fr\/gerardmerinfo\/2018\/07\/canoe-kayak-course-ligne-amelie-nicot-championne-de-france\/\"},\"wordCount\":393,\"commentCount\":0,\"publisher\":{\"@id\":\"https:\/\/vosgesinfo.fr\/gerardmerinfo\/#organization\"},\"image\":{\"@id\":\"https:\/\/vosgesinfo.fr\/gerardmerinfo\/2018\/07\/canoe-kayak-course-ligne-amelie-nicot-championne-de-france\/#primaryimage\"},\"thumbnailUrl\":\"https:\/\/vosgesinfo.fr\/app\/uploads\/sites\/6\/2024\/07\/201807a.bicot-chp-de-france-1.jpg\",\"keywords\":[\"asg canoe kayak\"],\"articleSection\":[\"A la une\",\"Sport\"],\"inLanguage\":\"fr-FR\",\"potentialAction\":[{\"@type\":\"CommentAction\",\"name\":\"Comment\",\"target\":[\"https:\/\/vosgesinfo.fr\/gerardmerinfo\/2018\/07\/canoe-kayak-course-ligne-amelie-nicot-championne-de-france\/#respond\"]}]},{\"@type\":\"WebPage\",\"@id\":\"https:\/\/vosgesinfo.fr\/gerardmerinfo\/2018\/07\/canoe-kayak-course-ligne-amelie-nicot-championne-de-france\/\",\"url\":\"https:\/\/vosgesinfo.fr\/gerardmerinfo\/2018\/07\/canoe-kayak-course-ligne-amelie-nicot-championne-de-france\/\",\"name\":\"Cano\u00eb-Kayak Course en ligne - Am\u00e9lie Nicot Championne de France ! - Gerardmer Info\",\"isPartOf\":{\"@id\":\"https:\/\/vosgesinfo.fr\/gerardmerinfo\/#website\"},\"primaryImageOfPage\":{\"@id\":\"https:\/\/vosgesinfo.fr\/gerardmerinfo\/2018\/07\/canoe-kayak-course-ligne-amelie-nicot-championne-de-france\/#primaryimage\"},\"image\":{\"@id\":\"https:\/\/vosgesinfo.fr\/gerardmerinfo\/2018\/07\/canoe-kayak-course-ligne-amelie-nicot-championne-de-france\/#primaryimage\"},\"thumbnailUrl\":\"https:\/\/vosgesinfo.fr\/app\/uploads\/sites\/6\/2024\/07\/201807a.bicot-chp-de-france-1.jpg\",\"datePublished\":\"2018-07-18T05:55:45+00:00\",\"dateModified\":\"2018-07-18T05:55:45+00:00\",\"breadcrumb\":{\"@id\":\"https:\/\/vosgesinfo.fr\/gerardmerinfo\/2018\/07\/canoe-kayak-course-ligne-amelie-nicot-championne-de-france\/#breadcrumb\"},\"inLanguage\":\"fr-FR\",\"potentialAction\":[{\"@type\":\"ReadAction\",\"target\":[\"https:\/\/vosgesinfo.fr\/gerardmerinfo\/2018\/07\/canoe-kayak-course-ligne-amelie-nicot-championne-de-france\/\"]}]},{\"@type\":\"ImageObject\",\"inLanguage\":\"fr-FR\",\"@id\":\"https:\/\/vosgesinfo.fr\/gerardmerinfo\/2018\/07\/canoe-kayak-course-ligne-amelie-nicot-championne-de-france\/#primaryimage\",\"url\":\"https:\/\/vosgesinfo.fr\/app\/uploads\/sites\/6\/2024\/07\/201807a.bicot-chp-de-france-1.jpg\",\"contentUrl\":\"https:\/\/vosgesinfo.fr\/app\/uploads\/sites\/6\/2024\/07\/201807a.bicot-chp-de-france-1.jpg\",\"width\":800,\"height\":600},{\"@type\":\"BreadcrumbList\",\"@id\":\"https:\/\/vosgesinfo.fr\/gerardmerinfo\/2018\/07\/canoe-kayak-course-ligne-amelie-nicot-championne-de-france\/#breadcrumb\",\"itemListElement\":[{\"@type\":\"ListItem\",\"position\":1,\"name\":\"Home\",\"item\":\"https:\/\/vosgesinfo.fr\/gerardmerinfo\/\"},{\"@type\":\"ListItem\",\"position\":2,\"name\":\"Cano\u00eb-Kayak Course en ligne &#8211; Am\u00e9lie Nicot Championne de France !\"}]},{\"@type\":\"WebSite\",\"@id\":\"https:\/\/vosgesinfo.fr\/gerardmerinfo\/#website\",\"url\":\"https:\/\/vosgesinfo.fr\/gerardmerinfo\/\",\"name\":\"Gerardmer Info\",\"description\":\"Toute l&#039;actualit\u00e9 de G\u00e9rardmer\",\"publisher\":{\"@id\":\"https:\/\/vosgesinfo.fr\/gerardmerinfo\/#organization\"},\"alternateName\":\"Toute l'actualit\u00e9 de G\u00e9rardmer\",\"potentialAction\":[{\"@type\":\"SearchAction\",\"target\":{\"@type\":\"EntryPoint\",\"urlTemplate\":\"https:\/\/vosgesinfo.fr\/gerardmerinfo\/?s={search_term_string}\"},\"query-input\":\"required name=search_term_string\"}],\"inLanguage\":\"fr-FR\"},{\"@type\":\"Organization\",\"@id\":\"https:\/\/vosgesinfo.fr\/gerardmerinfo\/#organization\",\"name\":\"Gerardmer Info\",\"url\":\"https:\/\/vosgesinfo.fr\/gerardmerinfo\/\",\"logo\":{\"@type\":\"ImageObject\",\"inLanguage\":\"fr-FR\",\"@id\":\"https:\/\/vosgesinfo.fr\/gerardmerinfo\/#\/schema\/logo\/image\/\",\"url\":\"https:\/\/vosgesinfo.fr\/app\/uploads\/sites\/6\/2023\/08\/favicon-gerardmerinfo.png\",\"contentUrl\":\"https:\/\/vosgesinfo.fr\/app\/uploads\/sites\/6\/2023\/08\/favicon-gerardmerinfo.png\",\"width\":512,\"height\":512,\"caption\":\"Gerardmer Info\"},\"image\":{\"@id\":\"https:\/\/vosgesinfo.fr\/gerardmerinfo\/#\/schema\/logo\/image\/\"},\"sameAs\":[\"https:\/\/www.facebook.com\/profile.php?id=100049475262660\",\"https:\/\/x.com\/VosgesInfo88\",\"https:\/\/www.youtube.com\/@vosgesinfo\"]},{\"@type\":\"Person\",\"@id\":\"https:\/\/vosgesinfo.fr\/gerardmerinfo\/#\/schema\/person\/bc5d02d71e6932e81b6dadb7386667b1\",\"name\":\"qs_admin\",\"image\":{\"@type\":\"ImageObject\",\"inLanguage\":\"fr-FR\",\"@id\":\"https:\/\/vosgesinfo.fr\/gerardmerinfo\/#\/schema\/person\/image\/\",\"url\":\"https:\/\/secure.gravatar.com\/avatar\/94b18ee0ed79e4a42ea2f2931277b6841a8999fc6fde214600c78057cf1fe1de?s=96&d=mm&r=g\",\"contentUrl\":\"https:\/\/secure.gravatar.com\/avatar\/94b18ee0ed79e4a42ea2f2931277b6841a8999fc6fde214600c78057cf1fe1de?s=96&d=mm&r=g\",\"caption\":\"qs_admin\"},\"sameAs\":[\"https:\/\/vosgesinfo.fr\/wp\"],\"url\":\"https:\/\/vosgesinfo.fr\/gerardmerinfo\/author\/qs_admin\/\"}]}<\/script>\n<!-- \/ Yoast SEO plugin. -->","yoast_head_json":{"title":"Cano\u00eb-Kayak Course en ligne - Am\u00e9lie Nicot Championne de France ! - Gerardmer Info","robots":{"index":"index","follow":"follow","max-snippet":"max-snippet:-1","max-image-preview":"max-image-preview:large","max-video-preview":"max-video-preview:-1"},"canonical":"https:\/\/vosgesinfo.fr\/gerardmerinfo\/2018\/07\/canoe-kayak-course-ligne-amelie-nicot-championne-de-france\/","twitter_card":"summary_large_image","twitter_title":"Cano\u00eb-Kayak Course en ligne - Am\u00e9lie Nicot Championne de France ! - Gerardmer Info","twitter_description":"C\u2019est dans l\u2019Eure, en Normandie, \u00e0 Poses que s\u2019\u00e9taient rendu ce week-end les jeunes prot\u00e9g\u00e9s de Ludovic George pour disputer [&hellip;]","twitter_image":"https:\/\/vosgesinfo.fr\/app\/uploads\/sites\/6\/2024\/07\/201807a.bicot-chp-de-france-1.jpg","twitter_creator":"@VosgesInfo88","twitter_site":"@VosgesInfo88","twitter_misc":{"\u00c9crit par":"qs_admin","Dur\u00e9e de lecture estim\u00e9e":"2 minutes"},"schema":{"@context":"https:\/\/schema.org","@graph":[{"@type":"Article","@id":"https:\/\/vosgesinfo.fr\/gerardmerinfo\/2018\/07\/canoe-kayak-course-ligne-amelie-nicot-championne-de-france\/#article","isPartOf":{"@id":"https:\/\/vosgesinfo.fr\/gerardmerinfo\/2018\/07\/canoe-kayak-course-ligne-amelie-nicot-championne-de-france\/"},"author":{"name":"qs_admin","@id":"https:\/\/vosgesinfo.fr\/gerardmerinfo\/#\/schema\/person\/bc5d02d71e6932e81b6dadb7386667b1"},"headline":"Cano\u00eb-Kayak Course en ligne &#8211; Am\u00e9lie Nicot Championne de France !","datePublished":"2018-07-18T05:55:45+00:00","dateModified":"2018-07-18T05:55:45+00:00","mainEntityOfPage":{"@id":"https:\/\/vosgesinfo.fr\/gerardmerinfo\/2018\/07\/canoe-kayak-course-ligne-amelie-nicot-championne-de-france\/"},"wordCount":393,"commentCount":0,"publisher":{"@id":"https:\/\/vosgesinfo.fr\/gerardmerinfo\/#organization"},"image":{"@id":"https:\/\/vosgesinfo.fr\/gerardmerinfo\/2018\/07\/canoe-kayak-course-ligne-amelie-nicot-championne-de-france\/#primaryimage"},"thumbnailUrl":"https:\/\/vosgesinfo.fr\/app\/uploads\/sites\/6\/2024\/07\/201807a.bicot-chp-de-france-1.jpg","keywords":["asg canoe kayak"],"articleSection":["A la une","Sport"],"inLanguage":"fr-FR","potentialAction":[{"@type":"CommentAction","name":"Comment","target":["https:\/\/vosgesinfo.fr\/gerardmerinfo\/2018\/07\/canoe-kayak-course-ligne-amelie-nicot-championne-de-france\/#respond"]}]},{"@type":"WebPage","@id":"https:\/\/vosgesinfo.fr\/gerardmerinfo\/2018\/07\/canoe-kayak-course-ligne-amelie-nicot-championne-de-france\/","url":"https:\/\/vosgesinfo.fr\/gerardmerinfo\/2018\/07\/canoe-kayak-course-ligne-amelie-nicot-championne-de-france\/","name":"Cano\u00eb-Kayak Course en ligne - Am\u00e9lie Nicot Championne de France ! - Gerardmer Info","isPartOf":{"@id":"https:\/\/vosgesinfo.fr\/gerardmerinfo\/#website"},"primaryImageOfPage":{"@id":"https:\/\/vosgesinfo.fr\/gerardmerinfo\/2018\/07\/canoe-kayak-course-ligne-amelie-nicot-championne-de-france\/#primaryimage"},"image":{"@id":"https:\/\/vosgesinfo.fr\/gerardmerinfo\/2018\/07\/canoe-kayak-course-ligne-amelie-nicot-championne-de-france\/#primaryimage"},"thumbnailUrl":"https:\/\/vosgesinfo.fr\/app\/uploads\/sites\/6\/2024\/07\/201807a.bicot-chp-de-france-1.jpg","datePublished":"2018-07-18T05:55:45+00:00","dateModified":"2018-07-18T05:55:45+00:00","breadcrumb":{"@id":"https:\/\/vosgesinfo.fr\/gerardmerinfo\/2018\/07\/canoe-kayak-course-ligne-amelie-nicot-championne-de-france\/#breadcrumb"},"inLanguage":"fr-FR","potentialAction":[{"@type":"ReadAction","target":["https:\/\/vosgesinfo.fr\/gerardmerinfo\/2018\/07\/canoe-kayak-course-ligne-amelie-nicot-championne-de-france\/"]}]},{"@type":"ImageObject","inLanguage":"fr-FR","@id":"https:\/\/vosgesinfo.fr\/gerardmerinfo\/2018\/07\/canoe-kayak-course-ligne-amelie-nicot-championne-de-france\/#primaryimage","url":"https:\/\/vosgesinfo.fr\/app\/uploads\/sites\/6\/2024\/07\/201807a.bicot-chp-de-france-1.jpg","contentUrl":"https:\/\/vosgesinfo.fr\/app\/uploads\/sites\/6\/2024\/07\/201807a.bicot-chp-de-france-1.jpg","width":800,"height":600},{"@type":"BreadcrumbList","@id":"https:\/\/vosgesinfo.fr\/gerardmerinfo\/2018\/07\/canoe-kayak-course-ligne-amelie-nicot-championne-de-france\/#breadcrumb","itemListElement":[{"@type":"ListItem","position":1,"name":"Home","item":"https:\/\/vosgesinfo.fr\/gerardmerinfo\/"},{"@type":"ListItem","position":2,"name":"Cano\u00eb-Kayak Course en ligne &#8211; Am\u00e9lie Nicot Championne de France !"}]},{"@type":"WebSite","@id":"https:\/\/vosgesinfo.fr\/gerardmerinfo\/#website","url":"https:\/\/vosgesinfo.fr\/gerardmerinfo\/","name":"Gerardmer Info","description":"Toute l&#039;actualit\u00e9 de G\u00e9rardmer","publisher":{"@id":"https:\/\/vosgesinfo.fr\/gerardmerinfo\/#organization"},"alternateName":"Toute l'actualit\u00e9 de G\u00e9rardmer","potentialAction":[{"@type":"SearchAction","target":{"@type":"EntryPoint","urlTemplate":"https:\/\/vosgesinfo.fr\/gerardmerinfo\/?s={search_term_string}"},"query-input":"required name=search_term_string"}],"inLanguage":"fr-FR"},{"@type":"Organization","@id":"https:\/\/vosgesinfo.fr\/gerardmerinfo\/#organization","name":"Gerardmer Info","url":"https:\/\/vosgesinfo.fr\/gerardmerinfo\/","logo":{"@type":"ImageObject","inLanguage":"fr-FR","@id":"https:\/\/vosgesinfo.fr\/gerardmerinfo\/#\/schema\/logo\/image\/","url":"https:\/\/vosgesinfo.fr\/app\/uploads\/sites\/6\/2023\/08\/favicon-gerardmerinfo.png","contentUrl":"https:\/\/vosgesinfo.fr\/app\/uploads\/sites\/6\/2023\/08\/favicon-gerardmerinfo.png","width":512,"height":512,"caption":"Gerardmer Info"},"image":{"@id":"https:\/\/vosgesinfo.fr\/gerardmerinfo\/#\/schema\/logo\/image\/"},"sameAs":["https:\/\/www.facebook.com\/profile.php?id=100049475262660","https:\/\/x.com\/VosgesInfo88","https:\/\/www.youtube.com\/@vosgesinfo"]},{"@type":"Person","@id":"https:\/\/vosgesinfo.fr\/gerardmerinfo\/#\/schema\/person\/bc5d02d71e6932e81b6dadb7386667b1","name":"qs_admin","image":{"@type":"ImageObject","inLanguage":"fr-FR","@id":"https:\/\/vosgesinfo.fr\/gerardmerinfo\/#\/schema\/person\/image\/","url":"https:\/\/secure.gravatar.com\/avatar\/94b18ee0ed79e4a42ea2f2931277b6841a8999fc6fde214600c78057cf1fe1de?s=96&d=mm&r=g","contentUrl":"https:\/\/secure.gravatar.com\/avatar\/94b18ee0ed79e4a42ea2f2931277b6841a8999fc6fde214600c78057cf1fe1de?s=96&d=mm&r=g","caption":"qs_admin"},"sameAs":["https:\/\/vosgesinfo.fr\/wp"],"url":"https:\/\/vosgesinfo.fr\/gerardmerinfo\/author\/qs_admin\/"}]}},"_links":{"self":[{"href":"https:\/\/vosgesinfo.fr\/gerardmerinfo\/wp-json\/wp\/v2\/posts\/35528","targetHints":{"allow":["GET"]}}],"collection":[{"href":"https:\/\/vosgesinfo.fr\/gerardmerinfo\/wp-json\/wp\/v2\/posts"}],"about":[{"href":"https:\/\/vosgesinfo.fr\/gerardmerinfo\/wp-json\/wp\/v2\/types\/post"}],"author":[{"embeddable":true,"href":"https:\/\/vosgesinfo.fr\/gerardmerinfo\/wp-json\/wp\/v2\/users\/1"}],"replies":[{"embeddable":true,"href":"https:\/\/vosgesinfo.fr\/gerardmerinfo\/wp-json\/wp\/v2\/comments?post=35528"}],"version-history":[{"count":0,"href":"https:\/\/vosgesinfo.fr\/gerardmerinfo\/wp-json\/wp\/v2\/posts\/35528\/revisions"}],"wp:featuredmedia":[{"embeddable":true,"href":"https:\/\/vosgesinfo.fr\/gerardmerinfo\/wp-json\/wp\/v2\/media\/35529"}],"wp:attachment":[{"href":"https:\/\/vosgesinfo.fr\/gerardmerinfo\/wp-json\/wp\/v2\/media?parent=35528"}],"wp:term":[{"taxonomy":"category","embeddable":true,"href":"https:\/\/vosgesinfo.fr\/gerardmerinfo\/wp-json\/wp\/v2\/categories?post=35528"},{"taxonomy":"post_tag","embeddable":true,"href":"https:\/\/vosgesinfo.fr\/gerardmerinfo\/wp-json\/wp\/v2\/tags?post=35528"}],"curies":[{"name":"wp","href":"https:\/\/api.w.org\/{rel}","templated":true}]}}