{"id":35698,"date":"2018-07-27T09:39:46","date_gmt":"2018-07-27T07:39:46","guid":{"rendered":"https:\/\/vosgesinfo.fr\/gerardmerinfo\/2018\/07\/canicule-pic-de-pollution-vosges\/"},"modified":"2018-07-27T09:39:46","modified_gmt":"2018-07-27T07:39:46","slug":"canicule-pic-de-pollution-vosges","status":"publish","type":"post","link":"https:\/\/vosgesinfo.fr\/gerardmerinfo\/2018\/07\/canicule-pic-de-pollution-vosges\/","title":{"rendered":"Canicule &#8211; pic de pollution dans les Vosges"},"content":{"rendered":"<h2><a href=\"http:\/\/gerardmerinfo.fr\/2018\/07\/canicule-pic-de-pollution-vosges\/route-voitures-pollution\/\" rel=\"attachment wp-att-131724\"><img decoding=\"async\" class=\"aligncenter size-full wp-image-131724\" src=\"\/2018\/07\/route-voitures-pollution.jpg\" alt=\"route-voitures-pollution\" width=\"800\" height=\"533\" \/><\/a>Le 26 juillet 2018, l\u2019association agr\u00e9\u00e9e de surveillance de la qualit\u00e9 de l\u2019air en r\u00e9gion Grand Est, ATMO Grand Est, a annonc\u00e9 d\u00e9clencher \u00e0 compter du vendredi 27 juillet 2018 la proc\u00e9dure d\u2019alerte \u00e0 la pollution atmosph\u00e9rique sur le d\u00e9partement des Vosges.<\/h2>\n<p>Le Pr\u00e9fet des Vosges a aussit\u00f4t pris un arr\u00eat\u00e9 afin de mettre en \u0153uvre les mesures d\u2019urgence pr\u00e9vues par la proc\u00e9dure d\u2019alerte, \u00e0 compter<strong> du vendredi<\/strong> <strong>27 juillet 2018 sur l\u2019ensemble du d\u00e9partement.<\/strong><\/p>\n<p><strong>Les mesures prises sont les suivantes\u00a0:<\/strong><\/p>\n<ul>\n<li>Les sites responsables localement des \u00e9missions les plus importantes mettent en \u0153uvre les dispositions pr\u00e9vues dans leur arr\u00eat\u00e9 d\u2019autorisation d\u2019Installations Class\u00e9es pour la Protection de l\u2019Environnement en cas d\u2019alerte \u00e0 la pollution de niveau 1 (<em>correspondant au 1<sup>er<\/sup> jour de d\u00e9clenchement de la proc\u00e9dure d\u2019alerte<\/em>);<\/li>\n<\/ul>\n<ul>\n<li>Sur le <u>r\u00e9seau autoroutier et les routes \u00e0 chauss\u00e9es s\u00e9par\u00e9es<\/u>, la vitesse maximale autoris\u00e9e pour tous les v\u00e9hicules est abaiss\u00e9e de 20km\/h <strong>sans descendre en dessous de 70km\/h. <\/strong>Pour les autocars et poids lourds (&gt;3.5t) cette baisse de 20 km\/h de la vitesse maximale autoris\u00e9e ne s\u2019applique pas sur les tron\u00e7ons limit\u00e9s \u00e0 130km\/h\u00a0;<\/li>\n<li>Les contr\u00f4les de vitesse et anti-pollution sur route sont r\u00e9alis\u00e9s sur les axes concern\u00e9s\u00a0;<\/li>\n<li>Les collectivit\u00e9s ayant d\u00e9fini des plans d\u2019urgence mettent en \u0153uvre les actions les plus adapt\u00e9es\u00a0;<\/li>\n<\/ul>\n<p><u>Si l\u2019\u00e9pisode de pollution se prolonge<\/u>, les mesures \u00e9nonc\u00e9es seront maintenues et renforc\u00e9es d\u00e8s le samedi 28 juillet 2018 par les mesures suivantes\u00a0:<\/p>\n<ul>\n<li>La vitesse maximale autoris\u00e9e pour les v\u00e9hicules est abaiss\u00e9e de 20km\/h sans descendre en dessous de 70km\/h sur <u>l\u2019ensemble du r\u00e9seau routier<\/u> du d\u00e9partement\u00a0;<\/li>\n<li>Les sites industriels responsables localement des \u00e9missions les plus importantes mettent en \u0153uvre les dispositions pr\u00e9vues dans leur arr\u00eat\u00e9 d\u2019autorisation ICPE en cas d\u2019alerte \u00e0 la pollution de niveau 2 (<em>correspondant au 2\u00e8me jour de d\u00e9clenchement de la proc\u00e9dure d\u2019alerte<\/em>);<\/li>\n<\/ul>\n<p><strong>A noter que les cat\u00e9gories de v\u00e9hicules suivantes ne sont <u>pas<\/u> soumises \u00e0 la r\u00e9duction de vitesse :<\/strong><\/p>\n<ul>\n<li><strong>les v\u00e9hicules des forces de l\u2019ordre et de s\u00e9curit\u00e9 civile\u00a0;<\/strong><\/li>\n<li><strong>les v\u00e9hicules des services d\u2019incendie et de secours\u00a0;<\/strong><\/li>\n<li><strong>les v\u00e9hicules d\u2019urgence m\u00e9dicale (SMUR-ATSU).<\/strong><\/li>\n<\/ul>\n<p>Par ailleurs, il convient d\u2019adapter vos activit\u00e9s et de suivre quelques conseils de comportement\u00a0:<\/p>\n<p>\u2013 en cas de g\u00eane respiratoire ou cardiaque, prenez conseil aupr\u00e8s d\u2019un professionnel de sant\u00e9 ;<\/p>\n<p>\u2013 privil\u00e9giez des sorties plus br\u00e8ves et celles qui demandent le moins d\u2019effort ;<\/p>\n<p>\u2013 prenez conseil aupr\u00e8s de votre m\u00e9decin pour savoir si votre traitement m\u00e9dical doit \u00eatre adapt\u00e9 le cas \u00e9ch\u00e9ant\u00a0;<\/p>\n<p><em>\u2013 \u00e9<\/em>vitez les sorties durant l\u2019apr\u00e8s-midi lorsque l\u2019ensoleillement est maximum ;<\/p>\n<p>\u2013 \u00e9vitez les activit\u00e9s physiques et sportives intenses (dont les comp\u00e9titions) en plein air.<\/p>\n<p><strong>Les mesures prises par le Pr\u00e9fet seront lev\u00e9es d\u00e8s que la proc\u00e9dure d\u2019alerte sera lev\u00e9e.<\/strong><\/p>\n<p>Pour conna\u00eetre des informations compl\u00e9mentaires sur la qualit\u00e9 de l\u2019air et sur <strong>l\u2019\u00e9volution de la proc\u00e9dure d\u2019alerte<\/strong>, consulter le site internet d\u2019ATMO Grand Est\u00a0: <strong>http:\/\/www.atmo-grandest.eu\/<\/strong><\/p>\n","protected":false},"excerpt":{"rendered":"<p>Le 26 juillet 2018, l\u2019association agr\u00e9\u00e9e de surveillance de la qualit\u00e9 de l\u2019air en r\u00e9gion Grand Est, ATMO Grand Est, [&hellip;]<\/p>\n","protected":false},"author":1,"featured_media":35699,"comment_status":"open","ping_status":"open","sticky":false,"template":"","format":"standard","meta":{"footnotes":""},"categories":[20,18],"tags":[],"class_list":["post-35698","post","type-post","status-publish","format-standard","has-post-thumbnail","hentry","category-a-la-une","category-vosges"],"acf":[],"yoast_head":"<!-- This site is optimized with the Yoast SEO plugin v22.5 - https:\/\/yoast.com\/wordpress\/plugins\/seo\/ -->\n<title>Canicule - pic de pollution dans les Vosges - Gerardmer Info<\/title>\n<meta name=\"robots\" content=\"index, follow, max-snippet:-1, max-image-preview:large, max-video-preview:-1\" \/>\n<link rel=\"canonical\" href=\"https:\/\/vosgesinfo.fr\/gerardmerinfo\/2018\/07\/canicule-pic-de-pollution-vosges\/\" \/>\n<meta name=\"twitter:card\" content=\"summary_large_image\" \/>\n<meta name=\"twitter:title\" content=\"Canicule - pic de pollution dans les Vosges - Gerardmer Info\" \/>\n<meta name=\"twitter:description\" content=\"Le 26 juillet 2018, l\u2019association agr\u00e9\u00e9e de surveillance de la qualit\u00e9 de l\u2019air en r\u00e9gion Grand Est, ATMO Grand Est, [&hellip;]\" \/>\n<meta name=\"twitter:image\" content=\"https:\/\/vosgesinfo.fr\/app\/uploads\/sites\/6\/2024\/07\/201807route-voitures-pollution.jpg\" \/>\n<meta name=\"twitter:creator\" content=\"@VosgesInfo88\" \/>\n<meta name=\"twitter:site\" content=\"@VosgesInfo88\" \/>\n<meta name=\"twitter:label1\" content=\"\u00c9crit par\" \/>\n\t<meta name=\"twitter:data1\" content=\"qs_admin\" \/>\n\t<meta name=\"twitter:label2\" content=\"Dur\u00e9e de lecture estim\u00e9e\" \/>\n\t<meta name=\"twitter:data2\" content=\"3 minutes\" \/>\n<script type=\"application\/ld+json\" class=\"yoast-schema-graph\">{\"@context\":\"https:\/\/schema.org\",\"@graph\":[{\"@type\":\"Article\",\"@id\":\"https:\/\/vosgesinfo.fr\/gerardmerinfo\/2018\/07\/canicule-pic-de-pollution-vosges\/#article\",\"isPartOf\":{\"@id\":\"https:\/\/vosgesinfo.fr\/gerardmerinfo\/2018\/07\/canicule-pic-de-pollution-vosges\/\"},\"author\":{\"name\":\"qs_admin\",\"@id\":\"https:\/\/vosgesinfo.fr\/gerardmerinfo\/#\/schema\/person\/bc5d02d71e6932e81b6dadb7386667b1\"},\"headline\":\"Canicule &#8211; pic de pollution dans les Vosges\",\"datePublished\":\"2018-07-27T07:39:46+00:00\",\"dateModified\":\"2018-07-27T07:39:46+00:00\",\"mainEntityOfPage\":{\"@id\":\"https:\/\/vosgesinfo.fr\/gerardmerinfo\/2018\/07\/canicule-pic-de-pollution-vosges\/\"},\"wordCount\":560,\"commentCount\":0,\"publisher\":{\"@id\":\"https:\/\/vosgesinfo.fr\/gerardmerinfo\/#organization\"},\"image\":{\"@id\":\"https:\/\/vosgesinfo.fr\/gerardmerinfo\/2018\/07\/canicule-pic-de-pollution-vosges\/#primaryimage\"},\"thumbnailUrl\":\"https:\/\/vosgesinfo.fr\/app\/uploads\/sites\/6\/2024\/07\/201807route-voitures-pollution.jpg\",\"articleSection\":[\"A la une\",\"Vosges\"],\"inLanguage\":\"fr-FR\",\"potentialAction\":[{\"@type\":\"CommentAction\",\"name\":\"Comment\",\"target\":[\"https:\/\/vosgesinfo.fr\/gerardmerinfo\/2018\/07\/canicule-pic-de-pollution-vosges\/#respond\"]}]},{\"@type\":\"WebPage\",\"@id\":\"https:\/\/vosgesinfo.fr\/gerardmerinfo\/2018\/07\/canicule-pic-de-pollution-vosges\/\",\"url\":\"https:\/\/vosgesinfo.fr\/gerardmerinfo\/2018\/07\/canicule-pic-de-pollution-vosges\/\",\"name\":\"Canicule - pic de pollution dans les Vosges - Gerardmer Info\",\"isPartOf\":{\"@id\":\"https:\/\/vosgesinfo.fr\/gerardmerinfo\/#website\"},\"primaryImageOfPage\":{\"@id\":\"https:\/\/vosgesinfo.fr\/gerardmerinfo\/2018\/07\/canicule-pic-de-pollution-vosges\/#primaryimage\"},\"image\":{\"@id\":\"https:\/\/vosgesinfo.fr\/gerardmerinfo\/2018\/07\/canicule-pic-de-pollution-vosges\/#primaryimage\"},\"thumbnailUrl\":\"https:\/\/vosgesinfo.fr\/app\/uploads\/sites\/6\/2024\/07\/201807route-voitures-pollution.jpg\",\"datePublished\":\"2018-07-27T07:39:46+00:00\",\"dateModified\":\"2018-07-27T07:39:46+00:00\",\"breadcrumb\":{\"@id\":\"https:\/\/vosgesinfo.fr\/gerardmerinfo\/2018\/07\/canicule-pic-de-pollution-vosges\/#breadcrumb\"},\"inLanguage\":\"fr-FR\",\"potentialAction\":[{\"@type\":\"ReadAction\",\"target\":[\"https:\/\/vosgesinfo.fr\/gerardmerinfo\/2018\/07\/canicule-pic-de-pollution-vosges\/\"]}]},{\"@type\":\"ImageObject\",\"inLanguage\":\"fr-FR\",\"@id\":\"https:\/\/vosgesinfo.fr\/gerardmerinfo\/2018\/07\/canicule-pic-de-pollution-vosges\/#primaryimage\",\"url\":\"https:\/\/vosgesinfo.fr\/app\/uploads\/sites\/6\/2024\/07\/201807route-voitures-pollution.jpg\",\"contentUrl\":\"https:\/\/vosgesinfo.fr\/app\/uploads\/sites\/6\/2024\/07\/201807route-voitures-pollution.jpg\",\"width\":800,\"height\":533},{\"@type\":\"BreadcrumbList\",\"@id\":\"https:\/\/vosgesinfo.fr\/gerardmerinfo\/2018\/07\/canicule-pic-de-pollution-vosges\/#breadcrumb\",\"itemListElement\":[{\"@type\":\"ListItem\",\"position\":1,\"name\":\"Home\",\"item\":\"https:\/\/vosgesinfo.fr\/gerardmerinfo\/\"},{\"@type\":\"ListItem\",\"position\":2,\"name\":\"Canicule &#8211; pic de pollution dans les Vosges\"}]},{\"@type\":\"WebSite\",\"@id\":\"https:\/\/vosgesinfo.fr\/gerardmerinfo\/#website\",\"url\":\"https:\/\/vosgesinfo.fr\/gerardmerinfo\/\",\"name\":\"Gerardmer Info\",\"description\":\"Toute l&#039;actualit\u00e9 de G\u00e9rardmer\",\"publisher\":{\"@id\":\"https:\/\/vosgesinfo.fr\/gerardmerinfo\/#organization\"},\"alternateName\":\"Toute l'actualit\u00e9 de G\u00e9rardmer\",\"potentialAction\":[{\"@type\":\"SearchAction\",\"target\":{\"@type\":\"EntryPoint\",\"urlTemplate\":\"https:\/\/vosgesinfo.fr\/gerardmerinfo\/?s={search_term_string}\"},\"query-input\":\"required name=search_term_string\"}],\"inLanguage\":\"fr-FR\"},{\"@type\":\"Organization\",\"@id\":\"https:\/\/vosgesinfo.fr\/gerardmerinfo\/#organization\",\"name\":\"Gerardmer Info\",\"url\":\"https:\/\/vosgesinfo.fr\/gerardmerinfo\/\",\"logo\":{\"@type\":\"ImageObject\",\"inLanguage\":\"fr-FR\",\"@id\":\"https:\/\/vosgesinfo.fr\/gerardmerinfo\/#\/schema\/logo\/image\/\",\"url\":\"https:\/\/vosgesinfo.fr\/app\/uploads\/sites\/6\/2023\/08\/favicon-gerardmerinfo.png\",\"contentUrl\":\"https:\/\/vosgesinfo.fr\/app\/uploads\/sites\/6\/2023\/08\/favicon-gerardmerinfo.png\",\"width\":512,\"height\":512,\"caption\":\"Gerardmer Info\"},\"image\":{\"@id\":\"https:\/\/vosgesinfo.fr\/gerardmerinfo\/#\/schema\/logo\/image\/\"},\"sameAs\":[\"https:\/\/www.facebook.com\/profile.php?id=100049475262660\",\"https:\/\/x.com\/VosgesInfo88\",\"https:\/\/www.youtube.com\/@vosgesinfo\"]},{\"@type\":\"Person\",\"@id\":\"https:\/\/vosgesinfo.fr\/gerardmerinfo\/#\/schema\/person\/bc5d02d71e6932e81b6dadb7386667b1\",\"name\":\"qs_admin\",\"image\":{\"@type\":\"ImageObject\",\"inLanguage\":\"fr-FR\",\"@id\":\"https:\/\/vosgesinfo.fr\/gerardmerinfo\/#\/schema\/person\/image\/\",\"url\":\"https:\/\/secure.gravatar.com\/avatar\/94b18ee0ed79e4a42ea2f2931277b6841a8999fc6fde214600c78057cf1fe1de?s=96&d=mm&r=g\",\"contentUrl\":\"https:\/\/secure.gravatar.com\/avatar\/94b18ee0ed79e4a42ea2f2931277b6841a8999fc6fde214600c78057cf1fe1de?s=96&d=mm&r=g\",\"caption\":\"qs_admin\"},\"sameAs\":[\"https:\/\/vosgesinfo.fr\/wp\"],\"url\":\"https:\/\/vosgesinfo.fr\/gerardmerinfo\/author\/qs_admin\/\"}]}<\/script>\n<!-- \/ Yoast SEO plugin. -->","yoast_head_json":{"title":"Canicule - pic de pollution dans les Vosges - Gerardmer Info","robots":{"index":"index","follow":"follow","max-snippet":"max-snippet:-1","max-image-preview":"max-image-preview:large","max-video-preview":"max-video-preview:-1"},"canonical":"https:\/\/vosgesinfo.fr\/gerardmerinfo\/2018\/07\/canicule-pic-de-pollution-vosges\/","twitter_card":"summary_large_image","twitter_title":"Canicule - pic de pollution dans les Vosges - Gerardmer Info","twitter_description":"Le 26 juillet 2018, l\u2019association agr\u00e9\u00e9e de surveillance de la qualit\u00e9 de l\u2019air en r\u00e9gion Grand Est, ATMO Grand Est, [&hellip;]","twitter_image":"https:\/\/vosgesinfo.fr\/app\/uploads\/sites\/6\/2024\/07\/201807route-voitures-pollution.jpg","twitter_creator":"@VosgesInfo88","twitter_site":"@VosgesInfo88","twitter_misc":{"\u00c9crit par":"qs_admin","Dur\u00e9e de lecture estim\u00e9e":"3 minutes"},"schema":{"@context":"https:\/\/schema.org","@graph":[{"@type":"Article","@id":"https:\/\/vosgesinfo.fr\/gerardmerinfo\/2018\/07\/canicule-pic-de-pollution-vosges\/#article","isPartOf":{"@id":"https:\/\/vosgesinfo.fr\/gerardmerinfo\/2018\/07\/canicule-pic-de-pollution-vosges\/"},"author":{"name":"qs_admin","@id":"https:\/\/vosgesinfo.fr\/gerardmerinfo\/#\/schema\/person\/bc5d02d71e6932e81b6dadb7386667b1"},"headline":"Canicule &#8211; pic de pollution dans les Vosges","datePublished":"2018-07-27T07:39:46+00:00","dateModified":"2018-07-27T07:39:46+00:00","mainEntityOfPage":{"@id":"https:\/\/vosgesinfo.fr\/gerardmerinfo\/2018\/07\/canicule-pic-de-pollution-vosges\/"},"wordCount":560,"commentCount":0,"publisher":{"@id":"https:\/\/vosgesinfo.fr\/gerardmerinfo\/#organization"},"image":{"@id":"https:\/\/vosgesinfo.fr\/gerardmerinfo\/2018\/07\/canicule-pic-de-pollution-vosges\/#primaryimage"},"thumbnailUrl":"https:\/\/vosgesinfo.fr\/app\/uploads\/sites\/6\/2024\/07\/201807route-voitures-pollution.jpg","articleSection":["A la une","Vosges"],"inLanguage":"fr-FR","potentialAction":[{"@type":"CommentAction","name":"Comment","target":["https:\/\/vosgesinfo.fr\/gerardmerinfo\/2018\/07\/canicule-pic-de-pollution-vosges\/#respond"]}]},{"@type":"WebPage","@id":"https:\/\/vosgesinfo.fr\/gerardmerinfo\/2018\/07\/canicule-pic-de-pollution-vosges\/","url":"https:\/\/vosgesinfo.fr\/gerardmerinfo\/2018\/07\/canicule-pic-de-pollution-vosges\/","name":"Canicule - pic de pollution dans les Vosges - Gerardmer Info","isPartOf":{"@id":"https:\/\/vosgesinfo.fr\/gerardmerinfo\/#website"},"primaryImageOfPage":{"@id":"https:\/\/vosgesinfo.fr\/gerardmerinfo\/2018\/07\/canicule-pic-de-pollution-vosges\/#primaryimage"},"image":{"@id":"https:\/\/vosgesinfo.fr\/gerardmerinfo\/2018\/07\/canicule-pic-de-pollution-vosges\/#primaryimage"},"thumbnailUrl":"https:\/\/vosgesinfo.fr\/app\/uploads\/sites\/6\/2024\/07\/201807route-voitures-pollution.jpg","datePublished":"2018-07-27T07:39:46+00:00","dateModified":"2018-07-27T07:39:46+00:00","breadcrumb":{"@id":"https:\/\/vosgesinfo.fr\/gerardmerinfo\/2018\/07\/canicule-pic-de-pollution-vosges\/#breadcrumb"},"inLanguage":"fr-FR","potentialAction":[{"@type":"ReadAction","target":["https:\/\/vosgesinfo.fr\/gerardmerinfo\/2018\/07\/canicule-pic-de-pollution-vosges\/"]}]},{"@type":"ImageObject","inLanguage":"fr-FR","@id":"https:\/\/vosgesinfo.fr\/gerardmerinfo\/2018\/07\/canicule-pic-de-pollution-vosges\/#primaryimage","url":"https:\/\/vosgesinfo.fr\/app\/uploads\/sites\/6\/2024\/07\/201807route-voitures-pollution.jpg","contentUrl":"https:\/\/vosgesinfo.fr\/app\/uploads\/sites\/6\/2024\/07\/201807route-voitures-pollution.jpg","width":800,"height":533},{"@type":"BreadcrumbList","@id":"https:\/\/vosgesinfo.fr\/gerardmerinfo\/2018\/07\/canicule-pic-de-pollution-vosges\/#breadcrumb","itemListElement":[{"@type":"ListItem","position":1,"name":"Home","item":"https:\/\/vosgesinfo.fr\/gerardmerinfo\/"},{"@type":"ListItem","position":2,"name":"Canicule &#8211; pic de pollution dans les Vosges"}]},{"@type":"WebSite","@id":"https:\/\/vosgesinfo.fr\/gerardmerinfo\/#website","url":"https:\/\/vosgesinfo.fr\/gerardmerinfo\/","name":"Gerardmer Info","description":"Toute l&#039;actualit\u00e9 de G\u00e9rardmer","publisher":{"@id":"https:\/\/vosgesinfo.fr\/gerardmerinfo\/#organization"},"alternateName":"Toute l'actualit\u00e9 de G\u00e9rardmer","potentialAction":[{"@type":"SearchAction","target":{"@type":"EntryPoint","urlTemplate":"https:\/\/vosgesinfo.fr\/gerardmerinfo\/?s={search_term_string}"},"query-input":"required name=search_term_string"}],"inLanguage":"fr-FR"},{"@type":"Organization","@id":"https:\/\/vosgesinfo.fr\/gerardmerinfo\/#organization","name":"Gerardmer Info","url":"https:\/\/vosgesinfo.fr\/gerardmerinfo\/","logo":{"@type":"ImageObject","inLanguage":"fr-FR","@id":"https:\/\/vosgesinfo.fr\/gerardmerinfo\/#\/schema\/logo\/image\/","url":"https:\/\/vosgesinfo.fr\/app\/uploads\/sites\/6\/2023\/08\/favicon-gerardmerinfo.png","contentUrl":"https:\/\/vosgesinfo.fr\/app\/uploads\/sites\/6\/2023\/08\/favicon-gerardmerinfo.png","width":512,"height":512,"caption":"Gerardmer Info"},"image":{"@id":"https:\/\/vosgesinfo.fr\/gerardmerinfo\/#\/schema\/logo\/image\/"},"sameAs":["https:\/\/www.facebook.com\/profile.php?id=100049475262660","https:\/\/x.com\/VosgesInfo88","https:\/\/www.youtube.com\/@vosgesinfo"]},{"@type":"Person","@id":"https:\/\/vosgesinfo.fr\/gerardmerinfo\/#\/schema\/person\/bc5d02d71e6932e81b6dadb7386667b1","name":"qs_admin","image":{"@type":"ImageObject","inLanguage":"fr-FR","@id":"https:\/\/vosgesinfo.fr\/gerardmerinfo\/#\/schema\/person\/image\/","url":"https:\/\/secure.gravatar.com\/avatar\/94b18ee0ed79e4a42ea2f2931277b6841a8999fc6fde214600c78057cf1fe1de?s=96&d=mm&r=g","contentUrl":"https:\/\/secure.gravatar.com\/avatar\/94b18ee0ed79e4a42ea2f2931277b6841a8999fc6fde214600c78057cf1fe1de?s=96&d=mm&r=g","caption":"qs_admin"},"sameAs":["https:\/\/vosgesinfo.fr\/wp"],"url":"https:\/\/vosgesinfo.fr\/gerardmerinfo\/author\/qs_admin\/"}]}},"_links":{"self":[{"href":"https:\/\/vosgesinfo.fr\/gerardmerinfo\/wp-json\/wp\/v2\/posts\/35698","targetHints":{"allow":["GET"]}}],"collection":[{"href":"https:\/\/vosgesinfo.fr\/gerardmerinfo\/wp-json\/wp\/v2\/posts"}],"about":[{"href":"https:\/\/vosgesinfo.fr\/gerardmerinfo\/wp-json\/wp\/v2\/types\/post"}],"author":[{"embeddable":true,"href":"https:\/\/vosgesinfo.fr\/gerardmerinfo\/wp-json\/wp\/v2\/users\/1"}],"replies":[{"embeddable":true,"href":"https:\/\/vosgesinfo.fr\/gerardmerinfo\/wp-json\/wp\/v2\/comments?post=35698"}],"version-history":[{"count":0,"href":"https:\/\/vosgesinfo.fr\/gerardmerinfo\/wp-json\/wp\/v2\/posts\/35698\/revisions"}],"wp:featuredmedia":[{"embeddable":true,"href":"https:\/\/vosgesinfo.fr\/gerardmerinfo\/wp-json\/wp\/v2\/media\/35699"}],"wp:attachment":[{"href":"https:\/\/vosgesinfo.fr\/gerardmerinfo\/wp-json\/wp\/v2\/media?parent=35698"}],"wp:term":[{"taxonomy":"category","embeddable":true,"href":"https:\/\/vosgesinfo.fr\/gerardmerinfo\/wp-json\/wp\/v2\/categories?post=35698"},{"taxonomy":"post_tag","embeddable":true,"href":"https:\/\/vosgesinfo.fr\/gerardmerinfo\/wp-json\/wp\/v2\/tags?post=35698"}],"curies":[{"name":"wp","href":"https:\/\/api.w.org\/{rel}","templated":true}]}}