{"id":35779,"date":"2018-08-06T14:47:32","date_gmt":"2018-08-06T12:47:32","guid":{"rendered":"https:\/\/vosgesinfo.fr\/gerardmerinfo\/2018\/08\/mumo-2-arrive-a-gerardmer\/"},"modified":"2018-08-06T14:47:32","modified_gmt":"2018-08-06T12:47:32","slug":"mumo-2-arrive-a-gerardmer","status":"publish","type":"post","link":"https:\/\/vosgesinfo.fr\/gerardmerinfo\/2018\/08\/mumo-2-arrive-a-gerardmer\/","title":{"rendered":"Le MuMo 2 arrive \u00e0 G\u00e9rardmer"},"content":{"rendered":"<h3><a href=\"\/2018\/07\/Camion-MuMo.jpg\"><img decoding=\"async\" class=\"aligncenter wp-image-131960 size-medium\" src=\"\/2018\/07\/Camion-MuMo-389x255.jpg\" alt=\"Camion MuMo\" width=\"389\" height=\"255\" \/><\/a><\/h3>\n<h3><span style=\"font-size: 14pt;\">Du 6 au 10 ao\u00fbt, un camion pas comme les autres s&rsquo;installera \u00e0 La Mauselaine, \u00e0 G\u00e9rardmer, pour quatre apr\u00e8s-midis d\u00e9di\u00e9s \u00e0 l&rsquo;art contemporain.<\/span><\/h3>\n<p>Actuellement en tourn\u00e9e dans toute la r\u00e9gion Grand Est, le mus\u00e9e mobile pr\u00e9sentera une exposition nomm\u00e9e \u00ab\u00a0Tr\u00e9sors communs\u00a0\u00bb.<\/p>\n<p class=\"textbox\" dir=\"ltr\">D\u2019apr\u00e8s le dictionnaire, le tr\u00e9sor est un ensemble d\u2019 \u00ab\u00a0objets pr\u00e9cieux mis en r\u00e9serve, souvent cach\u00e9s\u00a0\u00bb. Mais que se passe-t-il quand il est pr\u00e9sent\u00e9 au public ? Quels sont ceux conserv\u00e9s dans les fonds r\u00e9gionaux d&rsquo;art contemporains (FRAC), ceux \u00e0 trouver dans les lieux que l\u2019on visite ou encore les tr\u00e9sors personnels que chacun de nous poss\u00e8de\u00a0? Ces objets, images, souvenirs sont bien plus que de simples traces. Ils impliquent un voyage, une d\u00e9termination et parfois m\u00eame une d\u00e9couverte.<\/p>\n<p class=\"textbox\" dir=\"ltr\">De m\u00eame que le MuMo parcourt de nombreux territoires, la recherche d\u2019un tr\u00e9sor am\u00e8ne \u00e0 d\u00e9couvrir des lieux parfois inattendus comme Deception Island, \u00eele sub-antarctique dont David Renaud pr\u00e9sente la carte g\u00e9ographique, ou Never Neverland par Julien Discrit, d\u2019apr\u00e8s l\u2019\u00eele imaginaire de Peter Pan. Le tr\u00e9sor n\u00e9cessite une qu\u00eate. L\u2019\u0153uvre de Mathieu Kleyebe Abonnenc part sur les traces d\u2019un chercheur d\u2019or, tandis que les personnages de S\u00e9bastien Gouju cheminent dans un labyrinthe.<\/p>\n<p class=\"textbox\" dir=\"ltr\">Le tr\u00e9sor est parfois \u00e0 l\u2019int\u00e9rieur\u00a0; le souvenir d\u2019un lieu du pass\u00e9, dessin\u00e9 de m\u00e9moire dans la vid\u00e9o de Beno\u00eet Broisat\u00a0; un voyage spirituel, comme dans l\u2019animation de Youn\u00e8s Rahmoun\u00a0; ou des images qui r\u00e9apparaissent des ann\u00e9es plus tard, rappelant des moments d\u2019insouciance oubli\u00e9s dans la vid\u00e9o de Joana Hadjithomas &amp; Khalil Joreige.<\/p>\n<p class=\"textbox\" dir=\"ltr\"><em>\u0152uvres de Mathieu Kleyebe Abonnenc, Sylvie Auvray, Nina Beier &amp; Marie Lund, Beno\u00eet Broisat, Pat Bruder, Hassan Darsi, Julien Discrit, Jo\u00ebl Ducorroy, Bernard Faucon, Mario Garc\u00eda Torres, Marco Godinho, S\u00e9bastien Gouju, Jean-Michel Hannecart, Joana Hadjithomas &amp; Khalil Joreige, Nick Mauss, Emilie Pitoiset, Youn\u00e8s Rahmoun, David Renaud, Apichatpong Weerasethakul, venant des collections des trois Frac du Grand Est.<\/em><\/p>\n<p><strong><a href=\"https:\/\/www.dropbox.com\/s\/vjmsw7f0si8gu6z\/MUMO2_TresorsCommuns_LivretExpo.pdf?dl=0\" target=\"_blank\" rel=\"noopener\">Consulter le livret de l&rsquo;exposition<\/a><\/strong><\/p>\n<p>&nbsp;<\/p>\n<p><strong>Horaires :<\/strong><\/p>\n<ul>\n<li>lundi 6 ao\u00fbt, de 16h30 \u00e0 18h ;<\/li>\n<li>mardi 7 ao\u00fbt, de 16h30 \u00e0 18h ;<\/li>\n<li>jeudi 9 ao\u00fbt, de 16h30 \u00e0 18h ;<\/li>\n<li>vendredi 10 ao\u00fbt, de 16h30 \u00e0 18h30.<\/li>\n<\/ul>\n<p><em>Exposition des enfants le vendredi 10 ao\u00fbt, de 16h30 \u00e0 18h30.<\/em><\/p>\n<p>&nbsp;<\/p>\n<p><strong>Adresse :<br \/>\n<\/strong>ODCVL La Mauselaine<br \/>\n25, chemin du Rond Faing<br \/>\n88400 G\u00e9rardmer<\/p>\n","protected":false},"excerpt":{"rendered":"<p>Du 6 au 10 ao\u00fbt, un camion pas comme les autres s&rsquo;installera \u00e0 La Mauselaine, \u00e0 G\u00e9rardmer, pour quatre apr\u00e8s-midis [&hellip;]<\/p>\n","protected":false},"author":227,"featured_media":35780,"comment_status":"open","ping_status":"open","sticky":false,"template":"","format":"standard","meta":{"footnotes":""},"categories":[20,4,25],"tags":[105,3741,3742],"class_list":["post-35779","post","type-post","status-publish","format-standard","has-post-thumbnail","hentry","category-a-la-une","category-culture","category-gerardmer","tag-exposition-gerardmer","tag-mumo","tag-mumomumo"],"acf":[],"yoast_head":"<!-- This site is optimized with the Yoast SEO plugin v22.5 - https:\/\/yoast.com\/wordpress\/plugins\/seo\/ -->\n<title>Le MuMo 2 arrive \u00e0 G\u00e9rardmer - Gerardmer Info<\/title>\n<meta name=\"robots\" content=\"index, follow, max-snippet:-1, max-image-preview:large, max-video-preview:-1\" \/>\n<link rel=\"canonical\" href=\"https:\/\/vosgesinfo.fr\/gerardmerinfo\/2018\/08\/mumo-2-arrive-a-gerardmer\/\" \/>\n<meta name=\"twitter:card\" content=\"summary_large_image\" \/>\n<meta name=\"twitter:title\" content=\"Le MuMo 2 arrive \u00e0 G\u00e9rardmer - Gerardmer Info\" \/>\n<meta name=\"twitter:description\" content=\"Du 6 au 10 ao\u00fbt, un camion pas comme les autres s&rsquo;installera \u00e0 La Mauselaine, \u00e0 G\u00e9rardmer, pour quatre apr\u00e8s-midis [&hellip;]\" \/>\n<meta name=\"twitter:image\" content=\"https:\/\/vosgesinfo.fr\/app\/uploads\/sites\/6\/2024\/07\/201807camion-mumo.jpg\" \/>\n<meta name=\"twitter:creator\" content=\"@VosgesInfo88\" \/>\n<meta name=\"twitter:site\" content=\"@VosgesInfo88\" \/>\n<meta name=\"twitter:label1\" content=\"\u00c9crit par\" \/>\n\t<meta name=\"twitter:data1\" content=\"Eric Magriau\" \/>\n\t<meta name=\"twitter:label2\" content=\"Dur\u00e9e de lecture estim\u00e9e\" \/>\n\t<meta name=\"twitter:data2\" content=\"2 minutes\" \/>\n<script type=\"application\/ld+json\" class=\"yoast-schema-graph\">{\"@context\":\"https:\/\/schema.org\",\"@graph\":[{\"@type\":\"Article\",\"@id\":\"https:\/\/vosgesinfo.fr\/gerardmerinfo\/2018\/08\/mumo-2-arrive-a-gerardmer\/#article\",\"isPartOf\":{\"@id\":\"https:\/\/vosgesinfo.fr\/gerardmerinfo\/2018\/08\/mumo-2-arrive-a-gerardmer\/\"},\"author\":{\"name\":\"Eric Magriau\",\"@id\":\"https:\/\/vosgesinfo.fr\/gerardmerinfo\/#\/schema\/person\/ae81beb78d40aef18a0e6bbef4beb099\"},\"headline\":\"Le MuMo 2 arrive \u00e0 G\u00e9rardmer\",\"datePublished\":\"2018-08-06T12:47:32+00:00\",\"dateModified\":\"2018-08-06T12:47:32+00:00\",\"mainEntityOfPage\":{\"@id\":\"https:\/\/vosgesinfo.fr\/gerardmerinfo\/2018\/08\/mumo-2-arrive-a-gerardmer\/\"},\"wordCount\":417,\"commentCount\":0,\"publisher\":{\"@id\":\"https:\/\/vosgesinfo.fr\/gerardmerinfo\/#organization\"},\"image\":{\"@id\":\"https:\/\/vosgesinfo.fr\/gerardmerinfo\/2018\/08\/mumo-2-arrive-a-gerardmer\/#primaryimage\"},\"thumbnailUrl\":\"https:\/\/vosgesinfo.fr\/app\/uploads\/sites\/6\/2024\/07\/201807camion-mumo.jpg\",\"keywords\":[\"Exposition G\u00e9rardmer\",\"MuMo\",\"MumoMumo\"],\"articleSection\":[\"A la une\",\"Culture\",\"G\u00e9rardmer\"],\"inLanguage\":\"fr-FR\",\"potentialAction\":[{\"@type\":\"CommentAction\",\"name\":\"Comment\",\"target\":[\"https:\/\/vosgesinfo.fr\/gerardmerinfo\/2018\/08\/mumo-2-arrive-a-gerardmer\/#respond\"]}]},{\"@type\":\"WebPage\",\"@id\":\"https:\/\/vosgesinfo.fr\/gerardmerinfo\/2018\/08\/mumo-2-arrive-a-gerardmer\/\",\"url\":\"https:\/\/vosgesinfo.fr\/gerardmerinfo\/2018\/08\/mumo-2-arrive-a-gerardmer\/\",\"name\":\"Le MuMo 2 arrive \u00e0 G\u00e9rardmer - Gerardmer Info\",\"isPartOf\":{\"@id\":\"https:\/\/vosgesinfo.fr\/gerardmerinfo\/#website\"},\"primaryImageOfPage\":{\"@id\":\"https:\/\/vosgesinfo.fr\/gerardmerinfo\/2018\/08\/mumo-2-arrive-a-gerardmer\/#primaryimage\"},\"image\":{\"@id\":\"https:\/\/vosgesinfo.fr\/gerardmerinfo\/2018\/08\/mumo-2-arrive-a-gerardmer\/#primaryimage\"},\"thumbnailUrl\":\"https:\/\/vosgesinfo.fr\/app\/uploads\/sites\/6\/2024\/07\/201807camion-mumo.jpg\",\"datePublished\":\"2018-08-06T12:47:32+00:00\",\"dateModified\":\"2018-08-06T12:47:32+00:00\",\"breadcrumb\":{\"@id\":\"https:\/\/vosgesinfo.fr\/gerardmerinfo\/2018\/08\/mumo-2-arrive-a-gerardmer\/#breadcrumb\"},\"inLanguage\":\"fr-FR\",\"potentialAction\":[{\"@type\":\"ReadAction\",\"target\":[\"https:\/\/vosgesinfo.fr\/gerardmerinfo\/2018\/08\/mumo-2-arrive-a-gerardmer\/\"]}]},{\"@type\":\"ImageObject\",\"inLanguage\":\"fr-FR\",\"@id\":\"https:\/\/vosgesinfo.fr\/gerardmerinfo\/2018\/08\/mumo-2-arrive-a-gerardmer\/#primaryimage\",\"url\":\"https:\/\/vosgesinfo.fr\/app\/uploads\/sites\/6\/2024\/07\/201807camion-mumo.jpg\",\"contentUrl\":\"https:\/\/vosgesinfo.fr\/app\/uploads\/sites\/6\/2024\/07\/201807camion-mumo.jpg\",\"width\":800,\"height\":525},{\"@type\":\"BreadcrumbList\",\"@id\":\"https:\/\/vosgesinfo.fr\/gerardmerinfo\/2018\/08\/mumo-2-arrive-a-gerardmer\/#breadcrumb\",\"itemListElement\":[{\"@type\":\"ListItem\",\"position\":1,\"name\":\"Home\",\"item\":\"https:\/\/vosgesinfo.fr\/gerardmerinfo\/\"},{\"@type\":\"ListItem\",\"position\":2,\"name\":\"Le MuMo 2 arrive \u00e0 G\u00e9rardmer\"}]},{\"@type\":\"WebSite\",\"@id\":\"https:\/\/vosgesinfo.fr\/gerardmerinfo\/#website\",\"url\":\"https:\/\/vosgesinfo.fr\/gerardmerinfo\/\",\"name\":\"Gerardmer Info\",\"description\":\"Toute l&#039;actualit\u00e9 de G\u00e9rardmer\",\"publisher\":{\"@id\":\"https:\/\/vosgesinfo.fr\/gerardmerinfo\/#organization\"},\"alternateName\":\"Toute l'actualit\u00e9 de G\u00e9rardmer\",\"potentialAction\":[{\"@type\":\"SearchAction\",\"target\":{\"@type\":\"EntryPoint\",\"urlTemplate\":\"https:\/\/vosgesinfo.fr\/gerardmerinfo\/?s={search_term_string}\"},\"query-input\":\"required name=search_term_string\"}],\"inLanguage\":\"fr-FR\"},{\"@type\":\"Organization\",\"@id\":\"https:\/\/vosgesinfo.fr\/gerardmerinfo\/#organization\",\"name\":\"Gerardmer Info\",\"url\":\"https:\/\/vosgesinfo.fr\/gerardmerinfo\/\",\"logo\":{\"@type\":\"ImageObject\",\"inLanguage\":\"fr-FR\",\"@id\":\"https:\/\/vosgesinfo.fr\/gerardmerinfo\/#\/schema\/logo\/image\/\",\"url\":\"https:\/\/vosgesinfo.fr\/app\/uploads\/sites\/6\/2023\/08\/favicon-gerardmerinfo.png\",\"contentUrl\":\"https:\/\/vosgesinfo.fr\/app\/uploads\/sites\/6\/2023\/08\/favicon-gerardmerinfo.png\",\"width\":512,\"height\":512,\"caption\":\"Gerardmer Info\"},\"image\":{\"@id\":\"https:\/\/vosgesinfo.fr\/gerardmerinfo\/#\/schema\/logo\/image\/\"},\"sameAs\":[\"https:\/\/www.facebook.com\/profile.php?id=100049475262660\",\"https:\/\/x.com\/VosgesInfo88\",\"https:\/\/www.youtube.com\/@vosgesinfo\"]},{\"@type\":\"Person\",\"@id\":\"https:\/\/vosgesinfo.fr\/gerardmerinfo\/#\/schema\/person\/ae81beb78d40aef18a0e6bbef4beb099\",\"name\":\"Eric Magriau\",\"image\":{\"@type\":\"ImageObject\",\"inLanguage\":\"fr-FR\",\"@id\":\"https:\/\/vosgesinfo.fr\/gerardmerinfo\/#\/schema\/person\/image\/\",\"url\":\"https:\/\/secure.gravatar.com\/avatar\/8961158d9672d7d21e3214006f2f6d72dc7da4e85480be3eed41d475031e796a?s=96&d=mm&r=g\",\"contentUrl\":\"https:\/\/secure.gravatar.com\/avatar\/8961158d9672d7d21e3214006f2f6d72dc7da4e85480be3eed41d475031e796a?s=96&d=mm&r=g\",\"caption\":\"Eric Magriau\"},\"url\":\"https:\/\/vosgesinfo.fr\/gerardmerinfo\/author\/eric-magriau\/\"}]}<\/script>\n<!-- \/ Yoast SEO plugin. -->","yoast_head_json":{"title":"Le MuMo 2 arrive \u00e0 G\u00e9rardmer - Gerardmer Info","robots":{"index":"index","follow":"follow","max-snippet":"max-snippet:-1","max-image-preview":"max-image-preview:large","max-video-preview":"max-video-preview:-1"},"canonical":"https:\/\/vosgesinfo.fr\/gerardmerinfo\/2018\/08\/mumo-2-arrive-a-gerardmer\/","twitter_card":"summary_large_image","twitter_title":"Le MuMo 2 arrive \u00e0 G\u00e9rardmer - Gerardmer Info","twitter_description":"Du 6 au 10 ao\u00fbt, un camion pas comme les autres s&rsquo;installera \u00e0 La Mauselaine, \u00e0 G\u00e9rardmer, pour quatre apr\u00e8s-midis [&hellip;]","twitter_image":"https:\/\/vosgesinfo.fr\/app\/uploads\/sites\/6\/2024\/07\/201807camion-mumo.jpg","twitter_creator":"@VosgesInfo88","twitter_site":"@VosgesInfo88","twitter_misc":{"\u00c9crit par":"Eric Magriau","Dur\u00e9e de lecture estim\u00e9e":"2 minutes"},"schema":{"@context":"https:\/\/schema.org","@graph":[{"@type":"Article","@id":"https:\/\/vosgesinfo.fr\/gerardmerinfo\/2018\/08\/mumo-2-arrive-a-gerardmer\/#article","isPartOf":{"@id":"https:\/\/vosgesinfo.fr\/gerardmerinfo\/2018\/08\/mumo-2-arrive-a-gerardmer\/"},"author":{"name":"Eric Magriau","@id":"https:\/\/vosgesinfo.fr\/gerardmerinfo\/#\/schema\/person\/ae81beb78d40aef18a0e6bbef4beb099"},"headline":"Le MuMo 2 arrive \u00e0 G\u00e9rardmer","datePublished":"2018-08-06T12:47:32+00:00","dateModified":"2018-08-06T12:47:32+00:00","mainEntityOfPage":{"@id":"https:\/\/vosgesinfo.fr\/gerardmerinfo\/2018\/08\/mumo-2-arrive-a-gerardmer\/"},"wordCount":417,"commentCount":0,"publisher":{"@id":"https:\/\/vosgesinfo.fr\/gerardmerinfo\/#organization"},"image":{"@id":"https:\/\/vosgesinfo.fr\/gerardmerinfo\/2018\/08\/mumo-2-arrive-a-gerardmer\/#primaryimage"},"thumbnailUrl":"https:\/\/vosgesinfo.fr\/app\/uploads\/sites\/6\/2024\/07\/201807camion-mumo.jpg","keywords":["Exposition G\u00e9rardmer","MuMo","MumoMumo"],"articleSection":["A la une","Culture","G\u00e9rardmer"],"inLanguage":"fr-FR","potentialAction":[{"@type":"CommentAction","name":"Comment","target":["https:\/\/vosgesinfo.fr\/gerardmerinfo\/2018\/08\/mumo-2-arrive-a-gerardmer\/#respond"]}]},{"@type":"WebPage","@id":"https:\/\/vosgesinfo.fr\/gerardmerinfo\/2018\/08\/mumo-2-arrive-a-gerardmer\/","url":"https:\/\/vosgesinfo.fr\/gerardmerinfo\/2018\/08\/mumo-2-arrive-a-gerardmer\/","name":"Le MuMo 2 arrive \u00e0 G\u00e9rardmer - Gerardmer Info","isPartOf":{"@id":"https:\/\/vosgesinfo.fr\/gerardmerinfo\/#website"},"primaryImageOfPage":{"@id":"https:\/\/vosgesinfo.fr\/gerardmerinfo\/2018\/08\/mumo-2-arrive-a-gerardmer\/#primaryimage"},"image":{"@id":"https:\/\/vosgesinfo.fr\/gerardmerinfo\/2018\/08\/mumo-2-arrive-a-gerardmer\/#primaryimage"},"thumbnailUrl":"https:\/\/vosgesinfo.fr\/app\/uploads\/sites\/6\/2024\/07\/201807camion-mumo.jpg","datePublished":"2018-08-06T12:47:32+00:00","dateModified":"2018-08-06T12:47:32+00:00","breadcrumb":{"@id":"https:\/\/vosgesinfo.fr\/gerardmerinfo\/2018\/08\/mumo-2-arrive-a-gerardmer\/#breadcrumb"},"inLanguage":"fr-FR","potentialAction":[{"@type":"ReadAction","target":["https:\/\/vosgesinfo.fr\/gerardmerinfo\/2018\/08\/mumo-2-arrive-a-gerardmer\/"]}]},{"@type":"ImageObject","inLanguage":"fr-FR","@id":"https:\/\/vosgesinfo.fr\/gerardmerinfo\/2018\/08\/mumo-2-arrive-a-gerardmer\/#primaryimage","url":"https:\/\/vosgesinfo.fr\/app\/uploads\/sites\/6\/2024\/07\/201807camion-mumo.jpg","contentUrl":"https:\/\/vosgesinfo.fr\/app\/uploads\/sites\/6\/2024\/07\/201807camion-mumo.jpg","width":800,"height":525},{"@type":"BreadcrumbList","@id":"https:\/\/vosgesinfo.fr\/gerardmerinfo\/2018\/08\/mumo-2-arrive-a-gerardmer\/#breadcrumb","itemListElement":[{"@type":"ListItem","position":1,"name":"Home","item":"https:\/\/vosgesinfo.fr\/gerardmerinfo\/"},{"@type":"ListItem","position":2,"name":"Le MuMo 2 arrive \u00e0 G\u00e9rardmer"}]},{"@type":"WebSite","@id":"https:\/\/vosgesinfo.fr\/gerardmerinfo\/#website","url":"https:\/\/vosgesinfo.fr\/gerardmerinfo\/","name":"Gerardmer Info","description":"Toute l&#039;actualit\u00e9 de G\u00e9rardmer","publisher":{"@id":"https:\/\/vosgesinfo.fr\/gerardmerinfo\/#organization"},"alternateName":"Toute l'actualit\u00e9 de G\u00e9rardmer","potentialAction":[{"@type":"SearchAction","target":{"@type":"EntryPoint","urlTemplate":"https:\/\/vosgesinfo.fr\/gerardmerinfo\/?s={search_term_string}"},"query-input":"required name=search_term_string"}],"inLanguage":"fr-FR"},{"@type":"Organization","@id":"https:\/\/vosgesinfo.fr\/gerardmerinfo\/#organization","name":"Gerardmer Info","url":"https:\/\/vosgesinfo.fr\/gerardmerinfo\/","logo":{"@type":"ImageObject","inLanguage":"fr-FR","@id":"https:\/\/vosgesinfo.fr\/gerardmerinfo\/#\/schema\/logo\/image\/","url":"https:\/\/vosgesinfo.fr\/app\/uploads\/sites\/6\/2023\/08\/favicon-gerardmerinfo.png","contentUrl":"https:\/\/vosgesinfo.fr\/app\/uploads\/sites\/6\/2023\/08\/favicon-gerardmerinfo.png","width":512,"height":512,"caption":"Gerardmer Info"},"image":{"@id":"https:\/\/vosgesinfo.fr\/gerardmerinfo\/#\/schema\/logo\/image\/"},"sameAs":["https:\/\/www.facebook.com\/profile.php?id=100049475262660","https:\/\/x.com\/VosgesInfo88","https:\/\/www.youtube.com\/@vosgesinfo"]},{"@type":"Person","@id":"https:\/\/vosgesinfo.fr\/gerardmerinfo\/#\/schema\/person\/ae81beb78d40aef18a0e6bbef4beb099","name":"Eric Magriau","image":{"@type":"ImageObject","inLanguage":"fr-FR","@id":"https:\/\/vosgesinfo.fr\/gerardmerinfo\/#\/schema\/person\/image\/","url":"https:\/\/secure.gravatar.com\/avatar\/8961158d9672d7d21e3214006f2f6d72dc7da4e85480be3eed41d475031e796a?s=96&d=mm&r=g","contentUrl":"https:\/\/secure.gravatar.com\/avatar\/8961158d9672d7d21e3214006f2f6d72dc7da4e85480be3eed41d475031e796a?s=96&d=mm&r=g","caption":"Eric Magriau"},"url":"https:\/\/vosgesinfo.fr\/gerardmerinfo\/author\/eric-magriau\/"}]}},"_links":{"self":[{"href":"https:\/\/vosgesinfo.fr\/gerardmerinfo\/wp-json\/wp\/v2\/posts\/35779","targetHints":{"allow":["GET"]}}],"collection":[{"href":"https:\/\/vosgesinfo.fr\/gerardmerinfo\/wp-json\/wp\/v2\/posts"}],"about":[{"href":"https:\/\/vosgesinfo.fr\/gerardmerinfo\/wp-json\/wp\/v2\/types\/post"}],"author":[{"embeddable":true,"href":"https:\/\/vosgesinfo.fr\/gerardmerinfo\/wp-json\/wp\/v2\/users\/227"}],"replies":[{"embeddable":true,"href":"https:\/\/vosgesinfo.fr\/gerardmerinfo\/wp-json\/wp\/v2\/comments?post=35779"}],"version-history":[{"count":0,"href":"https:\/\/vosgesinfo.fr\/gerardmerinfo\/wp-json\/wp\/v2\/posts\/35779\/revisions"}],"wp:featuredmedia":[{"embeddable":true,"href":"https:\/\/vosgesinfo.fr\/gerardmerinfo\/wp-json\/wp\/v2\/media\/35780"}],"wp:attachment":[{"href":"https:\/\/vosgesinfo.fr\/gerardmerinfo\/wp-json\/wp\/v2\/media?parent=35779"}],"wp:term":[{"taxonomy":"category","embeddable":true,"href":"https:\/\/vosgesinfo.fr\/gerardmerinfo\/wp-json\/wp\/v2\/categories?post=35779"},{"taxonomy":"post_tag","embeddable":true,"href":"https:\/\/vosgesinfo.fr\/gerardmerinfo\/wp-json\/wp\/v2\/tags?post=35779"}],"curies":[{"name":"wp","href":"https:\/\/api.w.org\/{rel}","templated":true}]}}