{"id":35869,"date":"2018-08-05T16:21:43","date_gmt":"2018-08-05T14:21:43","guid":{"rendered":"https:\/\/vosgesinfo.fr\/gerardmerinfo\/2018\/08\/environ-650-coureurs-aux-foulees-de-longemer\/"},"modified":"2018-08-05T16:21:43","modified_gmt":"2018-08-05T14:21:43","slug":"environ-650-coureurs-aux-foulees-de-longemer","status":"publish","type":"post","link":"https:\/\/vosgesinfo.fr\/gerardmerinfo\/2018\/08\/environ-650-coureurs-aux-foulees-de-longemer\/","title":{"rendered":"Environ 650 coureurs aux Foul\u00e9es de Longemer"},"content":{"rendered":"<p><span style=\"font-size: 14pt;\"><a href=\"http:\/\/gerardmerinfo.fr\/2018\/08\/environ-650-coureurs-aux-foulees-de-longemer\/p1110742\/\" rel=\"attachment wp-att-132239\"><img decoding=\"async\" class=\"aligncenter size-full wp-image-132239\" src=\"\/2018\/08\/P1110742.jpg\" alt=\"P1110742\" width=\"800\" height=\"600\" \/><\/a><span style=\"color: #333333;\">Avec un 1er d\u00e9part \u00e0 9h30 pour participer aux Foul\u00e9es de Longemer, mieux vaut se coucher t\u00f4t la veille et \u00e9viter les exc\u00e8s&#8230;.Forc\u00e9ment on ne peut compter que sur soi-m\u00eame&#8230;pour bien figurer ou tout simplement faire partie de la foule des participants\u00a0 \u00e0 l&rsquo;\u00e9preuve organis\u00e9e par Athl\u00e8 Vosges\u00a0 dont le pr\u00e9sident de la section locale n&rsquo;est autre que Michel Lavest.<\/span><\/span><\/p>\n<p class=\"x_x_Standard\"><span style=\"font-size: 14pt; color: #333333;\">Environs 650 coureurs \u00e9taient au d\u00e9part dont 450 sur le 10 km Handisports et 10 km homologu\u00e9 label r\u00e9gional FFA. La particularit\u00e9 de l&rsquo;\u00e9preuve est de m\u00e9langer \u00e9lite de la course \u00e0 pied, joggeurs aguerris, athl\u00e8tes du dimanche et handisports. Un joli\u00a0<i><b>Melting pot<\/b><\/i> symbolisant par m\u00e9taphore\u00a0 une soci\u00e9t\u00e9 devenant homog\u00e8ne et universelle, pr\u00f4n\u00e9e par\u00a0 Michel Lavest d\u00e8s lors qu&rsquo;il est aux manettes d&rsquo;une manifestation sportive de surcro\u00eet.<br \/>\n<\/span><\/p>\n<p class=\"x_x_Standard\"><span style=\"font-size: 14pt; color: #333333;\">Les Foul\u00e9es de Longemer sont donc par d\u00e9finition une \u00e9preuve de masse o\u00f9 tout le monde a sa place sans discrimination, sans posture de soci\u00e9t\u00e9. Que dire d&rsquo;autre que Abd\u00e9lilah Cherkaoui \u00e0 remporter l\u2019\u00e9preuve des as, mais l&rsquo;essentiel est bien de participer dixit le baron de Coubertin. De communier avec la nature toute proche, mais aussi avec son corps. Encore un essai, s&rsquo;il en est, transform\u00e9 apr\u00e8s l&rsquo;organisation de la 31\u00e8me \u00e9dition. Comme le temps passe !<\/span><\/p>\n<p class=\"x_x_Standard\"><strong>Tous les r\u00e9sultats\u00a0 : <span style=\"color: #0000ff;\"><a style=\"color: #0000ff;\" href=\"http:\/\/gerardmerinfo.fr\/2018\/08\/environ-650-coureurs-aux-foulees-de-longemer\/resultats-competition-foulees-2018\/\" rel=\"attachment wp-att-132263\">resultats competition foulees 2018<\/a><\/span><br \/>\n<\/strong><\/p>\n\n<p class=\"x_x_Standard\">\n","protected":false},"excerpt":{"rendered":"<p>Avec un 1er d\u00e9part \u00e0 9h30 pour participer aux Foul\u00e9es de Longemer, mieux vaut se coucher t\u00f4t la veille et [&hellip;]<\/p>\n","protected":false},"author":1,"featured_media":35870,"comment_status":"open","ping_status":"open","sticky":false,"template":"","format":"standard","meta":{"footnotes":""},"categories":[20,14],"tags":[70],"class_list":["post-35869","post","type-post","status-publish","format-standard","has-post-thumbnail","hentry","category-a-la-une","category-sport","tag-foulees-de-longemer"],"acf":[],"yoast_head":"<!-- This site is optimized with the Yoast SEO plugin v22.5 - https:\/\/yoast.com\/wordpress\/plugins\/seo\/ -->\n<title>Environ 650 coureurs aux Foul\u00e9es de Longemer - Gerardmer Info<\/title>\n<meta name=\"robots\" content=\"index, follow, max-snippet:-1, max-image-preview:large, max-video-preview:-1\" \/>\n<link rel=\"canonical\" href=\"https:\/\/vosgesinfo.fr\/gerardmerinfo\/2018\/08\/environ-650-coureurs-aux-foulees-de-longemer\/\" \/>\n<meta name=\"twitter:card\" content=\"summary_large_image\" \/>\n<meta name=\"twitter:title\" content=\"Environ 650 coureurs aux Foul\u00e9es de Longemer - Gerardmer Info\" \/>\n<meta name=\"twitter:description\" content=\"Avec un 1er d\u00e9part \u00e0 9h30 pour participer aux Foul\u00e9es de Longemer, mieux vaut se coucher t\u00f4t la veille et [&hellip;]\" \/>\n<meta name=\"twitter:image\" content=\"https:\/\/vosgesinfo.fr\/app\/uploads\/sites\/6\/2024\/07\/201808p1110741.jpg\" \/>\n<meta name=\"twitter:creator\" content=\"@VosgesInfo88\" \/>\n<meta name=\"twitter:site\" content=\"@VosgesInfo88\" \/>\n<meta name=\"twitter:label1\" content=\"\u00c9crit par\" \/>\n\t<meta name=\"twitter:data1\" content=\"qs_admin\" \/>\n\t<meta name=\"twitter:label2\" content=\"Dur\u00e9e de lecture estim\u00e9e\" \/>\n\t<meta name=\"twitter:data2\" content=\"1 minute\" \/>\n<script type=\"application\/ld+json\" class=\"yoast-schema-graph\">{\"@context\":\"https:\/\/schema.org\",\"@graph\":[{\"@type\":\"Article\",\"@id\":\"https:\/\/vosgesinfo.fr\/gerardmerinfo\/2018\/08\/environ-650-coureurs-aux-foulees-de-longemer\/#article\",\"isPartOf\":{\"@id\":\"https:\/\/vosgesinfo.fr\/gerardmerinfo\/2018\/08\/environ-650-coureurs-aux-foulees-de-longemer\/\"},\"author\":{\"name\":\"qs_admin\",\"@id\":\"https:\/\/vosgesinfo.fr\/gerardmerinfo\/#\/schema\/person\/bc5d02d71e6932e81b6dadb7386667b1\"},\"headline\":\"Environ 650 coureurs aux Foul\u00e9es de Longemer\",\"datePublished\":\"2018-08-05T14:21:43+00:00\",\"dateModified\":\"2018-08-05T14:21:43+00:00\",\"mainEntityOfPage\":{\"@id\":\"https:\/\/vosgesinfo.fr\/gerardmerinfo\/2018\/08\/environ-650-coureurs-aux-foulees-de-longemer\/\"},\"wordCount\":256,\"commentCount\":0,\"publisher\":{\"@id\":\"https:\/\/vosgesinfo.fr\/gerardmerinfo\/#organization\"},\"image\":{\"@id\":\"https:\/\/vosgesinfo.fr\/gerardmerinfo\/2018\/08\/environ-650-coureurs-aux-foulees-de-longemer\/#primaryimage\"},\"thumbnailUrl\":\"https:\/\/vosgesinfo.fr\/app\/uploads\/sites\/6\/2024\/07\/201808p1110741.jpg\",\"keywords\":[\"foul\u00e9es de longemer\"],\"articleSection\":[\"A la une\",\"Sport\"],\"inLanguage\":\"fr-FR\",\"potentialAction\":[{\"@type\":\"CommentAction\",\"name\":\"Comment\",\"target\":[\"https:\/\/vosgesinfo.fr\/gerardmerinfo\/2018\/08\/environ-650-coureurs-aux-foulees-de-longemer\/#respond\"]}]},{\"@type\":\"WebPage\",\"@id\":\"https:\/\/vosgesinfo.fr\/gerardmerinfo\/2018\/08\/environ-650-coureurs-aux-foulees-de-longemer\/\",\"url\":\"https:\/\/vosgesinfo.fr\/gerardmerinfo\/2018\/08\/environ-650-coureurs-aux-foulees-de-longemer\/\",\"name\":\"Environ 650 coureurs aux Foul\u00e9es de Longemer - Gerardmer Info\",\"isPartOf\":{\"@id\":\"https:\/\/vosgesinfo.fr\/gerardmerinfo\/#website\"},\"primaryImageOfPage\":{\"@id\":\"https:\/\/vosgesinfo.fr\/gerardmerinfo\/2018\/08\/environ-650-coureurs-aux-foulees-de-longemer\/#primaryimage\"},\"image\":{\"@id\":\"https:\/\/vosgesinfo.fr\/gerardmerinfo\/2018\/08\/environ-650-coureurs-aux-foulees-de-longemer\/#primaryimage\"},\"thumbnailUrl\":\"https:\/\/vosgesinfo.fr\/app\/uploads\/sites\/6\/2024\/07\/201808p1110741.jpg\",\"datePublished\":\"2018-08-05T14:21:43+00:00\",\"dateModified\":\"2018-08-05T14:21:43+00:00\",\"breadcrumb\":{\"@id\":\"https:\/\/vosgesinfo.fr\/gerardmerinfo\/2018\/08\/environ-650-coureurs-aux-foulees-de-longemer\/#breadcrumb\"},\"inLanguage\":\"fr-FR\",\"potentialAction\":[{\"@type\":\"ReadAction\",\"target\":[\"https:\/\/vosgesinfo.fr\/gerardmerinfo\/2018\/08\/environ-650-coureurs-aux-foulees-de-longemer\/\"]}]},{\"@type\":\"ImageObject\",\"inLanguage\":\"fr-FR\",\"@id\":\"https:\/\/vosgesinfo.fr\/gerardmerinfo\/2018\/08\/environ-650-coureurs-aux-foulees-de-longemer\/#primaryimage\",\"url\":\"https:\/\/vosgesinfo.fr\/app\/uploads\/sites\/6\/2024\/07\/201808p1110741.jpg\",\"contentUrl\":\"https:\/\/vosgesinfo.fr\/app\/uploads\/sites\/6\/2024\/07\/201808p1110741.jpg\",\"width\":800,\"height\":600},{\"@type\":\"BreadcrumbList\",\"@id\":\"https:\/\/vosgesinfo.fr\/gerardmerinfo\/2018\/08\/environ-650-coureurs-aux-foulees-de-longemer\/#breadcrumb\",\"itemListElement\":[{\"@type\":\"ListItem\",\"position\":1,\"name\":\"Home\",\"item\":\"https:\/\/vosgesinfo.fr\/gerardmerinfo\/\"},{\"@type\":\"ListItem\",\"position\":2,\"name\":\"Environ 650 coureurs aux Foul\u00e9es de Longemer\"}]},{\"@type\":\"WebSite\",\"@id\":\"https:\/\/vosgesinfo.fr\/gerardmerinfo\/#website\",\"url\":\"https:\/\/vosgesinfo.fr\/gerardmerinfo\/\",\"name\":\"Gerardmer Info\",\"description\":\"Toute l&#039;actualit\u00e9 de G\u00e9rardmer\",\"publisher\":{\"@id\":\"https:\/\/vosgesinfo.fr\/gerardmerinfo\/#organization\"},\"alternateName\":\"Toute l'actualit\u00e9 de G\u00e9rardmer\",\"potentialAction\":[{\"@type\":\"SearchAction\",\"target\":{\"@type\":\"EntryPoint\",\"urlTemplate\":\"https:\/\/vosgesinfo.fr\/gerardmerinfo\/?s={search_term_string}\"},\"query-input\":\"required name=search_term_string\"}],\"inLanguage\":\"fr-FR\"},{\"@type\":\"Organization\",\"@id\":\"https:\/\/vosgesinfo.fr\/gerardmerinfo\/#organization\",\"name\":\"Gerardmer Info\",\"url\":\"https:\/\/vosgesinfo.fr\/gerardmerinfo\/\",\"logo\":{\"@type\":\"ImageObject\",\"inLanguage\":\"fr-FR\",\"@id\":\"https:\/\/vosgesinfo.fr\/gerardmerinfo\/#\/schema\/logo\/image\/\",\"url\":\"https:\/\/vosgesinfo.fr\/app\/uploads\/sites\/6\/2023\/08\/favicon-gerardmerinfo.png\",\"contentUrl\":\"https:\/\/vosgesinfo.fr\/app\/uploads\/sites\/6\/2023\/08\/favicon-gerardmerinfo.png\",\"width\":512,\"height\":512,\"caption\":\"Gerardmer Info\"},\"image\":{\"@id\":\"https:\/\/vosgesinfo.fr\/gerardmerinfo\/#\/schema\/logo\/image\/\"},\"sameAs\":[\"https:\/\/www.facebook.com\/profile.php?id=100049475262660\",\"https:\/\/x.com\/VosgesInfo88\",\"https:\/\/www.youtube.com\/@vosgesinfo\"]},{\"@type\":\"Person\",\"@id\":\"https:\/\/vosgesinfo.fr\/gerardmerinfo\/#\/schema\/person\/bc5d02d71e6932e81b6dadb7386667b1\",\"name\":\"qs_admin\",\"image\":{\"@type\":\"ImageObject\",\"inLanguage\":\"fr-FR\",\"@id\":\"https:\/\/vosgesinfo.fr\/gerardmerinfo\/#\/schema\/person\/image\/\",\"url\":\"https:\/\/secure.gravatar.com\/avatar\/94b18ee0ed79e4a42ea2f2931277b6841a8999fc6fde214600c78057cf1fe1de?s=96&d=mm&r=g\",\"contentUrl\":\"https:\/\/secure.gravatar.com\/avatar\/94b18ee0ed79e4a42ea2f2931277b6841a8999fc6fde214600c78057cf1fe1de?s=96&d=mm&r=g\",\"caption\":\"qs_admin\"},\"sameAs\":[\"https:\/\/vosgesinfo.fr\/wp\"],\"url\":\"https:\/\/vosgesinfo.fr\/gerardmerinfo\/author\/qs_admin\/\"}]}<\/script>\n<!-- \/ Yoast SEO plugin. -->","yoast_head_json":{"title":"Environ 650 coureurs aux Foul\u00e9es de Longemer - Gerardmer Info","robots":{"index":"index","follow":"follow","max-snippet":"max-snippet:-1","max-image-preview":"max-image-preview:large","max-video-preview":"max-video-preview:-1"},"canonical":"https:\/\/vosgesinfo.fr\/gerardmerinfo\/2018\/08\/environ-650-coureurs-aux-foulees-de-longemer\/","twitter_card":"summary_large_image","twitter_title":"Environ 650 coureurs aux Foul\u00e9es de Longemer - Gerardmer Info","twitter_description":"Avec un 1er d\u00e9part \u00e0 9h30 pour participer aux Foul\u00e9es de Longemer, mieux vaut se coucher t\u00f4t la veille et [&hellip;]","twitter_image":"https:\/\/vosgesinfo.fr\/app\/uploads\/sites\/6\/2024\/07\/201808p1110741.jpg","twitter_creator":"@VosgesInfo88","twitter_site":"@VosgesInfo88","twitter_misc":{"\u00c9crit par":"qs_admin","Dur\u00e9e de lecture estim\u00e9e":"1 minute"},"schema":{"@context":"https:\/\/schema.org","@graph":[{"@type":"Article","@id":"https:\/\/vosgesinfo.fr\/gerardmerinfo\/2018\/08\/environ-650-coureurs-aux-foulees-de-longemer\/#article","isPartOf":{"@id":"https:\/\/vosgesinfo.fr\/gerardmerinfo\/2018\/08\/environ-650-coureurs-aux-foulees-de-longemer\/"},"author":{"name":"qs_admin","@id":"https:\/\/vosgesinfo.fr\/gerardmerinfo\/#\/schema\/person\/bc5d02d71e6932e81b6dadb7386667b1"},"headline":"Environ 650 coureurs aux Foul\u00e9es de Longemer","datePublished":"2018-08-05T14:21:43+00:00","dateModified":"2018-08-05T14:21:43+00:00","mainEntityOfPage":{"@id":"https:\/\/vosgesinfo.fr\/gerardmerinfo\/2018\/08\/environ-650-coureurs-aux-foulees-de-longemer\/"},"wordCount":256,"commentCount":0,"publisher":{"@id":"https:\/\/vosgesinfo.fr\/gerardmerinfo\/#organization"},"image":{"@id":"https:\/\/vosgesinfo.fr\/gerardmerinfo\/2018\/08\/environ-650-coureurs-aux-foulees-de-longemer\/#primaryimage"},"thumbnailUrl":"https:\/\/vosgesinfo.fr\/app\/uploads\/sites\/6\/2024\/07\/201808p1110741.jpg","keywords":["foul\u00e9es de longemer"],"articleSection":["A la une","Sport"],"inLanguage":"fr-FR","potentialAction":[{"@type":"CommentAction","name":"Comment","target":["https:\/\/vosgesinfo.fr\/gerardmerinfo\/2018\/08\/environ-650-coureurs-aux-foulees-de-longemer\/#respond"]}]},{"@type":"WebPage","@id":"https:\/\/vosgesinfo.fr\/gerardmerinfo\/2018\/08\/environ-650-coureurs-aux-foulees-de-longemer\/","url":"https:\/\/vosgesinfo.fr\/gerardmerinfo\/2018\/08\/environ-650-coureurs-aux-foulees-de-longemer\/","name":"Environ 650 coureurs aux Foul\u00e9es de Longemer - Gerardmer Info","isPartOf":{"@id":"https:\/\/vosgesinfo.fr\/gerardmerinfo\/#website"},"primaryImageOfPage":{"@id":"https:\/\/vosgesinfo.fr\/gerardmerinfo\/2018\/08\/environ-650-coureurs-aux-foulees-de-longemer\/#primaryimage"},"image":{"@id":"https:\/\/vosgesinfo.fr\/gerardmerinfo\/2018\/08\/environ-650-coureurs-aux-foulees-de-longemer\/#primaryimage"},"thumbnailUrl":"https:\/\/vosgesinfo.fr\/app\/uploads\/sites\/6\/2024\/07\/201808p1110741.jpg","datePublished":"2018-08-05T14:21:43+00:00","dateModified":"2018-08-05T14:21:43+00:00","breadcrumb":{"@id":"https:\/\/vosgesinfo.fr\/gerardmerinfo\/2018\/08\/environ-650-coureurs-aux-foulees-de-longemer\/#breadcrumb"},"inLanguage":"fr-FR","potentialAction":[{"@type":"ReadAction","target":["https:\/\/vosgesinfo.fr\/gerardmerinfo\/2018\/08\/environ-650-coureurs-aux-foulees-de-longemer\/"]}]},{"@type":"ImageObject","inLanguage":"fr-FR","@id":"https:\/\/vosgesinfo.fr\/gerardmerinfo\/2018\/08\/environ-650-coureurs-aux-foulees-de-longemer\/#primaryimage","url":"https:\/\/vosgesinfo.fr\/app\/uploads\/sites\/6\/2024\/07\/201808p1110741.jpg","contentUrl":"https:\/\/vosgesinfo.fr\/app\/uploads\/sites\/6\/2024\/07\/201808p1110741.jpg","width":800,"height":600},{"@type":"BreadcrumbList","@id":"https:\/\/vosgesinfo.fr\/gerardmerinfo\/2018\/08\/environ-650-coureurs-aux-foulees-de-longemer\/#breadcrumb","itemListElement":[{"@type":"ListItem","position":1,"name":"Home","item":"https:\/\/vosgesinfo.fr\/gerardmerinfo\/"},{"@type":"ListItem","position":2,"name":"Environ 650 coureurs aux Foul\u00e9es de Longemer"}]},{"@type":"WebSite","@id":"https:\/\/vosgesinfo.fr\/gerardmerinfo\/#website","url":"https:\/\/vosgesinfo.fr\/gerardmerinfo\/","name":"Gerardmer Info","description":"Toute l&#039;actualit\u00e9 de G\u00e9rardmer","publisher":{"@id":"https:\/\/vosgesinfo.fr\/gerardmerinfo\/#organization"},"alternateName":"Toute l'actualit\u00e9 de G\u00e9rardmer","potentialAction":[{"@type":"SearchAction","target":{"@type":"EntryPoint","urlTemplate":"https:\/\/vosgesinfo.fr\/gerardmerinfo\/?s={search_term_string}"},"query-input":"required name=search_term_string"}],"inLanguage":"fr-FR"},{"@type":"Organization","@id":"https:\/\/vosgesinfo.fr\/gerardmerinfo\/#organization","name":"Gerardmer Info","url":"https:\/\/vosgesinfo.fr\/gerardmerinfo\/","logo":{"@type":"ImageObject","inLanguage":"fr-FR","@id":"https:\/\/vosgesinfo.fr\/gerardmerinfo\/#\/schema\/logo\/image\/","url":"https:\/\/vosgesinfo.fr\/app\/uploads\/sites\/6\/2023\/08\/favicon-gerardmerinfo.png","contentUrl":"https:\/\/vosgesinfo.fr\/app\/uploads\/sites\/6\/2023\/08\/favicon-gerardmerinfo.png","width":512,"height":512,"caption":"Gerardmer Info"},"image":{"@id":"https:\/\/vosgesinfo.fr\/gerardmerinfo\/#\/schema\/logo\/image\/"},"sameAs":["https:\/\/www.facebook.com\/profile.php?id=100049475262660","https:\/\/x.com\/VosgesInfo88","https:\/\/www.youtube.com\/@vosgesinfo"]},{"@type":"Person","@id":"https:\/\/vosgesinfo.fr\/gerardmerinfo\/#\/schema\/person\/bc5d02d71e6932e81b6dadb7386667b1","name":"qs_admin","image":{"@type":"ImageObject","inLanguage":"fr-FR","@id":"https:\/\/vosgesinfo.fr\/gerardmerinfo\/#\/schema\/person\/image\/","url":"https:\/\/secure.gravatar.com\/avatar\/94b18ee0ed79e4a42ea2f2931277b6841a8999fc6fde214600c78057cf1fe1de?s=96&d=mm&r=g","contentUrl":"https:\/\/secure.gravatar.com\/avatar\/94b18ee0ed79e4a42ea2f2931277b6841a8999fc6fde214600c78057cf1fe1de?s=96&d=mm&r=g","caption":"qs_admin"},"sameAs":["https:\/\/vosgesinfo.fr\/wp"],"url":"https:\/\/vosgesinfo.fr\/gerardmerinfo\/author\/qs_admin\/"}]}},"_links":{"self":[{"href":"https:\/\/vosgesinfo.fr\/gerardmerinfo\/wp-json\/wp\/v2\/posts\/35869","targetHints":{"allow":["GET"]}}],"collection":[{"href":"https:\/\/vosgesinfo.fr\/gerardmerinfo\/wp-json\/wp\/v2\/posts"}],"about":[{"href":"https:\/\/vosgesinfo.fr\/gerardmerinfo\/wp-json\/wp\/v2\/types\/post"}],"author":[{"embeddable":true,"href":"https:\/\/vosgesinfo.fr\/gerardmerinfo\/wp-json\/wp\/v2\/users\/1"}],"replies":[{"embeddable":true,"href":"https:\/\/vosgesinfo.fr\/gerardmerinfo\/wp-json\/wp\/v2\/comments?post=35869"}],"version-history":[{"count":0,"href":"https:\/\/vosgesinfo.fr\/gerardmerinfo\/wp-json\/wp\/v2\/posts\/35869\/revisions"}],"wp:featuredmedia":[{"embeddable":true,"href":"https:\/\/vosgesinfo.fr\/gerardmerinfo\/wp-json\/wp\/v2\/media\/35870"}],"wp:attachment":[{"href":"https:\/\/vosgesinfo.fr\/gerardmerinfo\/wp-json\/wp\/v2\/media?parent=35869"}],"wp:term":[{"taxonomy":"category","embeddable":true,"href":"https:\/\/vosgesinfo.fr\/gerardmerinfo\/wp-json\/wp\/v2\/categories?post=35869"},{"taxonomy":"post_tag","embeddable":true,"href":"https:\/\/vosgesinfo.fr\/gerardmerinfo\/wp-json\/wp\/v2\/tags?post=35869"}],"curies":[{"name":"wp","href":"https:\/\/api.w.org\/{rel}","templated":true}]}}