{"id":35913,"date":"2018-08-06T14:20:27","date_gmt":"2018-08-06T12:20:27","guid":{"rendered":"https:\/\/vosgesinfo.fr\/gerardmerinfo\/2018\/08\/joel-robuchon-etait-saucier-a-lhotel-cosmos-de-contrexeville\/"},"modified":"2018-08-06T14:20:27","modified_gmt":"2018-08-06T12:20:27","slug":"joel-robuchon-etait-saucier-a-lhotel-cosmos-de-contrexeville","status":"publish","type":"post","link":"https:\/\/vosgesinfo.fr\/gerardmerinfo\/2018\/08\/joel-robuchon-etait-saucier-a-lhotel-cosmos-de-contrexeville\/","title":{"rendered":"Quand Jo\u00ebl Robuchon \u00e9tait saucier \u00e0 l\u2019h\u00f4tel Cosmos de Contrex\u00e9ville."},"content":{"rendered":"<p><a href=\"http:\/\/laplainedesvosgesinfo.fr\/2018\/08\/deces-chef-etoile-joel-robuchon\/joel-robuchon\/\" rel=\"attachment wp-att-132327\"><img decoding=\"async\" class=\"aligncenter size-full wp-image-132327\" src=\"\/2018\/08\/Jo\u00ebl-Robuchon.jpg\" alt=\"Jo\u00ebl-Robuchon\" width=\"350\" height=\"434\" \/><\/a>T<span style=\"font-size: 14pt;\">ous les m\u00e9dias ont fait \u00e9tat du d\u00e9c\u00e8s, ce lundi 6 ao\u00fbt, du grand chef le plus \u00e9toil\u00e9 du monde, Jo\u00ebl Robuchon, \u00e0 l\u2019\u00e2ge de 73 ans. N\u00e9 le 7 avril 1945 \u00e0 Poitier (Vienne), c\u2019est \u00e0 l\u2019\u00e2ge de 15 ans (1960), qu\u2019il se destine \u00e0 la cuisine et \u00e0 la gastronomie. Apr\u00e8s son apprentissage, il int\u00e8gre les compagnons du devoir et entreprend son tour de France. Un p\u00e9riple qui va le conduire \u00e0 Contrex\u00e9ville car en 1965 (de mai \u00e0 septembre), il est recrut\u00e9 par Raymond Perussault, alors directeur de la station thermale, comme saucier \u00e0 l\u2019h\u00f4tel Cosmos. La saison d\u2019apr\u00e8s, il sera chef de partie pour le m\u00eame \u00e9tablissement.<\/span><\/p>\n","protected":false},"excerpt":{"rendered":"<p>Tous les m\u00e9dias ont fait \u00e9tat du d\u00e9c\u00e8s, ce lundi 6 ao\u00fbt, du grand chef le plus \u00e9toil\u00e9 du monde, [&hellip;]<\/p>\n","protected":false},"author":1,"featured_media":35914,"comment_status":"open","ping_status":"open","sticky":false,"template":"","format":"standard","meta":{"footnotes":""},"categories":[20,18],"tags":[],"class_list":["post-35913","post","type-post","status-publish","format-standard","has-post-thumbnail","hentry","category-a-la-une","category-vosges"],"acf":[],"yoast_head":"<!-- This site is optimized with the Yoast SEO plugin v22.5 - https:\/\/yoast.com\/wordpress\/plugins\/seo\/ -->\n<title>Quand Jo\u00ebl Robuchon \u00e9tait saucier \u00e0 l\u2019h\u00f4tel Cosmos de Contrex\u00e9ville. - Gerardmer Info<\/title>\n<meta name=\"robots\" content=\"index, follow, max-snippet:-1, max-image-preview:large, max-video-preview:-1\" \/>\n<link rel=\"canonical\" href=\"https:\/\/vosgesinfo.fr\/gerardmerinfo\/2018\/08\/joel-robuchon-etait-saucier-a-lhotel-cosmos-de-contrexeville\/\" \/>\n<meta name=\"twitter:card\" content=\"summary_large_image\" \/>\n<meta name=\"twitter:title\" content=\"Quand Jo\u00ebl Robuchon \u00e9tait saucier \u00e0 l\u2019h\u00f4tel Cosmos de Contrex\u00e9ville. - Gerardmer Info\" \/>\n<meta name=\"twitter:description\" content=\"Tous les m\u00e9dias ont fait \u00e9tat du d\u00e9c\u00e8s, ce lundi 6 ao\u00fbt, du grand chef le plus \u00e9toil\u00e9 du monde, [&hellip;]\" \/>\n<meta name=\"twitter:image\" content=\"https:\/\/vosgesinfo.fr\/app\/uploads\/sites\/6\/2024\/07\/201808joel-robuchon.jpg\" \/>\n<meta name=\"twitter:creator\" content=\"@VosgesInfo88\" \/>\n<meta name=\"twitter:site\" content=\"@VosgesInfo88\" \/>\n<meta name=\"twitter:label1\" content=\"\u00c9crit par\" \/>\n\t<meta name=\"twitter:data1\" content=\"qs_admin\" \/>\n\t<meta name=\"twitter:label2\" content=\"Dur\u00e9e de lecture estim\u00e9e\" \/>\n\t<meta name=\"twitter:data2\" content=\"1 minute\" \/>\n<script type=\"application\/ld+json\" class=\"yoast-schema-graph\">{\"@context\":\"https:\/\/schema.org\",\"@graph\":[{\"@type\":\"Article\",\"@id\":\"https:\/\/vosgesinfo.fr\/gerardmerinfo\/2018\/08\/joel-robuchon-etait-saucier-a-lhotel-cosmos-de-contrexeville\/#article\",\"isPartOf\":{\"@id\":\"https:\/\/vosgesinfo.fr\/gerardmerinfo\/2018\/08\/joel-robuchon-etait-saucier-a-lhotel-cosmos-de-contrexeville\/\"},\"author\":{\"name\":\"qs_admin\",\"@id\":\"https:\/\/vosgesinfo.fr\/gerardmerinfo\/#\/schema\/person\/bc5d02d71e6932e81b6dadb7386667b1\"},\"headline\":\"Quand Jo\u00ebl Robuchon \u00e9tait saucier \u00e0 l\u2019h\u00f4tel Cosmos de Contrex\u00e9ville.\",\"datePublished\":\"2018-08-06T12:20:27+00:00\",\"dateModified\":\"2018-08-06T12:20:27+00:00\",\"mainEntityOfPage\":{\"@id\":\"https:\/\/vosgesinfo.fr\/gerardmerinfo\/2018\/08\/joel-robuchon-etait-saucier-a-lhotel-cosmos-de-contrexeville\/\"},\"wordCount\":127,\"commentCount\":0,\"publisher\":{\"@id\":\"https:\/\/vosgesinfo.fr\/gerardmerinfo\/#organization\"},\"image\":{\"@id\":\"https:\/\/vosgesinfo.fr\/gerardmerinfo\/2018\/08\/joel-robuchon-etait-saucier-a-lhotel-cosmos-de-contrexeville\/#primaryimage\"},\"thumbnailUrl\":\"https:\/\/vosgesinfo.fr\/app\/uploads\/sites\/6\/2024\/07\/201808joel-robuchon.jpg\",\"articleSection\":[\"A la une\",\"Vosges\"],\"inLanguage\":\"fr-FR\",\"potentialAction\":[{\"@type\":\"CommentAction\",\"name\":\"Comment\",\"target\":[\"https:\/\/vosgesinfo.fr\/gerardmerinfo\/2018\/08\/joel-robuchon-etait-saucier-a-lhotel-cosmos-de-contrexeville\/#respond\"]}]},{\"@type\":\"WebPage\",\"@id\":\"https:\/\/vosgesinfo.fr\/gerardmerinfo\/2018\/08\/joel-robuchon-etait-saucier-a-lhotel-cosmos-de-contrexeville\/\",\"url\":\"https:\/\/vosgesinfo.fr\/gerardmerinfo\/2018\/08\/joel-robuchon-etait-saucier-a-lhotel-cosmos-de-contrexeville\/\",\"name\":\"Quand Jo\u00ebl Robuchon \u00e9tait saucier \u00e0 l\u2019h\u00f4tel Cosmos de Contrex\u00e9ville. - Gerardmer Info\",\"isPartOf\":{\"@id\":\"https:\/\/vosgesinfo.fr\/gerardmerinfo\/#website\"},\"primaryImageOfPage\":{\"@id\":\"https:\/\/vosgesinfo.fr\/gerardmerinfo\/2018\/08\/joel-robuchon-etait-saucier-a-lhotel-cosmos-de-contrexeville\/#primaryimage\"},\"image\":{\"@id\":\"https:\/\/vosgesinfo.fr\/gerardmerinfo\/2018\/08\/joel-robuchon-etait-saucier-a-lhotel-cosmos-de-contrexeville\/#primaryimage\"},\"thumbnailUrl\":\"https:\/\/vosgesinfo.fr\/app\/uploads\/sites\/6\/2024\/07\/201808joel-robuchon.jpg\",\"datePublished\":\"2018-08-06T12:20:27+00:00\",\"dateModified\":\"2018-08-06T12:20:27+00:00\",\"breadcrumb\":{\"@id\":\"https:\/\/vosgesinfo.fr\/gerardmerinfo\/2018\/08\/joel-robuchon-etait-saucier-a-lhotel-cosmos-de-contrexeville\/#breadcrumb\"},\"inLanguage\":\"fr-FR\",\"potentialAction\":[{\"@type\":\"ReadAction\",\"target\":[\"https:\/\/vosgesinfo.fr\/gerardmerinfo\/2018\/08\/joel-robuchon-etait-saucier-a-lhotel-cosmos-de-contrexeville\/\"]}]},{\"@type\":\"ImageObject\",\"inLanguage\":\"fr-FR\",\"@id\":\"https:\/\/vosgesinfo.fr\/gerardmerinfo\/2018\/08\/joel-robuchon-etait-saucier-a-lhotel-cosmos-de-contrexeville\/#primaryimage\",\"url\":\"https:\/\/vosgesinfo.fr\/app\/uploads\/sites\/6\/2024\/07\/201808joel-robuchon.jpg\",\"contentUrl\":\"https:\/\/vosgesinfo.fr\/app\/uploads\/sites\/6\/2024\/07\/201808joel-robuchon.jpg\",\"width\":350,\"height\":434},{\"@type\":\"BreadcrumbList\",\"@id\":\"https:\/\/vosgesinfo.fr\/gerardmerinfo\/2018\/08\/joel-robuchon-etait-saucier-a-lhotel-cosmos-de-contrexeville\/#breadcrumb\",\"itemListElement\":[{\"@type\":\"ListItem\",\"position\":1,\"name\":\"Home\",\"item\":\"https:\/\/vosgesinfo.fr\/gerardmerinfo\/\"},{\"@type\":\"ListItem\",\"position\":2,\"name\":\"Quand Jo\u00ebl Robuchon \u00e9tait saucier \u00e0 l\u2019h\u00f4tel Cosmos de Contrex\u00e9ville.\"}]},{\"@type\":\"WebSite\",\"@id\":\"https:\/\/vosgesinfo.fr\/gerardmerinfo\/#website\",\"url\":\"https:\/\/vosgesinfo.fr\/gerardmerinfo\/\",\"name\":\"Gerardmer Info\",\"description\":\"Toute l&#039;actualit\u00e9 de G\u00e9rardmer\",\"publisher\":{\"@id\":\"https:\/\/vosgesinfo.fr\/gerardmerinfo\/#organization\"},\"alternateName\":\"Toute l'actualit\u00e9 de G\u00e9rardmer\",\"potentialAction\":[{\"@type\":\"SearchAction\",\"target\":{\"@type\":\"EntryPoint\",\"urlTemplate\":\"https:\/\/vosgesinfo.fr\/gerardmerinfo\/?s={search_term_string}\"},\"query-input\":\"required name=search_term_string\"}],\"inLanguage\":\"fr-FR\"},{\"@type\":\"Organization\",\"@id\":\"https:\/\/vosgesinfo.fr\/gerardmerinfo\/#organization\",\"name\":\"Gerardmer Info\",\"url\":\"https:\/\/vosgesinfo.fr\/gerardmerinfo\/\",\"logo\":{\"@type\":\"ImageObject\",\"inLanguage\":\"fr-FR\",\"@id\":\"https:\/\/vosgesinfo.fr\/gerardmerinfo\/#\/schema\/logo\/image\/\",\"url\":\"https:\/\/vosgesinfo.fr\/app\/uploads\/sites\/6\/2023\/08\/favicon-gerardmerinfo.png\",\"contentUrl\":\"https:\/\/vosgesinfo.fr\/app\/uploads\/sites\/6\/2023\/08\/favicon-gerardmerinfo.png\",\"width\":512,\"height\":512,\"caption\":\"Gerardmer Info\"},\"image\":{\"@id\":\"https:\/\/vosgesinfo.fr\/gerardmerinfo\/#\/schema\/logo\/image\/\"},\"sameAs\":[\"https:\/\/www.facebook.com\/profile.php?id=100049475262660\",\"https:\/\/x.com\/VosgesInfo88\",\"https:\/\/www.youtube.com\/@vosgesinfo\"]},{\"@type\":\"Person\",\"@id\":\"https:\/\/vosgesinfo.fr\/gerardmerinfo\/#\/schema\/person\/bc5d02d71e6932e81b6dadb7386667b1\",\"name\":\"qs_admin\",\"image\":{\"@type\":\"ImageObject\",\"inLanguage\":\"fr-FR\",\"@id\":\"https:\/\/vosgesinfo.fr\/gerardmerinfo\/#\/schema\/person\/image\/\",\"url\":\"https:\/\/secure.gravatar.com\/avatar\/94b18ee0ed79e4a42ea2f2931277b6841a8999fc6fde214600c78057cf1fe1de?s=96&d=mm&r=g\",\"contentUrl\":\"https:\/\/secure.gravatar.com\/avatar\/94b18ee0ed79e4a42ea2f2931277b6841a8999fc6fde214600c78057cf1fe1de?s=96&d=mm&r=g\",\"caption\":\"qs_admin\"},\"sameAs\":[\"https:\/\/vosgesinfo.fr\/wp\"],\"url\":\"https:\/\/vosgesinfo.fr\/gerardmerinfo\/author\/qs_admin\/\"}]}<\/script>\n<!-- \/ Yoast SEO plugin. -->","yoast_head_json":{"title":"Quand Jo\u00ebl Robuchon \u00e9tait saucier \u00e0 l\u2019h\u00f4tel Cosmos de Contrex\u00e9ville. - Gerardmer Info","robots":{"index":"index","follow":"follow","max-snippet":"max-snippet:-1","max-image-preview":"max-image-preview:large","max-video-preview":"max-video-preview:-1"},"canonical":"https:\/\/vosgesinfo.fr\/gerardmerinfo\/2018\/08\/joel-robuchon-etait-saucier-a-lhotel-cosmos-de-contrexeville\/","twitter_card":"summary_large_image","twitter_title":"Quand Jo\u00ebl Robuchon \u00e9tait saucier \u00e0 l\u2019h\u00f4tel Cosmos de Contrex\u00e9ville. - Gerardmer Info","twitter_description":"Tous les m\u00e9dias ont fait \u00e9tat du d\u00e9c\u00e8s, ce lundi 6 ao\u00fbt, du grand chef le plus \u00e9toil\u00e9 du monde, [&hellip;]","twitter_image":"https:\/\/vosgesinfo.fr\/app\/uploads\/sites\/6\/2024\/07\/201808joel-robuchon.jpg","twitter_creator":"@VosgesInfo88","twitter_site":"@VosgesInfo88","twitter_misc":{"\u00c9crit par":"qs_admin","Dur\u00e9e de lecture estim\u00e9e":"1 minute"},"schema":{"@context":"https:\/\/schema.org","@graph":[{"@type":"Article","@id":"https:\/\/vosgesinfo.fr\/gerardmerinfo\/2018\/08\/joel-robuchon-etait-saucier-a-lhotel-cosmos-de-contrexeville\/#article","isPartOf":{"@id":"https:\/\/vosgesinfo.fr\/gerardmerinfo\/2018\/08\/joel-robuchon-etait-saucier-a-lhotel-cosmos-de-contrexeville\/"},"author":{"name":"qs_admin","@id":"https:\/\/vosgesinfo.fr\/gerardmerinfo\/#\/schema\/person\/bc5d02d71e6932e81b6dadb7386667b1"},"headline":"Quand Jo\u00ebl Robuchon \u00e9tait saucier \u00e0 l\u2019h\u00f4tel Cosmos de Contrex\u00e9ville.","datePublished":"2018-08-06T12:20:27+00:00","dateModified":"2018-08-06T12:20:27+00:00","mainEntityOfPage":{"@id":"https:\/\/vosgesinfo.fr\/gerardmerinfo\/2018\/08\/joel-robuchon-etait-saucier-a-lhotel-cosmos-de-contrexeville\/"},"wordCount":127,"commentCount":0,"publisher":{"@id":"https:\/\/vosgesinfo.fr\/gerardmerinfo\/#organization"},"image":{"@id":"https:\/\/vosgesinfo.fr\/gerardmerinfo\/2018\/08\/joel-robuchon-etait-saucier-a-lhotel-cosmos-de-contrexeville\/#primaryimage"},"thumbnailUrl":"https:\/\/vosgesinfo.fr\/app\/uploads\/sites\/6\/2024\/07\/201808joel-robuchon.jpg","articleSection":["A la une","Vosges"],"inLanguage":"fr-FR","potentialAction":[{"@type":"CommentAction","name":"Comment","target":["https:\/\/vosgesinfo.fr\/gerardmerinfo\/2018\/08\/joel-robuchon-etait-saucier-a-lhotel-cosmos-de-contrexeville\/#respond"]}]},{"@type":"WebPage","@id":"https:\/\/vosgesinfo.fr\/gerardmerinfo\/2018\/08\/joel-robuchon-etait-saucier-a-lhotel-cosmos-de-contrexeville\/","url":"https:\/\/vosgesinfo.fr\/gerardmerinfo\/2018\/08\/joel-robuchon-etait-saucier-a-lhotel-cosmos-de-contrexeville\/","name":"Quand Jo\u00ebl Robuchon \u00e9tait saucier \u00e0 l\u2019h\u00f4tel Cosmos de Contrex\u00e9ville. - Gerardmer Info","isPartOf":{"@id":"https:\/\/vosgesinfo.fr\/gerardmerinfo\/#website"},"primaryImageOfPage":{"@id":"https:\/\/vosgesinfo.fr\/gerardmerinfo\/2018\/08\/joel-robuchon-etait-saucier-a-lhotel-cosmos-de-contrexeville\/#primaryimage"},"image":{"@id":"https:\/\/vosgesinfo.fr\/gerardmerinfo\/2018\/08\/joel-robuchon-etait-saucier-a-lhotel-cosmos-de-contrexeville\/#primaryimage"},"thumbnailUrl":"https:\/\/vosgesinfo.fr\/app\/uploads\/sites\/6\/2024\/07\/201808joel-robuchon.jpg","datePublished":"2018-08-06T12:20:27+00:00","dateModified":"2018-08-06T12:20:27+00:00","breadcrumb":{"@id":"https:\/\/vosgesinfo.fr\/gerardmerinfo\/2018\/08\/joel-robuchon-etait-saucier-a-lhotel-cosmos-de-contrexeville\/#breadcrumb"},"inLanguage":"fr-FR","potentialAction":[{"@type":"ReadAction","target":["https:\/\/vosgesinfo.fr\/gerardmerinfo\/2018\/08\/joel-robuchon-etait-saucier-a-lhotel-cosmos-de-contrexeville\/"]}]},{"@type":"ImageObject","inLanguage":"fr-FR","@id":"https:\/\/vosgesinfo.fr\/gerardmerinfo\/2018\/08\/joel-robuchon-etait-saucier-a-lhotel-cosmos-de-contrexeville\/#primaryimage","url":"https:\/\/vosgesinfo.fr\/app\/uploads\/sites\/6\/2024\/07\/201808joel-robuchon.jpg","contentUrl":"https:\/\/vosgesinfo.fr\/app\/uploads\/sites\/6\/2024\/07\/201808joel-robuchon.jpg","width":350,"height":434},{"@type":"BreadcrumbList","@id":"https:\/\/vosgesinfo.fr\/gerardmerinfo\/2018\/08\/joel-robuchon-etait-saucier-a-lhotel-cosmos-de-contrexeville\/#breadcrumb","itemListElement":[{"@type":"ListItem","position":1,"name":"Home","item":"https:\/\/vosgesinfo.fr\/gerardmerinfo\/"},{"@type":"ListItem","position":2,"name":"Quand Jo\u00ebl Robuchon \u00e9tait saucier \u00e0 l\u2019h\u00f4tel Cosmos de Contrex\u00e9ville."}]},{"@type":"WebSite","@id":"https:\/\/vosgesinfo.fr\/gerardmerinfo\/#website","url":"https:\/\/vosgesinfo.fr\/gerardmerinfo\/","name":"Gerardmer Info","description":"Toute l&#039;actualit\u00e9 de G\u00e9rardmer","publisher":{"@id":"https:\/\/vosgesinfo.fr\/gerardmerinfo\/#organization"},"alternateName":"Toute l'actualit\u00e9 de G\u00e9rardmer","potentialAction":[{"@type":"SearchAction","target":{"@type":"EntryPoint","urlTemplate":"https:\/\/vosgesinfo.fr\/gerardmerinfo\/?s={search_term_string}"},"query-input":"required name=search_term_string"}],"inLanguage":"fr-FR"},{"@type":"Organization","@id":"https:\/\/vosgesinfo.fr\/gerardmerinfo\/#organization","name":"Gerardmer Info","url":"https:\/\/vosgesinfo.fr\/gerardmerinfo\/","logo":{"@type":"ImageObject","inLanguage":"fr-FR","@id":"https:\/\/vosgesinfo.fr\/gerardmerinfo\/#\/schema\/logo\/image\/","url":"https:\/\/vosgesinfo.fr\/app\/uploads\/sites\/6\/2023\/08\/favicon-gerardmerinfo.png","contentUrl":"https:\/\/vosgesinfo.fr\/app\/uploads\/sites\/6\/2023\/08\/favicon-gerardmerinfo.png","width":512,"height":512,"caption":"Gerardmer Info"},"image":{"@id":"https:\/\/vosgesinfo.fr\/gerardmerinfo\/#\/schema\/logo\/image\/"},"sameAs":["https:\/\/www.facebook.com\/profile.php?id=100049475262660","https:\/\/x.com\/VosgesInfo88","https:\/\/www.youtube.com\/@vosgesinfo"]},{"@type":"Person","@id":"https:\/\/vosgesinfo.fr\/gerardmerinfo\/#\/schema\/person\/bc5d02d71e6932e81b6dadb7386667b1","name":"qs_admin","image":{"@type":"ImageObject","inLanguage":"fr-FR","@id":"https:\/\/vosgesinfo.fr\/gerardmerinfo\/#\/schema\/person\/image\/","url":"https:\/\/secure.gravatar.com\/avatar\/94b18ee0ed79e4a42ea2f2931277b6841a8999fc6fde214600c78057cf1fe1de?s=96&d=mm&r=g","contentUrl":"https:\/\/secure.gravatar.com\/avatar\/94b18ee0ed79e4a42ea2f2931277b6841a8999fc6fde214600c78057cf1fe1de?s=96&d=mm&r=g","caption":"qs_admin"},"sameAs":["https:\/\/vosgesinfo.fr\/wp"],"url":"https:\/\/vosgesinfo.fr\/gerardmerinfo\/author\/qs_admin\/"}]}},"_links":{"self":[{"href":"https:\/\/vosgesinfo.fr\/gerardmerinfo\/wp-json\/wp\/v2\/posts\/35913","targetHints":{"allow":["GET"]}}],"collection":[{"href":"https:\/\/vosgesinfo.fr\/gerardmerinfo\/wp-json\/wp\/v2\/posts"}],"about":[{"href":"https:\/\/vosgesinfo.fr\/gerardmerinfo\/wp-json\/wp\/v2\/types\/post"}],"author":[{"embeddable":true,"href":"https:\/\/vosgesinfo.fr\/gerardmerinfo\/wp-json\/wp\/v2\/users\/1"}],"replies":[{"embeddable":true,"href":"https:\/\/vosgesinfo.fr\/gerardmerinfo\/wp-json\/wp\/v2\/comments?post=35913"}],"version-history":[{"count":0,"href":"https:\/\/vosgesinfo.fr\/gerardmerinfo\/wp-json\/wp\/v2\/posts\/35913\/revisions"}],"wp:featuredmedia":[{"embeddable":true,"href":"https:\/\/vosgesinfo.fr\/gerardmerinfo\/wp-json\/wp\/v2\/media\/35914"}],"wp:attachment":[{"href":"https:\/\/vosgesinfo.fr\/gerardmerinfo\/wp-json\/wp\/v2\/media?parent=35913"}],"wp:term":[{"taxonomy":"category","embeddable":true,"href":"https:\/\/vosgesinfo.fr\/gerardmerinfo\/wp-json\/wp\/v2\/categories?post=35913"},{"taxonomy":"post_tag","embeddable":true,"href":"https:\/\/vosgesinfo.fr\/gerardmerinfo\/wp-json\/wp\/v2\/tags?post=35913"}],"curies":[{"name":"wp","href":"https:\/\/api.w.org\/{rel}","templated":true}]}}