{"id":36351,"date":"2018-09-02T15:13:30","date_gmt":"2018-09-02T13:13:30","guid":{"rendered":"https:\/\/vosgesinfo.fr\/gerardmerinfo\/2018\/09\/virades-de-lespoir-jamais-deux-trois\/"},"modified":"2018-09-02T15:13:30","modified_gmt":"2018-09-02T13:13:30","slug":"virades-de-lespoir-jamais-deux-trois","status":"publish","type":"post","link":"https:\/\/vosgesinfo.fr\/gerardmerinfo\/2018\/09\/virades-de-lespoir-jamais-deux-trois\/","title":{"rendered":"Virades de l&rsquo;Espoir : jamais deux sans trois !"},"content":{"rendered":"<h3><a href=\"\/2016\/09\/IMG_1269.jpg\"><img decoding=\"async\" class=\"aligncenter wp-image-95180\" src=\"\/2016\/09\/IMG_1269.jpg\" alt=\"virades de l'Espoir lach\u00e9 de ballons\" width=\"500\" height=\"348\" \/><\/a><\/h3>\n<h3><span style=\"font-size: 12pt;\">La 3\u00e8me \u00e9dition des Virades de l&rsquo;Espoir en Perle des Vosges le dimanche 30 septembre 2018. Attention, l\u2019\u00e9v\u00e8nement d\u00e9m\u00e9nage pour l&rsquo;occasion de la place du Tilleul au quai du Locle !<\/span><\/h3>\n<div id=\"attachment_133518\" style=\"width: 410px\" class=\"wp-caption alignright\"><a href=\"\/2018\/08\/sylvia-B\u00e9rard-Georges-Grosjean-virades-espoir.jpg\"><img decoding=\"async\" aria-describedby=\"caption-attachment-133518\" class=\"size-medium wp-image-133518\" src=\"\/2018\/08\/sylvia-B\u00e9rard-Georges-Grosjean-virades-espoir-400x225.jpg\" alt=\"Sylvia B\u00e9rard &amp; Georges Grosjean, chevilles ouvri\u00e8res des Virades g\u00e9r\u00f4moises.\" width=\"400\" height=\"225\" \/><\/a><p id=\"caption-attachment-133518\" class=\"wp-caption-text\"><strong><span style=\"color: #003300;\">Sylvia B\u00e9rard &amp; Georges Grosjean, chevilles ouvri\u00e8res des Virades g\u00e9r\u00f4moises.<\/span><\/strong><\/p><\/div>\n<p>A un mois des r\u00e9jouissances et de lancer ce grand \u00e9lan solidaire en faveur de la lutte contre la mucoviscidose, les principaux instigateurs des Virades g\u00e9r\u00f4moises et leurs partenaires se sont r\u00e9unis en mairie ce vendredi soir. L&rsquo;occasion pour l&rsquo;organisatrice Sylvia B\u00e9rard et le tr\u00e9sorier Georges Grosjean de faire un rapide point sur les pr\u00e9c\u00e9dents opus avant de d\u00e9voiler les grandes lignes du programme du 30 septembre.<\/p>\n<p>Ainsi, rappelons que les 2 premi\u00e8res Virades avaient chacune permis de r\u00e9colter environ 6 000 \u20ac. Une somme revers\u00e9e \u00e0 l&rsquo;association \u00ab\u00a0Vaincre la Mucoviscidose\u00a0\u00bb qui est l\u2019initiateur des Virades dans le pays et \u00ab\u00a0le premier financeur priv\u00e9 de la recherche en mucoviscidose en France.\u00a0\u00bb Chaque \u00e9dition avait r\u00e9uni environ un millier de visiteurs et 200 marcheurs, des chiffres que les G\u00e9r\u00f4mois esp\u00e8rent bien \u00e9galer et m\u00eame d\u00e9passer ! Pour cela, Sylvia B\u00e9rard, Georges Grosjean et leurs amis peuvent compter sur l&rsquo;appui d&rsquo;une cinquantaine de b\u00e9n\u00e9voles ainsi que sur des partenaires pr\u00e9cieux comme la Ville de G\u00e9rardmer, L&rsquo;Union Musicale, les Sapeurs Pompiers, le Casino Joa, les clubs services locaux etc.<\/p>\n<p>Mais surtout, c&rsquo;est sur vous tous et votre pr\u00e9sence qu&rsquo;ils comptent le plus. Ils vous donnent donc rendez-vous le dimanche 30 septembre \u00e0 partir de 9 h 00 pour prendre le d\u00e9part d&rsquo;une des deux marches propos\u00e9es : la premi\u00e8re vous permettra de faire le classique et toujours tr\u00e8s agr\u00e9able tour du lac. La seconde, longue de 8 km, vous m\u00e8nera notamment dans le secteur de la Granges Mougeon et de la for\u00eat de l&rsquo;Urson. Si vous ne partez pas trop tard et que vous marchez d&rsquo;un bon pas, vous arriverez donc \u00e0 temps pour l&rsquo;inauguration officielle de la journ\u00e9e ! Celle-ci est pr\u00e9vue \u00e0 11 h 00 en pr\u00e9sence des partenaires et sera suivie d&rsquo;un ap\u00e9ro-concert en compagnie de l&rsquo;\u00e9cole de musique locale.<\/p>\n<p>Juste le temps de vous mettre en app\u00e9tit et de poursuivre \u00e0 partir de midi avec le repas anim\u00e9 par le duo Ceci-Cela, alias Daniel &amp; Jo\u00ebl. Quant \u00e0 l&rsquo;apr\u00e8s-midi, elle vous permettra de repartir pour une des balades si vous souhaitez dig\u00e9rer, et elle sera consacr\u00e9e \u00e0 la traditionnelle kermesse avec divers animations et jeux comme le chamboule-tout, la p\u00eache au canard et bien d&rsquo;autres encore. Enfin, la journ\u00e9e finira en beaut\u00e9 avec un grand l\u00e2cher de ballon symbolisant l&rsquo;espoir de vaincre enfin cette maladie. Alors \u00e0 vos agendas, vous \u00eates tous attendus le 30 septembre pour la Virade de l&rsquo;Espoir \u00e0 G\u00e9rardmer !<\/p>\n","protected":false},"excerpt":{"rendered":"<p>La 3\u00e8me \u00e9dition des Virades de l&rsquo;Espoir en Perle des Vosges le dimanche 30 septembre 2018. Attention, l\u2019\u00e9v\u00e8nement d\u00e9m\u00e9nage pour [&hellip;]<\/p>\n","protected":false},"author":42,"featured_media":36352,"comment_status":"open","ping_status":"open","sticky":false,"template":"","format":"standard","meta":{"footnotes":""},"categories":[20,24,12,17],"tags":[2544],"class_list":["post-36351","post","type-post","status-publish","format-standard","has-post-thumbnail","hentry","category-a-la-une","category-evenements","category-sante","category-vie-associative","tag-virades-de-lespoir"],"acf":[],"yoast_head":"<!-- This site is optimized with the Yoast SEO plugin v22.5 - https:\/\/yoast.com\/wordpress\/plugins\/seo\/ -->\n<title>Virades de l&#039;Espoir : jamais deux sans trois ! - Gerardmer Info<\/title>\n<meta name=\"robots\" content=\"index, follow, max-snippet:-1, max-image-preview:large, max-video-preview:-1\" \/>\n<link rel=\"canonical\" href=\"https:\/\/vosgesinfo.fr\/gerardmerinfo\/2018\/09\/virades-de-lespoir-jamais-deux-trois\/\" \/>\n<meta name=\"twitter:card\" content=\"summary_large_image\" \/>\n<meta name=\"twitter:title\" content=\"Virades de l&#039;Espoir : jamais deux sans trois ! - Gerardmer Info\" \/>\n<meta name=\"twitter:description\" content=\"La 3\u00e8me \u00e9dition des Virades de l&rsquo;Espoir en Perle des Vosges le dimanche 30 septembre 2018. Attention, l\u2019\u00e9v\u00e8nement d\u00e9m\u00e9nage pour [&hellip;]\" \/>\n<meta name=\"twitter:image\" content=\"https:\/\/vosgesinfo.fr\/app\/uploads\/sites\/6\/2024\/07\/201609img-1269-1.jpg\" \/>\n<meta name=\"twitter:creator\" content=\"@VosgesInfo88\" \/>\n<meta name=\"twitter:site\" content=\"@VosgesInfo88\" \/>\n<meta name=\"twitter:label1\" content=\"\u00c9crit par\" \/>\n\t<meta name=\"twitter:data1\" content=\"QG\" \/>\n\t<meta name=\"twitter:label2\" content=\"Dur\u00e9e de lecture estim\u00e9e\" \/>\n\t<meta name=\"twitter:data2\" content=\"2 minutes\" \/>\n<script type=\"application\/ld+json\" class=\"yoast-schema-graph\">{\"@context\":\"https:\/\/schema.org\",\"@graph\":[{\"@type\":\"Article\",\"@id\":\"https:\/\/vosgesinfo.fr\/gerardmerinfo\/2018\/09\/virades-de-lespoir-jamais-deux-trois\/#article\",\"isPartOf\":{\"@id\":\"https:\/\/vosgesinfo.fr\/gerardmerinfo\/2018\/09\/virades-de-lespoir-jamais-deux-trois\/\"},\"author\":{\"name\":\"QG\",\"@id\":\"https:\/\/vosgesinfo.fr\/gerardmerinfo\/#\/schema\/person\/db5605779a843dad16b5368f3e7613a5\"},\"headline\":\"Virades de l&rsquo;Espoir : jamais deux sans trois !\",\"datePublished\":\"2018-09-02T13:13:30+00:00\",\"dateModified\":\"2018-09-02T13:13:30+00:00\",\"mainEntityOfPage\":{\"@id\":\"https:\/\/vosgesinfo.fr\/gerardmerinfo\/2018\/09\/virades-de-lespoir-jamais-deux-trois\/\"},\"wordCount\":505,\"commentCount\":0,\"publisher\":{\"@id\":\"https:\/\/vosgesinfo.fr\/gerardmerinfo\/#organization\"},\"image\":{\"@id\":\"https:\/\/vosgesinfo.fr\/gerardmerinfo\/2018\/09\/virades-de-lespoir-jamais-deux-trois\/#primaryimage\"},\"thumbnailUrl\":\"https:\/\/vosgesinfo.fr\/app\/uploads\/sites\/6\/2024\/07\/201609img-1269-1.jpg\",\"keywords\":[\"Virades de l'espoir\"],\"articleSection\":[\"A la une\",\"Ev\u00e8nements\",\"Sant\u00e9\",\"Vie Associative\"],\"inLanguage\":\"fr-FR\",\"potentialAction\":[{\"@type\":\"CommentAction\",\"name\":\"Comment\",\"target\":[\"https:\/\/vosgesinfo.fr\/gerardmerinfo\/2018\/09\/virades-de-lespoir-jamais-deux-trois\/#respond\"]}]},{\"@type\":\"WebPage\",\"@id\":\"https:\/\/vosgesinfo.fr\/gerardmerinfo\/2018\/09\/virades-de-lespoir-jamais-deux-trois\/\",\"url\":\"https:\/\/vosgesinfo.fr\/gerardmerinfo\/2018\/09\/virades-de-lespoir-jamais-deux-trois\/\",\"name\":\"Virades de l'Espoir : jamais deux sans trois ! - Gerardmer Info\",\"isPartOf\":{\"@id\":\"https:\/\/vosgesinfo.fr\/gerardmerinfo\/#website\"},\"primaryImageOfPage\":{\"@id\":\"https:\/\/vosgesinfo.fr\/gerardmerinfo\/2018\/09\/virades-de-lespoir-jamais-deux-trois\/#primaryimage\"},\"image\":{\"@id\":\"https:\/\/vosgesinfo.fr\/gerardmerinfo\/2018\/09\/virades-de-lespoir-jamais-deux-trois\/#primaryimage\"},\"thumbnailUrl\":\"https:\/\/vosgesinfo.fr\/app\/uploads\/sites\/6\/2024\/07\/201609img-1269-1.jpg\",\"datePublished\":\"2018-09-02T13:13:30+00:00\",\"dateModified\":\"2018-09-02T13:13:30+00:00\",\"breadcrumb\":{\"@id\":\"https:\/\/vosgesinfo.fr\/gerardmerinfo\/2018\/09\/virades-de-lespoir-jamais-deux-trois\/#breadcrumb\"},\"inLanguage\":\"fr-FR\",\"potentialAction\":[{\"@type\":\"ReadAction\",\"target\":[\"https:\/\/vosgesinfo.fr\/gerardmerinfo\/2018\/09\/virades-de-lespoir-jamais-deux-trois\/\"]}]},{\"@type\":\"ImageObject\",\"inLanguage\":\"fr-FR\",\"@id\":\"https:\/\/vosgesinfo.fr\/gerardmerinfo\/2018\/09\/virades-de-lespoir-jamais-deux-trois\/#primaryimage\",\"url\":\"https:\/\/vosgesinfo.fr\/app\/uploads\/sites\/6\/2024\/07\/201609img-1269-1.jpg\",\"contentUrl\":\"https:\/\/vosgesinfo.fr\/app\/uploads\/sites\/6\/2024\/07\/201609img-1269-1.jpg\",\"width\":800,\"height\":556},{\"@type\":\"BreadcrumbList\",\"@id\":\"https:\/\/vosgesinfo.fr\/gerardmerinfo\/2018\/09\/virades-de-lespoir-jamais-deux-trois\/#breadcrumb\",\"itemListElement\":[{\"@type\":\"ListItem\",\"position\":1,\"name\":\"Home\",\"item\":\"https:\/\/vosgesinfo.fr\/gerardmerinfo\/\"},{\"@type\":\"ListItem\",\"position\":2,\"name\":\"Virades de l&rsquo;Espoir : jamais deux sans trois !\"}]},{\"@type\":\"WebSite\",\"@id\":\"https:\/\/vosgesinfo.fr\/gerardmerinfo\/#website\",\"url\":\"https:\/\/vosgesinfo.fr\/gerardmerinfo\/\",\"name\":\"Gerardmer Info\",\"description\":\"Toute l&#039;actualit\u00e9 de G\u00e9rardmer\",\"publisher\":{\"@id\":\"https:\/\/vosgesinfo.fr\/gerardmerinfo\/#organization\"},\"alternateName\":\"Toute l'actualit\u00e9 de G\u00e9rardmer\",\"potentialAction\":[{\"@type\":\"SearchAction\",\"target\":{\"@type\":\"EntryPoint\",\"urlTemplate\":\"https:\/\/vosgesinfo.fr\/gerardmerinfo\/?s={search_term_string}\"},\"query-input\":\"required name=search_term_string\"}],\"inLanguage\":\"fr-FR\"},{\"@type\":\"Organization\",\"@id\":\"https:\/\/vosgesinfo.fr\/gerardmerinfo\/#organization\",\"name\":\"Gerardmer Info\",\"url\":\"https:\/\/vosgesinfo.fr\/gerardmerinfo\/\",\"logo\":{\"@type\":\"ImageObject\",\"inLanguage\":\"fr-FR\",\"@id\":\"https:\/\/vosgesinfo.fr\/gerardmerinfo\/#\/schema\/logo\/image\/\",\"url\":\"https:\/\/vosgesinfo.fr\/app\/uploads\/sites\/6\/2023\/08\/favicon-gerardmerinfo.png\",\"contentUrl\":\"https:\/\/vosgesinfo.fr\/app\/uploads\/sites\/6\/2023\/08\/favicon-gerardmerinfo.png\",\"width\":512,\"height\":512,\"caption\":\"Gerardmer Info\"},\"image\":{\"@id\":\"https:\/\/vosgesinfo.fr\/gerardmerinfo\/#\/schema\/logo\/image\/\"},\"sameAs\":[\"https:\/\/www.facebook.com\/profile.php?id=100049475262660\",\"https:\/\/x.com\/VosgesInfo88\",\"https:\/\/www.youtube.com\/@vosgesinfo\"]},{\"@type\":\"Person\",\"@id\":\"https:\/\/vosgesinfo.fr\/gerardmerinfo\/#\/schema\/person\/db5605779a843dad16b5368f3e7613a5\",\"name\":\"QG\",\"image\":{\"@type\":\"ImageObject\",\"inLanguage\":\"fr-FR\",\"@id\":\"https:\/\/vosgesinfo.fr\/gerardmerinfo\/#\/schema\/person\/image\/\",\"url\":\"https:\/\/secure.gravatar.com\/avatar\/ea80c42c204b534408512832fde52504ecabb9706bcb6151cf6175e5b64e6793?s=96&d=mm&r=g\",\"contentUrl\":\"https:\/\/secure.gravatar.com\/avatar\/ea80c42c204b534408512832fde52504ecabb9706bcb6151cf6175e5b64e6793?s=96&d=mm&r=g\",\"caption\":\"QG\"},\"url\":\"https:\/\/vosgesinfo.fr\/gerardmerinfo\/author\/quentin88\/\"}]}<\/script>\n<!-- \/ Yoast SEO plugin. -->","yoast_head_json":{"title":"Virades de l'Espoir : jamais deux sans trois ! - Gerardmer Info","robots":{"index":"index","follow":"follow","max-snippet":"max-snippet:-1","max-image-preview":"max-image-preview:large","max-video-preview":"max-video-preview:-1"},"canonical":"https:\/\/vosgesinfo.fr\/gerardmerinfo\/2018\/09\/virades-de-lespoir-jamais-deux-trois\/","twitter_card":"summary_large_image","twitter_title":"Virades de l'Espoir : jamais deux sans trois ! - Gerardmer Info","twitter_description":"La 3\u00e8me \u00e9dition des Virades de l&rsquo;Espoir en Perle des Vosges le dimanche 30 septembre 2018. Attention, l\u2019\u00e9v\u00e8nement d\u00e9m\u00e9nage pour [&hellip;]","twitter_image":"https:\/\/vosgesinfo.fr\/app\/uploads\/sites\/6\/2024\/07\/201609img-1269-1.jpg","twitter_creator":"@VosgesInfo88","twitter_site":"@VosgesInfo88","twitter_misc":{"\u00c9crit par":"QG","Dur\u00e9e de lecture estim\u00e9e":"2 minutes"},"schema":{"@context":"https:\/\/schema.org","@graph":[{"@type":"Article","@id":"https:\/\/vosgesinfo.fr\/gerardmerinfo\/2018\/09\/virades-de-lespoir-jamais-deux-trois\/#article","isPartOf":{"@id":"https:\/\/vosgesinfo.fr\/gerardmerinfo\/2018\/09\/virades-de-lespoir-jamais-deux-trois\/"},"author":{"name":"QG","@id":"https:\/\/vosgesinfo.fr\/gerardmerinfo\/#\/schema\/person\/db5605779a843dad16b5368f3e7613a5"},"headline":"Virades de l&rsquo;Espoir : jamais deux sans trois !","datePublished":"2018-09-02T13:13:30+00:00","dateModified":"2018-09-02T13:13:30+00:00","mainEntityOfPage":{"@id":"https:\/\/vosgesinfo.fr\/gerardmerinfo\/2018\/09\/virades-de-lespoir-jamais-deux-trois\/"},"wordCount":505,"commentCount":0,"publisher":{"@id":"https:\/\/vosgesinfo.fr\/gerardmerinfo\/#organization"},"image":{"@id":"https:\/\/vosgesinfo.fr\/gerardmerinfo\/2018\/09\/virades-de-lespoir-jamais-deux-trois\/#primaryimage"},"thumbnailUrl":"https:\/\/vosgesinfo.fr\/app\/uploads\/sites\/6\/2024\/07\/201609img-1269-1.jpg","keywords":["Virades de l'espoir"],"articleSection":["A la une","Ev\u00e8nements","Sant\u00e9","Vie Associative"],"inLanguage":"fr-FR","potentialAction":[{"@type":"CommentAction","name":"Comment","target":["https:\/\/vosgesinfo.fr\/gerardmerinfo\/2018\/09\/virades-de-lespoir-jamais-deux-trois\/#respond"]}]},{"@type":"WebPage","@id":"https:\/\/vosgesinfo.fr\/gerardmerinfo\/2018\/09\/virades-de-lespoir-jamais-deux-trois\/","url":"https:\/\/vosgesinfo.fr\/gerardmerinfo\/2018\/09\/virades-de-lespoir-jamais-deux-trois\/","name":"Virades de l'Espoir : jamais deux sans trois ! - Gerardmer Info","isPartOf":{"@id":"https:\/\/vosgesinfo.fr\/gerardmerinfo\/#website"},"primaryImageOfPage":{"@id":"https:\/\/vosgesinfo.fr\/gerardmerinfo\/2018\/09\/virades-de-lespoir-jamais-deux-trois\/#primaryimage"},"image":{"@id":"https:\/\/vosgesinfo.fr\/gerardmerinfo\/2018\/09\/virades-de-lespoir-jamais-deux-trois\/#primaryimage"},"thumbnailUrl":"https:\/\/vosgesinfo.fr\/app\/uploads\/sites\/6\/2024\/07\/201609img-1269-1.jpg","datePublished":"2018-09-02T13:13:30+00:00","dateModified":"2018-09-02T13:13:30+00:00","breadcrumb":{"@id":"https:\/\/vosgesinfo.fr\/gerardmerinfo\/2018\/09\/virades-de-lespoir-jamais-deux-trois\/#breadcrumb"},"inLanguage":"fr-FR","potentialAction":[{"@type":"ReadAction","target":["https:\/\/vosgesinfo.fr\/gerardmerinfo\/2018\/09\/virades-de-lespoir-jamais-deux-trois\/"]}]},{"@type":"ImageObject","inLanguage":"fr-FR","@id":"https:\/\/vosgesinfo.fr\/gerardmerinfo\/2018\/09\/virades-de-lespoir-jamais-deux-trois\/#primaryimage","url":"https:\/\/vosgesinfo.fr\/app\/uploads\/sites\/6\/2024\/07\/201609img-1269-1.jpg","contentUrl":"https:\/\/vosgesinfo.fr\/app\/uploads\/sites\/6\/2024\/07\/201609img-1269-1.jpg","width":800,"height":556},{"@type":"BreadcrumbList","@id":"https:\/\/vosgesinfo.fr\/gerardmerinfo\/2018\/09\/virades-de-lespoir-jamais-deux-trois\/#breadcrumb","itemListElement":[{"@type":"ListItem","position":1,"name":"Home","item":"https:\/\/vosgesinfo.fr\/gerardmerinfo\/"},{"@type":"ListItem","position":2,"name":"Virades de l&rsquo;Espoir : jamais deux sans trois !"}]},{"@type":"WebSite","@id":"https:\/\/vosgesinfo.fr\/gerardmerinfo\/#website","url":"https:\/\/vosgesinfo.fr\/gerardmerinfo\/","name":"Gerardmer Info","description":"Toute l&#039;actualit\u00e9 de G\u00e9rardmer","publisher":{"@id":"https:\/\/vosgesinfo.fr\/gerardmerinfo\/#organization"},"alternateName":"Toute l'actualit\u00e9 de G\u00e9rardmer","potentialAction":[{"@type":"SearchAction","target":{"@type":"EntryPoint","urlTemplate":"https:\/\/vosgesinfo.fr\/gerardmerinfo\/?s={search_term_string}"},"query-input":"required name=search_term_string"}],"inLanguage":"fr-FR"},{"@type":"Organization","@id":"https:\/\/vosgesinfo.fr\/gerardmerinfo\/#organization","name":"Gerardmer Info","url":"https:\/\/vosgesinfo.fr\/gerardmerinfo\/","logo":{"@type":"ImageObject","inLanguage":"fr-FR","@id":"https:\/\/vosgesinfo.fr\/gerardmerinfo\/#\/schema\/logo\/image\/","url":"https:\/\/vosgesinfo.fr\/app\/uploads\/sites\/6\/2023\/08\/favicon-gerardmerinfo.png","contentUrl":"https:\/\/vosgesinfo.fr\/app\/uploads\/sites\/6\/2023\/08\/favicon-gerardmerinfo.png","width":512,"height":512,"caption":"Gerardmer Info"},"image":{"@id":"https:\/\/vosgesinfo.fr\/gerardmerinfo\/#\/schema\/logo\/image\/"},"sameAs":["https:\/\/www.facebook.com\/profile.php?id=100049475262660","https:\/\/x.com\/VosgesInfo88","https:\/\/www.youtube.com\/@vosgesinfo"]},{"@type":"Person","@id":"https:\/\/vosgesinfo.fr\/gerardmerinfo\/#\/schema\/person\/db5605779a843dad16b5368f3e7613a5","name":"QG","image":{"@type":"ImageObject","inLanguage":"fr-FR","@id":"https:\/\/vosgesinfo.fr\/gerardmerinfo\/#\/schema\/person\/image\/","url":"https:\/\/secure.gravatar.com\/avatar\/ea80c42c204b534408512832fde52504ecabb9706bcb6151cf6175e5b64e6793?s=96&d=mm&r=g","contentUrl":"https:\/\/secure.gravatar.com\/avatar\/ea80c42c204b534408512832fde52504ecabb9706bcb6151cf6175e5b64e6793?s=96&d=mm&r=g","caption":"QG"},"url":"https:\/\/vosgesinfo.fr\/gerardmerinfo\/author\/quentin88\/"}]}},"_links":{"self":[{"href":"https:\/\/vosgesinfo.fr\/gerardmerinfo\/wp-json\/wp\/v2\/posts\/36351","targetHints":{"allow":["GET"]}}],"collection":[{"href":"https:\/\/vosgesinfo.fr\/gerardmerinfo\/wp-json\/wp\/v2\/posts"}],"about":[{"href":"https:\/\/vosgesinfo.fr\/gerardmerinfo\/wp-json\/wp\/v2\/types\/post"}],"author":[{"embeddable":true,"href":"https:\/\/vosgesinfo.fr\/gerardmerinfo\/wp-json\/wp\/v2\/users\/42"}],"replies":[{"embeddable":true,"href":"https:\/\/vosgesinfo.fr\/gerardmerinfo\/wp-json\/wp\/v2\/comments?post=36351"}],"version-history":[{"count":0,"href":"https:\/\/vosgesinfo.fr\/gerardmerinfo\/wp-json\/wp\/v2\/posts\/36351\/revisions"}],"wp:featuredmedia":[{"embeddable":true,"href":"https:\/\/vosgesinfo.fr\/gerardmerinfo\/wp-json\/wp\/v2\/media\/36352"}],"wp:attachment":[{"href":"https:\/\/vosgesinfo.fr\/gerardmerinfo\/wp-json\/wp\/v2\/media?parent=36351"}],"wp:term":[{"taxonomy":"category","embeddable":true,"href":"https:\/\/vosgesinfo.fr\/gerardmerinfo\/wp-json\/wp\/v2\/categories?post=36351"},{"taxonomy":"post_tag","embeddable":true,"href":"https:\/\/vosgesinfo.fr\/gerardmerinfo\/wp-json\/wp\/v2\/tags?post=36351"}],"curies":[{"name":"wp","href":"https:\/\/api.w.org\/{rel}","templated":true}]}}