{"id":36393,"date":"2018-09-02T15:47:10","date_gmt":"2018-09-02T13:47:10","guid":{"rendered":"https:\/\/vosgesinfo.fr\/gerardmerinfo\/2018\/09\/triathlon-d-o-diemunsch-derron-finissent-fort\/"},"modified":"2018-09-02T15:47:10","modified_gmt":"2018-09-02T13:47:10","slug":"triathlon-d-o-diemunsch-derron-finissent-fort","status":"publish","type":"post","link":"https:\/\/vosgesinfo.fr\/gerardmerinfo\/2018\/09\/triathlon-d-o-diemunsch-derron-finissent-fort\/","title":{"rendered":"Triathlon D.O : Diemunsch &#038; Derron finissent fort !"},"content":{"rendered":"<h3><iframe loading=\"lazy\" src=\"\/\/www.youtube.com\/embed\/ZSDdGJhPnjk\" width=\"425\" height=\"350\" allowfullscreen=\"allowfullscreen\"><\/iframe><\/h3>\n<h3><span style=\"font-size: 12pt;\">On aura une fois de plus assist\u00e9 \u00e0 de tr\u00e8s belles batailles avec des victoires qui se sont jou\u00e9es dans les derniers kilom\u00e8tres lors de ce Distance Olympique du 30\u00e8me Triathlon de G\u00e9rardmer.<\/span><\/h3>\n<div id=\"attachment_133596\" style=\"width: 410px\" class=\"wp-caption alignright\"><a href=\"\/2018\/09\/etienne-diemunsch-1.jpg\"><img decoding=\"async\" aria-describedby=\"caption-attachment-133596\" class=\"size-medium wp-image-133596\" src=\"\/2018\/09\/etienne-diemunsch-1-400x225.jpg\" alt=\"Etienne Diemunsch\" width=\"400\" height=\"225\" \/><\/a><p id=\"caption-attachment-133596\" class=\"wp-caption-text\">Etienne Diemunsch<\/p><\/div>\n<p>Une \u00e9preuve qui s&rsquo;est sold\u00e9e par la victoire d\u2019\u00c9tienne Diemunsch chez les hommes (\u00e0 2 minutes du record de Tom Lecomte avec 2h12&rsquo;11\u00a0\u00bb !) et de la Suissesse Nina Derron chez les dames. Diemunsch qui a pourtant eu une saison particuli\u00e8rement bien remplie jusqu&rsquo;\u00e0 pr\u00e9sent, mais qui n&rsquo;a pas manqu\u00e9 de jus pour finir cette belle \u00e9preuve, prenant ainsi le meilleur sur les deux Allemands Timo Hackenjos (2h14&rsquo;59\u00a0\u00bb) et Malte Plappert (2h16&rsquo;02\u00a0\u00bb), ce dernier ayant eu un peu de mal \u00e0 finir. Excellent duathl\u00e8te, plus fort sur la course \u00e0 pieds, le vainqueur de ce D.O n&rsquo;avait pourtant pas sa foul\u00e9e habituelle mais avait de la marge, comme le signalait les sp\u00e9cialistes au micro de J\u00e9r\u00f4me, commentateur officiel du Triathlon g\u00e9r\u00f4mois avec l&rsquo;incontournable Vicky. Ces sp\u00e9cialistes et consultants de lux, vous les aurez reconnus, il s&rsquo;agissait de Tom Lecomte, vainqueur du XL la veille, et Fred Belaubre. Il y avait donc du beau monde sur la ligne d&rsquo;arriv\u00e9e pour accueillir les athl\u00e8tes avec un top 10 constell\u00e9 de Fran\u00e7ais avec notamment le Spinalien Lucas Matthieu en 10\u00e8me position !<\/p>\n<p><strong>Un public de feu !!<\/strong><\/p>\n<div id=\"attachment_133600\" style=\"width: 410px\" class=\"wp-caption alignleft\"><a href=\"\/2018\/09\/podium-dames-DO-2018.jpg\"><img decoding=\"async\" aria-describedby=\"caption-attachment-133600\" class=\"size-medium wp-image-133600\" src=\"\/2018\/09\/podium-dames-DO-2018-400x225.jpg\" alt=\"Le podium dames avec de gauche \u00e0 droite : Nina Derron, Charlotte Morel et Sabrina Rinaldi\" width=\"400\" height=\"225\" \/><\/a><p id=\"caption-attachment-133600\" class=\"wp-caption-text\">Le podium dames avec de gauche \u00e0 droite : Nina Derron, Charlotte Morel et Sabrina Rinaldi<\/p><\/div>\n<p>Pas forc\u00e9ment au top de sa forme, \u00c9tienne Diemunsch s&rsquo;impose donc sans se mettre dans le rouge, louant le soutien du public venu nombreux ce dimanche, ainsi qu&rsquo;un parcours un peu diff\u00e9rent qu&rsquo;il qualifiera de \u00ab\u00a0bon cru\u00a0\u00bb : \u00ab\u00a0Il y avait un peu de monde sur la route foresti\u00e8re et j&rsquo;ai d\u00fb en bouger certains pour passer parfois, je m&rsquo;en excuse d&rsquo;avance\u00a0\u00bb pr\u00e9cisera-t-il avec fair-play au terme de sa course. Mais revenons-en au public. Apr\u00e8s le XL, il aura une fois de plus jou\u00e9 un r\u00f4le important sur ce D.O, comme l&rsquo;expliquait Nina Derron qui a r\u00e9ussi \u00e0 revenir sur Charlotte Morel lors des derniers tours de course (traduis de l&rsquo;Anglais) : \u00ab\u00a0J&rsquo;ai eu du mal sur les premiers kilom\u00e8tres de course \u00e0 pieds, et \u00e0 un moment je me suis m\u00eame dit que ce n&rsquo;\u00e9tait vraiment pas mon jour ! Le deuxi\u00e8me tour a \u00e9t\u00e9 dur lui aussi,\u00a0 je me suis dit reste l\u00e0, reste derri\u00e8re Charlotte, accroche-toi, et j&rsquo;ai essay\u00e9 de pousser pour revenir, sans me retourner. J&rsquo;ai commenc\u00e9 \u00e0 r\u00e9cup\u00e9rer doucement, et puis il y avait une telle atmosph\u00e8re, le public m&rsquo;a \u00e9norm\u00e9ment encourag\u00e9 m\u00eame si je ne suis pas Fran\u00e7aise, \u00e7a m&rsquo;a beaucoup aid\u00e9 et \u00e7a m&rsquo;a permis de terminer fort. (&#8230;) Je reviendrai !\u00a0\u00bb<\/p>\n<p><strong>Un bon cru<\/strong><\/p>\n<div id=\"attachment_133598\" style=\"width: 410px\" class=\"wp-caption alignright\"><a href=\"\/2018\/09\/Matthieu-pech\u00e9.jpg\"><img decoding=\"async\" aria-describedby=\"caption-attachment-133598\" class=\"wp-image-133598 size-medium\" src=\"\/2018\/09\/Matthieu-pech\u00e9-400x225.jpg\" alt=\"Matthieu P\u00e9ch\u00e9\" width=\"400\" height=\"225\" \/><\/a><p id=\"caption-attachment-133598\" class=\"wp-caption-text\">Matthieu P\u00e9ch\u00e9<\/p><\/div>\n<p>Nina Derron a donc repris une Charlotte Morel un peu \u00e0 court d&rsquo;\u00e9nergie apr\u00e8s avoir fait un top 5 la veille sur le XL. Elle ne r\u00e9\u00e9ditera donc pas son bel exploit de l&rsquo;an dernier mais s\u2019adjuge une tr\u00e8s belle deuxi\u00e8me place, juste devant une autre Fran\u00e7aise en la personne de Sabrina Rinaldi. La Suissesse boucle l&rsquo;\u00e9preuve en 2h32&rsquo;40\u00a0\u00bb avec environ 2 minutes d&rsquo;avance sur Morel. Derri\u00e8re, on soulignera la 53\u00e8me place au scratch du kayakiste Matthieu P\u00e9ch\u00e9 que l&rsquo;on dit assidu aux entra\u00eenement depuis qu&rsquo;il est un peu moins sur l&rsquo;eau&#8230; Pour conclure, on peu d&rsquo;ors-et-d\u00e9j\u00e0 annoncer qu&rsquo;il s&rsquo;agissait d&rsquo;une magnifique 30\u00e8me \u00e9dition, y compris pour les enfants et les participants au D\u00e9couverte dont les d\u00e9parts avaient \u00e9t\u00e9 donn\u00e9s un peu plus t\u00f4t dans la matin\u00e9e de dimanche (voir photos ci-dessous). Un opus marqu\u00e9 par un public venu nombreux et qui aura clairement jou\u00e9 un r\u00f4le d\u00e9terminant sur les deux courses phares de ce Triathlon de G\u00e9rardmer, comme l&rsquo;ont confirm\u00e9 plusieurs athl\u00e8tes qui sont mont\u00e9s sur le podium !<\/p>\n\n","protected":false},"excerpt":{"rendered":"<p>On aura une fois de plus assist\u00e9 \u00e0 de tr\u00e8s belles batailles avec des victoires qui se sont jou\u00e9es dans [&hellip;]<\/p>\n","protected":false},"author":42,"featured_media":36394,"comment_status":"open","ping_status":"open","sticky":false,"template":"","format":"standard","meta":{"footnotes":""},"categories":[20,14,18],"tags":[3780,3781,3782,123],"class_list":["post-36393","post","type-post","status-publish","format-standard","has-post-thumbnail","hentry","category-a-la-une","category-sport","category-vosges","tag-charlotte-morel","tag-etienne-diemunsch","tag-nina-derron","tag-triathlon-de-gerardmer"],"acf":[],"yoast_head":"<!-- This site is optimized with the Yoast SEO plugin v22.5 - https:\/\/yoast.com\/wordpress\/plugins\/seo\/ -->\n<title>Triathlon D.O : Diemunsch &amp; Derron finissent fort ! - Gerardmer Info<\/title>\n<meta name=\"robots\" content=\"index, follow, max-snippet:-1, max-image-preview:large, max-video-preview:-1\" \/>\n<link rel=\"canonical\" href=\"https:\/\/vosgesinfo.fr\/gerardmerinfo\/2018\/09\/triathlon-d-o-diemunsch-derron-finissent-fort\/\" \/>\n<meta name=\"twitter:card\" content=\"summary_large_image\" \/>\n<meta name=\"twitter:title\" content=\"Triathlon D.O : Diemunsch &amp; Derron finissent fort ! - Gerardmer Info\" \/>\n<meta name=\"twitter:description\" content=\"On aura une fois de plus assist\u00e9 \u00e0 de tr\u00e8s belles batailles avec des victoires qui se sont jou\u00e9es dans [&hellip;]\" \/>\n<meta name=\"twitter:image\" content=\"https:\/\/vosgesinfo.fr\/app\/uploads\/sites\/6\/2024\/07\/201809etienne-diemunsch-1.jpg\" \/>\n<meta name=\"twitter:creator\" content=\"@VosgesInfo88\" \/>\n<meta name=\"twitter:site\" content=\"@VosgesInfo88\" \/>\n<meta name=\"twitter:label1\" content=\"\u00c9crit par\" \/>\n\t<meta name=\"twitter:data1\" content=\"QG\" \/>\n\t<meta name=\"twitter:label2\" content=\"Dur\u00e9e de lecture estim\u00e9e\" \/>\n\t<meta name=\"twitter:data2\" content=\"3 minutes\" \/>\n<script type=\"application\/ld+json\" class=\"yoast-schema-graph\">{\"@context\":\"https:\/\/schema.org\",\"@graph\":[{\"@type\":\"Article\",\"@id\":\"https:\/\/vosgesinfo.fr\/gerardmerinfo\/2018\/09\/triathlon-d-o-diemunsch-derron-finissent-fort\/#article\",\"isPartOf\":{\"@id\":\"https:\/\/vosgesinfo.fr\/gerardmerinfo\/2018\/09\/triathlon-d-o-diemunsch-derron-finissent-fort\/\"},\"author\":{\"name\":\"QG\",\"@id\":\"https:\/\/vosgesinfo.fr\/gerardmerinfo\/#\/schema\/person\/db5605779a843dad16b5368f3e7613a5\"},\"headline\":\"Triathlon D.O : Diemunsch &#038; Derron finissent fort !\",\"datePublished\":\"2018-09-02T13:47:10+00:00\",\"dateModified\":\"2018-09-02T13:47:10+00:00\",\"mainEntityOfPage\":{\"@id\":\"https:\/\/vosgesinfo.fr\/gerardmerinfo\/2018\/09\/triathlon-d-o-diemunsch-derron-finissent-fort\/\"},\"wordCount\":725,\"commentCount\":0,\"publisher\":{\"@id\":\"https:\/\/vosgesinfo.fr\/gerardmerinfo\/#organization\"},\"image\":{\"@id\":\"https:\/\/vosgesinfo.fr\/gerardmerinfo\/2018\/09\/triathlon-d-o-diemunsch-derron-finissent-fort\/#primaryimage\"},\"thumbnailUrl\":\"https:\/\/vosgesinfo.fr\/app\/uploads\/sites\/6\/2024\/07\/201809etienne-diemunsch-1.jpg\",\"keywords\":[\"charlotte morel\",\"etienne diemunsch\",\"nina derron\",\"triathlon de G\u00e9rardmer\"],\"articleSection\":[\"A la une\",\"Sport\",\"Vosges\"],\"inLanguage\":\"fr-FR\",\"potentialAction\":[{\"@type\":\"CommentAction\",\"name\":\"Comment\",\"target\":[\"https:\/\/vosgesinfo.fr\/gerardmerinfo\/2018\/09\/triathlon-d-o-diemunsch-derron-finissent-fort\/#respond\"]}]},{\"@type\":\"WebPage\",\"@id\":\"https:\/\/vosgesinfo.fr\/gerardmerinfo\/2018\/09\/triathlon-d-o-diemunsch-derron-finissent-fort\/\",\"url\":\"https:\/\/vosgesinfo.fr\/gerardmerinfo\/2018\/09\/triathlon-d-o-diemunsch-derron-finissent-fort\/\",\"name\":\"Triathlon D.O : Diemunsch & Derron finissent fort ! - Gerardmer Info\",\"isPartOf\":{\"@id\":\"https:\/\/vosgesinfo.fr\/gerardmerinfo\/#website\"},\"primaryImageOfPage\":{\"@id\":\"https:\/\/vosgesinfo.fr\/gerardmerinfo\/2018\/09\/triathlon-d-o-diemunsch-derron-finissent-fort\/#primaryimage\"},\"image\":{\"@id\":\"https:\/\/vosgesinfo.fr\/gerardmerinfo\/2018\/09\/triathlon-d-o-diemunsch-derron-finissent-fort\/#primaryimage\"},\"thumbnailUrl\":\"https:\/\/vosgesinfo.fr\/app\/uploads\/sites\/6\/2024\/07\/201809etienne-diemunsch-1.jpg\",\"datePublished\":\"2018-09-02T13:47:10+00:00\",\"dateModified\":\"2018-09-02T13:47:10+00:00\",\"breadcrumb\":{\"@id\":\"https:\/\/vosgesinfo.fr\/gerardmerinfo\/2018\/09\/triathlon-d-o-diemunsch-derron-finissent-fort\/#breadcrumb\"},\"inLanguage\":\"fr-FR\",\"potentialAction\":[{\"@type\":\"ReadAction\",\"target\":[\"https:\/\/vosgesinfo.fr\/gerardmerinfo\/2018\/09\/triathlon-d-o-diemunsch-derron-finissent-fort\/\"]}]},{\"@type\":\"ImageObject\",\"inLanguage\":\"fr-FR\",\"@id\":\"https:\/\/vosgesinfo.fr\/gerardmerinfo\/2018\/09\/triathlon-d-o-diemunsch-derron-finissent-fort\/#primaryimage\",\"url\":\"https:\/\/vosgesinfo.fr\/app\/uploads\/sites\/6\/2024\/07\/201809etienne-diemunsch-1.jpg\",\"contentUrl\":\"https:\/\/vosgesinfo.fr\/app\/uploads\/sites\/6\/2024\/07\/201809etienne-diemunsch-1.jpg\",\"width\":800,\"height\":450},{\"@type\":\"BreadcrumbList\",\"@id\":\"https:\/\/vosgesinfo.fr\/gerardmerinfo\/2018\/09\/triathlon-d-o-diemunsch-derron-finissent-fort\/#breadcrumb\",\"itemListElement\":[{\"@type\":\"ListItem\",\"position\":1,\"name\":\"Home\",\"item\":\"https:\/\/vosgesinfo.fr\/gerardmerinfo\/\"},{\"@type\":\"ListItem\",\"position\":2,\"name\":\"Triathlon D.O : Diemunsch &#038; Derron finissent fort !\"}]},{\"@type\":\"WebSite\",\"@id\":\"https:\/\/vosgesinfo.fr\/gerardmerinfo\/#website\",\"url\":\"https:\/\/vosgesinfo.fr\/gerardmerinfo\/\",\"name\":\"Gerardmer Info\",\"description\":\"Toute l&#039;actualit\u00e9 de G\u00e9rardmer\",\"publisher\":{\"@id\":\"https:\/\/vosgesinfo.fr\/gerardmerinfo\/#organization\"},\"alternateName\":\"Toute l'actualit\u00e9 de G\u00e9rardmer\",\"potentialAction\":[{\"@type\":\"SearchAction\",\"target\":{\"@type\":\"EntryPoint\",\"urlTemplate\":\"https:\/\/vosgesinfo.fr\/gerardmerinfo\/?s={search_term_string}\"},\"query-input\":\"required name=search_term_string\"}],\"inLanguage\":\"fr-FR\"},{\"@type\":\"Organization\",\"@id\":\"https:\/\/vosgesinfo.fr\/gerardmerinfo\/#organization\",\"name\":\"Gerardmer Info\",\"url\":\"https:\/\/vosgesinfo.fr\/gerardmerinfo\/\",\"logo\":{\"@type\":\"ImageObject\",\"inLanguage\":\"fr-FR\",\"@id\":\"https:\/\/vosgesinfo.fr\/gerardmerinfo\/#\/schema\/logo\/image\/\",\"url\":\"https:\/\/vosgesinfo.fr\/app\/uploads\/sites\/6\/2023\/08\/favicon-gerardmerinfo.png\",\"contentUrl\":\"https:\/\/vosgesinfo.fr\/app\/uploads\/sites\/6\/2023\/08\/favicon-gerardmerinfo.png\",\"width\":512,\"height\":512,\"caption\":\"Gerardmer Info\"},\"image\":{\"@id\":\"https:\/\/vosgesinfo.fr\/gerardmerinfo\/#\/schema\/logo\/image\/\"},\"sameAs\":[\"https:\/\/www.facebook.com\/profile.php?id=100049475262660\",\"https:\/\/x.com\/VosgesInfo88\",\"https:\/\/www.youtube.com\/@vosgesinfo\"]},{\"@type\":\"Person\",\"@id\":\"https:\/\/vosgesinfo.fr\/gerardmerinfo\/#\/schema\/person\/db5605779a843dad16b5368f3e7613a5\",\"name\":\"QG\",\"image\":{\"@type\":\"ImageObject\",\"inLanguage\":\"fr-FR\",\"@id\":\"https:\/\/vosgesinfo.fr\/gerardmerinfo\/#\/schema\/person\/image\/\",\"url\":\"https:\/\/secure.gravatar.com\/avatar\/ea80c42c204b534408512832fde52504ecabb9706bcb6151cf6175e5b64e6793?s=96&d=mm&r=g\",\"contentUrl\":\"https:\/\/secure.gravatar.com\/avatar\/ea80c42c204b534408512832fde52504ecabb9706bcb6151cf6175e5b64e6793?s=96&d=mm&r=g\",\"caption\":\"QG\"},\"url\":\"https:\/\/vosgesinfo.fr\/gerardmerinfo\/author\/quentin88\/\"}]}<\/script>\n<!-- \/ Yoast SEO plugin. -->","yoast_head_json":{"title":"Triathlon D.O : Diemunsch & Derron finissent fort ! - Gerardmer Info","robots":{"index":"index","follow":"follow","max-snippet":"max-snippet:-1","max-image-preview":"max-image-preview:large","max-video-preview":"max-video-preview:-1"},"canonical":"https:\/\/vosgesinfo.fr\/gerardmerinfo\/2018\/09\/triathlon-d-o-diemunsch-derron-finissent-fort\/","twitter_card":"summary_large_image","twitter_title":"Triathlon D.O : Diemunsch & Derron finissent fort ! - Gerardmer Info","twitter_description":"On aura une fois de plus assist\u00e9 \u00e0 de tr\u00e8s belles batailles avec des victoires qui se sont jou\u00e9es dans [&hellip;]","twitter_image":"https:\/\/vosgesinfo.fr\/app\/uploads\/sites\/6\/2024\/07\/201809etienne-diemunsch-1.jpg","twitter_creator":"@VosgesInfo88","twitter_site":"@VosgesInfo88","twitter_misc":{"\u00c9crit par":"QG","Dur\u00e9e de lecture estim\u00e9e":"3 minutes"},"schema":{"@context":"https:\/\/schema.org","@graph":[{"@type":"Article","@id":"https:\/\/vosgesinfo.fr\/gerardmerinfo\/2018\/09\/triathlon-d-o-diemunsch-derron-finissent-fort\/#article","isPartOf":{"@id":"https:\/\/vosgesinfo.fr\/gerardmerinfo\/2018\/09\/triathlon-d-o-diemunsch-derron-finissent-fort\/"},"author":{"name":"QG","@id":"https:\/\/vosgesinfo.fr\/gerardmerinfo\/#\/schema\/person\/db5605779a843dad16b5368f3e7613a5"},"headline":"Triathlon D.O : Diemunsch &#038; Derron finissent fort !","datePublished":"2018-09-02T13:47:10+00:00","dateModified":"2018-09-02T13:47:10+00:00","mainEntityOfPage":{"@id":"https:\/\/vosgesinfo.fr\/gerardmerinfo\/2018\/09\/triathlon-d-o-diemunsch-derron-finissent-fort\/"},"wordCount":725,"commentCount":0,"publisher":{"@id":"https:\/\/vosgesinfo.fr\/gerardmerinfo\/#organization"},"image":{"@id":"https:\/\/vosgesinfo.fr\/gerardmerinfo\/2018\/09\/triathlon-d-o-diemunsch-derron-finissent-fort\/#primaryimage"},"thumbnailUrl":"https:\/\/vosgesinfo.fr\/app\/uploads\/sites\/6\/2024\/07\/201809etienne-diemunsch-1.jpg","keywords":["charlotte morel","etienne diemunsch","nina derron","triathlon de G\u00e9rardmer"],"articleSection":["A la une","Sport","Vosges"],"inLanguage":"fr-FR","potentialAction":[{"@type":"CommentAction","name":"Comment","target":["https:\/\/vosgesinfo.fr\/gerardmerinfo\/2018\/09\/triathlon-d-o-diemunsch-derron-finissent-fort\/#respond"]}]},{"@type":"WebPage","@id":"https:\/\/vosgesinfo.fr\/gerardmerinfo\/2018\/09\/triathlon-d-o-diemunsch-derron-finissent-fort\/","url":"https:\/\/vosgesinfo.fr\/gerardmerinfo\/2018\/09\/triathlon-d-o-diemunsch-derron-finissent-fort\/","name":"Triathlon D.O : Diemunsch & Derron finissent fort ! - Gerardmer Info","isPartOf":{"@id":"https:\/\/vosgesinfo.fr\/gerardmerinfo\/#website"},"primaryImageOfPage":{"@id":"https:\/\/vosgesinfo.fr\/gerardmerinfo\/2018\/09\/triathlon-d-o-diemunsch-derron-finissent-fort\/#primaryimage"},"image":{"@id":"https:\/\/vosgesinfo.fr\/gerardmerinfo\/2018\/09\/triathlon-d-o-diemunsch-derron-finissent-fort\/#primaryimage"},"thumbnailUrl":"https:\/\/vosgesinfo.fr\/app\/uploads\/sites\/6\/2024\/07\/201809etienne-diemunsch-1.jpg","datePublished":"2018-09-02T13:47:10+00:00","dateModified":"2018-09-02T13:47:10+00:00","breadcrumb":{"@id":"https:\/\/vosgesinfo.fr\/gerardmerinfo\/2018\/09\/triathlon-d-o-diemunsch-derron-finissent-fort\/#breadcrumb"},"inLanguage":"fr-FR","potentialAction":[{"@type":"ReadAction","target":["https:\/\/vosgesinfo.fr\/gerardmerinfo\/2018\/09\/triathlon-d-o-diemunsch-derron-finissent-fort\/"]}]},{"@type":"ImageObject","inLanguage":"fr-FR","@id":"https:\/\/vosgesinfo.fr\/gerardmerinfo\/2018\/09\/triathlon-d-o-diemunsch-derron-finissent-fort\/#primaryimage","url":"https:\/\/vosgesinfo.fr\/app\/uploads\/sites\/6\/2024\/07\/201809etienne-diemunsch-1.jpg","contentUrl":"https:\/\/vosgesinfo.fr\/app\/uploads\/sites\/6\/2024\/07\/201809etienne-diemunsch-1.jpg","width":800,"height":450},{"@type":"BreadcrumbList","@id":"https:\/\/vosgesinfo.fr\/gerardmerinfo\/2018\/09\/triathlon-d-o-diemunsch-derron-finissent-fort\/#breadcrumb","itemListElement":[{"@type":"ListItem","position":1,"name":"Home","item":"https:\/\/vosgesinfo.fr\/gerardmerinfo\/"},{"@type":"ListItem","position":2,"name":"Triathlon D.O : Diemunsch &#038; Derron finissent fort !"}]},{"@type":"WebSite","@id":"https:\/\/vosgesinfo.fr\/gerardmerinfo\/#website","url":"https:\/\/vosgesinfo.fr\/gerardmerinfo\/","name":"Gerardmer Info","description":"Toute l&#039;actualit\u00e9 de G\u00e9rardmer","publisher":{"@id":"https:\/\/vosgesinfo.fr\/gerardmerinfo\/#organization"},"alternateName":"Toute l'actualit\u00e9 de G\u00e9rardmer","potentialAction":[{"@type":"SearchAction","target":{"@type":"EntryPoint","urlTemplate":"https:\/\/vosgesinfo.fr\/gerardmerinfo\/?s={search_term_string}"},"query-input":"required name=search_term_string"}],"inLanguage":"fr-FR"},{"@type":"Organization","@id":"https:\/\/vosgesinfo.fr\/gerardmerinfo\/#organization","name":"Gerardmer Info","url":"https:\/\/vosgesinfo.fr\/gerardmerinfo\/","logo":{"@type":"ImageObject","inLanguage":"fr-FR","@id":"https:\/\/vosgesinfo.fr\/gerardmerinfo\/#\/schema\/logo\/image\/","url":"https:\/\/vosgesinfo.fr\/app\/uploads\/sites\/6\/2023\/08\/favicon-gerardmerinfo.png","contentUrl":"https:\/\/vosgesinfo.fr\/app\/uploads\/sites\/6\/2023\/08\/favicon-gerardmerinfo.png","width":512,"height":512,"caption":"Gerardmer Info"},"image":{"@id":"https:\/\/vosgesinfo.fr\/gerardmerinfo\/#\/schema\/logo\/image\/"},"sameAs":["https:\/\/www.facebook.com\/profile.php?id=100049475262660","https:\/\/x.com\/VosgesInfo88","https:\/\/www.youtube.com\/@vosgesinfo"]},{"@type":"Person","@id":"https:\/\/vosgesinfo.fr\/gerardmerinfo\/#\/schema\/person\/db5605779a843dad16b5368f3e7613a5","name":"QG","image":{"@type":"ImageObject","inLanguage":"fr-FR","@id":"https:\/\/vosgesinfo.fr\/gerardmerinfo\/#\/schema\/person\/image\/","url":"https:\/\/secure.gravatar.com\/avatar\/ea80c42c204b534408512832fde52504ecabb9706bcb6151cf6175e5b64e6793?s=96&d=mm&r=g","contentUrl":"https:\/\/secure.gravatar.com\/avatar\/ea80c42c204b534408512832fde52504ecabb9706bcb6151cf6175e5b64e6793?s=96&d=mm&r=g","caption":"QG"},"url":"https:\/\/vosgesinfo.fr\/gerardmerinfo\/author\/quentin88\/"}]}},"_links":{"self":[{"href":"https:\/\/vosgesinfo.fr\/gerardmerinfo\/wp-json\/wp\/v2\/posts\/36393","targetHints":{"allow":["GET"]}}],"collection":[{"href":"https:\/\/vosgesinfo.fr\/gerardmerinfo\/wp-json\/wp\/v2\/posts"}],"about":[{"href":"https:\/\/vosgesinfo.fr\/gerardmerinfo\/wp-json\/wp\/v2\/types\/post"}],"author":[{"embeddable":true,"href":"https:\/\/vosgesinfo.fr\/gerardmerinfo\/wp-json\/wp\/v2\/users\/42"}],"replies":[{"embeddable":true,"href":"https:\/\/vosgesinfo.fr\/gerardmerinfo\/wp-json\/wp\/v2\/comments?post=36393"}],"version-history":[{"count":0,"href":"https:\/\/vosgesinfo.fr\/gerardmerinfo\/wp-json\/wp\/v2\/posts\/36393\/revisions"}],"wp:featuredmedia":[{"embeddable":true,"href":"https:\/\/vosgesinfo.fr\/gerardmerinfo\/wp-json\/wp\/v2\/media\/36394"}],"wp:attachment":[{"href":"https:\/\/vosgesinfo.fr\/gerardmerinfo\/wp-json\/wp\/v2\/media?parent=36393"}],"wp:term":[{"taxonomy":"category","embeddable":true,"href":"https:\/\/vosgesinfo.fr\/gerardmerinfo\/wp-json\/wp\/v2\/categories?post=36393"},{"taxonomy":"post_tag","embeddable":true,"href":"https:\/\/vosgesinfo.fr\/gerardmerinfo\/wp-json\/wp\/v2\/tags?post=36393"}],"curies":[{"name":"wp","href":"https:\/\/api.w.org\/{rel}","templated":true}]}}