{"id":36409,"date":"2018-09-03T15:09:46","date_gmt":"2018-09-03T13:09:46","guid":{"rendered":"https:\/\/vosgesinfo.fr\/gerardmerinfo\/2018\/09\/climbing-for-life-a-gerardmer-6-8-septembre-2018\/"},"modified":"2018-09-03T15:09:46","modified_gmt":"2018-09-03T13:09:46","slug":"climbing-for-life-a-gerardmer-6-8-septembre-2018","status":"publish","type":"post","link":"https:\/\/vosgesinfo.fr\/gerardmerinfo\/2018\/09\/climbing-for-life-a-gerardmer-6-8-septembre-2018\/","title":{"rendered":"Climbing For Life \u00e0 G\u00e9rardmer du 6 au 8 septembre 2018"},"content":{"rendered":"<p><span style=\"font-family: Times New Roman, serif;\"><span style=\"font-size: medium;\"><b><a href=\"\/2018\/09\/climbing-for-life.jpg\"><img decoding=\"async\" class=\"aligncenter size-medium wp-image-133635\" src=\"\/2018\/09\/climbing-for-life-400x227.jpg\" alt=\"climbing for life\" width=\"400\" height=\"227\" \/><\/a><\/b><\/span><\/span><\/p>\n<p>&nbsp;<\/p>\n<h3 style=\"text-align: center;\"><span style=\"font-family: Times New Roman, serif;\"><span style=\"font-size: medium;\"><b>Plus de 1500 cyclotouristes, trailers et marcheurs sont attendus d\u00e8s ce jeudi 6 septembre \u00e0 G\u00e9rardmer. <\/b><\/span><\/span><\/h3>\n<p><span style=\"font-family: Times New Roman, serif; font-size: 12pt;\">En effet, apr\u00e8s La Planche des Belles Filles en 2015, l\u2019Alpe d\u2019Huez en 2016, Climbing For Life s\u2019est install\u00e9 depuis 2017 sur les bords du lac de G\u00e9rardmer. Organis\u00e9e par le groupe belge Golazo Sports, la manifestation rassemble sportifs belges et n\u00e9erlandais. Au programme\u00a0: randonn\u00e9es cyclotouristes, parcours de trail ou randonn\u00e9es p\u00e9destres. Les fonds r\u00e9colt\u00e9s seront ensuite remis pour la lutte contre le diab\u00e8te.<\/span><\/p>\n<p><span style=\"font-family: Times New Roman, serif; font-size: 12pt;\">La Ville de G\u00e9rardmer apporte son soutien \u00e0 la manifestation en prenant en charge la location du Centre de Congr\u00e8s Espace L.A.C qui sera le \u00ab\u00a0village\u00a0\u00bb de Climbing For Life, en apportant \u00e9galement une aide technique et des arr\u00eat\u00e9s de circulation.<\/span><\/p>\n<p>&nbsp;<\/p>\n<p style=\"text-align: center;\"><span style=\"font-family: Times New Roman, serif;\"><span style=\"font-size: medium;\"><strong>Le programme :<\/strong><br \/>\n<\/span><\/span><\/p>\n<p><span style=\"font-family: Times New Roman, serif;\"><span style=\"font-size: medium;\"><b>JEUDI 6 SEPTEMBRE<\/b><\/span><\/span><\/p>\n<ul type=\"DISC\">\n<li><span style=\"font-family: Times New Roman, serif;\"><span style=\"font-size: medium;\">\u00ab\u00a0Le Contre-la-Montre-Sprint de La Mauselaine\u00a0\u00bb : 2km \u00e0 10,3% (max 13%)<\/span> <\/span><\/li>\n<\/ul>\n<p><span style=\"font-family: Times New Roman, serif;\"><span style=\"font-size: medium;\"><b>VENDREDI 7 SEPTEMBRE<\/b><\/span><\/span><\/p>\n<p><span style=\"font-family: Times New Roman, serif;\"><span style=\"font-size: medium;\">Toutes les randonn\u00e9es \u00e0 v\u00e9lo, le parcours de course \u00e0 pied et la randonn\u00e9e de marche terminent au lac de G\u00e9rardmer.<\/span><\/span><\/p>\n<p><span style=\"font-family: Times New Roman, serif;\"><span style=\"font-size: medium;\"><b>CYCLISTES<\/b><\/span><\/span><\/p>\n<p><span style=\"font-family: Times New Roman, serif;\"><span style=\"font-size: medium;\"><b>\u00ab\u00a0Tour des Grands Vosges\u00a0\u00bb<\/b><\/span><\/span><\/p>\n<ul type=\"DISC\">\n<li><span style=\"font-family: Times New Roman, serif;\"><span style=\"font-size: medium;\">53km &#8211; 1183m D+<\/span> <\/span><\/li>\n<li><span style=\"font-family: Times New Roman, serif;\"><span style=\"font-size: medium;\">89km &#8211; 1638m D+<\/span> <\/span><\/li>\n<li><span style=\"font-family: Times New Roman, serif;\"><span style=\"font-size: medium;\">116 km &#8211; 2376m D+<\/span> <\/span><\/li>\n<\/ul>\n<p><span style=\"font-family: Times New Roman, serif;\"><span style=\"font-size: medium;\"><b>COUREURS \/ MARCHEURS<\/b><\/span><\/span><\/p>\n<ul type=\"DISC\">\n<li><span style=\"font-family: Times New Roman, serif;\"><span style=\"font-size: medium;\">Trailrun ou une promenade magnifique de 10,4 km (229m D+)<\/span> <\/span><\/li>\n<\/ul>\n<p><span style=\"font-family: Times New Roman, serif;\"><span style=\"font-size: medium;\"><b>SAMEDI 8 SEPTEMBRE<\/b><\/span><\/span><\/p>\n<p><span style=\"font-family: Times New Roman, serif;\"><span style=\"font-size: medium;\"><b>CYCLISTES<\/b><\/span><\/span><\/p>\n<p><span style=\"font-family: Times New Roman, serif;\"><span style=\"font-size: medium;\"><b>\u00ab\u00a0Tour des Grands Ballons\u00a0\u00bb<\/b><\/span><\/span><\/p>\n<ul type=\"DISC\">\n<li><span style=\"font-family: Times New Roman, serif;\"><span style=\"font-size: medium;\">49km &#8211; 1201m D+<\/span> <\/span><\/li>\n<li><span style=\"font-family: Times New Roman, serif;\"><span style=\"font-size: medium;\">110km &#8211; 2247m D+<\/span> <\/span><\/li>\n<li><span style=\"font-family: Times New Roman, serif;\"><span style=\"font-size: medium;\">141km &#8211; 3437m D+<\/span> <\/span><\/li>\n<\/ul>\n<p><span style=\"font-family: Times New Roman, serif;\"><span style=\"font-size: medium;\"><b>COUREURS \/ MARCHEURS<\/b><\/span><\/span><\/p>\n<ul type=\"DISC\">\n<li><span style=\"font-family: Times New Roman, serif;\"><span style=\"font-size: medium;\">Trail runs &amp; walks : 11 km (295m d+) ou 25 km (768m D+)<\/span> <\/span><\/li>\n<\/ul>\n","protected":false},"excerpt":{"rendered":"<p>&nbsp; Plus de 1500 cyclotouristes, trailers et marcheurs sont attendus d\u00e8s ce jeudi 6 septembre \u00e0 G\u00e9rardmer. En effet, apr\u00e8s [&hellip;]<\/p>\n","protected":false},"author":1,"featured_media":36410,"comment_status":"open","ping_status":"open","sticky":false,"template":"","format":"standard","meta":{"footnotes":""},"categories":[20,14,18],"tags":[3233],"class_list":["post-36409","post","type-post","status-publish","format-standard","has-post-thumbnail","hentry","category-a-la-une","category-sport","category-vosges","tag-climbing-for-life"],"acf":[],"yoast_head":"<!-- This site is optimized with the Yoast SEO plugin v22.5 - https:\/\/yoast.com\/wordpress\/plugins\/seo\/ -->\n<title>Climbing For Life \u00e0 G\u00e9rardmer du 6 au 8 septembre 2018 - Gerardmer Info<\/title>\n<meta name=\"robots\" content=\"index, follow, max-snippet:-1, max-image-preview:large, max-video-preview:-1\" \/>\n<link rel=\"canonical\" href=\"https:\/\/vosgesinfo.fr\/gerardmerinfo\/2018\/09\/climbing-for-life-a-gerardmer-6-8-septembre-2018\/\" \/>\n<meta name=\"twitter:card\" content=\"summary_large_image\" \/>\n<meta name=\"twitter:title\" content=\"Climbing For Life \u00e0 G\u00e9rardmer du 6 au 8 septembre 2018 - Gerardmer Info\" \/>\n<meta name=\"twitter:description\" content=\"&nbsp; Plus de 1500 cyclotouristes, trailers et marcheurs sont attendus d\u00e8s ce jeudi 6 septembre \u00e0 G\u00e9rardmer. En effet, apr\u00e8s [&hellip;]\" \/>\n<meta name=\"twitter:image\" content=\"https:\/\/vosgesinfo.fr\/app\/uploads\/sites\/6\/2024\/07\/201809climbing-for-life.jpg\" \/>\n<meta name=\"twitter:creator\" content=\"@VosgesInfo88\" \/>\n<meta name=\"twitter:site\" content=\"@VosgesInfo88\" \/>\n<meta name=\"twitter:label1\" content=\"\u00c9crit par\" \/>\n\t<meta name=\"twitter:data1\" content=\"qs_admin\" \/>\n\t<meta name=\"twitter:label2\" content=\"Dur\u00e9e de lecture estim\u00e9e\" \/>\n\t<meta name=\"twitter:data2\" content=\"1 minute\" \/>\n<script type=\"application\/ld+json\" class=\"yoast-schema-graph\">{\"@context\":\"https:\/\/schema.org\",\"@graph\":[{\"@type\":\"Article\",\"@id\":\"https:\/\/vosgesinfo.fr\/gerardmerinfo\/2018\/09\/climbing-for-life-a-gerardmer-6-8-septembre-2018\/#article\",\"isPartOf\":{\"@id\":\"https:\/\/vosgesinfo.fr\/gerardmerinfo\/2018\/09\/climbing-for-life-a-gerardmer-6-8-septembre-2018\/\"},\"author\":{\"name\":\"qs_admin\",\"@id\":\"https:\/\/vosgesinfo.fr\/gerardmerinfo\/#\/schema\/person\/bc5d02d71e6932e81b6dadb7386667b1\"},\"headline\":\"Climbing For Life \u00e0 G\u00e9rardmer du 6 au 8 septembre 2018\",\"datePublished\":\"2018-09-03T13:09:46+00:00\",\"dateModified\":\"2018-09-03T13:09:46+00:00\",\"mainEntityOfPage\":{\"@id\":\"https:\/\/vosgesinfo.fr\/gerardmerinfo\/2018\/09\/climbing-for-life-a-gerardmer-6-8-septembre-2018\/\"},\"wordCount\":241,\"commentCount\":0,\"publisher\":{\"@id\":\"https:\/\/vosgesinfo.fr\/gerardmerinfo\/#organization\"},\"image\":{\"@id\":\"https:\/\/vosgesinfo.fr\/gerardmerinfo\/2018\/09\/climbing-for-life-a-gerardmer-6-8-septembre-2018\/#primaryimage\"},\"thumbnailUrl\":\"https:\/\/vosgesinfo.fr\/app\/uploads\/sites\/6\/2024\/07\/201809climbing-for-life.jpg\",\"keywords\":[\"climbing for life\"],\"articleSection\":[\"A la une\",\"Sport\",\"Vosges\"],\"inLanguage\":\"fr-FR\",\"potentialAction\":[{\"@type\":\"CommentAction\",\"name\":\"Comment\",\"target\":[\"https:\/\/vosgesinfo.fr\/gerardmerinfo\/2018\/09\/climbing-for-life-a-gerardmer-6-8-septembre-2018\/#respond\"]}]},{\"@type\":\"WebPage\",\"@id\":\"https:\/\/vosgesinfo.fr\/gerardmerinfo\/2018\/09\/climbing-for-life-a-gerardmer-6-8-septembre-2018\/\",\"url\":\"https:\/\/vosgesinfo.fr\/gerardmerinfo\/2018\/09\/climbing-for-life-a-gerardmer-6-8-septembre-2018\/\",\"name\":\"Climbing For Life \u00e0 G\u00e9rardmer du 6 au 8 septembre 2018 - Gerardmer Info\",\"isPartOf\":{\"@id\":\"https:\/\/vosgesinfo.fr\/gerardmerinfo\/#website\"},\"primaryImageOfPage\":{\"@id\":\"https:\/\/vosgesinfo.fr\/gerardmerinfo\/2018\/09\/climbing-for-life-a-gerardmer-6-8-septembre-2018\/#primaryimage\"},\"image\":{\"@id\":\"https:\/\/vosgesinfo.fr\/gerardmerinfo\/2018\/09\/climbing-for-life-a-gerardmer-6-8-septembre-2018\/#primaryimage\"},\"thumbnailUrl\":\"https:\/\/vosgesinfo.fr\/app\/uploads\/sites\/6\/2024\/07\/201809climbing-for-life.jpg\",\"datePublished\":\"2018-09-03T13:09:46+00:00\",\"dateModified\":\"2018-09-03T13:09:46+00:00\",\"breadcrumb\":{\"@id\":\"https:\/\/vosgesinfo.fr\/gerardmerinfo\/2018\/09\/climbing-for-life-a-gerardmer-6-8-septembre-2018\/#breadcrumb\"},\"inLanguage\":\"fr-FR\",\"potentialAction\":[{\"@type\":\"ReadAction\",\"target\":[\"https:\/\/vosgesinfo.fr\/gerardmerinfo\/2018\/09\/climbing-for-life-a-gerardmer-6-8-septembre-2018\/\"]}]},{\"@type\":\"ImageObject\",\"inLanguage\":\"fr-FR\",\"@id\":\"https:\/\/vosgesinfo.fr\/gerardmerinfo\/2018\/09\/climbing-for-life-a-gerardmer-6-8-septembre-2018\/#primaryimage\",\"url\":\"https:\/\/vosgesinfo.fr\/app\/uploads\/sites\/6\/2024\/07\/201809climbing-for-life.jpg\",\"contentUrl\":\"https:\/\/vosgesinfo.fr\/app\/uploads\/sites\/6\/2024\/07\/201809climbing-for-life.jpg\",\"width\":800,\"height\":454},{\"@type\":\"BreadcrumbList\",\"@id\":\"https:\/\/vosgesinfo.fr\/gerardmerinfo\/2018\/09\/climbing-for-life-a-gerardmer-6-8-septembre-2018\/#breadcrumb\",\"itemListElement\":[{\"@type\":\"ListItem\",\"position\":1,\"name\":\"Home\",\"item\":\"https:\/\/vosgesinfo.fr\/gerardmerinfo\/\"},{\"@type\":\"ListItem\",\"position\":2,\"name\":\"Climbing For Life \u00e0 G\u00e9rardmer du 6 au 8 septembre 2018\"}]},{\"@type\":\"WebSite\",\"@id\":\"https:\/\/vosgesinfo.fr\/gerardmerinfo\/#website\",\"url\":\"https:\/\/vosgesinfo.fr\/gerardmerinfo\/\",\"name\":\"Gerardmer Info\",\"description\":\"Toute l&#039;actualit\u00e9 de G\u00e9rardmer\",\"publisher\":{\"@id\":\"https:\/\/vosgesinfo.fr\/gerardmerinfo\/#organization\"},\"alternateName\":\"Toute l'actualit\u00e9 de G\u00e9rardmer\",\"potentialAction\":[{\"@type\":\"SearchAction\",\"target\":{\"@type\":\"EntryPoint\",\"urlTemplate\":\"https:\/\/vosgesinfo.fr\/gerardmerinfo\/?s={search_term_string}\"},\"query-input\":\"required name=search_term_string\"}],\"inLanguage\":\"fr-FR\"},{\"@type\":\"Organization\",\"@id\":\"https:\/\/vosgesinfo.fr\/gerardmerinfo\/#organization\",\"name\":\"Gerardmer Info\",\"url\":\"https:\/\/vosgesinfo.fr\/gerardmerinfo\/\",\"logo\":{\"@type\":\"ImageObject\",\"inLanguage\":\"fr-FR\",\"@id\":\"https:\/\/vosgesinfo.fr\/gerardmerinfo\/#\/schema\/logo\/image\/\",\"url\":\"https:\/\/vosgesinfo.fr\/app\/uploads\/sites\/6\/2023\/08\/favicon-gerardmerinfo.png\",\"contentUrl\":\"https:\/\/vosgesinfo.fr\/app\/uploads\/sites\/6\/2023\/08\/favicon-gerardmerinfo.png\",\"width\":512,\"height\":512,\"caption\":\"Gerardmer Info\"},\"image\":{\"@id\":\"https:\/\/vosgesinfo.fr\/gerardmerinfo\/#\/schema\/logo\/image\/\"},\"sameAs\":[\"https:\/\/www.facebook.com\/profile.php?id=100049475262660\",\"https:\/\/x.com\/VosgesInfo88\",\"https:\/\/www.youtube.com\/@vosgesinfo\"]},{\"@type\":\"Person\",\"@id\":\"https:\/\/vosgesinfo.fr\/gerardmerinfo\/#\/schema\/person\/bc5d02d71e6932e81b6dadb7386667b1\",\"name\":\"qs_admin\",\"image\":{\"@type\":\"ImageObject\",\"inLanguage\":\"fr-FR\",\"@id\":\"https:\/\/vosgesinfo.fr\/gerardmerinfo\/#\/schema\/person\/image\/\",\"url\":\"https:\/\/secure.gravatar.com\/avatar\/94b18ee0ed79e4a42ea2f2931277b6841a8999fc6fde214600c78057cf1fe1de?s=96&d=mm&r=g\",\"contentUrl\":\"https:\/\/secure.gravatar.com\/avatar\/94b18ee0ed79e4a42ea2f2931277b6841a8999fc6fde214600c78057cf1fe1de?s=96&d=mm&r=g\",\"caption\":\"qs_admin\"},\"sameAs\":[\"https:\/\/vosgesinfo.fr\/wp\"],\"url\":\"https:\/\/vosgesinfo.fr\/gerardmerinfo\/author\/qs_admin\/\"}]}<\/script>\n<!-- \/ Yoast SEO plugin. -->","yoast_head_json":{"title":"Climbing For Life \u00e0 G\u00e9rardmer du 6 au 8 septembre 2018 - Gerardmer Info","robots":{"index":"index","follow":"follow","max-snippet":"max-snippet:-1","max-image-preview":"max-image-preview:large","max-video-preview":"max-video-preview:-1"},"canonical":"https:\/\/vosgesinfo.fr\/gerardmerinfo\/2018\/09\/climbing-for-life-a-gerardmer-6-8-septembre-2018\/","twitter_card":"summary_large_image","twitter_title":"Climbing For Life \u00e0 G\u00e9rardmer du 6 au 8 septembre 2018 - Gerardmer Info","twitter_description":"&nbsp; Plus de 1500 cyclotouristes, trailers et marcheurs sont attendus d\u00e8s ce jeudi 6 septembre \u00e0 G\u00e9rardmer. En effet, apr\u00e8s [&hellip;]","twitter_image":"https:\/\/vosgesinfo.fr\/app\/uploads\/sites\/6\/2024\/07\/201809climbing-for-life.jpg","twitter_creator":"@VosgesInfo88","twitter_site":"@VosgesInfo88","twitter_misc":{"\u00c9crit par":"qs_admin","Dur\u00e9e de lecture estim\u00e9e":"1 minute"},"schema":{"@context":"https:\/\/schema.org","@graph":[{"@type":"Article","@id":"https:\/\/vosgesinfo.fr\/gerardmerinfo\/2018\/09\/climbing-for-life-a-gerardmer-6-8-septembre-2018\/#article","isPartOf":{"@id":"https:\/\/vosgesinfo.fr\/gerardmerinfo\/2018\/09\/climbing-for-life-a-gerardmer-6-8-septembre-2018\/"},"author":{"name":"qs_admin","@id":"https:\/\/vosgesinfo.fr\/gerardmerinfo\/#\/schema\/person\/bc5d02d71e6932e81b6dadb7386667b1"},"headline":"Climbing For Life \u00e0 G\u00e9rardmer du 6 au 8 septembre 2018","datePublished":"2018-09-03T13:09:46+00:00","dateModified":"2018-09-03T13:09:46+00:00","mainEntityOfPage":{"@id":"https:\/\/vosgesinfo.fr\/gerardmerinfo\/2018\/09\/climbing-for-life-a-gerardmer-6-8-septembre-2018\/"},"wordCount":241,"commentCount":0,"publisher":{"@id":"https:\/\/vosgesinfo.fr\/gerardmerinfo\/#organization"},"image":{"@id":"https:\/\/vosgesinfo.fr\/gerardmerinfo\/2018\/09\/climbing-for-life-a-gerardmer-6-8-septembre-2018\/#primaryimage"},"thumbnailUrl":"https:\/\/vosgesinfo.fr\/app\/uploads\/sites\/6\/2024\/07\/201809climbing-for-life.jpg","keywords":["climbing for life"],"articleSection":["A la une","Sport","Vosges"],"inLanguage":"fr-FR","potentialAction":[{"@type":"CommentAction","name":"Comment","target":["https:\/\/vosgesinfo.fr\/gerardmerinfo\/2018\/09\/climbing-for-life-a-gerardmer-6-8-septembre-2018\/#respond"]}]},{"@type":"WebPage","@id":"https:\/\/vosgesinfo.fr\/gerardmerinfo\/2018\/09\/climbing-for-life-a-gerardmer-6-8-septembre-2018\/","url":"https:\/\/vosgesinfo.fr\/gerardmerinfo\/2018\/09\/climbing-for-life-a-gerardmer-6-8-septembre-2018\/","name":"Climbing For Life \u00e0 G\u00e9rardmer du 6 au 8 septembre 2018 - Gerardmer Info","isPartOf":{"@id":"https:\/\/vosgesinfo.fr\/gerardmerinfo\/#website"},"primaryImageOfPage":{"@id":"https:\/\/vosgesinfo.fr\/gerardmerinfo\/2018\/09\/climbing-for-life-a-gerardmer-6-8-septembre-2018\/#primaryimage"},"image":{"@id":"https:\/\/vosgesinfo.fr\/gerardmerinfo\/2018\/09\/climbing-for-life-a-gerardmer-6-8-septembre-2018\/#primaryimage"},"thumbnailUrl":"https:\/\/vosgesinfo.fr\/app\/uploads\/sites\/6\/2024\/07\/201809climbing-for-life.jpg","datePublished":"2018-09-03T13:09:46+00:00","dateModified":"2018-09-03T13:09:46+00:00","breadcrumb":{"@id":"https:\/\/vosgesinfo.fr\/gerardmerinfo\/2018\/09\/climbing-for-life-a-gerardmer-6-8-septembre-2018\/#breadcrumb"},"inLanguage":"fr-FR","potentialAction":[{"@type":"ReadAction","target":["https:\/\/vosgesinfo.fr\/gerardmerinfo\/2018\/09\/climbing-for-life-a-gerardmer-6-8-septembre-2018\/"]}]},{"@type":"ImageObject","inLanguage":"fr-FR","@id":"https:\/\/vosgesinfo.fr\/gerardmerinfo\/2018\/09\/climbing-for-life-a-gerardmer-6-8-septembre-2018\/#primaryimage","url":"https:\/\/vosgesinfo.fr\/app\/uploads\/sites\/6\/2024\/07\/201809climbing-for-life.jpg","contentUrl":"https:\/\/vosgesinfo.fr\/app\/uploads\/sites\/6\/2024\/07\/201809climbing-for-life.jpg","width":800,"height":454},{"@type":"BreadcrumbList","@id":"https:\/\/vosgesinfo.fr\/gerardmerinfo\/2018\/09\/climbing-for-life-a-gerardmer-6-8-septembre-2018\/#breadcrumb","itemListElement":[{"@type":"ListItem","position":1,"name":"Home","item":"https:\/\/vosgesinfo.fr\/gerardmerinfo\/"},{"@type":"ListItem","position":2,"name":"Climbing For Life \u00e0 G\u00e9rardmer du 6 au 8 septembre 2018"}]},{"@type":"WebSite","@id":"https:\/\/vosgesinfo.fr\/gerardmerinfo\/#website","url":"https:\/\/vosgesinfo.fr\/gerardmerinfo\/","name":"Gerardmer Info","description":"Toute l&#039;actualit\u00e9 de G\u00e9rardmer","publisher":{"@id":"https:\/\/vosgesinfo.fr\/gerardmerinfo\/#organization"},"alternateName":"Toute l'actualit\u00e9 de G\u00e9rardmer","potentialAction":[{"@type":"SearchAction","target":{"@type":"EntryPoint","urlTemplate":"https:\/\/vosgesinfo.fr\/gerardmerinfo\/?s={search_term_string}"},"query-input":"required name=search_term_string"}],"inLanguage":"fr-FR"},{"@type":"Organization","@id":"https:\/\/vosgesinfo.fr\/gerardmerinfo\/#organization","name":"Gerardmer Info","url":"https:\/\/vosgesinfo.fr\/gerardmerinfo\/","logo":{"@type":"ImageObject","inLanguage":"fr-FR","@id":"https:\/\/vosgesinfo.fr\/gerardmerinfo\/#\/schema\/logo\/image\/","url":"https:\/\/vosgesinfo.fr\/app\/uploads\/sites\/6\/2023\/08\/favicon-gerardmerinfo.png","contentUrl":"https:\/\/vosgesinfo.fr\/app\/uploads\/sites\/6\/2023\/08\/favicon-gerardmerinfo.png","width":512,"height":512,"caption":"Gerardmer Info"},"image":{"@id":"https:\/\/vosgesinfo.fr\/gerardmerinfo\/#\/schema\/logo\/image\/"},"sameAs":["https:\/\/www.facebook.com\/profile.php?id=100049475262660","https:\/\/x.com\/VosgesInfo88","https:\/\/www.youtube.com\/@vosgesinfo"]},{"@type":"Person","@id":"https:\/\/vosgesinfo.fr\/gerardmerinfo\/#\/schema\/person\/bc5d02d71e6932e81b6dadb7386667b1","name":"qs_admin","image":{"@type":"ImageObject","inLanguage":"fr-FR","@id":"https:\/\/vosgesinfo.fr\/gerardmerinfo\/#\/schema\/person\/image\/","url":"https:\/\/secure.gravatar.com\/avatar\/94b18ee0ed79e4a42ea2f2931277b6841a8999fc6fde214600c78057cf1fe1de?s=96&d=mm&r=g","contentUrl":"https:\/\/secure.gravatar.com\/avatar\/94b18ee0ed79e4a42ea2f2931277b6841a8999fc6fde214600c78057cf1fe1de?s=96&d=mm&r=g","caption":"qs_admin"},"sameAs":["https:\/\/vosgesinfo.fr\/wp"],"url":"https:\/\/vosgesinfo.fr\/gerardmerinfo\/author\/qs_admin\/"}]}},"_links":{"self":[{"href":"https:\/\/vosgesinfo.fr\/gerardmerinfo\/wp-json\/wp\/v2\/posts\/36409","targetHints":{"allow":["GET"]}}],"collection":[{"href":"https:\/\/vosgesinfo.fr\/gerardmerinfo\/wp-json\/wp\/v2\/posts"}],"about":[{"href":"https:\/\/vosgesinfo.fr\/gerardmerinfo\/wp-json\/wp\/v2\/types\/post"}],"author":[{"embeddable":true,"href":"https:\/\/vosgesinfo.fr\/gerardmerinfo\/wp-json\/wp\/v2\/users\/1"}],"replies":[{"embeddable":true,"href":"https:\/\/vosgesinfo.fr\/gerardmerinfo\/wp-json\/wp\/v2\/comments?post=36409"}],"version-history":[{"count":0,"href":"https:\/\/vosgesinfo.fr\/gerardmerinfo\/wp-json\/wp\/v2\/posts\/36409\/revisions"}],"wp:featuredmedia":[{"embeddable":true,"href":"https:\/\/vosgesinfo.fr\/gerardmerinfo\/wp-json\/wp\/v2\/media\/36410"}],"wp:attachment":[{"href":"https:\/\/vosgesinfo.fr\/gerardmerinfo\/wp-json\/wp\/v2\/media?parent=36409"}],"wp:term":[{"taxonomy":"category","embeddable":true,"href":"https:\/\/vosgesinfo.fr\/gerardmerinfo\/wp-json\/wp\/v2\/categories?post=36409"},{"taxonomy":"post_tag","embeddable":true,"href":"https:\/\/vosgesinfo.fr\/gerardmerinfo\/wp-json\/wp\/v2\/tags?post=36409"}],"curies":[{"name":"wp","href":"https:\/\/api.w.org\/{rel}","templated":true}]}}