{"id":36426,"date":"2018-09-03T15:10:54","date_gmt":"2018-09-03T13:10:54","guid":{"rendered":"https:\/\/vosgesinfo.fr\/gerardmerinfo\/2018\/09\/michel-libraire-a-quittes\/"},"modified":"2018-09-03T15:10:54","modified_gmt":"2018-09-03T13:10:54","slug":"michel-libraire-a-quittes","status":"publish","type":"post","link":"https:\/\/vosgesinfo.fr\/gerardmerinfo\/2018\/09\/michel-libraire-a-quittes\/","title":{"rendered":"Michel LIBRAIRE nous a quitt\u00e9s"},"content":{"rendered":"<p align=\"LEFT\"><span style=\"font-size: medium;\">G\u00e9romois n\u00e9 en 1926, enfant unique de Marie Lex et Georges Libraire, Michel vit une enfance heureuse dans le quartier de la Cercen\u00e9e. Un ami de ses parents, Victor Michel, qui dirigeait l&rsquo;harmonie initie le jeune Michel au solf\u00e8ge et \u00e0 la trompette, il se montre particuli\u00e8rement dou\u00e9. Apr\u00e8s le certificat d&rsquo;\u00e9tudes et le cours compl\u00e9mentaire, c&rsquo;est la guerre. Michel \u00e2g\u00e9 de 16 ans est victime du travail obligatoire en Allemagne nazie (STO). Il est envoy\u00e9 \u00e0 la gare de Karlsruhe. Son c\u00f4t\u00e9 d\u00e9brouillard lui permet de ne pas trop souffrir des mauvaises conditions. Il rend les soir\u00e9es de ses camarades un peu plus douces en jouant des airs de fl\u00fbte \u00e0 bec qu&rsquo;un ami a d\u00e9gott\u00e9.<\/span><\/p>\n<p align=\"LEFT\"><span style=\"font-size: medium;\"><a href=\"\/2018\/09\/libraire.jpg\"><img decoding=\"async\" class=\"alignright size-medium wp-image-133636\" src=\"\/2018\/09\/libraire-303x255.jpg\" alt=\"libraire\" width=\"303\" height=\"255\" \/><\/a>De retour et toujours attir\u00e9 par la musique, il veut s&rsquo;engager \u00e0 l&rsquo;arm\u00e9e dans la musique. Il suit des cours au conservatoire de Nancy o\u00f9 il obtient son premier prix de trompette. Mais suite \u00e0 un probl\u00e8me de sant\u00e9, il est r\u00e9form\u00e9. A G\u00e9rardmer, il est embauch\u00e9 chez un architecte comme dessinateur, puis \u00e0 la mairie. Il rencontre \u00e0 cette \u00e9poque Madeleine M\u00e9nard, alors assistante sociale. Le couple se marie en 1953. Madeleine sera<\/span><span style=\"font-size: medium;\"> son soutien de<\/span><span style=\"font-size: medium;\"> toujours.<\/span><\/p>\n<p align=\"LEFT\"><span style=\"font-size: medium;\">Il prend la direction de l&rsquo;Union Musicale de G\u00e9rardmer et assure b\u00e9n\u00e9volement, chaque soir apr\u00e8s son travail, la formation des \u00e9l\u00e8ves qui vont grossir les rangs de l&rsquo;harmonie. Dino Tomba, musicien bien connu des G\u00e9r\u00f4mois, fut l&rsquo;un d&rsquo;entre eux. Il fait \u00e9galement du th\u00e9\u00e2tre, participe quelques ann\u00e9es aux M\u00e9nestrels, suit des cours par correspondance \u00e0 l&rsquo;\u00e9cole nationale d&rsquo;administration municipale, suit des stages de direction, assure le secr\u00e9tariat de la conf\u00e9d\u00e9ration musicale des Vosges et prend la direction des services techniques de G\u00e9rardmer. Il parvient ainsi \u00e0 cr\u00e9er, gr\u00e2ce \u00e0 la municipalit\u00e9, une v\u00e9ritable \u00e9cole de musique municipale qu&rsquo;il dirige quelques ann\u00e9es.<\/span><\/p>\n<p align=\"LEFT\"><span style=\"font-size: medium;\">Michel a su transmettre \u00e0 ses enfants le go\u00fbt de la musique puisque Martine, enseignante \u00e0 la retraite en Alsace, pratique le chant et organisait des concerts. Jean-Claude, inspecteur de la s\u00e9curit\u00e9 routi\u00e8re, a jou\u00e9 dans une harmonie de Haute-Savoie et Nicole, 1er prix de Paris \u00e0 la fl\u00fbte traversi\u00e8re, est soliste \u00e0 l&rsquo;orchestre lyrique d&rsquo;Avignon Provence. Ses sept petits-enfants ont aussi tous pratiqu\u00e9 un instrument.<\/span><\/p>\n<p align=\"LEFT\"><span style=\"font-size: medium;\">En 1983, il d\u00e9cide de prendre sa retraite. Elle dure 35 ans et sera rythm\u00e9e par de nombreux voyages, la lecture avec une pr\u00e9dilection pour l&rsquo;histoire contemporaine et Victor Hugo, des spectacles de l&rsquo;Op\u00e9ra du Rhin o\u00f9 il fut longtemps abonn\u00e9, des concerts, sa participation au club philat\u00e9lique, le jardinage, les sorties et soir\u00e9es entre amis o\u00f9 il est toujours l&rsquo;animateur par ses chants, son humour, son dynamisme&#8230;<\/span><\/p>\n<p align=\"LEFT\"><span style=\"font-size: medium;\">Il perd subitement Madeleine en 2015. Cependant il continue sa vie aux Rochires en toute autonomie jusqu&rsquo;\u00e0 ces derniers mois avec le soutien de ses voisins et amis. Il a eu la chance de conna\u00eetre trois arri\u00e8re petits-enfants. Michel LIBRAIRE aimait la vie et la sienne fut belle, intense et longue.<\/span><\/p>\n<p>La c\u00e9r\u00e9monie religieuse sera c\u00e9l\u00e9br\u00e9e le mercredi 5 septembre 2018 \u00e0 14h30 en l\u2019\u00e9glise St-Barth\u00e9lemy de G\u00e9rardmer.<\/p>\n<p>Nos sinc\u00e8res condol\u00e9ances.<\/p>\n","protected":false},"excerpt":{"rendered":"<p>G\u00e9romois n\u00e9 en 1926, enfant unique de Marie Lex et Georges Libraire, Michel vit une enfance heureuse dans le quartier [&hellip;]<\/p>\n","protected":false},"author":42,"featured_media":36427,"comment_status":"open","ping_status":"open","sticky":false,"template":"","format":"standard","meta":{"footnotes":""},"categories":[20,25,43],"tags":[3783],"class_list":["post-36426","post","type-post","status-publish","format-standard","has-post-thumbnail","hentry","category-a-la-une","category-gerardmer","category-necrologie","tag-libraire"],"acf":[],"yoast_head":"<!-- This site is optimized with the Yoast SEO plugin v22.5 - https:\/\/yoast.com\/wordpress\/plugins\/seo\/ -->\n<title>Michel LIBRAIRE nous a quitt\u00e9s - Gerardmer Info<\/title>\n<meta name=\"robots\" content=\"index, follow, max-snippet:-1, max-image-preview:large, max-video-preview:-1\" \/>\n<link rel=\"canonical\" href=\"https:\/\/vosgesinfo.fr\/gerardmerinfo\/2018\/09\/michel-libraire-a-quittes\/\" \/>\n<meta name=\"twitter:card\" content=\"summary_large_image\" \/>\n<meta name=\"twitter:title\" content=\"Michel LIBRAIRE nous a quitt\u00e9s - Gerardmer Info\" \/>\n<meta name=\"twitter:description\" content=\"G\u00e9romois n\u00e9 en 1926, enfant unique de Marie Lex et Georges Libraire, Michel vit une enfance heureuse dans le quartier [&hellip;]\" \/>\n<meta name=\"twitter:image\" content=\"https:\/\/vosgesinfo.fr\/app\/uploads\/sites\/6\/2024\/07\/201809libraire-1.jpg\" \/>\n<meta name=\"twitter:creator\" content=\"@VosgesInfo88\" \/>\n<meta name=\"twitter:site\" content=\"@VosgesInfo88\" \/>\n<meta name=\"twitter:label1\" content=\"\u00c9crit par\" \/>\n\t<meta name=\"twitter:data1\" content=\"QG\" \/>\n\t<meta name=\"twitter:label2\" content=\"Dur\u00e9e de lecture estim\u00e9e\" \/>\n\t<meta name=\"twitter:data2\" content=\"3 minutes\" \/>\n<script type=\"application\/ld+json\" class=\"yoast-schema-graph\">{\"@context\":\"https:\/\/schema.org\",\"@graph\":[{\"@type\":\"Article\",\"@id\":\"https:\/\/vosgesinfo.fr\/gerardmerinfo\/2018\/09\/michel-libraire-a-quittes\/#article\",\"isPartOf\":{\"@id\":\"https:\/\/vosgesinfo.fr\/gerardmerinfo\/2018\/09\/michel-libraire-a-quittes\/\"},\"author\":{\"name\":\"QG\",\"@id\":\"https:\/\/vosgesinfo.fr\/gerardmerinfo\/#\/schema\/person\/db5605779a843dad16b5368f3e7613a5\"},\"headline\":\"Michel LIBRAIRE nous a quitt\u00e9s\",\"datePublished\":\"2018-09-03T13:10:54+00:00\",\"dateModified\":\"2018-09-03T13:10:54+00:00\",\"mainEntityOfPage\":{\"@id\":\"https:\/\/vosgesinfo.fr\/gerardmerinfo\/2018\/09\/michel-libraire-a-quittes\/\"},\"wordCount\":559,\"commentCount\":0,\"publisher\":{\"@id\":\"https:\/\/vosgesinfo.fr\/gerardmerinfo\/#organization\"},\"image\":{\"@id\":\"https:\/\/vosgesinfo.fr\/gerardmerinfo\/2018\/09\/michel-libraire-a-quittes\/#primaryimage\"},\"thumbnailUrl\":\"https:\/\/vosgesinfo.fr\/app\/uploads\/sites\/6\/2024\/07\/201809libraire-1.jpg\",\"keywords\":[\"Libraire\"],\"articleSection\":[\"A la une\",\"G\u00e9rardmer\",\"N\u00e9crologie\"],\"inLanguage\":\"fr-FR\",\"potentialAction\":[{\"@type\":\"CommentAction\",\"name\":\"Comment\",\"target\":[\"https:\/\/vosgesinfo.fr\/gerardmerinfo\/2018\/09\/michel-libraire-a-quittes\/#respond\"]}]},{\"@type\":\"WebPage\",\"@id\":\"https:\/\/vosgesinfo.fr\/gerardmerinfo\/2018\/09\/michel-libraire-a-quittes\/\",\"url\":\"https:\/\/vosgesinfo.fr\/gerardmerinfo\/2018\/09\/michel-libraire-a-quittes\/\",\"name\":\"Michel LIBRAIRE nous a quitt\u00e9s - Gerardmer Info\",\"isPartOf\":{\"@id\":\"https:\/\/vosgesinfo.fr\/gerardmerinfo\/#website\"},\"primaryImageOfPage\":{\"@id\":\"https:\/\/vosgesinfo.fr\/gerardmerinfo\/2018\/09\/michel-libraire-a-quittes\/#primaryimage\"},\"image\":{\"@id\":\"https:\/\/vosgesinfo.fr\/gerardmerinfo\/2018\/09\/michel-libraire-a-quittes\/#primaryimage\"},\"thumbnailUrl\":\"https:\/\/vosgesinfo.fr\/app\/uploads\/sites\/6\/2024\/07\/201809libraire-1.jpg\",\"datePublished\":\"2018-09-03T13:10:54+00:00\",\"dateModified\":\"2018-09-03T13:10:54+00:00\",\"breadcrumb\":{\"@id\":\"https:\/\/vosgesinfo.fr\/gerardmerinfo\/2018\/09\/michel-libraire-a-quittes\/#breadcrumb\"},\"inLanguage\":\"fr-FR\",\"potentialAction\":[{\"@type\":\"ReadAction\",\"target\":[\"https:\/\/vosgesinfo.fr\/gerardmerinfo\/2018\/09\/michel-libraire-a-quittes\/\"]}]},{\"@type\":\"ImageObject\",\"inLanguage\":\"fr-FR\",\"@id\":\"https:\/\/vosgesinfo.fr\/gerardmerinfo\/2018\/09\/michel-libraire-a-quittes\/#primaryimage\",\"url\":\"https:\/\/vosgesinfo.fr\/app\/uploads\/sites\/6\/2024\/07\/201809libraire-1.jpg\",\"contentUrl\":\"https:\/\/vosgesinfo.fr\/app\/uploads\/sites\/6\/2024\/07\/201809libraire-1.jpg\",\"width\":800,\"height\":674},{\"@type\":\"BreadcrumbList\",\"@id\":\"https:\/\/vosgesinfo.fr\/gerardmerinfo\/2018\/09\/michel-libraire-a-quittes\/#breadcrumb\",\"itemListElement\":[{\"@type\":\"ListItem\",\"position\":1,\"name\":\"Home\",\"item\":\"https:\/\/vosgesinfo.fr\/gerardmerinfo\/\"},{\"@type\":\"ListItem\",\"position\":2,\"name\":\"Michel LIBRAIRE nous a quitt\u00e9s\"}]},{\"@type\":\"WebSite\",\"@id\":\"https:\/\/vosgesinfo.fr\/gerardmerinfo\/#website\",\"url\":\"https:\/\/vosgesinfo.fr\/gerardmerinfo\/\",\"name\":\"Gerardmer Info\",\"description\":\"Toute l&#039;actualit\u00e9 de G\u00e9rardmer\",\"publisher\":{\"@id\":\"https:\/\/vosgesinfo.fr\/gerardmerinfo\/#organization\"},\"alternateName\":\"Toute l'actualit\u00e9 de G\u00e9rardmer\",\"potentialAction\":[{\"@type\":\"SearchAction\",\"target\":{\"@type\":\"EntryPoint\",\"urlTemplate\":\"https:\/\/vosgesinfo.fr\/gerardmerinfo\/?s={search_term_string}\"},\"query-input\":\"required name=search_term_string\"}],\"inLanguage\":\"fr-FR\"},{\"@type\":\"Organization\",\"@id\":\"https:\/\/vosgesinfo.fr\/gerardmerinfo\/#organization\",\"name\":\"Gerardmer Info\",\"url\":\"https:\/\/vosgesinfo.fr\/gerardmerinfo\/\",\"logo\":{\"@type\":\"ImageObject\",\"inLanguage\":\"fr-FR\",\"@id\":\"https:\/\/vosgesinfo.fr\/gerardmerinfo\/#\/schema\/logo\/image\/\",\"url\":\"https:\/\/vosgesinfo.fr\/app\/uploads\/sites\/6\/2023\/08\/favicon-gerardmerinfo.png\",\"contentUrl\":\"https:\/\/vosgesinfo.fr\/app\/uploads\/sites\/6\/2023\/08\/favicon-gerardmerinfo.png\",\"width\":512,\"height\":512,\"caption\":\"Gerardmer Info\"},\"image\":{\"@id\":\"https:\/\/vosgesinfo.fr\/gerardmerinfo\/#\/schema\/logo\/image\/\"},\"sameAs\":[\"https:\/\/www.facebook.com\/profile.php?id=100049475262660\",\"https:\/\/x.com\/VosgesInfo88\",\"https:\/\/www.youtube.com\/@vosgesinfo\"]},{\"@type\":\"Person\",\"@id\":\"https:\/\/vosgesinfo.fr\/gerardmerinfo\/#\/schema\/person\/db5605779a843dad16b5368f3e7613a5\",\"name\":\"QG\",\"image\":{\"@type\":\"ImageObject\",\"inLanguage\":\"fr-FR\",\"@id\":\"https:\/\/vosgesinfo.fr\/gerardmerinfo\/#\/schema\/person\/image\/\",\"url\":\"https:\/\/secure.gravatar.com\/avatar\/ea80c42c204b534408512832fde52504ecabb9706bcb6151cf6175e5b64e6793?s=96&d=mm&r=g\",\"contentUrl\":\"https:\/\/secure.gravatar.com\/avatar\/ea80c42c204b534408512832fde52504ecabb9706bcb6151cf6175e5b64e6793?s=96&d=mm&r=g\",\"caption\":\"QG\"},\"url\":\"https:\/\/vosgesinfo.fr\/gerardmerinfo\/author\/quentin88\/\"}]}<\/script>\n<!-- \/ Yoast SEO plugin. -->","yoast_head_json":{"title":"Michel LIBRAIRE nous a quitt\u00e9s - Gerardmer Info","robots":{"index":"index","follow":"follow","max-snippet":"max-snippet:-1","max-image-preview":"max-image-preview:large","max-video-preview":"max-video-preview:-1"},"canonical":"https:\/\/vosgesinfo.fr\/gerardmerinfo\/2018\/09\/michel-libraire-a-quittes\/","twitter_card":"summary_large_image","twitter_title":"Michel LIBRAIRE nous a quitt\u00e9s - Gerardmer Info","twitter_description":"G\u00e9romois n\u00e9 en 1926, enfant unique de Marie Lex et Georges Libraire, Michel vit une enfance heureuse dans le quartier [&hellip;]","twitter_image":"https:\/\/vosgesinfo.fr\/app\/uploads\/sites\/6\/2024\/07\/201809libraire-1.jpg","twitter_creator":"@VosgesInfo88","twitter_site":"@VosgesInfo88","twitter_misc":{"\u00c9crit par":"QG","Dur\u00e9e de lecture estim\u00e9e":"3 minutes"},"schema":{"@context":"https:\/\/schema.org","@graph":[{"@type":"Article","@id":"https:\/\/vosgesinfo.fr\/gerardmerinfo\/2018\/09\/michel-libraire-a-quittes\/#article","isPartOf":{"@id":"https:\/\/vosgesinfo.fr\/gerardmerinfo\/2018\/09\/michel-libraire-a-quittes\/"},"author":{"name":"QG","@id":"https:\/\/vosgesinfo.fr\/gerardmerinfo\/#\/schema\/person\/db5605779a843dad16b5368f3e7613a5"},"headline":"Michel LIBRAIRE nous a quitt\u00e9s","datePublished":"2018-09-03T13:10:54+00:00","dateModified":"2018-09-03T13:10:54+00:00","mainEntityOfPage":{"@id":"https:\/\/vosgesinfo.fr\/gerardmerinfo\/2018\/09\/michel-libraire-a-quittes\/"},"wordCount":559,"commentCount":0,"publisher":{"@id":"https:\/\/vosgesinfo.fr\/gerardmerinfo\/#organization"},"image":{"@id":"https:\/\/vosgesinfo.fr\/gerardmerinfo\/2018\/09\/michel-libraire-a-quittes\/#primaryimage"},"thumbnailUrl":"https:\/\/vosgesinfo.fr\/app\/uploads\/sites\/6\/2024\/07\/201809libraire-1.jpg","keywords":["Libraire"],"articleSection":["A la une","G\u00e9rardmer","N\u00e9crologie"],"inLanguage":"fr-FR","potentialAction":[{"@type":"CommentAction","name":"Comment","target":["https:\/\/vosgesinfo.fr\/gerardmerinfo\/2018\/09\/michel-libraire-a-quittes\/#respond"]}]},{"@type":"WebPage","@id":"https:\/\/vosgesinfo.fr\/gerardmerinfo\/2018\/09\/michel-libraire-a-quittes\/","url":"https:\/\/vosgesinfo.fr\/gerardmerinfo\/2018\/09\/michel-libraire-a-quittes\/","name":"Michel LIBRAIRE nous a quitt\u00e9s - Gerardmer Info","isPartOf":{"@id":"https:\/\/vosgesinfo.fr\/gerardmerinfo\/#website"},"primaryImageOfPage":{"@id":"https:\/\/vosgesinfo.fr\/gerardmerinfo\/2018\/09\/michel-libraire-a-quittes\/#primaryimage"},"image":{"@id":"https:\/\/vosgesinfo.fr\/gerardmerinfo\/2018\/09\/michel-libraire-a-quittes\/#primaryimage"},"thumbnailUrl":"https:\/\/vosgesinfo.fr\/app\/uploads\/sites\/6\/2024\/07\/201809libraire-1.jpg","datePublished":"2018-09-03T13:10:54+00:00","dateModified":"2018-09-03T13:10:54+00:00","breadcrumb":{"@id":"https:\/\/vosgesinfo.fr\/gerardmerinfo\/2018\/09\/michel-libraire-a-quittes\/#breadcrumb"},"inLanguage":"fr-FR","potentialAction":[{"@type":"ReadAction","target":["https:\/\/vosgesinfo.fr\/gerardmerinfo\/2018\/09\/michel-libraire-a-quittes\/"]}]},{"@type":"ImageObject","inLanguage":"fr-FR","@id":"https:\/\/vosgesinfo.fr\/gerardmerinfo\/2018\/09\/michel-libraire-a-quittes\/#primaryimage","url":"https:\/\/vosgesinfo.fr\/app\/uploads\/sites\/6\/2024\/07\/201809libraire-1.jpg","contentUrl":"https:\/\/vosgesinfo.fr\/app\/uploads\/sites\/6\/2024\/07\/201809libraire-1.jpg","width":800,"height":674},{"@type":"BreadcrumbList","@id":"https:\/\/vosgesinfo.fr\/gerardmerinfo\/2018\/09\/michel-libraire-a-quittes\/#breadcrumb","itemListElement":[{"@type":"ListItem","position":1,"name":"Home","item":"https:\/\/vosgesinfo.fr\/gerardmerinfo\/"},{"@type":"ListItem","position":2,"name":"Michel LIBRAIRE nous a quitt\u00e9s"}]},{"@type":"WebSite","@id":"https:\/\/vosgesinfo.fr\/gerardmerinfo\/#website","url":"https:\/\/vosgesinfo.fr\/gerardmerinfo\/","name":"Gerardmer Info","description":"Toute l&#039;actualit\u00e9 de G\u00e9rardmer","publisher":{"@id":"https:\/\/vosgesinfo.fr\/gerardmerinfo\/#organization"},"alternateName":"Toute l'actualit\u00e9 de G\u00e9rardmer","potentialAction":[{"@type":"SearchAction","target":{"@type":"EntryPoint","urlTemplate":"https:\/\/vosgesinfo.fr\/gerardmerinfo\/?s={search_term_string}"},"query-input":"required name=search_term_string"}],"inLanguage":"fr-FR"},{"@type":"Organization","@id":"https:\/\/vosgesinfo.fr\/gerardmerinfo\/#organization","name":"Gerardmer Info","url":"https:\/\/vosgesinfo.fr\/gerardmerinfo\/","logo":{"@type":"ImageObject","inLanguage":"fr-FR","@id":"https:\/\/vosgesinfo.fr\/gerardmerinfo\/#\/schema\/logo\/image\/","url":"https:\/\/vosgesinfo.fr\/app\/uploads\/sites\/6\/2023\/08\/favicon-gerardmerinfo.png","contentUrl":"https:\/\/vosgesinfo.fr\/app\/uploads\/sites\/6\/2023\/08\/favicon-gerardmerinfo.png","width":512,"height":512,"caption":"Gerardmer Info"},"image":{"@id":"https:\/\/vosgesinfo.fr\/gerardmerinfo\/#\/schema\/logo\/image\/"},"sameAs":["https:\/\/www.facebook.com\/profile.php?id=100049475262660","https:\/\/x.com\/VosgesInfo88","https:\/\/www.youtube.com\/@vosgesinfo"]},{"@type":"Person","@id":"https:\/\/vosgesinfo.fr\/gerardmerinfo\/#\/schema\/person\/db5605779a843dad16b5368f3e7613a5","name":"QG","image":{"@type":"ImageObject","inLanguage":"fr-FR","@id":"https:\/\/vosgesinfo.fr\/gerardmerinfo\/#\/schema\/person\/image\/","url":"https:\/\/secure.gravatar.com\/avatar\/ea80c42c204b534408512832fde52504ecabb9706bcb6151cf6175e5b64e6793?s=96&d=mm&r=g","contentUrl":"https:\/\/secure.gravatar.com\/avatar\/ea80c42c204b534408512832fde52504ecabb9706bcb6151cf6175e5b64e6793?s=96&d=mm&r=g","caption":"QG"},"url":"https:\/\/vosgesinfo.fr\/gerardmerinfo\/author\/quentin88\/"}]}},"_links":{"self":[{"href":"https:\/\/vosgesinfo.fr\/gerardmerinfo\/wp-json\/wp\/v2\/posts\/36426","targetHints":{"allow":["GET"]}}],"collection":[{"href":"https:\/\/vosgesinfo.fr\/gerardmerinfo\/wp-json\/wp\/v2\/posts"}],"about":[{"href":"https:\/\/vosgesinfo.fr\/gerardmerinfo\/wp-json\/wp\/v2\/types\/post"}],"author":[{"embeddable":true,"href":"https:\/\/vosgesinfo.fr\/gerardmerinfo\/wp-json\/wp\/v2\/users\/42"}],"replies":[{"embeddable":true,"href":"https:\/\/vosgesinfo.fr\/gerardmerinfo\/wp-json\/wp\/v2\/comments?post=36426"}],"version-history":[{"count":0,"href":"https:\/\/vosgesinfo.fr\/gerardmerinfo\/wp-json\/wp\/v2\/posts\/36426\/revisions"}],"wp:featuredmedia":[{"embeddable":true,"href":"https:\/\/vosgesinfo.fr\/gerardmerinfo\/wp-json\/wp\/v2\/media\/36427"}],"wp:attachment":[{"href":"https:\/\/vosgesinfo.fr\/gerardmerinfo\/wp-json\/wp\/v2\/media?parent=36426"}],"wp:term":[{"taxonomy":"category","embeddable":true,"href":"https:\/\/vosgesinfo.fr\/gerardmerinfo\/wp-json\/wp\/v2\/categories?post=36426"},{"taxonomy":"post_tag","embeddable":true,"href":"https:\/\/vosgesinfo.fr\/gerardmerinfo\/wp-json\/wp\/v2\/tags?post=36426"}],"curies":[{"name":"wp","href":"https:\/\/api.w.org\/{rel}","templated":true}]}}