{"id":36475,"date":"2018-09-08T16:11:40","date_gmt":"2018-09-08T14:11:40","guid":{"rendered":"https:\/\/vosgesinfo.fr\/gerardmerinfo\/2018\/09\/bourse-aux-vetements-automnehiver-2018\/"},"modified":"2018-09-08T16:11:40","modified_gmt":"2018-09-08T14:11:40","slug":"bourse-aux-vetements-automnehiver-2018","status":"publish","type":"post","link":"https:\/\/vosgesinfo.fr\/gerardmerinfo\/2018\/09\/bourse-aux-vetements-automnehiver-2018\/","title":{"rendered":"Bourse aux v\u00eatements AUTOMNE\/HIVER 2018"},"content":{"rendered":"<h3>La traditionnelle bourse aux v\u00eatements automne\/hiver organis\u00e9e par la croix rouge locale et ses b\u00e9n\u00e9voles aura lieu du 8 au 12 octobre prochain \u00e0 l&rsquo;espace Tilleul. L&rsquo;occasion id\u00e9ale pour vous rhabiller pour l&rsquo;hiver et \u00e0 moindre frais, ou de\u00a0 donner une 2\u00e8me vie \u00e0 des v\u00eatements.<\/h3>\n<p>&nbsp;<\/p>\n<p><b>D\u00e9p\u00f4t des v\u00eatements et accessoires\u00a0<\/b>:\u00a0<strong>1 liste de 20 articles maximum par passage<\/strong><\/p>\n<p><strong><a href=\"\/2016\/03\/Bourse-v%C3%AAtements.jpg\"><img decoding=\"async\" class=\"alignright size-medium wp-image-79222\" src=\"\/2016\/03\/Bourse-v%C3%AAtements-340x255.jpg\" alt=\"Bourse v\u00eatements\" width=\"340\" height=\"255\" \/><\/a><\/strong>*<em>Changement d\u2019horaire.<br \/>\n<\/em><\/p>\n<p><strong>Lundi\u00a008 octobre 2018 :\u00a0* de 8h30 \u00e0 17h00<\/strong><\/p>\n<p>Les v\u00eatements (enfants \u00e0 partir de 2 ans), propres, repass\u00e9s, en bon \u00e9tat et non d\u00e9mod\u00e9s. Pas de lots, pas de sous-v\u00eatements . Manteaux hiver longs non d\u00e9mod\u00e9s (3 maxi par liste) Chaussures propres, en tr\u00e8s bon \u00e9tat (3 paires maxi par liste). Pr\u00e9voir des articles en plus en remplacement de ceux refus\u00e9s.<\/p>\n<p><b>\u00a0<\/b><b>Vente des v\u00eatements\u00a0<\/b>:\u00a0<b>Se munir de sacs S.V.P<\/b><\/p>\n<p><strong>Mercredi\u00a010 octobre 2018 :<\/strong><strong>\u00a0* de 8h30 \u00e0 18h30<\/strong><\/p>\n<p><strong>Jeudi\u00a011 octobre 2018 :<\/strong><strong>\u00a0* de 9h00 \u00e0 13h00 (fin de bourse)<\/strong><\/p>\n<p><a href=\"\/2018\/09\/vesti3-340x255.jpg\"><img decoding=\"async\" class=\"alignright wp-image-133800 size-medium\" src=\"\/2018\/09\/vesti3-340x255-340x255.jpg\" alt=\"vesti3-340x255\" width=\"340\" height=\"255\" \/><\/a><b>La reprise\u00a0<\/b>des articles invendus et\u00a0<b>le paiement\u00a0<\/b>des articles vendus auront lieu\u00a0<b>Vendredi\u00a012 octobre 2018\u00a0<\/b>de\u00a0<b>15h00 \u00e0 17h30\u00a0<\/b>(imp\u00e9rativement)\u00a0<b>Apr\u00e8s 17h30,\u00a0<\/b>le vendredi 12 octobre 2018, les v\u00eatements non repris resteront acquis au Comit\u00e9 Organisateur, la CROIX-ROUGE de GERARDMER.<\/p>\n<p>Le montant de l\u2019inscription est fix\u00e9 \u00e0 0.30\u20ac par article d\u00e9pos\u00e9 (1\u20ac par article propos\u00e9 \u00e0 16\u20ac et plus),\u00a0<b>\u00e0 r\u00e9gler obligatoirement au moment de l\u2019enregistrement des articles.\u00a0<\/b>Le prix de chaque article est fix\u00e9 en accord avec le d\u00e9posant.\u00a0<b>L\u2019organisateur y ajoute une marge de 10 % au prix affich\u00e9 , au moment du paiement de l\u2019achat \u00e0 la caisse.<\/b><\/p>\n<p>Contact: F.Villaume 06 77 51 77 40 (par sms uniquement)<\/p>\n","protected":false},"excerpt":{"rendered":"<p>La traditionnelle bourse aux v\u00eatements automne\/hiver organis\u00e9e par la croix rouge locale et ses b\u00e9n\u00e9voles aura lieu du 8 au [&hellip;]<\/p>\n","protected":false},"author":131,"featured_media":36476,"comment_status":"open","ping_status":"open","sticky":false,"template":"","format":"standard","meta":{"footnotes":""},"categories":[20,24,25,17,18],"tags":[2910,55],"class_list":["post-36475","post","type-post","status-publish","format-standard","has-post-thumbnail","hentry","category-a-la-une","category-evenements","category-gerardmer","category-vie-associative","category-vosges","tag-bourse-aux-vetements","tag-espace-tilleul"],"acf":[],"yoast_head":"<!-- This site is optimized with the Yoast SEO plugin v22.5 - https:\/\/yoast.com\/wordpress\/plugins\/seo\/ -->\n<title>Bourse aux v\u00eatements AUTOMNE\/HIVER 2018 - Gerardmer Info<\/title>\n<meta name=\"robots\" content=\"index, follow, max-snippet:-1, max-image-preview:large, max-video-preview:-1\" \/>\n<link rel=\"canonical\" href=\"https:\/\/vosgesinfo.fr\/gerardmerinfo\/2018\/09\/bourse-aux-vetements-automnehiver-2018\/\" \/>\n<meta name=\"twitter:card\" content=\"summary_large_image\" \/>\n<meta name=\"twitter:title\" content=\"Bourse aux v\u00eatements AUTOMNE\/HIVER 2018 - Gerardmer Info\" \/>\n<meta name=\"twitter:description\" content=\"La traditionnelle bourse aux v\u00eatements automne\/hiver organis\u00e9e par la croix rouge locale et ses b\u00e9n\u00e9voles aura lieu du 8 au [&hellip;]\" \/>\n<meta name=\"twitter:image\" content=\"https:\/\/vosgesinfo.fr\/app\/uploads\/sites\/6\/2024\/07\/201603bourse-vetements-3.jpg\" \/>\n<meta name=\"twitter:creator\" content=\"@VosgesInfo88\" \/>\n<meta name=\"twitter:site\" content=\"@VosgesInfo88\" \/>\n<meta name=\"twitter:label1\" content=\"\u00c9crit par\" \/>\n\t<meta name=\"twitter:data1\" content=\"francoise\" \/>\n\t<meta name=\"twitter:label2\" content=\"Dur\u00e9e de lecture estim\u00e9e\" \/>\n\t<meta name=\"twitter:data2\" content=\"1 minute\" \/>\n<script type=\"application\/ld+json\" class=\"yoast-schema-graph\">{\"@context\":\"https:\/\/schema.org\",\"@graph\":[{\"@type\":\"Article\",\"@id\":\"https:\/\/vosgesinfo.fr\/gerardmerinfo\/2018\/09\/bourse-aux-vetements-automnehiver-2018\/#article\",\"isPartOf\":{\"@id\":\"https:\/\/vosgesinfo.fr\/gerardmerinfo\/2018\/09\/bourse-aux-vetements-automnehiver-2018\/\"},\"author\":{\"name\":\"francoise\",\"@id\":\"https:\/\/vosgesinfo.fr\/gerardmerinfo\/#\/schema\/person\/4555bc8adc907316edd8b3cb15bb8088\"},\"headline\":\"Bourse aux v\u00eatements AUTOMNE\/HIVER 2018\",\"datePublished\":\"2018-09-08T14:11:40+00:00\",\"dateModified\":\"2018-09-08T14:11:40+00:00\",\"mainEntityOfPage\":{\"@id\":\"https:\/\/vosgesinfo.fr\/gerardmerinfo\/2018\/09\/bourse-aux-vetements-automnehiver-2018\/\"},\"wordCount\":266,\"commentCount\":0,\"publisher\":{\"@id\":\"https:\/\/vosgesinfo.fr\/gerardmerinfo\/#organization\"},\"image\":{\"@id\":\"https:\/\/vosgesinfo.fr\/gerardmerinfo\/2018\/09\/bourse-aux-vetements-automnehiver-2018\/#primaryimage\"},\"thumbnailUrl\":\"https:\/\/vosgesinfo.fr\/app\/uploads\/sites\/6\/2024\/07\/201603bourse-vetements-3.jpg\",\"keywords\":[\"bourse aux v\u00eatements\",\"espace tilleul\"],\"articleSection\":[\"A la une\",\"Ev\u00e8nements\",\"G\u00e9rardmer\",\"Vie Associative\",\"Vosges\"],\"inLanguage\":\"fr-FR\",\"potentialAction\":[{\"@type\":\"CommentAction\",\"name\":\"Comment\",\"target\":[\"https:\/\/vosgesinfo.fr\/gerardmerinfo\/2018\/09\/bourse-aux-vetements-automnehiver-2018\/#respond\"]}]},{\"@type\":\"WebPage\",\"@id\":\"https:\/\/vosgesinfo.fr\/gerardmerinfo\/2018\/09\/bourse-aux-vetements-automnehiver-2018\/\",\"url\":\"https:\/\/vosgesinfo.fr\/gerardmerinfo\/2018\/09\/bourse-aux-vetements-automnehiver-2018\/\",\"name\":\"Bourse aux v\u00eatements AUTOMNE\/HIVER 2018 - Gerardmer Info\",\"isPartOf\":{\"@id\":\"https:\/\/vosgesinfo.fr\/gerardmerinfo\/#website\"},\"primaryImageOfPage\":{\"@id\":\"https:\/\/vosgesinfo.fr\/gerardmerinfo\/2018\/09\/bourse-aux-vetements-automnehiver-2018\/#primaryimage\"},\"image\":{\"@id\":\"https:\/\/vosgesinfo.fr\/gerardmerinfo\/2018\/09\/bourse-aux-vetements-automnehiver-2018\/#primaryimage\"},\"thumbnailUrl\":\"https:\/\/vosgesinfo.fr\/app\/uploads\/sites\/6\/2024\/07\/201603bourse-vetements-3.jpg\",\"datePublished\":\"2018-09-08T14:11:40+00:00\",\"dateModified\":\"2018-09-08T14:11:40+00:00\",\"breadcrumb\":{\"@id\":\"https:\/\/vosgesinfo.fr\/gerardmerinfo\/2018\/09\/bourse-aux-vetements-automnehiver-2018\/#breadcrumb\"},\"inLanguage\":\"fr-FR\",\"potentialAction\":[{\"@type\":\"ReadAction\",\"target\":[\"https:\/\/vosgesinfo.fr\/gerardmerinfo\/2018\/09\/bourse-aux-vetements-automnehiver-2018\/\"]}]},{\"@type\":\"ImageObject\",\"inLanguage\":\"fr-FR\",\"@id\":\"https:\/\/vosgesinfo.fr\/gerardmerinfo\/2018\/09\/bourse-aux-vetements-automnehiver-2018\/#primaryimage\",\"url\":\"https:\/\/vosgesinfo.fr\/app\/uploads\/sites\/6\/2024\/07\/201603bourse-vetements-3.jpg\",\"contentUrl\":\"https:\/\/vosgesinfo.fr\/app\/uploads\/sites\/6\/2024\/07\/201603bourse-vetements-3.jpg\",\"width\":1024,\"height\":768},{\"@type\":\"BreadcrumbList\",\"@id\":\"https:\/\/vosgesinfo.fr\/gerardmerinfo\/2018\/09\/bourse-aux-vetements-automnehiver-2018\/#breadcrumb\",\"itemListElement\":[{\"@type\":\"ListItem\",\"position\":1,\"name\":\"Home\",\"item\":\"https:\/\/vosgesinfo.fr\/gerardmerinfo\/\"},{\"@type\":\"ListItem\",\"position\":2,\"name\":\"Bourse aux v\u00eatements AUTOMNE\/HIVER 2018\"}]},{\"@type\":\"WebSite\",\"@id\":\"https:\/\/vosgesinfo.fr\/gerardmerinfo\/#website\",\"url\":\"https:\/\/vosgesinfo.fr\/gerardmerinfo\/\",\"name\":\"Gerardmer Info\",\"description\":\"Toute l&#039;actualit\u00e9 de G\u00e9rardmer\",\"publisher\":{\"@id\":\"https:\/\/vosgesinfo.fr\/gerardmerinfo\/#organization\"},\"alternateName\":\"Toute l'actualit\u00e9 de G\u00e9rardmer\",\"potentialAction\":[{\"@type\":\"SearchAction\",\"target\":{\"@type\":\"EntryPoint\",\"urlTemplate\":\"https:\/\/vosgesinfo.fr\/gerardmerinfo\/?s={search_term_string}\"},\"query-input\":\"required name=search_term_string\"}],\"inLanguage\":\"fr-FR\"},{\"@type\":\"Organization\",\"@id\":\"https:\/\/vosgesinfo.fr\/gerardmerinfo\/#organization\",\"name\":\"Gerardmer Info\",\"url\":\"https:\/\/vosgesinfo.fr\/gerardmerinfo\/\",\"logo\":{\"@type\":\"ImageObject\",\"inLanguage\":\"fr-FR\",\"@id\":\"https:\/\/vosgesinfo.fr\/gerardmerinfo\/#\/schema\/logo\/image\/\",\"url\":\"https:\/\/vosgesinfo.fr\/app\/uploads\/sites\/6\/2023\/08\/favicon-gerardmerinfo.png\",\"contentUrl\":\"https:\/\/vosgesinfo.fr\/app\/uploads\/sites\/6\/2023\/08\/favicon-gerardmerinfo.png\",\"width\":512,\"height\":512,\"caption\":\"Gerardmer Info\"},\"image\":{\"@id\":\"https:\/\/vosgesinfo.fr\/gerardmerinfo\/#\/schema\/logo\/image\/\"},\"sameAs\":[\"https:\/\/www.facebook.com\/profile.php?id=100049475262660\",\"https:\/\/x.com\/VosgesInfo88\",\"https:\/\/www.youtube.com\/@vosgesinfo\"]},{\"@type\":\"Person\",\"@id\":\"https:\/\/vosgesinfo.fr\/gerardmerinfo\/#\/schema\/person\/4555bc8adc907316edd8b3cb15bb8088\",\"name\":\"francoise\",\"image\":{\"@type\":\"ImageObject\",\"inLanguage\":\"fr-FR\",\"@id\":\"https:\/\/vosgesinfo.fr\/gerardmerinfo\/#\/schema\/person\/image\/\",\"url\":\"https:\/\/secure.gravatar.com\/avatar\/80968559b89ee4398c17ea211028bb93a07387bbe45e520db3dc0defd4029020?s=96&d=mm&r=g\",\"contentUrl\":\"https:\/\/secure.gravatar.com\/avatar\/80968559b89ee4398c17ea211028bb93a07387bbe45e520db3dc0defd4029020?s=96&d=mm&r=g\",\"caption\":\"francoise\"},\"url\":\"https:\/\/vosgesinfo.fr\/gerardmerinfo\/author\/amicale-du-beillard-et-des-environs\/\"}]}<\/script>\n<!-- \/ Yoast SEO plugin. -->","yoast_head_json":{"title":"Bourse aux v\u00eatements AUTOMNE\/HIVER 2018 - Gerardmer Info","robots":{"index":"index","follow":"follow","max-snippet":"max-snippet:-1","max-image-preview":"max-image-preview:large","max-video-preview":"max-video-preview:-1"},"canonical":"https:\/\/vosgesinfo.fr\/gerardmerinfo\/2018\/09\/bourse-aux-vetements-automnehiver-2018\/","twitter_card":"summary_large_image","twitter_title":"Bourse aux v\u00eatements AUTOMNE\/HIVER 2018 - Gerardmer Info","twitter_description":"La traditionnelle bourse aux v\u00eatements automne\/hiver organis\u00e9e par la croix rouge locale et ses b\u00e9n\u00e9voles aura lieu du 8 au [&hellip;]","twitter_image":"https:\/\/vosgesinfo.fr\/app\/uploads\/sites\/6\/2024\/07\/201603bourse-vetements-3.jpg","twitter_creator":"@VosgesInfo88","twitter_site":"@VosgesInfo88","twitter_misc":{"\u00c9crit par":"francoise","Dur\u00e9e de lecture estim\u00e9e":"1 minute"},"schema":{"@context":"https:\/\/schema.org","@graph":[{"@type":"Article","@id":"https:\/\/vosgesinfo.fr\/gerardmerinfo\/2018\/09\/bourse-aux-vetements-automnehiver-2018\/#article","isPartOf":{"@id":"https:\/\/vosgesinfo.fr\/gerardmerinfo\/2018\/09\/bourse-aux-vetements-automnehiver-2018\/"},"author":{"name":"francoise","@id":"https:\/\/vosgesinfo.fr\/gerardmerinfo\/#\/schema\/person\/4555bc8adc907316edd8b3cb15bb8088"},"headline":"Bourse aux v\u00eatements AUTOMNE\/HIVER 2018","datePublished":"2018-09-08T14:11:40+00:00","dateModified":"2018-09-08T14:11:40+00:00","mainEntityOfPage":{"@id":"https:\/\/vosgesinfo.fr\/gerardmerinfo\/2018\/09\/bourse-aux-vetements-automnehiver-2018\/"},"wordCount":266,"commentCount":0,"publisher":{"@id":"https:\/\/vosgesinfo.fr\/gerardmerinfo\/#organization"},"image":{"@id":"https:\/\/vosgesinfo.fr\/gerardmerinfo\/2018\/09\/bourse-aux-vetements-automnehiver-2018\/#primaryimage"},"thumbnailUrl":"https:\/\/vosgesinfo.fr\/app\/uploads\/sites\/6\/2024\/07\/201603bourse-vetements-3.jpg","keywords":["bourse aux v\u00eatements","espace tilleul"],"articleSection":["A la une","Ev\u00e8nements","G\u00e9rardmer","Vie Associative","Vosges"],"inLanguage":"fr-FR","potentialAction":[{"@type":"CommentAction","name":"Comment","target":["https:\/\/vosgesinfo.fr\/gerardmerinfo\/2018\/09\/bourse-aux-vetements-automnehiver-2018\/#respond"]}]},{"@type":"WebPage","@id":"https:\/\/vosgesinfo.fr\/gerardmerinfo\/2018\/09\/bourse-aux-vetements-automnehiver-2018\/","url":"https:\/\/vosgesinfo.fr\/gerardmerinfo\/2018\/09\/bourse-aux-vetements-automnehiver-2018\/","name":"Bourse aux v\u00eatements AUTOMNE\/HIVER 2018 - Gerardmer Info","isPartOf":{"@id":"https:\/\/vosgesinfo.fr\/gerardmerinfo\/#website"},"primaryImageOfPage":{"@id":"https:\/\/vosgesinfo.fr\/gerardmerinfo\/2018\/09\/bourse-aux-vetements-automnehiver-2018\/#primaryimage"},"image":{"@id":"https:\/\/vosgesinfo.fr\/gerardmerinfo\/2018\/09\/bourse-aux-vetements-automnehiver-2018\/#primaryimage"},"thumbnailUrl":"https:\/\/vosgesinfo.fr\/app\/uploads\/sites\/6\/2024\/07\/201603bourse-vetements-3.jpg","datePublished":"2018-09-08T14:11:40+00:00","dateModified":"2018-09-08T14:11:40+00:00","breadcrumb":{"@id":"https:\/\/vosgesinfo.fr\/gerardmerinfo\/2018\/09\/bourse-aux-vetements-automnehiver-2018\/#breadcrumb"},"inLanguage":"fr-FR","potentialAction":[{"@type":"ReadAction","target":["https:\/\/vosgesinfo.fr\/gerardmerinfo\/2018\/09\/bourse-aux-vetements-automnehiver-2018\/"]}]},{"@type":"ImageObject","inLanguage":"fr-FR","@id":"https:\/\/vosgesinfo.fr\/gerardmerinfo\/2018\/09\/bourse-aux-vetements-automnehiver-2018\/#primaryimage","url":"https:\/\/vosgesinfo.fr\/app\/uploads\/sites\/6\/2024\/07\/201603bourse-vetements-3.jpg","contentUrl":"https:\/\/vosgesinfo.fr\/app\/uploads\/sites\/6\/2024\/07\/201603bourse-vetements-3.jpg","width":1024,"height":768},{"@type":"BreadcrumbList","@id":"https:\/\/vosgesinfo.fr\/gerardmerinfo\/2018\/09\/bourse-aux-vetements-automnehiver-2018\/#breadcrumb","itemListElement":[{"@type":"ListItem","position":1,"name":"Home","item":"https:\/\/vosgesinfo.fr\/gerardmerinfo\/"},{"@type":"ListItem","position":2,"name":"Bourse aux v\u00eatements AUTOMNE\/HIVER 2018"}]},{"@type":"WebSite","@id":"https:\/\/vosgesinfo.fr\/gerardmerinfo\/#website","url":"https:\/\/vosgesinfo.fr\/gerardmerinfo\/","name":"Gerardmer Info","description":"Toute l&#039;actualit\u00e9 de G\u00e9rardmer","publisher":{"@id":"https:\/\/vosgesinfo.fr\/gerardmerinfo\/#organization"},"alternateName":"Toute l'actualit\u00e9 de G\u00e9rardmer","potentialAction":[{"@type":"SearchAction","target":{"@type":"EntryPoint","urlTemplate":"https:\/\/vosgesinfo.fr\/gerardmerinfo\/?s={search_term_string}"},"query-input":"required name=search_term_string"}],"inLanguage":"fr-FR"},{"@type":"Organization","@id":"https:\/\/vosgesinfo.fr\/gerardmerinfo\/#organization","name":"Gerardmer Info","url":"https:\/\/vosgesinfo.fr\/gerardmerinfo\/","logo":{"@type":"ImageObject","inLanguage":"fr-FR","@id":"https:\/\/vosgesinfo.fr\/gerardmerinfo\/#\/schema\/logo\/image\/","url":"https:\/\/vosgesinfo.fr\/app\/uploads\/sites\/6\/2023\/08\/favicon-gerardmerinfo.png","contentUrl":"https:\/\/vosgesinfo.fr\/app\/uploads\/sites\/6\/2023\/08\/favicon-gerardmerinfo.png","width":512,"height":512,"caption":"Gerardmer Info"},"image":{"@id":"https:\/\/vosgesinfo.fr\/gerardmerinfo\/#\/schema\/logo\/image\/"},"sameAs":["https:\/\/www.facebook.com\/profile.php?id=100049475262660","https:\/\/x.com\/VosgesInfo88","https:\/\/www.youtube.com\/@vosgesinfo"]},{"@type":"Person","@id":"https:\/\/vosgesinfo.fr\/gerardmerinfo\/#\/schema\/person\/4555bc8adc907316edd8b3cb15bb8088","name":"francoise","image":{"@type":"ImageObject","inLanguage":"fr-FR","@id":"https:\/\/vosgesinfo.fr\/gerardmerinfo\/#\/schema\/person\/image\/","url":"https:\/\/secure.gravatar.com\/avatar\/80968559b89ee4398c17ea211028bb93a07387bbe45e520db3dc0defd4029020?s=96&d=mm&r=g","contentUrl":"https:\/\/secure.gravatar.com\/avatar\/80968559b89ee4398c17ea211028bb93a07387bbe45e520db3dc0defd4029020?s=96&d=mm&r=g","caption":"francoise"},"url":"https:\/\/vosgesinfo.fr\/gerardmerinfo\/author\/amicale-du-beillard-et-des-environs\/"}]}},"_links":{"self":[{"href":"https:\/\/vosgesinfo.fr\/gerardmerinfo\/wp-json\/wp\/v2\/posts\/36475","targetHints":{"allow":["GET"]}}],"collection":[{"href":"https:\/\/vosgesinfo.fr\/gerardmerinfo\/wp-json\/wp\/v2\/posts"}],"about":[{"href":"https:\/\/vosgesinfo.fr\/gerardmerinfo\/wp-json\/wp\/v2\/types\/post"}],"author":[{"embeddable":true,"href":"https:\/\/vosgesinfo.fr\/gerardmerinfo\/wp-json\/wp\/v2\/users\/131"}],"replies":[{"embeddable":true,"href":"https:\/\/vosgesinfo.fr\/gerardmerinfo\/wp-json\/wp\/v2\/comments?post=36475"}],"version-history":[{"count":0,"href":"https:\/\/vosgesinfo.fr\/gerardmerinfo\/wp-json\/wp\/v2\/posts\/36475\/revisions"}],"wp:featuredmedia":[{"embeddable":true,"href":"https:\/\/vosgesinfo.fr\/gerardmerinfo\/wp-json\/wp\/v2\/media\/36476"}],"wp:attachment":[{"href":"https:\/\/vosgesinfo.fr\/gerardmerinfo\/wp-json\/wp\/v2\/media?parent=36475"}],"wp:term":[{"taxonomy":"category","embeddable":true,"href":"https:\/\/vosgesinfo.fr\/gerardmerinfo\/wp-json\/wp\/v2\/categories?post=36475"},{"taxonomy":"post_tag","embeddable":true,"href":"https:\/\/vosgesinfo.fr\/gerardmerinfo\/wp-json\/wp\/v2\/tags?post=36475"}],"curies":[{"name":"wp","href":"https:\/\/api.w.org\/{rel}","templated":true}]}}