{"id":36501,"date":"2018-09-08T16:11:16","date_gmt":"2018-09-08T14:11:16","guid":{"rendered":"https:\/\/vosgesinfo.fr\/gerardmerinfo\/2018\/09\/activites-gateaux-fais-maison-y-a-gouts-forum-associations\/"},"modified":"2018-09-08T16:11:16","modified_gmt":"2018-09-08T14:11:16","slug":"activites-gateaux-fais-maison-y-a-gouts-forum-associations","status":"publish","type":"post","link":"https:\/\/vosgesinfo.fr\/gerardmerinfo\/2018\/09\/activites-gateaux-fais-maison-y-a-gouts-forum-associations\/","title":{"rendered":"Activit\u00e9s ou g\u00e2teaux faits \u00ab\u00a0maison\u00a0\u00bb : y en a pour tous les go\u00fbts au forum des associations !"},"content":{"rendered":"<h3><iframe loading=\"lazy\" src=\"\/\/www.youtube.com\/embed\/eWnc3ZlGhIc\" width=\"425\" height=\"350\" allowfullscreen=\"allowfullscreen\"><\/iframe><\/h3>\n<h3>Comme chaque ann\u00e9e d\u00e9sormais, le forum des associations organis\u00e9 par la Ville de G\u00e9rardmer avait lieu au gymnase P&amp;P Didier ainsi qu&rsquo;\u00e0 la maison de la musique ce samedi 8 septembre.<\/h3>\n<p><a href=\"\/2018\/09\/forum-des-associations-2018-8.jpg\"><img decoding=\"async\" class=\"alignright size-medium wp-image-133901\" src=\"\/2018\/09\/forum-des-associations-2018-8-340x255.jpg\" alt=\"forum des associations 2018 (8)\" width=\"340\" height=\"255\" \/><\/a>Une quarantaine d&rsquo;associations avait r\u00e9pondu \u00e0 l&rsquo;appel dont 17 sections sportives de l&rsquo;AS G\u00e9rardmer. Les habitu\u00e9s \u00e9taient de la partie et on retrouvait quelques \u00ab\u00a0petits nouveaux\u00a0\u00bb \u00e0 l&rsquo;image du club d&rsquo;A\u00efkido qui a vu le jour l&rsquo;ann\u00e9e derni\u00e8re. Autant dire qu&rsquo;il y avait de quoi faire ! Ajoutons \u00e9galement que la convivialit\u00e9 et la solidarit\u00e9 \u00e9taient au rendez-vous elles aussi puisque les \u00e9lu(e)s de la Perle des Vosges vous servaient le caf\u00e9 (prononcez \u00ab\u00a0caf\u00ea\u00a0\u00bb ou \u00ab\u00a0cafet\u00a0\u00bb NDLR) et vous proposaient des g\u00e2teaux confectionn\u00e9s par leurs soins. Des petites douceurs dont les b\u00e9n\u00e9fices \u00e9taient revers\u00e9s \u00e0 l&rsquo;action de l&rsquo;ASG handball en faveur de Nelson, jeunes pratiquant de hand-fauteuil. Une petit crochet du c\u00f4t\u00e9 du PPD s&rsquo;imposait donc quoiqu&rsquo;il arrive !<\/p>\n\n","protected":false},"excerpt":{"rendered":"<p>Comme chaque ann\u00e9e d\u00e9sormais, le forum des associations organis\u00e9 par la Ville de G\u00e9rardmer avait lieu au gymnase P&amp;P Didier [&hellip;]<\/p>\n","protected":false},"author":42,"featured_media":36502,"comment_status":"open","ping_status":"open","sticky":false,"template":"","format":"standard","meta":{"footnotes":""},"categories":[20,25,14,17],"tags":[524],"class_list":["post-36501","post","type-post","status-publish","format-standard","has-post-thumbnail","hentry","category-a-la-une","category-gerardmer","category-sport","category-vie-associative","tag-forum-associations-gerardmer"],"acf":[],"yoast_head":"<!-- This site is optimized with the Yoast SEO plugin v22.5 - https:\/\/yoast.com\/wordpress\/plugins\/seo\/ -->\n<title>Activit\u00e9s ou g\u00e2teaux faits &quot;maison&quot; : y en a pour tous les go\u00fbts au forum des associations ! - Gerardmer Info<\/title>\n<meta name=\"robots\" content=\"index, follow, max-snippet:-1, max-image-preview:large, max-video-preview:-1\" \/>\n<link rel=\"canonical\" href=\"https:\/\/vosgesinfo.fr\/gerardmerinfo\/2018\/09\/activites-gateaux-fais-maison-y-a-gouts-forum-associations\/\" \/>\n<meta name=\"twitter:card\" content=\"summary_large_image\" \/>\n<meta name=\"twitter:title\" content=\"Activit\u00e9s ou g\u00e2teaux faits &quot;maison&quot; : y en a pour tous les go\u00fbts au forum des associations ! - Gerardmer Info\" \/>\n<meta name=\"twitter:description\" content=\"Comme chaque ann\u00e9e d\u00e9sormais, le forum des associations organis\u00e9 par la Ville de G\u00e9rardmer avait lieu au gymnase P&amp;P Didier [&hellip;]\" \/>\n<meta name=\"twitter:image\" content=\"https:\/\/vosgesinfo.fr\/app\/uploads\/sites\/6\/2024\/07\/201809forum-des-associations-2018-6.jpg\" \/>\n<meta name=\"twitter:creator\" content=\"@VosgesInfo88\" \/>\n<meta name=\"twitter:site\" content=\"@VosgesInfo88\" \/>\n<meta name=\"twitter:label1\" content=\"\u00c9crit par\" \/>\n\t<meta name=\"twitter:data1\" content=\"QG\" \/>\n\t<meta name=\"twitter:label2\" content=\"Dur\u00e9e de lecture estim\u00e9e\" \/>\n\t<meta name=\"twitter:data2\" content=\"1 minute\" \/>\n<script type=\"application\/ld+json\" class=\"yoast-schema-graph\">{\"@context\":\"https:\/\/schema.org\",\"@graph\":[{\"@type\":\"Article\",\"@id\":\"https:\/\/vosgesinfo.fr\/gerardmerinfo\/2018\/09\/activites-gateaux-fais-maison-y-a-gouts-forum-associations\/#article\",\"isPartOf\":{\"@id\":\"https:\/\/vosgesinfo.fr\/gerardmerinfo\/2018\/09\/activites-gateaux-fais-maison-y-a-gouts-forum-associations\/\"},\"author\":{\"name\":\"QG\",\"@id\":\"https:\/\/vosgesinfo.fr\/gerardmerinfo\/#\/schema\/person\/db5605779a843dad16b5368f3e7613a5\"},\"headline\":\"Activit\u00e9s ou g\u00e2teaux faits \u00ab\u00a0maison\u00a0\u00bb : y en a pour tous les go\u00fbts au forum des associations !\",\"datePublished\":\"2018-09-08T14:11:16+00:00\",\"dateModified\":\"2018-09-08T14:11:16+00:00\",\"mainEntityOfPage\":{\"@id\":\"https:\/\/vosgesinfo.fr\/gerardmerinfo\/2018\/09\/activites-gateaux-fais-maison-y-a-gouts-forum-associations\/\"},\"wordCount\":202,\"commentCount\":0,\"publisher\":{\"@id\":\"https:\/\/vosgesinfo.fr\/gerardmerinfo\/#organization\"},\"image\":{\"@id\":\"https:\/\/vosgesinfo.fr\/gerardmerinfo\/2018\/09\/activites-gateaux-fais-maison-y-a-gouts-forum-associations\/#primaryimage\"},\"thumbnailUrl\":\"https:\/\/vosgesinfo.fr\/app\/uploads\/sites\/6\/2024\/07\/201809forum-des-associations-2018-6.jpg\",\"keywords\":[\"forum associations g\u00e9rardmer\"],\"articleSection\":[\"A la une\",\"G\u00e9rardmer\",\"Sport\",\"Vie Associative\"],\"inLanguage\":\"fr-FR\",\"potentialAction\":[{\"@type\":\"CommentAction\",\"name\":\"Comment\",\"target\":[\"https:\/\/vosgesinfo.fr\/gerardmerinfo\/2018\/09\/activites-gateaux-fais-maison-y-a-gouts-forum-associations\/#respond\"]}]},{\"@type\":\"WebPage\",\"@id\":\"https:\/\/vosgesinfo.fr\/gerardmerinfo\/2018\/09\/activites-gateaux-fais-maison-y-a-gouts-forum-associations\/\",\"url\":\"https:\/\/vosgesinfo.fr\/gerardmerinfo\/2018\/09\/activites-gateaux-fais-maison-y-a-gouts-forum-associations\/\",\"name\":\"Activit\u00e9s ou g\u00e2teaux faits \\\"maison\\\" : y en a pour tous les go\u00fbts au forum des associations ! - Gerardmer Info\",\"isPartOf\":{\"@id\":\"https:\/\/vosgesinfo.fr\/gerardmerinfo\/#website\"},\"primaryImageOfPage\":{\"@id\":\"https:\/\/vosgesinfo.fr\/gerardmerinfo\/2018\/09\/activites-gateaux-fais-maison-y-a-gouts-forum-associations\/#primaryimage\"},\"image\":{\"@id\":\"https:\/\/vosgesinfo.fr\/gerardmerinfo\/2018\/09\/activites-gateaux-fais-maison-y-a-gouts-forum-associations\/#primaryimage\"},\"thumbnailUrl\":\"https:\/\/vosgesinfo.fr\/app\/uploads\/sites\/6\/2024\/07\/201809forum-des-associations-2018-6.jpg\",\"datePublished\":\"2018-09-08T14:11:16+00:00\",\"dateModified\":\"2018-09-08T14:11:16+00:00\",\"breadcrumb\":{\"@id\":\"https:\/\/vosgesinfo.fr\/gerardmerinfo\/2018\/09\/activites-gateaux-fais-maison-y-a-gouts-forum-associations\/#breadcrumb\"},\"inLanguage\":\"fr-FR\",\"potentialAction\":[{\"@type\":\"ReadAction\",\"target\":[\"https:\/\/vosgesinfo.fr\/gerardmerinfo\/2018\/09\/activites-gateaux-fais-maison-y-a-gouts-forum-associations\/\"]}]},{\"@type\":\"ImageObject\",\"inLanguage\":\"fr-FR\",\"@id\":\"https:\/\/vosgesinfo.fr\/gerardmerinfo\/2018\/09\/activites-gateaux-fais-maison-y-a-gouts-forum-associations\/#primaryimage\",\"url\":\"https:\/\/vosgesinfo.fr\/app\/uploads\/sites\/6\/2024\/07\/201809forum-des-associations-2018-6.jpg\",\"contentUrl\":\"https:\/\/vosgesinfo.fr\/app\/uploads\/sites\/6\/2024\/07\/201809forum-des-associations-2018-6.jpg\",\"width\":800,\"height\":600},{\"@type\":\"BreadcrumbList\",\"@id\":\"https:\/\/vosgesinfo.fr\/gerardmerinfo\/2018\/09\/activites-gateaux-fais-maison-y-a-gouts-forum-associations\/#breadcrumb\",\"itemListElement\":[{\"@type\":\"ListItem\",\"position\":1,\"name\":\"Home\",\"item\":\"https:\/\/vosgesinfo.fr\/gerardmerinfo\/\"},{\"@type\":\"ListItem\",\"position\":2,\"name\":\"Activit\u00e9s ou g\u00e2teaux faits \u00ab\u00a0maison\u00a0\u00bb : y en a pour tous les go\u00fbts au forum des associations !\"}]},{\"@type\":\"WebSite\",\"@id\":\"https:\/\/vosgesinfo.fr\/gerardmerinfo\/#website\",\"url\":\"https:\/\/vosgesinfo.fr\/gerardmerinfo\/\",\"name\":\"Gerardmer Info\",\"description\":\"Toute l&#039;actualit\u00e9 de G\u00e9rardmer\",\"publisher\":{\"@id\":\"https:\/\/vosgesinfo.fr\/gerardmerinfo\/#organization\"},\"alternateName\":\"Toute l'actualit\u00e9 de G\u00e9rardmer\",\"potentialAction\":[{\"@type\":\"SearchAction\",\"target\":{\"@type\":\"EntryPoint\",\"urlTemplate\":\"https:\/\/vosgesinfo.fr\/gerardmerinfo\/?s={search_term_string}\"},\"query-input\":\"required name=search_term_string\"}],\"inLanguage\":\"fr-FR\"},{\"@type\":\"Organization\",\"@id\":\"https:\/\/vosgesinfo.fr\/gerardmerinfo\/#organization\",\"name\":\"Gerardmer Info\",\"url\":\"https:\/\/vosgesinfo.fr\/gerardmerinfo\/\",\"logo\":{\"@type\":\"ImageObject\",\"inLanguage\":\"fr-FR\",\"@id\":\"https:\/\/vosgesinfo.fr\/gerardmerinfo\/#\/schema\/logo\/image\/\",\"url\":\"https:\/\/vosgesinfo.fr\/app\/uploads\/sites\/6\/2023\/08\/favicon-gerardmerinfo.png\",\"contentUrl\":\"https:\/\/vosgesinfo.fr\/app\/uploads\/sites\/6\/2023\/08\/favicon-gerardmerinfo.png\",\"width\":512,\"height\":512,\"caption\":\"Gerardmer Info\"},\"image\":{\"@id\":\"https:\/\/vosgesinfo.fr\/gerardmerinfo\/#\/schema\/logo\/image\/\"},\"sameAs\":[\"https:\/\/www.facebook.com\/profile.php?id=100049475262660\",\"https:\/\/x.com\/VosgesInfo88\",\"https:\/\/www.youtube.com\/@vosgesinfo\"]},{\"@type\":\"Person\",\"@id\":\"https:\/\/vosgesinfo.fr\/gerardmerinfo\/#\/schema\/person\/db5605779a843dad16b5368f3e7613a5\",\"name\":\"QG\",\"image\":{\"@type\":\"ImageObject\",\"inLanguage\":\"fr-FR\",\"@id\":\"https:\/\/vosgesinfo.fr\/gerardmerinfo\/#\/schema\/person\/image\/\",\"url\":\"https:\/\/secure.gravatar.com\/avatar\/ea80c42c204b534408512832fde52504ecabb9706bcb6151cf6175e5b64e6793?s=96&d=mm&r=g\",\"contentUrl\":\"https:\/\/secure.gravatar.com\/avatar\/ea80c42c204b534408512832fde52504ecabb9706bcb6151cf6175e5b64e6793?s=96&d=mm&r=g\",\"caption\":\"QG\"},\"url\":\"https:\/\/vosgesinfo.fr\/gerardmerinfo\/author\/quentin88\/\"}]}<\/script>\n<!-- \/ Yoast SEO plugin. -->","yoast_head_json":{"title":"Activit\u00e9s ou g\u00e2teaux faits \"maison\" : y en a pour tous les go\u00fbts au forum des associations ! - Gerardmer Info","robots":{"index":"index","follow":"follow","max-snippet":"max-snippet:-1","max-image-preview":"max-image-preview:large","max-video-preview":"max-video-preview:-1"},"canonical":"https:\/\/vosgesinfo.fr\/gerardmerinfo\/2018\/09\/activites-gateaux-fais-maison-y-a-gouts-forum-associations\/","twitter_card":"summary_large_image","twitter_title":"Activit\u00e9s ou g\u00e2teaux faits \"maison\" : y en a pour tous les go\u00fbts au forum des associations ! - Gerardmer Info","twitter_description":"Comme chaque ann\u00e9e d\u00e9sormais, le forum des associations organis\u00e9 par la Ville de G\u00e9rardmer avait lieu au gymnase P&amp;P Didier [&hellip;]","twitter_image":"https:\/\/vosgesinfo.fr\/app\/uploads\/sites\/6\/2024\/07\/201809forum-des-associations-2018-6.jpg","twitter_creator":"@VosgesInfo88","twitter_site":"@VosgesInfo88","twitter_misc":{"\u00c9crit par":"QG","Dur\u00e9e de lecture estim\u00e9e":"1 minute"},"schema":{"@context":"https:\/\/schema.org","@graph":[{"@type":"Article","@id":"https:\/\/vosgesinfo.fr\/gerardmerinfo\/2018\/09\/activites-gateaux-fais-maison-y-a-gouts-forum-associations\/#article","isPartOf":{"@id":"https:\/\/vosgesinfo.fr\/gerardmerinfo\/2018\/09\/activites-gateaux-fais-maison-y-a-gouts-forum-associations\/"},"author":{"name":"QG","@id":"https:\/\/vosgesinfo.fr\/gerardmerinfo\/#\/schema\/person\/db5605779a843dad16b5368f3e7613a5"},"headline":"Activit\u00e9s ou g\u00e2teaux faits \u00ab\u00a0maison\u00a0\u00bb : y en a pour tous les go\u00fbts au forum des associations !","datePublished":"2018-09-08T14:11:16+00:00","dateModified":"2018-09-08T14:11:16+00:00","mainEntityOfPage":{"@id":"https:\/\/vosgesinfo.fr\/gerardmerinfo\/2018\/09\/activites-gateaux-fais-maison-y-a-gouts-forum-associations\/"},"wordCount":202,"commentCount":0,"publisher":{"@id":"https:\/\/vosgesinfo.fr\/gerardmerinfo\/#organization"},"image":{"@id":"https:\/\/vosgesinfo.fr\/gerardmerinfo\/2018\/09\/activites-gateaux-fais-maison-y-a-gouts-forum-associations\/#primaryimage"},"thumbnailUrl":"https:\/\/vosgesinfo.fr\/app\/uploads\/sites\/6\/2024\/07\/201809forum-des-associations-2018-6.jpg","keywords":["forum associations g\u00e9rardmer"],"articleSection":["A la une","G\u00e9rardmer","Sport","Vie Associative"],"inLanguage":"fr-FR","potentialAction":[{"@type":"CommentAction","name":"Comment","target":["https:\/\/vosgesinfo.fr\/gerardmerinfo\/2018\/09\/activites-gateaux-fais-maison-y-a-gouts-forum-associations\/#respond"]}]},{"@type":"WebPage","@id":"https:\/\/vosgesinfo.fr\/gerardmerinfo\/2018\/09\/activites-gateaux-fais-maison-y-a-gouts-forum-associations\/","url":"https:\/\/vosgesinfo.fr\/gerardmerinfo\/2018\/09\/activites-gateaux-fais-maison-y-a-gouts-forum-associations\/","name":"Activit\u00e9s ou g\u00e2teaux faits \"maison\" : y en a pour tous les go\u00fbts au forum des associations ! - Gerardmer Info","isPartOf":{"@id":"https:\/\/vosgesinfo.fr\/gerardmerinfo\/#website"},"primaryImageOfPage":{"@id":"https:\/\/vosgesinfo.fr\/gerardmerinfo\/2018\/09\/activites-gateaux-fais-maison-y-a-gouts-forum-associations\/#primaryimage"},"image":{"@id":"https:\/\/vosgesinfo.fr\/gerardmerinfo\/2018\/09\/activites-gateaux-fais-maison-y-a-gouts-forum-associations\/#primaryimage"},"thumbnailUrl":"https:\/\/vosgesinfo.fr\/app\/uploads\/sites\/6\/2024\/07\/201809forum-des-associations-2018-6.jpg","datePublished":"2018-09-08T14:11:16+00:00","dateModified":"2018-09-08T14:11:16+00:00","breadcrumb":{"@id":"https:\/\/vosgesinfo.fr\/gerardmerinfo\/2018\/09\/activites-gateaux-fais-maison-y-a-gouts-forum-associations\/#breadcrumb"},"inLanguage":"fr-FR","potentialAction":[{"@type":"ReadAction","target":["https:\/\/vosgesinfo.fr\/gerardmerinfo\/2018\/09\/activites-gateaux-fais-maison-y-a-gouts-forum-associations\/"]}]},{"@type":"ImageObject","inLanguage":"fr-FR","@id":"https:\/\/vosgesinfo.fr\/gerardmerinfo\/2018\/09\/activites-gateaux-fais-maison-y-a-gouts-forum-associations\/#primaryimage","url":"https:\/\/vosgesinfo.fr\/app\/uploads\/sites\/6\/2024\/07\/201809forum-des-associations-2018-6.jpg","contentUrl":"https:\/\/vosgesinfo.fr\/app\/uploads\/sites\/6\/2024\/07\/201809forum-des-associations-2018-6.jpg","width":800,"height":600},{"@type":"BreadcrumbList","@id":"https:\/\/vosgesinfo.fr\/gerardmerinfo\/2018\/09\/activites-gateaux-fais-maison-y-a-gouts-forum-associations\/#breadcrumb","itemListElement":[{"@type":"ListItem","position":1,"name":"Home","item":"https:\/\/vosgesinfo.fr\/gerardmerinfo\/"},{"@type":"ListItem","position":2,"name":"Activit\u00e9s ou g\u00e2teaux faits \u00ab\u00a0maison\u00a0\u00bb : y en a pour tous les go\u00fbts au forum des associations !"}]},{"@type":"WebSite","@id":"https:\/\/vosgesinfo.fr\/gerardmerinfo\/#website","url":"https:\/\/vosgesinfo.fr\/gerardmerinfo\/","name":"Gerardmer Info","description":"Toute l&#039;actualit\u00e9 de G\u00e9rardmer","publisher":{"@id":"https:\/\/vosgesinfo.fr\/gerardmerinfo\/#organization"},"alternateName":"Toute l'actualit\u00e9 de G\u00e9rardmer","potentialAction":[{"@type":"SearchAction","target":{"@type":"EntryPoint","urlTemplate":"https:\/\/vosgesinfo.fr\/gerardmerinfo\/?s={search_term_string}"},"query-input":"required name=search_term_string"}],"inLanguage":"fr-FR"},{"@type":"Organization","@id":"https:\/\/vosgesinfo.fr\/gerardmerinfo\/#organization","name":"Gerardmer Info","url":"https:\/\/vosgesinfo.fr\/gerardmerinfo\/","logo":{"@type":"ImageObject","inLanguage":"fr-FR","@id":"https:\/\/vosgesinfo.fr\/gerardmerinfo\/#\/schema\/logo\/image\/","url":"https:\/\/vosgesinfo.fr\/app\/uploads\/sites\/6\/2023\/08\/favicon-gerardmerinfo.png","contentUrl":"https:\/\/vosgesinfo.fr\/app\/uploads\/sites\/6\/2023\/08\/favicon-gerardmerinfo.png","width":512,"height":512,"caption":"Gerardmer Info"},"image":{"@id":"https:\/\/vosgesinfo.fr\/gerardmerinfo\/#\/schema\/logo\/image\/"},"sameAs":["https:\/\/www.facebook.com\/profile.php?id=100049475262660","https:\/\/x.com\/VosgesInfo88","https:\/\/www.youtube.com\/@vosgesinfo"]},{"@type":"Person","@id":"https:\/\/vosgesinfo.fr\/gerardmerinfo\/#\/schema\/person\/db5605779a843dad16b5368f3e7613a5","name":"QG","image":{"@type":"ImageObject","inLanguage":"fr-FR","@id":"https:\/\/vosgesinfo.fr\/gerardmerinfo\/#\/schema\/person\/image\/","url":"https:\/\/secure.gravatar.com\/avatar\/ea80c42c204b534408512832fde52504ecabb9706bcb6151cf6175e5b64e6793?s=96&d=mm&r=g","contentUrl":"https:\/\/secure.gravatar.com\/avatar\/ea80c42c204b534408512832fde52504ecabb9706bcb6151cf6175e5b64e6793?s=96&d=mm&r=g","caption":"QG"},"url":"https:\/\/vosgesinfo.fr\/gerardmerinfo\/author\/quentin88\/"}]}},"_links":{"self":[{"href":"https:\/\/vosgesinfo.fr\/gerardmerinfo\/wp-json\/wp\/v2\/posts\/36501","targetHints":{"allow":["GET"]}}],"collection":[{"href":"https:\/\/vosgesinfo.fr\/gerardmerinfo\/wp-json\/wp\/v2\/posts"}],"about":[{"href":"https:\/\/vosgesinfo.fr\/gerardmerinfo\/wp-json\/wp\/v2\/types\/post"}],"author":[{"embeddable":true,"href":"https:\/\/vosgesinfo.fr\/gerardmerinfo\/wp-json\/wp\/v2\/users\/42"}],"replies":[{"embeddable":true,"href":"https:\/\/vosgesinfo.fr\/gerardmerinfo\/wp-json\/wp\/v2\/comments?post=36501"}],"version-history":[{"count":0,"href":"https:\/\/vosgesinfo.fr\/gerardmerinfo\/wp-json\/wp\/v2\/posts\/36501\/revisions"}],"wp:featuredmedia":[{"embeddable":true,"href":"https:\/\/vosgesinfo.fr\/gerardmerinfo\/wp-json\/wp\/v2\/media\/36502"}],"wp:attachment":[{"href":"https:\/\/vosgesinfo.fr\/gerardmerinfo\/wp-json\/wp\/v2\/media?parent=36501"}],"wp:term":[{"taxonomy":"category","embeddable":true,"href":"https:\/\/vosgesinfo.fr\/gerardmerinfo\/wp-json\/wp\/v2\/categories?post=36501"},{"taxonomy":"post_tag","embeddable":true,"href":"https:\/\/vosgesinfo.fr\/gerardmerinfo\/wp-json\/wp\/v2\/tags?post=36501"}],"curies":[{"name":"wp","href":"https:\/\/api.w.org\/{rel}","templated":true}]}}