{"id":36577,"date":"2018-11-21T23:53:14","date_gmt":"2018-11-21T22:53:14","guid":{"rendered":"https:\/\/vosgesinfo.fr\/gerardmerinfo\/2018\/11\/21eme-edition-de-rock-o-lac-ayya-blondstone-blond-idiocracy\/"},"modified":"2018-11-21T23:53:14","modified_gmt":"2018-11-21T22:53:14","slug":"21eme-edition-de-rock-o-lac-ayya-blondstone-blond-idiocracy","status":"publish","type":"post","link":"https:\/\/vosgesinfo.fr\/gerardmerinfo\/2018\/11\/21eme-edition-de-rock-o-lac-ayya-blondstone-blond-idiocracy\/","title":{"rendered":"21\u00e8me \u00e9dition de Rock O Lac avec AYYA, Blondstone, BLOND Idiocracy"},"content":{"rendered":"<p><iframe loading=\"lazy\" src=\"\/\/www.youtube.com\/embed\/bxYOltQFjq8\" width=\"425\" height=\"350\" allowfullscreen=\"allowfullscreen\"><\/iframe><\/p>\n<h3>La 21\u00e8me \u00e9dition de Rock O Lac aura lieu le samedi 24 novembre 2018 au Caf\u00e9-Concert de la MCL avec au programme <a href=\"https:\/\/www.facebook.com\/AYYAlegroupe\/\" target=\"_blank\" rel=\"noopener\">AYYA<\/a>, <a href=\"https:\/\/www.facebook.com\/Blondstone\/\" target=\"_blank\" rel=\"noopener\">Blondstone<\/a>, <a href=\"https:\/\/www.facebook.com\/blondidiocracy\/\" target=\"_blank\" rel=\"noopener\">BLOND Idiocracy<\/a><\/h3>\n<p><a href=\"\/2018\/09\/rocko-lac.jpg\"><img decoding=\"async\" class=\"alignright wp-image-134113\" src=\"\/2018\/09\/rocko-lac.jpg\" alt=\"rock'o lac\" width=\"266\" height=\"376\" \/><\/a>BLONDSTONE<br \/>\n<a href=\"https:\/\/blondstone.bandcamp.com\/\" target=\"_blank\" rel=\"nofollow noopener\" data-lynx-mode=\"hover\" data-lynx-uri=\"https:\/\/l.facebook.com\/l.php?u=https%3A%2F%2Fblondstone.bandcamp.com%2F&amp;h=AT3nv5Gxu_4X9dPj5T48fYVqFQQ4ZU3gX5Xpb0Ok1xDk2XKw-JWR1tj5FROoCkjb_2QkG23OAuo9gzrOeniOtpfN0WdIBcapbFrPaF9NYAYH9CRvjIuR2ZtgB_OfSGTLJmWI\">https:\/\/blondstone.bandcamp.com\/<\/a><\/p>\n<p>BLONDSTONE est un trio de rock stoner form\u00e9 en 2011.<br \/>\nApr\u00e8s un premier EP # 1, leur audience augmente rapidement lors d&rsquo;une tourn\u00e9e en France, au Luxembourg et en Belgique o\u00f9 ils d\u00e9cident d&rsquo;enregistrer un nouvel album \u00abMass Solace\u00bb \u00e0 Li\u00e8ge. Ce nouvel album les pousse \u00e0 s&rsquo;ouvrir pour Alice Cooper, Triggerfinger, SkypeTheUse, Lords Of Altamont&#8230;<br \/>\n*<br \/>\nAYYA<br \/>\n<a href=\"https:\/\/ayya.bandcamp.com\/\" target=\"_blank\" rel=\"nofollow noopener\" data-lynx-mode=\"hover\" data-lynx-uri=\"https:\/\/l.facebook.com\/l.php?u=https%3A%2F%2Fayya.bandcamp.com%2F&amp;h=AT1_k1cEviiODj14WIvG163fmmJa977s4ntrf5EhOBQRXi5Z4T0irDLSBdqxjnSFK2ryNvKlx1G-PQ0Gc1HhxWJqB8A1lMeioJwtCr9V8bLUbiI3fnz0Lg87cCZg79aAxgjq\">https:\/\/ayya.bandcamp.com\/<\/a><br \/>\nAYYA c\u2019est une guitare, une batterie et un synth\u00e9. Energie rock, rythmiques d\u00e9cadentes, ambiances noise et envol\u00e9es \u00e9piques sont les lignes directrices de ce duo .<br \/>\n*<br \/>\nBLOND Idiocracy<br \/>\n<a href=\"https:\/\/l.facebook.com\/l.php?u=https%3A%2F%2Fwww.blondidiocracy.com%2F&amp;h=AT33pKpN3BAmXputMCjiYl5dNkVA8P6SY8FSQEQ5T_u6hcE3vEGCaVWWxtD575Xbw2D7GiBvo9c7kcjwYv8R_tmcPWhsPxADWqYSQLxkzfftvkHwaMPZ9KFilMbOyiFayZE9\" target=\"_blank\" rel=\"nofollow noopener\" data-lynx-mode=\"hover\">https:\/\/www.blondidiocracy.com\/<\/a><\/p>\n<p>BLOND est le nouveau projet Parisien compos\u00e9 de Tony Halet (Astonvilla, AppleShift), Greg Baudrier (Astonvilla, Underdogs), JC Panizza (Underdogs) et Greg Jeanmaire.<br \/>\nEfficace et redoutable,Blond d\u00e9gage une \u00e9nergie \u00e0 la fois furieuse et m\u00e9lodique vous entra\u00eenant dans un univers musical parfaitement ma\u00eetris\u00e9.<br \/>\n\u2018\u2019IDIOCRACY\u2018\u2019et\u2018\u2019CHEAP\u2018\u2019 sont les deux EP auto-produit, enregistr\u00e9s aux c\u00e9l\u00e8bres studios Davout \u00e0 Paris par le groupe lui-m\u00eame(certains membres du groupe officiant dans ce lieu magique entant que producteurs et ing\u00e9s sons avant qu\u2019il ne soit<br \/>\nd\u00e9finitivement ferm\u00e9 en juin 2017&#8230;).<br \/>\nUn Rock moderne aux accents parfois pop, parfois agressifs, des compos finement cisel\u00e9es dans un style situ\u00e9 \u00e0 la crois\u00e9e de Radiohead et Muse, avec des morceaux marqu\u00e9s par une construction soign\u00e9e et une ligne m\u00e9lodique vocale toujours soutenue, m\u00eame lorsque l&rsquo;\u00e9nergie devient plus sombre !<\/p>\n","protected":false},"excerpt":{"rendered":"<p>La 21\u00e8me \u00e9dition de Rock O Lac aura lieu le samedi 24 novembre 2018 au Caf\u00e9-Concert de la MCL avec [&hellip;]<\/p>\n","protected":false},"author":1,"featured_media":36578,"comment_status":"open","ping_status":"open","sticky":false,"template":"","format":"standard","meta":{"footnotes":""},"categories":[20,34,4,18],"tags":[568],"class_list":["post-36577","post","type-post","status-publish","format-standard","has-post-thumbnail","hentry","category-a-la-une","category-concert","category-culture","category-vosges","tag-rocko-lac"],"acf":[],"yoast_head":"<!-- This site is optimized with the Yoast SEO plugin v22.5 - https:\/\/yoast.com\/wordpress\/plugins\/seo\/ -->\n<title>21\u00e8me \u00e9dition de Rock O Lac avec AYYA, Blondstone, BLOND Idiocracy - Gerardmer Info<\/title>\n<meta name=\"robots\" content=\"index, follow, max-snippet:-1, max-image-preview:large, max-video-preview:-1\" \/>\n<link rel=\"canonical\" href=\"https:\/\/vosgesinfo.fr\/gerardmerinfo\/2018\/11\/21eme-edition-de-rock-o-lac-ayya-blondstone-blond-idiocracy\/\" \/>\n<meta name=\"twitter:card\" content=\"summary_large_image\" \/>\n<meta name=\"twitter:title\" content=\"21\u00e8me \u00e9dition de Rock O Lac avec AYYA, Blondstone, BLOND Idiocracy - Gerardmer Info\" \/>\n<meta name=\"twitter:description\" content=\"La 21\u00e8me \u00e9dition de Rock O Lac aura lieu le samedi 24 novembre 2018 au Caf\u00e9-Concert de la MCL avec [&hellip;]\" \/>\n<meta name=\"twitter:image\" content=\"https:\/\/vosgesinfo.fr\/app\/uploads\/sites\/6\/2024\/07\/201809rocko-lac.jpg\" \/>\n<meta name=\"twitter:creator\" content=\"@VosgesInfo88\" \/>\n<meta name=\"twitter:site\" content=\"@VosgesInfo88\" \/>\n<meta name=\"twitter:label1\" content=\"\u00c9crit par\" \/>\n\t<meta name=\"twitter:data1\" content=\"qs_admin\" \/>\n\t<meta name=\"twitter:label2\" content=\"Dur\u00e9e de lecture estim\u00e9e\" \/>\n\t<meta name=\"twitter:data2\" content=\"1 minute\" \/>\n<script type=\"application\/ld+json\" class=\"yoast-schema-graph\">{\"@context\":\"https:\/\/schema.org\",\"@graph\":[{\"@type\":\"Article\",\"@id\":\"https:\/\/vosgesinfo.fr\/gerardmerinfo\/2018\/11\/21eme-edition-de-rock-o-lac-ayya-blondstone-blond-idiocracy\/#article\",\"isPartOf\":{\"@id\":\"https:\/\/vosgesinfo.fr\/gerardmerinfo\/2018\/11\/21eme-edition-de-rock-o-lac-ayya-blondstone-blond-idiocracy\/\"},\"author\":{\"name\":\"qs_admin\",\"@id\":\"https:\/\/vosgesinfo.fr\/gerardmerinfo\/#\/schema\/person\/bc5d02d71e6932e81b6dadb7386667b1\"},\"headline\":\"21\u00e8me \u00e9dition de Rock O Lac avec AYYA, Blondstone, BLOND Idiocracy\",\"datePublished\":\"2018-11-21T22:53:14+00:00\",\"dateModified\":\"2018-11-21T22:53:14+00:00\",\"mainEntityOfPage\":{\"@id\":\"https:\/\/vosgesinfo.fr\/gerardmerinfo\/2018\/11\/21eme-edition-de-rock-o-lac-ayya-blondstone-blond-idiocracy\/\"},\"wordCount\":283,\"commentCount\":0,\"publisher\":{\"@id\":\"https:\/\/vosgesinfo.fr\/gerardmerinfo\/#organization\"},\"image\":{\"@id\":\"https:\/\/vosgesinfo.fr\/gerardmerinfo\/2018\/11\/21eme-edition-de-rock-o-lac-ayya-blondstone-blond-idiocracy\/#primaryimage\"},\"thumbnailUrl\":\"https:\/\/vosgesinfo.fr\/app\/uploads\/sites\/6\/2024\/07\/201809rocko-lac.jpg\",\"keywords\":[\"rock'o lac\"],\"articleSection\":[\"A la une\",\"Concert\",\"Culture\",\"Vosges\"],\"inLanguage\":\"fr-FR\",\"potentialAction\":[{\"@type\":\"CommentAction\",\"name\":\"Comment\",\"target\":[\"https:\/\/vosgesinfo.fr\/gerardmerinfo\/2018\/11\/21eme-edition-de-rock-o-lac-ayya-blondstone-blond-idiocracy\/#respond\"]}]},{\"@type\":\"WebPage\",\"@id\":\"https:\/\/vosgesinfo.fr\/gerardmerinfo\/2018\/11\/21eme-edition-de-rock-o-lac-ayya-blondstone-blond-idiocracy\/\",\"url\":\"https:\/\/vosgesinfo.fr\/gerardmerinfo\/2018\/11\/21eme-edition-de-rock-o-lac-ayya-blondstone-blond-idiocracy\/\",\"name\":\"21\u00e8me \u00e9dition de Rock O Lac avec AYYA, Blondstone, BLOND Idiocracy - Gerardmer Info\",\"isPartOf\":{\"@id\":\"https:\/\/vosgesinfo.fr\/gerardmerinfo\/#website\"},\"primaryImageOfPage\":{\"@id\":\"https:\/\/vosgesinfo.fr\/gerardmerinfo\/2018\/11\/21eme-edition-de-rock-o-lac-ayya-blondstone-blond-idiocracy\/#primaryimage\"},\"image\":{\"@id\":\"https:\/\/vosgesinfo.fr\/gerardmerinfo\/2018\/11\/21eme-edition-de-rock-o-lac-ayya-blondstone-blond-idiocracy\/#primaryimage\"},\"thumbnailUrl\":\"https:\/\/vosgesinfo.fr\/app\/uploads\/sites\/6\/2024\/07\/201809rocko-lac.jpg\",\"datePublished\":\"2018-11-21T22:53:14+00:00\",\"dateModified\":\"2018-11-21T22:53:14+00:00\",\"breadcrumb\":{\"@id\":\"https:\/\/vosgesinfo.fr\/gerardmerinfo\/2018\/11\/21eme-edition-de-rock-o-lac-ayya-blondstone-blond-idiocracy\/#breadcrumb\"},\"inLanguage\":\"fr-FR\",\"potentialAction\":[{\"@type\":\"ReadAction\",\"target\":[\"https:\/\/vosgesinfo.fr\/gerardmerinfo\/2018\/11\/21eme-edition-de-rock-o-lac-ayya-blondstone-blond-idiocracy\/\"]}]},{\"@type\":\"ImageObject\",\"inLanguage\":\"fr-FR\",\"@id\":\"https:\/\/vosgesinfo.fr\/gerardmerinfo\/2018\/11\/21eme-edition-de-rock-o-lac-ayya-blondstone-blond-idiocracy\/#primaryimage\",\"url\":\"https:\/\/vosgesinfo.fr\/app\/uploads\/sites\/6\/2024\/07\/201809rocko-lac.jpg\",\"contentUrl\":\"https:\/\/vosgesinfo.fr\/app\/uploads\/sites\/6\/2024\/07\/201809rocko-lac.jpg\",\"width\":566,\"height\":800},{\"@type\":\"BreadcrumbList\",\"@id\":\"https:\/\/vosgesinfo.fr\/gerardmerinfo\/2018\/11\/21eme-edition-de-rock-o-lac-ayya-blondstone-blond-idiocracy\/#breadcrumb\",\"itemListElement\":[{\"@type\":\"ListItem\",\"position\":1,\"name\":\"Home\",\"item\":\"https:\/\/vosgesinfo.fr\/gerardmerinfo\/\"},{\"@type\":\"ListItem\",\"position\":2,\"name\":\"21\u00e8me \u00e9dition de Rock O Lac avec AYYA, Blondstone, BLOND Idiocracy\"}]},{\"@type\":\"WebSite\",\"@id\":\"https:\/\/vosgesinfo.fr\/gerardmerinfo\/#website\",\"url\":\"https:\/\/vosgesinfo.fr\/gerardmerinfo\/\",\"name\":\"Gerardmer Info\",\"description\":\"Toute l&#039;actualit\u00e9 de G\u00e9rardmer\",\"publisher\":{\"@id\":\"https:\/\/vosgesinfo.fr\/gerardmerinfo\/#organization\"},\"alternateName\":\"Toute l'actualit\u00e9 de G\u00e9rardmer\",\"potentialAction\":[{\"@type\":\"SearchAction\",\"target\":{\"@type\":\"EntryPoint\",\"urlTemplate\":\"https:\/\/vosgesinfo.fr\/gerardmerinfo\/?s={search_term_string}\"},\"query-input\":\"required name=search_term_string\"}],\"inLanguage\":\"fr-FR\"},{\"@type\":\"Organization\",\"@id\":\"https:\/\/vosgesinfo.fr\/gerardmerinfo\/#organization\",\"name\":\"Gerardmer Info\",\"url\":\"https:\/\/vosgesinfo.fr\/gerardmerinfo\/\",\"logo\":{\"@type\":\"ImageObject\",\"inLanguage\":\"fr-FR\",\"@id\":\"https:\/\/vosgesinfo.fr\/gerardmerinfo\/#\/schema\/logo\/image\/\",\"url\":\"https:\/\/vosgesinfo.fr\/app\/uploads\/sites\/6\/2023\/08\/favicon-gerardmerinfo.png\",\"contentUrl\":\"https:\/\/vosgesinfo.fr\/app\/uploads\/sites\/6\/2023\/08\/favicon-gerardmerinfo.png\",\"width\":512,\"height\":512,\"caption\":\"Gerardmer Info\"},\"image\":{\"@id\":\"https:\/\/vosgesinfo.fr\/gerardmerinfo\/#\/schema\/logo\/image\/\"},\"sameAs\":[\"https:\/\/www.facebook.com\/profile.php?id=100049475262660\",\"https:\/\/x.com\/VosgesInfo88\",\"https:\/\/www.youtube.com\/@vosgesinfo\"]},{\"@type\":\"Person\",\"@id\":\"https:\/\/vosgesinfo.fr\/gerardmerinfo\/#\/schema\/person\/bc5d02d71e6932e81b6dadb7386667b1\",\"name\":\"qs_admin\",\"image\":{\"@type\":\"ImageObject\",\"inLanguage\":\"fr-FR\",\"@id\":\"https:\/\/vosgesinfo.fr\/gerardmerinfo\/#\/schema\/person\/image\/\",\"url\":\"https:\/\/secure.gravatar.com\/avatar\/94b18ee0ed79e4a42ea2f2931277b6841a8999fc6fde214600c78057cf1fe1de?s=96&d=mm&r=g\",\"contentUrl\":\"https:\/\/secure.gravatar.com\/avatar\/94b18ee0ed79e4a42ea2f2931277b6841a8999fc6fde214600c78057cf1fe1de?s=96&d=mm&r=g\",\"caption\":\"qs_admin\"},\"sameAs\":[\"https:\/\/vosgesinfo.fr\/wp\"],\"url\":\"https:\/\/vosgesinfo.fr\/gerardmerinfo\/author\/qs_admin\/\"}]}<\/script>\n<!-- \/ Yoast SEO plugin. -->","yoast_head_json":{"title":"21\u00e8me \u00e9dition de Rock O Lac avec AYYA, Blondstone, BLOND Idiocracy - Gerardmer Info","robots":{"index":"index","follow":"follow","max-snippet":"max-snippet:-1","max-image-preview":"max-image-preview:large","max-video-preview":"max-video-preview:-1"},"canonical":"https:\/\/vosgesinfo.fr\/gerardmerinfo\/2018\/11\/21eme-edition-de-rock-o-lac-ayya-blondstone-blond-idiocracy\/","twitter_card":"summary_large_image","twitter_title":"21\u00e8me \u00e9dition de Rock O Lac avec AYYA, Blondstone, BLOND Idiocracy - Gerardmer Info","twitter_description":"La 21\u00e8me \u00e9dition de Rock O Lac aura lieu le samedi 24 novembre 2018 au Caf\u00e9-Concert de la MCL avec [&hellip;]","twitter_image":"https:\/\/vosgesinfo.fr\/app\/uploads\/sites\/6\/2024\/07\/201809rocko-lac.jpg","twitter_creator":"@VosgesInfo88","twitter_site":"@VosgesInfo88","twitter_misc":{"\u00c9crit par":"qs_admin","Dur\u00e9e de lecture estim\u00e9e":"1 minute"},"schema":{"@context":"https:\/\/schema.org","@graph":[{"@type":"Article","@id":"https:\/\/vosgesinfo.fr\/gerardmerinfo\/2018\/11\/21eme-edition-de-rock-o-lac-ayya-blondstone-blond-idiocracy\/#article","isPartOf":{"@id":"https:\/\/vosgesinfo.fr\/gerardmerinfo\/2018\/11\/21eme-edition-de-rock-o-lac-ayya-blondstone-blond-idiocracy\/"},"author":{"name":"qs_admin","@id":"https:\/\/vosgesinfo.fr\/gerardmerinfo\/#\/schema\/person\/bc5d02d71e6932e81b6dadb7386667b1"},"headline":"21\u00e8me \u00e9dition de Rock O Lac avec AYYA, Blondstone, BLOND Idiocracy","datePublished":"2018-11-21T22:53:14+00:00","dateModified":"2018-11-21T22:53:14+00:00","mainEntityOfPage":{"@id":"https:\/\/vosgesinfo.fr\/gerardmerinfo\/2018\/11\/21eme-edition-de-rock-o-lac-ayya-blondstone-blond-idiocracy\/"},"wordCount":283,"commentCount":0,"publisher":{"@id":"https:\/\/vosgesinfo.fr\/gerardmerinfo\/#organization"},"image":{"@id":"https:\/\/vosgesinfo.fr\/gerardmerinfo\/2018\/11\/21eme-edition-de-rock-o-lac-ayya-blondstone-blond-idiocracy\/#primaryimage"},"thumbnailUrl":"https:\/\/vosgesinfo.fr\/app\/uploads\/sites\/6\/2024\/07\/201809rocko-lac.jpg","keywords":["rock'o lac"],"articleSection":["A la une","Concert","Culture","Vosges"],"inLanguage":"fr-FR","potentialAction":[{"@type":"CommentAction","name":"Comment","target":["https:\/\/vosgesinfo.fr\/gerardmerinfo\/2018\/11\/21eme-edition-de-rock-o-lac-ayya-blondstone-blond-idiocracy\/#respond"]}]},{"@type":"WebPage","@id":"https:\/\/vosgesinfo.fr\/gerardmerinfo\/2018\/11\/21eme-edition-de-rock-o-lac-ayya-blondstone-blond-idiocracy\/","url":"https:\/\/vosgesinfo.fr\/gerardmerinfo\/2018\/11\/21eme-edition-de-rock-o-lac-ayya-blondstone-blond-idiocracy\/","name":"21\u00e8me \u00e9dition de Rock O Lac avec AYYA, Blondstone, BLOND Idiocracy - Gerardmer Info","isPartOf":{"@id":"https:\/\/vosgesinfo.fr\/gerardmerinfo\/#website"},"primaryImageOfPage":{"@id":"https:\/\/vosgesinfo.fr\/gerardmerinfo\/2018\/11\/21eme-edition-de-rock-o-lac-ayya-blondstone-blond-idiocracy\/#primaryimage"},"image":{"@id":"https:\/\/vosgesinfo.fr\/gerardmerinfo\/2018\/11\/21eme-edition-de-rock-o-lac-ayya-blondstone-blond-idiocracy\/#primaryimage"},"thumbnailUrl":"https:\/\/vosgesinfo.fr\/app\/uploads\/sites\/6\/2024\/07\/201809rocko-lac.jpg","datePublished":"2018-11-21T22:53:14+00:00","dateModified":"2018-11-21T22:53:14+00:00","breadcrumb":{"@id":"https:\/\/vosgesinfo.fr\/gerardmerinfo\/2018\/11\/21eme-edition-de-rock-o-lac-ayya-blondstone-blond-idiocracy\/#breadcrumb"},"inLanguage":"fr-FR","potentialAction":[{"@type":"ReadAction","target":["https:\/\/vosgesinfo.fr\/gerardmerinfo\/2018\/11\/21eme-edition-de-rock-o-lac-ayya-blondstone-blond-idiocracy\/"]}]},{"@type":"ImageObject","inLanguage":"fr-FR","@id":"https:\/\/vosgesinfo.fr\/gerardmerinfo\/2018\/11\/21eme-edition-de-rock-o-lac-ayya-blondstone-blond-idiocracy\/#primaryimage","url":"https:\/\/vosgesinfo.fr\/app\/uploads\/sites\/6\/2024\/07\/201809rocko-lac.jpg","contentUrl":"https:\/\/vosgesinfo.fr\/app\/uploads\/sites\/6\/2024\/07\/201809rocko-lac.jpg","width":566,"height":800},{"@type":"BreadcrumbList","@id":"https:\/\/vosgesinfo.fr\/gerardmerinfo\/2018\/11\/21eme-edition-de-rock-o-lac-ayya-blondstone-blond-idiocracy\/#breadcrumb","itemListElement":[{"@type":"ListItem","position":1,"name":"Home","item":"https:\/\/vosgesinfo.fr\/gerardmerinfo\/"},{"@type":"ListItem","position":2,"name":"21\u00e8me \u00e9dition de Rock O Lac avec AYYA, Blondstone, BLOND Idiocracy"}]},{"@type":"WebSite","@id":"https:\/\/vosgesinfo.fr\/gerardmerinfo\/#website","url":"https:\/\/vosgesinfo.fr\/gerardmerinfo\/","name":"Gerardmer Info","description":"Toute l&#039;actualit\u00e9 de G\u00e9rardmer","publisher":{"@id":"https:\/\/vosgesinfo.fr\/gerardmerinfo\/#organization"},"alternateName":"Toute l'actualit\u00e9 de G\u00e9rardmer","potentialAction":[{"@type":"SearchAction","target":{"@type":"EntryPoint","urlTemplate":"https:\/\/vosgesinfo.fr\/gerardmerinfo\/?s={search_term_string}"},"query-input":"required name=search_term_string"}],"inLanguage":"fr-FR"},{"@type":"Organization","@id":"https:\/\/vosgesinfo.fr\/gerardmerinfo\/#organization","name":"Gerardmer Info","url":"https:\/\/vosgesinfo.fr\/gerardmerinfo\/","logo":{"@type":"ImageObject","inLanguage":"fr-FR","@id":"https:\/\/vosgesinfo.fr\/gerardmerinfo\/#\/schema\/logo\/image\/","url":"https:\/\/vosgesinfo.fr\/app\/uploads\/sites\/6\/2023\/08\/favicon-gerardmerinfo.png","contentUrl":"https:\/\/vosgesinfo.fr\/app\/uploads\/sites\/6\/2023\/08\/favicon-gerardmerinfo.png","width":512,"height":512,"caption":"Gerardmer Info"},"image":{"@id":"https:\/\/vosgesinfo.fr\/gerardmerinfo\/#\/schema\/logo\/image\/"},"sameAs":["https:\/\/www.facebook.com\/profile.php?id=100049475262660","https:\/\/x.com\/VosgesInfo88","https:\/\/www.youtube.com\/@vosgesinfo"]},{"@type":"Person","@id":"https:\/\/vosgesinfo.fr\/gerardmerinfo\/#\/schema\/person\/bc5d02d71e6932e81b6dadb7386667b1","name":"qs_admin","image":{"@type":"ImageObject","inLanguage":"fr-FR","@id":"https:\/\/vosgesinfo.fr\/gerardmerinfo\/#\/schema\/person\/image\/","url":"https:\/\/secure.gravatar.com\/avatar\/94b18ee0ed79e4a42ea2f2931277b6841a8999fc6fde214600c78057cf1fe1de?s=96&d=mm&r=g","contentUrl":"https:\/\/secure.gravatar.com\/avatar\/94b18ee0ed79e4a42ea2f2931277b6841a8999fc6fde214600c78057cf1fe1de?s=96&d=mm&r=g","caption":"qs_admin"},"sameAs":["https:\/\/vosgesinfo.fr\/wp"],"url":"https:\/\/vosgesinfo.fr\/gerardmerinfo\/author\/qs_admin\/"}]}},"_links":{"self":[{"href":"https:\/\/vosgesinfo.fr\/gerardmerinfo\/wp-json\/wp\/v2\/posts\/36577","targetHints":{"allow":["GET"]}}],"collection":[{"href":"https:\/\/vosgesinfo.fr\/gerardmerinfo\/wp-json\/wp\/v2\/posts"}],"about":[{"href":"https:\/\/vosgesinfo.fr\/gerardmerinfo\/wp-json\/wp\/v2\/types\/post"}],"author":[{"embeddable":true,"href":"https:\/\/vosgesinfo.fr\/gerardmerinfo\/wp-json\/wp\/v2\/users\/1"}],"replies":[{"embeddable":true,"href":"https:\/\/vosgesinfo.fr\/gerardmerinfo\/wp-json\/wp\/v2\/comments?post=36577"}],"version-history":[{"count":0,"href":"https:\/\/vosgesinfo.fr\/gerardmerinfo\/wp-json\/wp\/v2\/posts\/36577\/revisions"}],"wp:featuredmedia":[{"embeddable":true,"href":"https:\/\/vosgesinfo.fr\/gerardmerinfo\/wp-json\/wp\/v2\/media\/36578"}],"wp:attachment":[{"href":"https:\/\/vosgesinfo.fr\/gerardmerinfo\/wp-json\/wp\/v2\/media?parent=36577"}],"wp:term":[{"taxonomy":"category","embeddable":true,"href":"https:\/\/vosgesinfo.fr\/gerardmerinfo\/wp-json\/wp\/v2\/categories?post=36577"},{"taxonomy":"post_tag","embeddable":true,"href":"https:\/\/vosgesinfo.fr\/gerardmerinfo\/wp-json\/wp\/v2\/tags?post=36577"}],"curies":[{"name":"wp","href":"https:\/\/api.w.org\/{rel}","templated":true}]}}