{"id":36646,"date":"2018-09-16T18:11:49","date_gmt":"2018-09-16T16:11:49","guid":{"rendered":"https:\/\/vosgesinfo.fr\/gerardmerinfo\/2018\/09\/laide-a-domicile-priorite-departement\/"},"modified":"2018-09-16T18:11:49","modified_gmt":"2018-09-16T16:11:49","slug":"laide-a-domicile-priorite-departement","status":"publish","type":"post","link":"https:\/\/vosgesinfo.fr\/gerardmerinfo\/2018\/09\/laide-a-domicile-priorite-departement\/","title":{"rendered":"L&rsquo;aide \u00e0 domicile : une priorit\u00e9 pour le D\u00e9partement"},"content":{"rendered":"<h3><a href=\"\/2018\/09\/reunion-CD88-Mattioni-aide-\u00e0-domicile-3.jpg\"><img decoding=\"async\" class=\"aligncenter size-full wp-image-134307\" src=\"\/2018\/09\/reunion-CD88-Mattioni-aide-\u00e0-domicile-3.jpg\" alt=\"reunion CD88 Mattioni aide \u00e0 domicile (3)\" width=\"800\" height=\"600\" \/><\/a><\/h3>\n<h3><span style=\"font-size: 12pt;\">Le Conseil D\u00e9partemental des Vosges a r\u00e9cemment d\u00e9cid\u00e9 d&rsquo;allouer une subvention de 287 600 \u20ac aux associations ADAVIE et ADMR afin de prendre en charge les indemnit\u00e9s d\u2019intervention (temps et kilom\u00e8tres) de leurs salari\u00e9s. Un sujet abord\u00e9 par la vice-pr\u00e9sidente du CD88 Caroline Mattioni lors d&rsquo;une r\u00e9union d&rsquo;information \u00e0 Xonrupt-Longemer.<\/span><\/h3>\n<p>Une d\u00e9marche qui a pour objectif de favoriser une meilleure reconnaissance professionnelles et un maintien de la prise en charge de nos a\u00een\u00e9s \u00e0 domicile. Et c&rsquo;est en juillet dernier lors de la Commission Permanente que les conseillers d\u00e9partementaux ont approuv\u00e9 cette proposition qui faisait suite aux pr\u00e9conisations de l\u2019audit d\u00e9partemental effectu\u00e9e sur les deux associations en question sur le territoire des Vosges. Audit compl\u00e9t\u00e9e par un questionnaire de satisfaction aupr\u00e8s des b\u00e9n\u00e9ficiaires de l&rsquo;APA (allocation personnalis\u00e9e d&rsquo;autonomie) et qui a rencontr\u00e9 un franc succ\u00e8s puisque le taux de retour fut de 50%. Deux initiatives qui ont compos\u00e9 une base de r\u00e9flexion et de travail pour\u00a0 le CD88 qui a choisi d&rsquo;avancer avec ADMR et ADAVIE, associations habilit\u00e9es \u00e0 l&rsquo;aide sociale et qui poss\u00e8dent \u00e0 elles deux 95% du march\u00e9 dans le d\u00e9partement.<\/p>\n<div id=\"attachment_134305\" style=\"width: 350px\" class=\"wp-caption alignright\"><a href=\"\/2018\/09\/reunion-CD88-Mattioni-aide-\u00e0-domicile-1.jpg\"><img decoding=\"async\" aria-describedby=\"caption-attachment-134305\" class=\"size-medium wp-image-134305\" src=\"\/2018\/09\/reunion-CD88-Mattioni-aide-\u00e0-domicile-1-340x255.jpg\" alt=\"Caroline Mattioni\" width=\"340\" height=\"255\" \/><\/a><p id=\"caption-attachment-134305\" class=\"wp-caption-text\"><span style=\"color: #000080;\">Caroline Mattioni<\/span><\/p><\/div>\n<p>Depuis plusieurs semaines, Caroline Mattioni, vice-pr\u00e9sidente du Conseil D\u00e9partemental d\u00e9l\u00e9gu\u00e9e \u00e0 l\u2019Autonomie ( secteur concernant principalement les personnes \u00e2g\u00e9es et\/ou handicap\u00e9es) sillonne donc le d\u00e9partement dans le cadre de r\u00e9unions d\u2019information portant sur les Services d\u2019Aide et d\u2019Accompagnement \u00e0 Domicile, la reconnaissance du m\u00e9tier et de son statut. A cette occasion, elle pr\u00e9sente notamment aux salari\u00e9s des 2 associations et aux \u00e9lus locaux les r\u00e9centes orientations prises par le D\u00e9partement sur le sujet tout. Mais, avant toute chose, l&rsquo;\u00e9lue d\u00e9partementale avait choisi de planter le d\u00e9cor sur un sujet qu&rsquo;elle conna\u00eet bien puisqu&rsquo;une r\u00e9union par canton est programm\u00e9e et qu&rsquo;il s&rsquo;agissait de la 14\u00e8me sur 17&#8230;<\/p>\n<p>\u00ab\u00a0En 2016, nous avions \u00e9t\u00e9 alert\u00e9s par les salari\u00e9s des deux associations sur la probl\u00e9matique du service d&rsquo;aide \u00e0 domicile \u00e0 laquelle s&rsquo;ajoute une inqui\u00e9tude li\u00e9e \u00e0 une population vieillissante et \u00e0 l\u2019esp\u00e9rance de vie qui augmente. Nous avons d\u00e9cid\u00e9 de faire un \u00e9tat des lieux \u00e0 travers un audit et un questionnaire dont le but n&rsquo;\u00e9tait bien \u00e9videment pas de juger le travail des salari\u00e9s. Plusieurs r\u00e9unions ont ensuite eu lieu afin de d\u00e9gager des pr\u00e9conisations et des orientations. Certaines de ces pr\u00e9conisations sont d\u00e9j\u00e0 en cours, c&rsquo;est le cas actuellement de la reconnaissance du m\u00e9tier (communication et financi\u00e8re) car c&rsquo;est un th\u00e8me qui impacte directement les associations. Nous nous pencherons prochainement sur la question de l&rsquo;astreinte ou encore de la souplesse du plan d&rsquo;aide du CD88\u00a0\u00bb explique Caroline Mattioni.<\/p>\n<p>Et de poursuivre : \u00ab\u00a0Il faut savoir qu&rsquo;en Juin 2015, un amendement a \u00e9t\u00e9 vot\u00e9 annon\u00e7ant que les associations devaient payer le temps de travail et le d\u00e9placement, sans pour autant les y contraindre ou les y aider d&rsquo;une quelconque mani\u00e8re&#8230; Heureusement, le CD88 avait anticip\u00e9 cette question et aujourd&rsquo;hui c&rsquo;est le seul d\u00e9partement \u00e0 le faire !\u00a0\u00bb Et l&rsquo;on ne peut que s&rsquo;en f\u00e9liciter, tout comme le fait que le CD88 va poursuivre ses objectifs que sont le bien-\u00eatre des salari\u00e9s de l&rsquo;aide \u00e0 domicile et des b\u00e9n\u00e9ficiaires de l&rsquo;APA en travaillant en commun avec l&rsquo;ADAVIE et l&rsquo;ADMR. objectifs qui rentrent dans le plan Vosges ambitions 2021 qui apporte une attention toute particuli\u00e8re \u00e0 la qualit\u00e9 des vie des Vosgiens. Affaire \u00e0 suivre&#8230;<\/p>\n","protected":false},"excerpt":{"rendered":"<p>Le Conseil D\u00e9partemental des Vosges a r\u00e9cemment d\u00e9cid\u00e9 d&rsquo;allouer une subvention de 287 600 \u20ac aux associations ADAVIE et ADMR [&hellip;]<\/p>\n","protected":false},"author":42,"featured_media":36647,"comment_status":"open","ping_status":"open","sticky":false,"template":"","format":"standard","meta":{"footnotes":""},"categories":[20,12,13,18],"tags":[3806,588,3807],"class_list":["post-36646","post","type-post","status-publish","format-standard","has-post-thumbnail","hentry","category-a-la-une","category-sante","category-societe","category-vosges","tag-caroline-mattioni","tag-conseil-departemental","tag-plan-vosges-ambitions-2021"],"acf":[],"yoast_head":"<!-- This site is optimized with the Yoast SEO plugin v22.5 - https:\/\/yoast.com\/wordpress\/plugins\/seo\/ -->\n<title>L&#039;aide \u00e0 domicile : une priorit\u00e9 pour le D\u00e9partement - Gerardmer Info<\/title>\n<meta name=\"robots\" content=\"index, follow, max-snippet:-1, max-image-preview:large, max-video-preview:-1\" \/>\n<link rel=\"canonical\" href=\"https:\/\/vosgesinfo.fr\/gerardmerinfo\/2018\/09\/laide-a-domicile-priorite-departement\/\" \/>\n<meta name=\"twitter:card\" content=\"summary_large_image\" \/>\n<meta name=\"twitter:title\" content=\"L&#039;aide \u00e0 domicile : une priorit\u00e9 pour le D\u00e9partement - Gerardmer Info\" \/>\n<meta name=\"twitter:description\" content=\"Le Conseil D\u00e9partemental des Vosges a r\u00e9cemment d\u00e9cid\u00e9 d&rsquo;allouer une subvention de 287 600 \u20ac aux associations ADAVIE et ADMR [&hellip;]\" \/>\n<meta name=\"twitter:image\" content=\"https:\/\/vosgesinfo.fr\/app\/uploads\/sites\/6\/2024\/07\/201809reunion-cd88-mattioni-aide-a-domicile-2.jpg\" \/>\n<meta name=\"twitter:creator\" content=\"@VosgesInfo88\" \/>\n<meta name=\"twitter:site\" content=\"@VosgesInfo88\" \/>\n<meta name=\"twitter:label1\" content=\"\u00c9crit par\" \/>\n\t<meta name=\"twitter:data1\" content=\"QG\" \/>\n\t<meta name=\"twitter:label2\" content=\"Dur\u00e9e de lecture estim\u00e9e\" \/>\n\t<meta name=\"twitter:data2\" content=\"3 minutes\" \/>\n<script type=\"application\/ld+json\" class=\"yoast-schema-graph\">{\"@context\":\"https:\/\/schema.org\",\"@graph\":[{\"@type\":\"Article\",\"@id\":\"https:\/\/vosgesinfo.fr\/gerardmerinfo\/2018\/09\/laide-a-domicile-priorite-departement\/#article\",\"isPartOf\":{\"@id\":\"https:\/\/vosgesinfo.fr\/gerardmerinfo\/2018\/09\/laide-a-domicile-priorite-departement\/\"},\"author\":{\"name\":\"QG\",\"@id\":\"https:\/\/vosgesinfo.fr\/gerardmerinfo\/#\/schema\/person\/db5605779a843dad16b5368f3e7613a5\"},\"headline\":\"L&rsquo;aide \u00e0 domicile : une priorit\u00e9 pour le D\u00e9partement\",\"datePublished\":\"2018-09-16T16:11:49+00:00\",\"dateModified\":\"2018-09-16T16:11:49+00:00\",\"mainEntityOfPage\":{\"@id\":\"https:\/\/vosgesinfo.fr\/gerardmerinfo\/2018\/09\/laide-a-domicile-priorite-departement\/\"},\"wordCount\":643,\"commentCount\":0,\"publisher\":{\"@id\":\"https:\/\/vosgesinfo.fr\/gerardmerinfo\/#organization\"},\"image\":{\"@id\":\"https:\/\/vosgesinfo.fr\/gerardmerinfo\/2018\/09\/laide-a-domicile-priorite-departement\/#primaryimage\"},\"thumbnailUrl\":\"https:\/\/vosgesinfo.fr\/app\/uploads\/sites\/6\/2024\/07\/201809reunion-cd88-mattioni-aide-a-domicile-2.jpg\",\"keywords\":[\"Caroline Mattioni\",\"conseil d\u00e9partemental\",\"plan Vosges ambitions 2021\"],\"articleSection\":[\"A la une\",\"Sant\u00e9\",\"Soci\u00e9t\u00e9\",\"Vosges\"],\"inLanguage\":\"fr-FR\",\"potentialAction\":[{\"@type\":\"CommentAction\",\"name\":\"Comment\",\"target\":[\"https:\/\/vosgesinfo.fr\/gerardmerinfo\/2018\/09\/laide-a-domicile-priorite-departement\/#respond\"]}]},{\"@type\":\"WebPage\",\"@id\":\"https:\/\/vosgesinfo.fr\/gerardmerinfo\/2018\/09\/laide-a-domicile-priorite-departement\/\",\"url\":\"https:\/\/vosgesinfo.fr\/gerardmerinfo\/2018\/09\/laide-a-domicile-priorite-departement\/\",\"name\":\"L'aide \u00e0 domicile : une priorit\u00e9 pour le D\u00e9partement - Gerardmer Info\",\"isPartOf\":{\"@id\":\"https:\/\/vosgesinfo.fr\/gerardmerinfo\/#website\"},\"primaryImageOfPage\":{\"@id\":\"https:\/\/vosgesinfo.fr\/gerardmerinfo\/2018\/09\/laide-a-domicile-priorite-departement\/#primaryimage\"},\"image\":{\"@id\":\"https:\/\/vosgesinfo.fr\/gerardmerinfo\/2018\/09\/laide-a-domicile-priorite-departement\/#primaryimage\"},\"thumbnailUrl\":\"https:\/\/vosgesinfo.fr\/app\/uploads\/sites\/6\/2024\/07\/201809reunion-cd88-mattioni-aide-a-domicile-2.jpg\",\"datePublished\":\"2018-09-16T16:11:49+00:00\",\"dateModified\":\"2018-09-16T16:11:49+00:00\",\"breadcrumb\":{\"@id\":\"https:\/\/vosgesinfo.fr\/gerardmerinfo\/2018\/09\/laide-a-domicile-priorite-departement\/#breadcrumb\"},\"inLanguage\":\"fr-FR\",\"potentialAction\":[{\"@type\":\"ReadAction\",\"target\":[\"https:\/\/vosgesinfo.fr\/gerardmerinfo\/2018\/09\/laide-a-domicile-priorite-departement\/\"]}]},{\"@type\":\"ImageObject\",\"inLanguage\":\"fr-FR\",\"@id\":\"https:\/\/vosgesinfo.fr\/gerardmerinfo\/2018\/09\/laide-a-domicile-priorite-departement\/#primaryimage\",\"url\":\"https:\/\/vosgesinfo.fr\/app\/uploads\/sites\/6\/2024\/07\/201809reunion-cd88-mattioni-aide-a-domicile-2.jpg\",\"contentUrl\":\"https:\/\/vosgesinfo.fr\/app\/uploads\/sites\/6\/2024\/07\/201809reunion-cd88-mattioni-aide-a-domicile-2.jpg\",\"width\":800,\"height\":600},{\"@type\":\"BreadcrumbList\",\"@id\":\"https:\/\/vosgesinfo.fr\/gerardmerinfo\/2018\/09\/laide-a-domicile-priorite-departement\/#breadcrumb\",\"itemListElement\":[{\"@type\":\"ListItem\",\"position\":1,\"name\":\"Home\",\"item\":\"https:\/\/vosgesinfo.fr\/gerardmerinfo\/\"},{\"@type\":\"ListItem\",\"position\":2,\"name\":\"L&rsquo;aide \u00e0 domicile : une priorit\u00e9 pour le D\u00e9partement\"}]},{\"@type\":\"WebSite\",\"@id\":\"https:\/\/vosgesinfo.fr\/gerardmerinfo\/#website\",\"url\":\"https:\/\/vosgesinfo.fr\/gerardmerinfo\/\",\"name\":\"Gerardmer Info\",\"description\":\"Toute l&#039;actualit\u00e9 de G\u00e9rardmer\",\"publisher\":{\"@id\":\"https:\/\/vosgesinfo.fr\/gerardmerinfo\/#organization\"},\"alternateName\":\"Toute l'actualit\u00e9 de G\u00e9rardmer\",\"potentialAction\":[{\"@type\":\"SearchAction\",\"target\":{\"@type\":\"EntryPoint\",\"urlTemplate\":\"https:\/\/vosgesinfo.fr\/gerardmerinfo\/?s={search_term_string}\"},\"query-input\":\"required name=search_term_string\"}],\"inLanguage\":\"fr-FR\"},{\"@type\":\"Organization\",\"@id\":\"https:\/\/vosgesinfo.fr\/gerardmerinfo\/#organization\",\"name\":\"Gerardmer Info\",\"url\":\"https:\/\/vosgesinfo.fr\/gerardmerinfo\/\",\"logo\":{\"@type\":\"ImageObject\",\"inLanguage\":\"fr-FR\",\"@id\":\"https:\/\/vosgesinfo.fr\/gerardmerinfo\/#\/schema\/logo\/image\/\",\"url\":\"https:\/\/vosgesinfo.fr\/app\/uploads\/sites\/6\/2023\/08\/favicon-gerardmerinfo.png\",\"contentUrl\":\"https:\/\/vosgesinfo.fr\/app\/uploads\/sites\/6\/2023\/08\/favicon-gerardmerinfo.png\",\"width\":512,\"height\":512,\"caption\":\"Gerardmer Info\"},\"image\":{\"@id\":\"https:\/\/vosgesinfo.fr\/gerardmerinfo\/#\/schema\/logo\/image\/\"},\"sameAs\":[\"https:\/\/www.facebook.com\/profile.php?id=100049475262660\",\"https:\/\/x.com\/VosgesInfo88\",\"https:\/\/www.youtube.com\/@vosgesinfo\"]},{\"@type\":\"Person\",\"@id\":\"https:\/\/vosgesinfo.fr\/gerardmerinfo\/#\/schema\/person\/db5605779a843dad16b5368f3e7613a5\",\"name\":\"QG\",\"image\":{\"@type\":\"ImageObject\",\"inLanguage\":\"fr-FR\",\"@id\":\"https:\/\/vosgesinfo.fr\/gerardmerinfo\/#\/schema\/person\/image\/\",\"url\":\"https:\/\/secure.gravatar.com\/avatar\/ea80c42c204b534408512832fde52504ecabb9706bcb6151cf6175e5b64e6793?s=96&d=mm&r=g\",\"contentUrl\":\"https:\/\/secure.gravatar.com\/avatar\/ea80c42c204b534408512832fde52504ecabb9706bcb6151cf6175e5b64e6793?s=96&d=mm&r=g\",\"caption\":\"QG\"},\"url\":\"https:\/\/vosgesinfo.fr\/gerardmerinfo\/author\/quentin88\/\"}]}<\/script>\n<!-- \/ Yoast SEO plugin. -->","yoast_head_json":{"title":"L'aide \u00e0 domicile : une priorit\u00e9 pour le D\u00e9partement - Gerardmer Info","robots":{"index":"index","follow":"follow","max-snippet":"max-snippet:-1","max-image-preview":"max-image-preview:large","max-video-preview":"max-video-preview:-1"},"canonical":"https:\/\/vosgesinfo.fr\/gerardmerinfo\/2018\/09\/laide-a-domicile-priorite-departement\/","twitter_card":"summary_large_image","twitter_title":"L'aide \u00e0 domicile : une priorit\u00e9 pour le D\u00e9partement - Gerardmer Info","twitter_description":"Le Conseil D\u00e9partemental des Vosges a r\u00e9cemment d\u00e9cid\u00e9 d&rsquo;allouer une subvention de 287 600 \u20ac aux associations ADAVIE et ADMR [&hellip;]","twitter_image":"https:\/\/vosgesinfo.fr\/app\/uploads\/sites\/6\/2024\/07\/201809reunion-cd88-mattioni-aide-a-domicile-2.jpg","twitter_creator":"@VosgesInfo88","twitter_site":"@VosgesInfo88","twitter_misc":{"\u00c9crit par":"QG","Dur\u00e9e de lecture estim\u00e9e":"3 minutes"},"schema":{"@context":"https:\/\/schema.org","@graph":[{"@type":"Article","@id":"https:\/\/vosgesinfo.fr\/gerardmerinfo\/2018\/09\/laide-a-domicile-priorite-departement\/#article","isPartOf":{"@id":"https:\/\/vosgesinfo.fr\/gerardmerinfo\/2018\/09\/laide-a-domicile-priorite-departement\/"},"author":{"name":"QG","@id":"https:\/\/vosgesinfo.fr\/gerardmerinfo\/#\/schema\/person\/db5605779a843dad16b5368f3e7613a5"},"headline":"L&rsquo;aide \u00e0 domicile : une priorit\u00e9 pour le D\u00e9partement","datePublished":"2018-09-16T16:11:49+00:00","dateModified":"2018-09-16T16:11:49+00:00","mainEntityOfPage":{"@id":"https:\/\/vosgesinfo.fr\/gerardmerinfo\/2018\/09\/laide-a-domicile-priorite-departement\/"},"wordCount":643,"commentCount":0,"publisher":{"@id":"https:\/\/vosgesinfo.fr\/gerardmerinfo\/#organization"},"image":{"@id":"https:\/\/vosgesinfo.fr\/gerardmerinfo\/2018\/09\/laide-a-domicile-priorite-departement\/#primaryimage"},"thumbnailUrl":"https:\/\/vosgesinfo.fr\/app\/uploads\/sites\/6\/2024\/07\/201809reunion-cd88-mattioni-aide-a-domicile-2.jpg","keywords":["Caroline Mattioni","conseil d\u00e9partemental","plan Vosges ambitions 2021"],"articleSection":["A la une","Sant\u00e9","Soci\u00e9t\u00e9","Vosges"],"inLanguage":"fr-FR","potentialAction":[{"@type":"CommentAction","name":"Comment","target":["https:\/\/vosgesinfo.fr\/gerardmerinfo\/2018\/09\/laide-a-domicile-priorite-departement\/#respond"]}]},{"@type":"WebPage","@id":"https:\/\/vosgesinfo.fr\/gerardmerinfo\/2018\/09\/laide-a-domicile-priorite-departement\/","url":"https:\/\/vosgesinfo.fr\/gerardmerinfo\/2018\/09\/laide-a-domicile-priorite-departement\/","name":"L'aide \u00e0 domicile : une priorit\u00e9 pour le D\u00e9partement - Gerardmer Info","isPartOf":{"@id":"https:\/\/vosgesinfo.fr\/gerardmerinfo\/#website"},"primaryImageOfPage":{"@id":"https:\/\/vosgesinfo.fr\/gerardmerinfo\/2018\/09\/laide-a-domicile-priorite-departement\/#primaryimage"},"image":{"@id":"https:\/\/vosgesinfo.fr\/gerardmerinfo\/2018\/09\/laide-a-domicile-priorite-departement\/#primaryimage"},"thumbnailUrl":"https:\/\/vosgesinfo.fr\/app\/uploads\/sites\/6\/2024\/07\/201809reunion-cd88-mattioni-aide-a-domicile-2.jpg","datePublished":"2018-09-16T16:11:49+00:00","dateModified":"2018-09-16T16:11:49+00:00","breadcrumb":{"@id":"https:\/\/vosgesinfo.fr\/gerardmerinfo\/2018\/09\/laide-a-domicile-priorite-departement\/#breadcrumb"},"inLanguage":"fr-FR","potentialAction":[{"@type":"ReadAction","target":["https:\/\/vosgesinfo.fr\/gerardmerinfo\/2018\/09\/laide-a-domicile-priorite-departement\/"]}]},{"@type":"ImageObject","inLanguage":"fr-FR","@id":"https:\/\/vosgesinfo.fr\/gerardmerinfo\/2018\/09\/laide-a-domicile-priorite-departement\/#primaryimage","url":"https:\/\/vosgesinfo.fr\/app\/uploads\/sites\/6\/2024\/07\/201809reunion-cd88-mattioni-aide-a-domicile-2.jpg","contentUrl":"https:\/\/vosgesinfo.fr\/app\/uploads\/sites\/6\/2024\/07\/201809reunion-cd88-mattioni-aide-a-domicile-2.jpg","width":800,"height":600},{"@type":"BreadcrumbList","@id":"https:\/\/vosgesinfo.fr\/gerardmerinfo\/2018\/09\/laide-a-domicile-priorite-departement\/#breadcrumb","itemListElement":[{"@type":"ListItem","position":1,"name":"Home","item":"https:\/\/vosgesinfo.fr\/gerardmerinfo\/"},{"@type":"ListItem","position":2,"name":"L&rsquo;aide \u00e0 domicile : une priorit\u00e9 pour le D\u00e9partement"}]},{"@type":"WebSite","@id":"https:\/\/vosgesinfo.fr\/gerardmerinfo\/#website","url":"https:\/\/vosgesinfo.fr\/gerardmerinfo\/","name":"Gerardmer Info","description":"Toute l&#039;actualit\u00e9 de G\u00e9rardmer","publisher":{"@id":"https:\/\/vosgesinfo.fr\/gerardmerinfo\/#organization"},"alternateName":"Toute l'actualit\u00e9 de G\u00e9rardmer","potentialAction":[{"@type":"SearchAction","target":{"@type":"EntryPoint","urlTemplate":"https:\/\/vosgesinfo.fr\/gerardmerinfo\/?s={search_term_string}"},"query-input":"required name=search_term_string"}],"inLanguage":"fr-FR"},{"@type":"Organization","@id":"https:\/\/vosgesinfo.fr\/gerardmerinfo\/#organization","name":"Gerardmer Info","url":"https:\/\/vosgesinfo.fr\/gerardmerinfo\/","logo":{"@type":"ImageObject","inLanguage":"fr-FR","@id":"https:\/\/vosgesinfo.fr\/gerardmerinfo\/#\/schema\/logo\/image\/","url":"https:\/\/vosgesinfo.fr\/app\/uploads\/sites\/6\/2023\/08\/favicon-gerardmerinfo.png","contentUrl":"https:\/\/vosgesinfo.fr\/app\/uploads\/sites\/6\/2023\/08\/favicon-gerardmerinfo.png","width":512,"height":512,"caption":"Gerardmer Info"},"image":{"@id":"https:\/\/vosgesinfo.fr\/gerardmerinfo\/#\/schema\/logo\/image\/"},"sameAs":["https:\/\/www.facebook.com\/profile.php?id=100049475262660","https:\/\/x.com\/VosgesInfo88","https:\/\/www.youtube.com\/@vosgesinfo"]},{"@type":"Person","@id":"https:\/\/vosgesinfo.fr\/gerardmerinfo\/#\/schema\/person\/db5605779a843dad16b5368f3e7613a5","name":"QG","image":{"@type":"ImageObject","inLanguage":"fr-FR","@id":"https:\/\/vosgesinfo.fr\/gerardmerinfo\/#\/schema\/person\/image\/","url":"https:\/\/secure.gravatar.com\/avatar\/ea80c42c204b534408512832fde52504ecabb9706bcb6151cf6175e5b64e6793?s=96&d=mm&r=g","contentUrl":"https:\/\/secure.gravatar.com\/avatar\/ea80c42c204b534408512832fde52504ecabb9706bcb6151cf6175e5b64e6793?s=96&d=mm&r=g","caption":"QG"},"url":"https:\/\/vosgesinfo.fr\/gerardmerinfo\/author\/quentin88\/"}]}},"_links":{"self":[{"href":"https:\/\/vosgesinfo.fr\/gerardmerinfo\/wp-json\/wp\/v2\/posts\/36646","targetHints":{"allow":["GET"]}}],"collection":[{"href":"https:\/\/vosgesinfo.fr\/gerardmerinfo\/wp-json\/wp\/v2\/posts"}],"about":[{"href":"https:\/\/vosgesinfo.fr\/gerardmerinfo\/wp-json\/wp\/v2\/types\/post"}],"author":[{"embeddable":true,"href":"https:\/\/vosgesinfo.fr\/gerardmerinfo\/wp-json\/wp\/v2\/users\/42"}],"replies":[{"embeddable":true,"href":"https:\/\/vosgesinfo.fr\/gerardmerinfo\/wp-json\/wp\/v2\/comments?post=36646"}],"version-history":[{"count":0,"href":"https:\/\/vosgesinfo.fr\/gerardmerinfo\/wp-json\/wp\/v2\/posts\/36646\/revisions"}],"wp:featuredmedia":[{"embeddable":true,"href":"https:\/\/vosgesinfo.fr\/gerardmerinfo\/wp-json\/wp\/v2\/media\/36647"}],"wp:attachment":[{"href":"https:\/\/vosgesinfo.fr\/gerardmerinfo\/wp-json\/wp\/v2\/media?parent=36646"}],"wp:term":[{"taxonomy":"category","embeddable":true,"href":"https:\/\/vosgesinfo.fr\/gerardmerinfo\/wp-json\/wp\/v2\/categories?post=36646"},{"taxonomy":"post_tag","embeddable":true,"href":"https:\/\/vosgesinfo.fr\/gerardmerinfo\/wp-json\/wp\/v2\/tags?post=36646"}],"curies":[{"name":"wp","href":"https:\/\/api.w.org\/{rel}","templated":true}]}}