{"id":36650,"date":"2018-09-22T15:29:46","date_gmt":"2018-09-22T13:29:46","guid":{"rendered":"https:\/\/vosgesinfo.fr\/gerardmerinfo\/2018\/09\/cine-debat-on-a-20-ans-changer-monde\/"},"modified":"2018-09-22T15:29:46","modified_gmt":"2018-09-22T13:29:46","slug":"cine-debat-on-a-20-ans-changer-monde","status":"publish","type":"post","link":"https:\/\/vosgesinfo.fr\/gerardmerinfo\/2018\/09\/cine-debat-on-a-20-ans-changer-monde\/","title":{"rendered":"Cin\u00e9 d\u00e9bat : On a 20 ans pour changer le monde"},"content":{"rendered":"<h2 class=\"western\"><span style=\"font-family: Times New Roman, serif; font-size: 14pt;\"><a href=\"\/2018\/09\/ON-A-20-ANS-POUR-CHANGER-LE-MONDE-AFFICHE.jpg\"><img decoding=\"async\" class=\"alignright size-medium wp-image-134310\" src=\"\/2018\/09\/ON-A-20-ANS-POUR-CHANGER-LE-MONDE-AFFICHE-191x255.jpg\" alt=\"ON A 20 ANS POUR CHANGER LE MONDE AFFICHE\" width=\"191\" height=\"255\" \/><\/a>Prochain cin\u00e9-d\u00e9bat le jeudi 27 septembre \u00e0 20h30 \u00e0 la MCL de G\u00e9rardmer avec Jean-Fran\u00e7ois Fleck (Pr\u00e9sident de Vosges Nature Environnement) et Jean-Claude Mourain (ing\u00e9nieur agro\u00e9cologique).<\/span><\/h2>\n<p><span style=\"font-family: Times New Roman, serif;\"><span style=\"font-size: medium;\"><span style=\"color: #000000;\">On a 20 ans pour changer le monde\u2026et tout commence par la terre qui nous nourrit.\u00a0Le constat est l\u00e0 : 60 % des sols sont morts,\u00a0et le mode de production actuel ne nourrit pas la plan\u00e8te.\u00a0Mais des hommes et des femmes rel\u00e8vent le d\u00e9fi et d\u00e9montrent que l&rsquo;on peut se passer des pesticides et des\u00a0intrants chimiques pour toute notre alimentation.<\/span> <\/span><\/span><\/p>\n<div id=\"attachment_134309\" style=\"width: 410px\" class=\"wp-caption alignright\"><a href=\"\/2018\/09\/JF-Fleck.jpg\"><img decoding=\"async\" aria-describedby=\"caption-attachment-134309\" class=\"wp-image-134309 size-medium\" src=\"\/2018\/09\/JF-Fleck-400x225.jpg\" alt=\"JF Fleck\" width=\"400\" height=\"225\" \/><\/a><p id=\"caption-attachment-134309\" class=\"wp-caption-text\">J-F Fleck<\/p><\/div>\n<h1 class=\"western\"><span style=\"font-family: Times New Roman, serif;\"><span style=\"font-size: medium;\">Jean-Fran\u00e7ois Fleck (Pr\u00e9sident de Vosges Nature Environnement) et Jean-Claude Mourain (ing\u00e9nieur agro\u00e9cologique) commenteront le film et r\u00e9pondront aux questions des spectateurs<\/span><\/span><\/h1>\n<p lang=\"fr-FR\" align=\"LEFT\"><span style=\"color: #000000;\"><span style=\"font-family: Times New Roman, serif;\"><span style=\"font-size: medium;\"><i>Tarif Plein &#8211; 6.5\u20ac \/ Adh. MCL 5.70\u20ac \/ Moins de 16 ans : 4\u20ac<br \/>\nAchat des places en pr\u00e9-vente \u00e0 la MCL disponible d\u00e8s maintenant !<\/i><\/span><\/span><\/span><\/p>\n<p>&nbsp;<\/p>\n","protected":false},"excerpt":{"rendered":"<p>Prochain cin\u00e9-d\u00e9bat le jeudi 27 septembre \u00e0 20h30 \u00e0 la MCL de G\u00e9rardmer avec Jean-Fran\u00e7ois Fleck (Pr\u00e9sident de Vosges Nature [&hellip;]<\/p>\n","protected":false},"author":1,"featured_media":36651,"comment_status":"open","ping_status":"open","sticky":false,"template":"","format":"standard","meta":{"footnotes":""},"categories":[20,4],"tags":[103],"class_list":["post-36650","post","type-post","status-publish","format-standard","has-post-thumbnail","hentry","category-a-la-une","category-culture","tag-mcl-gerardmer"],"acf":[],"yoast_head":"<!-- This site is optimized with the Yoast SEO plugin v22.5 - https:\/\/yoast.com\/wordpress\/plugins\/seo\/ -->\n<title>Cin\u00e9 d\u00e9bat : On a 20 ans pour changer le monde - Gerardmer Info<\/title>\n<meta name=\"robots\" content=\"index, follow, max-snippet:-1, max-image-preview:large, max-video-preview:-1\" \/>\n<link rel=\"canonical\" href=\"https:\/\/vosgesinfo.fr\/gerardmerinfo\/2018\/09\/cine-debat-on-a-20-ans-changer-monde\/\" \/>\n<meta name=\"twitter:card\" content=\"summary_large_image\" \/>\n<meta name=\"twitter:title\" content=\"Cin\u00e9 d\u00e9bat : On a 20 ans pour changer le monde - Gerardmer Info\" \/>\n<meta name=\"twitter:description\" content=\"Prochain cin\u00e9-d\u00e9bat le jeudi 27 septembre \u00e0 20h30 \u00e0 la MCL de G\u00e9rardmer avec Jean-Fran\u00e7ois Fleck (Pr\u00e9sident de Vosges Nature [&hellip;]\" \/>\n<meta name=\"twitter:image\" content=\"https:\/\/vosgesinfo.fr\/app\/uploads\/sites\/6\/2024\/07\/201809on-a-20-ans-pour-changer-le-monde-affiche.jpg\" \/>\n<meta name=\"twitter:creator\" content=\"@VosgesInfo88\" \/>\n<meta name=\"twitter:site\" content=\"@VosgesInfo88\" \/>\n<meta name=\"twitter:label1\" content=\"\u00c9crit par\" \/>\n\t<meta name=\"twitter:data1\" content=\"qs_admin\" \/>\n\t<meta name=\"twitter:label2\" content=\"Dur\u00e9e de lecture estim\u00e9e\" \/>\n\t<meta name=\"twitter:data2\" content=\"1 minute\" \/>\n<script type=\"application\/ld+json\" class=\"yoast-schema-graph\">{\"@context\":\"https:\/\/schema.org\",\"@graph\":[{\"@type\":\"Article\",\"@id\":\"https:\/\/vosgesinfo.fr\/gerardmerinfo\/2018\/09\/cine-debat-on-a-20-ans-changer-monde\/#article\",\"isPartOf\":{\"@id\":\"https:\/\/vosgesinfo.fr\/gerardmerinfo\/2018\/09\/cine-debat-on-a-20-ans-changer-monde\/\"},\"author\":{\"name\":\"qs_admin\",\"@id\":\"https:\/\/vosgesinfo.fr\/gerardmerinfo\/#\/schema\/person\/bc5d02d71e6932e81b6dadb7386667b1\"},\"headline\":\"Cin\u00e9 d\u00e9bat : On a 20 ans pour changer le monde\",\"datePublished\":\"2018-09-22T13:29:46+00:00\",\"dateModified\":\"2018-09-22T13:29:46+00:00\",\"mainEntityOfPage\":{\"@id\":\"https:\/\/vosgesinfo.fr\/gerardmerinfo\/2018\/09\/cine-debat-on-a-20-ans-changer-monde\/\"},\"wordCount\":162,\"commentCount\":0,\"publisher\":{\"@id\":\"https:\/\/vosgesinfo.fr\/gerardmerinfo\/#organization\"},\"image\":{\"@id\":\"https:\/\/vosgesinfo.fr\/gerardmerinfo\/2018\/09\/cine-debat-on-a-20-ans-changer-monde\/#primaryimage\"},\"thumbnailUrl\":\"https:\/\/vosgesinfo.fr\/app\/uploads\/sites\/6\/2024\/07\/201809on-a-20-ans-pour-changer-le-monde-affiche.jpg\",\"keywords\":[\"MCL G\u00e9rardmer\"],\"articleSection\":[\"A la une\",\"Culture\"],\"inLanguage\":\"fr-FR\",\"potentialAction\":[{\"@type\":\"CommentAction\",\"name\":\"Comment\",\"target\":[\"https:\/\/vosgesinfo.fr\/gerardmerinfo\/2018\/09\/cine-debat-on-a-20-ans-changer-monde\/#respond\"]}]},{\"@type\":\"WebPage\",\"@id\":\"https:\/\/vosgesinfo.fr\/gerardmerinfo\/2018\/09\/cine-debat-on-a-20-ans-changer-monde\/\",\"url\":\"https:\/\/vosgesinfo.fr\/gerardmerinfo\/2018\/09\/cine-debat-on-a-20-ans-changer-monde\/\",\"name\":\"Cin\u00e9 d\u00e9bat : On a 20 ans pour changer le monde - Gerardmer Info\",\"isPartOf\":{\"@id\":\"https:\/\/vosgesinfo.fr\/gerardmerinfo\/#website\"},\"primaryImageOfPage\":{\"@id\":\"https:\/\/vosgesinfo.fr\/gerardmerinfo\/2018\/09\/cine-debat-on-a-20-ans-changer-monde\/#primaryimage\"},\"image\":{\"@id\":\"https:\/\/vosgesinfo.fr\/gerardmerinfo\/2018\/09\/cine-debat-on-a-20-ans-changer-monde\/#primaryimage\"},\"thumbnailUrl\":\"https:\/\/vosgesinfo.fr\/app\/uploads\/sites\/6\/2024\/07\/201809on-a-20-ans-pour-changer-le-monde-affiche.jpg\",\"datePublished\":\"2018-09-22T13:29:46+00:00\",\"dateModified\":\"2018-09-22T13:29:46+00:00\",\"breadcrumb\":{\"@id\":\"https:\/\/vosgesinfo.fr\/gerardmerinfo\/2018\/09\/cine-debat-on-a-20-ans-changer-monde\/#breadcrumb\"},\"inLanguage\":\"fr-FR\",\"potentialAction\":[{\"@type\":\"ReadAction\",\"target\":[\"https:\/\/vosgesinfo.fr\/gerardmerinfo\/2018\/09\/cine-debat-on-a-20-ans-changer-monde\/\"]}]},{\"@type\":\"ImageObject\",\"inLanguage\":\"fr-FR\",\"@id\":\"https:\/\/vosgesinfo.fr\/gerardmerinfo\/2018\/09\/cine-debat-on-a-20-ans-changer-monde\/#primaryimage\",\"url\":\"https:\/\/vosgesinfo.fr\/app\/uploads\/sites\/6\/2024\/07\/201809on-a-20-ans-pour-changer-le-monde-affiche.jpg\",\"contentUrl\":\"https:\/\/vosgesinfo.fr\/app\/uploads\/sites\/6\/2024\/07\/201809on-a-20-ans-pour-changer-le-monde-affiche.jpg\",\"width\":600,\"height\":800},{\"@type\":\"BreadcrumbList\",\"@id\":\"https:\/\/vosgesinfo.fr\/gerardmerinfo\/2018\/09\/cine-debat-on-a-20-ans-changer-monde\/#breadcrumb\",\"itemListElement\":[{\"@type\":\"ListItem\",\"position\":1,\"name\":\"Home\",\"item\":\"https:\/\/vosgesinfo.fr\/gerardmerinfo\/\"},{\"@type\":\"ListItem\",\"position\":2,\"name\":\"Cin\u00e9 d\u00e9bat : On a 20 ans pour changer le monde\"}]},{\"@type\":\"WebSite\",\"@id\":\"https:\/\/vosgesinfo.fr\/gerardmerinfo\/#website\",\"url\":\"https:\/\/vosgesinfo.fr\/gerardmerinfo\/\",\"name\":\"Gerardmer Info\",\"description\":\"Toute l&#039;actualit\u00e9 de G\u00e9rardmer\",\"publisher\":{\"@id\":\"https:\/\/vosgesinfo.fr\/gerardmerinfo\/#organization\"},\"alternateName\":\"Toute l'actualit\u00e9 de G\u00e9rardmer\",\"potentialAction\":[{\"@type\":\"SearchAction\",\"target\":{\"@type\":\"EntryPoint\",\"urlTemplate\":\"https:\/\/vosgesinfo.fr\/gerardmerinfo\/?s={search_term_string}\"},\"query-input\":\"required name=search_term_string\"}],\"inLanguage\":\"fr-FR\"},{\"@type\":\"Organization\",\"@id\":\"https:\/\/vosgesinfo.fr\/gerardmerinfo\/#organization\",\"name\":\"Gerardmer Info\",\"url\":\"https:\/\/vosgesinfo.fr\/gerardmerinfo\/\",\"logo\":{\"@type\":\"ImageObject\",\"inLanguage\":\"fr-FR\",\"@id\":\"https:\/\/vosgesinfo.fr\/gerardmerinfo\/#\/schema\/logo\/image\/\",\"url\":\"https:\/\/vosgesinfo.fr\/app\/uploads\/sites\/6\/2023\/08\/favicon-gerardmerinfo.png\",\"contentUrl\":\"https:\/\/vosgesinfo.fr\/app\/uploads\/sites\/6\/2023\/08\/favicon-gerardmerinfo.png\",\"width\":512,\"height\":512,\"caption\":\"Gerardmer Info\"},\"image\":{\"@id\":\"https:\/\/vosgesinfo.fr\/gerardmerinfo\/#\/schema\/logo\/image\/\"},\"sameAs\":[\"https:\/\/www.facebook.com\/profile.php?id=100049475262660\",\"https:\/\/x.com\/VosgesInfo88\",\"https:\/\/www.youtube.com\/@vosgesinfo\"]},{\"@type\":\"Person\",\"@id\":\"https:\/\/vosgesinfo.fr\/gerardmerinfo\/#\/schema\/person\/bc5d02d71e6932e81b6dadb7386667b1\",\"name\":\"qs_admin\",\"image\":{\"@type\":\"ImageObject\",\"inLanguage\":\"fr-FR\",\"@id\":\"https:\/\/vosgesinfo.fr\/gerardmerinfo\/#\/schema\/person\/image\/\",\"url\":\"https:\/\/secure.gravatar.com\/avatar\/94b18ee0ed79e4a42ea2f2931277b6841a8999fc6fde214600c78057cf1fe1de?s=96&d=mm&r=g\",\"contentUrl\":\"https:\/\/secure.gravatar.com\/avatar\/94b18ee0ed79e4a42ea2f2931277b6841a8999fc6fde214600c78057cf1fe1de?s=96&d=mm&r=g\",\"caption\":\"qs_admin\"},\"sameAs\":[\"https:\/\/vosgesinfo.fr\/wp\"],\"url\":\"https:\/\/vosgesinfo.fr\/gerardmerinfo\/author\/qs_admin\/\"}]}<\/script>\n<!-- \/ Yoast SEO plugin. -->","yoast_head_json":{"title":"Cin\u00e9 d\u00e9bat : On a 20 ans pour changer le monde - Gerardmer Info","robots":{"index":"index","follow":"follow","max-snippet":"max-snippet:-1","max-image-preview":"max-image-preview:large","max-video-preview":"max-video-preview:-1"},"canonical":"https:\/\/vosgesinfo.fr\/gerardmerinfo\/2018\/09\/cine-debat-on-a-20-ans-changer-monde\/","twitter_card":"summary_large_image","twitter_title":"Cin\u00e9 d\u00e9bat : On a 20 ans pour changer le monde - Gerardmer Info","twitter_description":"Prochain cin\u00e9-d\u00e9bat le jeudi 27 septembre \u00e0 20h30 \u00e0 la MCL de G\u00e9rardmer avec Jean-Fran\u00e7ois Fleck (Pr\u00e9sident de Vosges Nature [&hellip;]","twitter_image":"https:\/\/vosgesinfo.fr\/app\/uploads\/sites\/6\/2024\/07\/201809on-a-20-ans-pour-changer-le-monde-affiche.jpg","twitter_creator":"@VosgesInfo88","twitter_site":"@VosgesInfo88","twitter_misc":{"\u00c9crit par":"qs_admin","Dur\u00e9e de lecture estim\u00e9e":"1 minute"},"schema":{"@context":"https:\/\/schema.org","@graph":[{"@type":"Article","@id":"https:\/\/vosgesinfo.fr\/gerardmerinfo\/2018\/09\/cine-debat-on-a-20-ans-changer-monde\/#article","isPartOf":{"@id":"https:\/\/vosgesinfo.fr\/gerardmerinfo\/2018\/09\/cine-debat-on-a-20-ans-changer-monde\/"},"author":{"name":"qs_admin","@id":"https:\/\/vosgesinfo.fr\/gerardmerinfo\/#\/schema\/person\/bc5d02d71e6932e81b6dadb7386667b1"},"headline":"Cin\u00e9 d\u00e9bat : On a 20 ans pour changer le monde","datePublished":"2018-09-22T13:29:46+00:00","dateModified":"2018-09-22T13:29:46+00:00","mainEntityOfPage":{"@id":"https:\/\/vosgesinfo.fr\/gerardmerinfo\/2018\/09\/cine-debat-on-a-20-ans-changer-monde\/"},"wordCount":162,"commentCount":0,"publisher":{"@id":"https:\/\/vosgesinfo.fr\/gerardmerinfo\/#organization"},"image":{"@id":"https:\/\/vosgesinfo.fr\/gerardmerinfo\/2018\/09\/cine-debat-on-a-20-ans-changer-monde\/#primaryimage"},"thumbnailUrl":"https:\/\/vosgesinfo.fr\/app\/uploads\/sites\/6\/2024\/07\/201809on-a-20-ans-pour-changer-le-monde-affiche.jpg","keywords":["MCL G\u00e9rardmer"],"articleSection":["A la une","Culture"],"inLanguage":"fr-FR","potentialAction":[{"@type":"CommentAction","name":"Comment","target":["https:\/\/vosgesinfo.fr\/gerardmerinfo\/2018\/09\/cine-debat-on-a-20-ans-changer-monde\/#respond"]}]},{"@type":"WebPage","@id":"https:\/\/vosgesinfo.fr\/gerardmerinfo\/2018\/09\/cine-debat-on-a-20-ans-changer-monde\/","url":"https:\/\/vosgesinfo.fr\/gerardmerinfo\/2018\/09\/cine-debat-on-a-20-ans-changer-monde\/","name":"Cin\u00e9 d\u00e9bat : On a 20 ans pour changer le monde - Gerardmer Info","isPartOf":{"@id":"https:\/\/vosgesinfo.fr\/gerardmerinfo\/#website"},"primaryImageOfPage":{"@id":"https:\/\/vosgesinfo.fr\/gerardmerinfo\/2018\/09\/cine-debat-on-a-20-ans-changer-monde\/#primaryimage"},"image":{"@id":"https:\/\/vosgesinfo.fr\/gerardmerinfo\/2018\/09\/cine-debat-on-a-20-ans-changer-monde\/#primaryimage"},"thumbnailUrl":"https:\/\/vosgesinfo.fr\/app\/uploads\/sites\/6\/2024\/07\/201809on-a-20-ans-pour-changer-le-monde-affiche.jpg","datePublished":"2018-09-22T13:29:46+00:00","dateModified":"2018-09-22T13:29:46+00:00","breadcrumb":{"@id":"https:\/\/vosgesinfo.fr\/gerardmerinfo\/2018\/09\/cine-debat-on-a-20-ans-changer-monde\/#breadcrumb"},"inLanguage":"fr-FR","potentialAction":[{"@type":"ReadAction","target":["https:\/\/vosgesinfo.fr\/gerardmerinfo\/2018\/09\/cine-debat-on-a-20-ans-changer-monde\/"]}]},{"@type":"ImageObject","inLanguage":"fr-FR","@id":"https:\/\/vosgesinfo.fr\/gerardmerinfo\/2018\/09\/cine-debat-on-a-20-ans-changer-monde\/#primaryimage","url":"https:\/\/vosgesinfo.fr\/app\/uploads\/sites\/6\/2024\/07\/201809on-a-20-ans-pour-changer-le-monde-affiche.jpg","contentUrl":"https:\/\/vosgesinfo.fr\/app\/uploads\/sites\/6\/2024\/07\/201809on-a-20-ans-pour-changer-le-monde-affiche.jpg","width":600,"height":800},{"@type":"BreadcrumbList","@id":"https:\/\/vosgesinfo.fr\/gerardmerinfo\/2018\/09\/cine-debat-on-a-20-ans-changer-monde\/#breadcrumb","itemListElement":[{"@type":"ListItem","position":1,"name":"Home","item":"https:\/\/vosgesinfo.fr\/gerardmerinfo\/"},{"@type":"ListItem","position":2,"name":"Cin\u00e9 d\u00e9bat : On a 20 ans pour changer le monde"}]},{"@type":"WebSite","@id":"https:\/\/vosgesinfo.fr\/gerardmerinfo\/#website","url":"https:\/\/vosgesinfo.fr\/gerardmerinfo\/","name":"Gerardmer Info","description":"Toute l&#039;actualit\u00e9 de G\u00e9rardmer","publisher":{"@id":"https:\/\/vosgesinfo.fr\/gerardmerinfo\/#organization"},"alternateName":"Toute l'actualit\u00e9 de G\u00e9rardmer","potentialAction":[{"@type":"SearchAction","target":{"@type":"EntryPoint","urlTemplate":"https:\/\/vosgesinfo.fr\/gerardmerinfo\/?s={search_term_string}"},"query-input":"required name=search_term_string"}],"inLanguage":"fr-FR"},{"@type":"Organization","@id":"https:\/\/vosgesinfo.fr\/gerardmerinfo\/#organization","name":"Gerardmer Info","url":"https:\/\/vosgesinfo.fr\/gerardmerinfo\/","logo":{"@type":"ImageObject","inLanguage":"fr-FR","@id":"https:\/\/vosgesinfo.fr\/gerardmerinfo\/#\/schema\/logo\/image\/","url":"https:\/\/vosgesinfo.fr\/app\/uploads\/sites\/6\/2023\/08\/favicon-gerardmerinfo.png","contentUrl":"https:\/\/vosgesinfo.fr\/app\/uploads\/sites\/6\/2023\/08\/favicon-gerardmerinfo.png","width":512,"height":512,"caption":"Gerardmer Info"},"image":{"@id":"https:\/\/vosgesinfo.fr\/gerardmerinfo\/#\/schema\/logo\/image\/"},"sameAs":["https:\/\/www.facebook.com\/profile.php?id=100049475262660","https:\/\/x.com\/VosgesInfo88","https:\/\/www.youtube.com\/@vosgesinfo"]},{"@type":"Person","@id":"https:\/\/vosgesinfo.fr\/gerardmerinfo\/#\/schema\/person\/bc5d02d71e6932e81b6dadb7386667b1","name":"qs_admin","image":{"@type":"ImageObject","inLanguage":"fr-FR","@id":"https:\/\/vosgesinfo.fr\/gerardmerinfo\/#\/schema\/person\/image\/","url":"https:\/\/secure.gravatar.com\/avatar\/94b18ee0ed79e4a42ea2f2931277b6841a8999fc6fde214600c78057cf1fe1de?s=96&d=mm&r=g","contentUrl":"https:\/\/secure.gravatar.com\/avatar\/94b18ee0ed79e4a42ea2f2931277b6841a8999fc6fde214600c78057cf1fe1de?s=96&d=mm&r=g","caption":"qs_admin"},"sameAs":["https:\/\/vosgesinfo.fr\/wp"],"url":"https:\/\/vosgesinfo.fr\/gerardmerinfo\/author\/qs_admin\/"}]}},"_links":{"self":[{"href":"https:\/\/vosgesinfo.fr\/gerardmerinfo\/wp-json\/wp\/v2\/posts\/36650","targetHints":{"allow":["GET"]}}],"collection":[{"href":"https:\/\/vosgesinfo.fr\/gerardmerinfo\/wp-json\/wp\/v2\/posts"}],"about":[{"href":"https:\/\/vosgesinfo.fr\/gerardmerinfo\/wp-json\/wp\/v2\/types\/post"}],"author":[{"embeddable":true,"href":"https:\/\/vosgesinfo.fr\/gerardmerinfo\/wp-json\/wp\/v2\/users\/1"}],"replies":[{"embeddable":true,"href":"https:\/\/vosgesinfo.fr\/gerardmerinfo\/wp-json\/wp\/v2\/comments?post=36650"}],"version-history":[{"count":0,"href":"https:\/\/vosgesinfo.fr\/gerardmerinfo\/wp-json\/wp\/v2\/posts\/36650\/revisions"}],"wp:featuredmedia":[{"embeddable":true,"href":"https:\/\/vosgesinfo.fr\/gerardmerinfo\/wp-json\/wp\/v2\/media\/36651"}],"wp:attachment":[{"href":"https:\/\/vosgesinfo.fr\/gerardmerinfo\/wp-json\/wp\/v2\/media?parent=36650"}],"wp:term":[{"taxonomy":"category","embeddable":true,"href":"https:\/\/vosgesinfo.fr\/gerardmerinfo\/wp-json\/wp\/v2\/categories?post=36650"},{"taxonomy":"post_tag","embeddable":true,"href":"https:\/\/vosgesinfo.fr\/gerardmerinfo\/wp-json\/wp\/v2\/tags?post=36650"}],"curies":[{"name":"wp","href":"https:\/\/api.w.org\/{rel}","templated":true}]}}