{"id":36703,"date":"2018-09-17T15:56:13","date_gmt":"2018-09-17T13:56:13","guid":{"rendered":"https:\/\/vosgesinfo.fr\/gerardmerinfo\/2018\/09\/stephane-brogniart-met-cap-mercantour-derniere-aventure-de-lannee\/"},"modified":"2018-09-17T15:56:13","modified_gmt":"2018-09-17T13:56:13","slug":"stephane-brogniart-met-cap-mercantour-derniere-aventure-de-lannee","status":"publish","type":"post","link":"https:\/\/vosgesinfo.fr\/gerardmerinfo\/2018\/09\/stephane-brogniart-met-cap-mercantour-derniere-aventure-de-lannee\/","title":{"rendered":"St\u00e9phane Brogniart met le cap sur le Mercantour pour sa derni\u00e8re aventure de l&rsquo;ann\u00e9e"},"content":{"rendered":"<div id=\"attachment_134445\" style=\"width: 810px\" class=\"wp-caption aligncenter\"><a href=\"\/2018\/09\/StephaneBrogniart-Etarcos-PhotoJustineVannson-HD4.jpg\"><img decoding=\"async\" aria-describedby=\"caption-attachment-134445\" class=\"size-full wp-image-134445\" src=\"\/2018\/09\/StephaneBrogniart-Etarcos-PhotoJustineVannson-HD4.jpg\" alt=\"Cr\u00e9dit photo - Justine Vannson\" width=\"800\" height=\"400\" \/><\/a><p id=\"caption-attachment-134445\" class=\"wp-caption-text\"><span style=\"color: #003300;\">Cr\u00e9dit photo &#8211; Justine Vannson<\/span><\/p><\/div>\n<p><strong>Pour son dernier d\u00e9fi de l&rsquo;ann\u00e9e 2018, St\u00e9phane Brogniart s\u2019\u00e9lancera sur la Grande Travers\u00e9e du Mercantour pour tenter de r\u00e9aliser le meilleur temps connu de ce trac\u00e9 en course \u00e0 pied. Il reliera Estenc (06) \u00e0 Menton d&rsquo;une seule traite en traversant le parc National du Mercantour, r\u00e9alisant une distance de 212 km avec 12 000 m\u00e8tres de d\u00e9nivel\u00e9 positif.\u00a0<\/strong><\/p>\n<p><span style=\"font-size: medium;\">Ce vendredi 21 septembre \u00e0 17h30, St\u00e9phane partira une fois de plus \u00e0 l&rsquo;aventure et \u00e9crira ainsi les derni\u00e8res lignes du premier chapitre du projet ETARCOS. Projet dont l&rsquo;objectif final se profile \u00e0 l&rsquo;horizon 2023 avec la travers\u00e9e de l\u2019Oc\u00e9an Pacifique Sud \u00e0 la rame, en solitaire. En attendant, il va suivre \u00a0le balisage du sentier mis en place par le d\u00e9partement des Alpes Maritimes en esp\u00e9rant arriver dimanche, le tout apr\u00e8s 45 \u00e0 50 heures de course \u00e0 travers le Mercantour, territoire d&rsquo;une splendeur remarquable, mais aussi sem\u00e9 d&#8217;emb\u00fbches.<\/span><\/p>\n<p>\u00ab\u00a0<em>Je pars sans rep\u00e9rage m\u00eame si j&rsquo;ai des amis qui l&rsquo;ont fait cette \u00e9t\u00e9 en rando et qui m&rsquo;ont fourni quelques infos. Il y a des segments qui seront tr\u00e8s techniques o\u00f9 je ne serai pas sur des grosses moyennes. Je vais parfois devoir \u00e9voluer \u00e0 3 ou 4 km\/h, notamment \u00e0 partir du 80\u00e8me Km jusqu&rsquo;au chalet suivant. Cette travers\u00e9e va donc \u00eatre vraiment diff\u00e9rente de celles du Jura et des Vosges, que ce soit pour moi ou en mati\u00e8re d&rsquo;organisation et de suivi\u00a0<\/em>\u00bb explique St\u00e9phane.<\/p>\n<p><strong>L&rsquo;\u00e9preuve la plus compliqu\u00e9e en trail<\/strong><\/p>\n<p>\u00ab\u00a0<em>L&rsquo;id\u00e9e de toutes ces travers\u00e9es est aussi de donner la possibilit\u00e9 aux gens de me suivre sur place sur certains tron\u00e7ons. Mais l\u00e0, il va y avoir le probl\u00e8me de l&rsquo;accessibilit\u00e9, du coup on a plut\u00f4t sensibilis\u00e9 des locaux, notamment pour les parties de nuit. Cette fois il y aura deux \u00e9quipes d&rsquo;assistance car en voiture c&rsquo;est plus compliqu\u00e9 d&rsquo;aller d&rsquo;un point A \u00e0 un point B, et certains ravitaillement seront espac\u00e9s de 20 ou 30 km. Une fois que tu es dedans, tu n&rsquo;as pas d&rsquo;autre choix que d&rsquo;aller jusqu&rsquo;au bout.<\/em><\/p>\n<p><em>En mati\u00e8re de logistique aussi, ce sera vraiment pas pareil : je pense par exemple aux gens qui vont filmer et prendre des photos. Mais ce sont des athl\u00e8tes, c&rsquo;est des bons\u00a0! (&#8230;) Et il y aura forc\u00e9ment le probl\u00e8me de r\u00e9seau pour pouvoir maintenir le suivi sur les r\u00e9seaux sociaux qu&rsquo;il faudra g\u00e9rer. (\u2026) Vraiment c&rsquo;est une des \u00e9preuves, si ce n&rsquo;est l&rsquo;\u00e9preuve la plus compliqu\u00e9e que j&rsquo;ai jamais fait en trail. C&rsquo;est tr\u00e8s technique, je le r\u00e9p\u00e8te, tr\u00e8s difficile, tr\u00e8s solide, m\u00eame s&rsquo;il y aura une fois de plus l&rsquo;aspect partage avec les gens du cru et la d\u00e9couverte du massif<\/em> \u00bb. Une notion de partage qui est essentielle pour St\u00e9phane dans sa d\u00e9marche et son projet.<\/p>\n<p><strong>Gare aux Patous<\/strong><\/p>\n<p>Ajoutons que sur le parcours, il n&rsquo;y aura pas que les gens, il y aura peut-\u00eatre m\u00eame les chiens du cru, car le Vosgien devra \u00e9galement \u00eatre \u00e9quip\u00e9 en cas d&rsquo;attaque de Patous (chiens qui gardent les troupeaux de moutons &#8211; NDLR). Des attaques qui semblent malheureusement se multiplier et qu&rsquo;il faut prendre au s\u00e9rieux. Cela fera peut-\u00eatre une \u00ab\u00a0comp\u00e9tence\u00a0\u00bb suppl\u00e9mentaire acquise lors de ce p\u00e9riple\u00a0! Car tr\u00eave de plaisanterie, chaque d\u00e9fi programm\u00e9 avant 2023 est bien destin\u00e9 \u00e0 conf\u00e9rer \u00a0une corde suppl\u00e9mentaire \u00e0 l&rsquo;arc de notre aventurier (lire notre pr\u00e9c\u00e9dent article). Concernant le Mercantour, l&rsquo;accent sera mis le fait de partir sans rep\u00e9rage et l&rsquo;adaptation permanente aux \u00e9v\u00e9nements, au relief, \u00e0 un territoire inconnu et donc peut-\u00eatre \u00e0 la faune&#8230;<\/p>\n<p>Et apr\u00e8s\u00a0?!? St\u00e9phane Brogniart s&rsquo;octroiera un temps de r\u00e9cup\u00e9ration avant de se replonger dans la mise en place du projet ETARCOS, dans la structuration et l&rsquo;organisation de l&rsquo;association qui le porte, la recherche de partenaires ou encore la cr\u00e9ation d&rsquo;un support vid\u00e9o retra\u00e7ant la premi\u00e8re saison et les 4 d\u00e9fis qui l&rsquo;ont rythm\u00e9e. \u00ab<em>\u00a0Je pense me faire aussi une dizaine de jours de rando en Slov\u00e9nie en octobre avec un ami, un sp\u00e9cialiste de l&rsquo;ours. En novembre j&rsquo;aurai aussi une premi\u00e8re rencontre avec des professionnels pour envisager le bateau qui me servira en 2023, le budg\u00e9tiser et budg\u00e9tiser la travers\u00e9e du Pacifique. On estime le projet de la travers\u00e9e \u00e0 environ 200 000 \u20ac<\/em>\u00a0\u00bb.<\/p>\n<p><strong>3 nouveaux d\u00e9fis en 2019<\/strong><\/p>\n<p>Et en d\u00e9cembre, il sera temps d&rsquo;attaquer la pr\u00e9paration du 1er d\u00e9fi de la deuxi\u00e8me saison pr\u00e9vu pour le courant du mois de Mars dans un sport tr\u00e8s \u00e9loign\u00e9 de ce que St\u00e9phane a l&rsquo;habitude de pratiquer&#8230; La surprise reste enti\u00e8re pour le moment. Le deuxi\u00e8me d\u00e9fi de l&rsquo;ann\u00e9e 2019 devrait quant \u00e0 lui avoir lieu en ao\u00fbt prochain, et le dernier en octobre. Entre temps, l&rsquo;aventurier redeviendra trailer parce qu&rsquo;il adore \u00e7a, tout simplement, et se fera un \u00ab\u00a0petit\u00a0\u00bb 90 km du Mont Blanc fin juin. Bref, un calendrier bien charg\u00e9\u00a0!<\/p>\n","protected":false},"excerpt":{"rendered":"<p>Pour son dernier d\u00e9fi de l&rsquo;ann\u00e9e 2018, St\u00e9phane Brogniart s\u2019\u00e9lancera sur la Grande Travers\u00e9e du Mercantour pour tenter de r\u00e9aliser [&hellip;]<\/p>\n","protected":false},"author":42,"featured_media":36704,"comment_status":"open","ping_status":"open","sticky":false,"template":"","format":"standard","meta":{"footnotes":""},"categories":[20,14,18],"tags":[3812,3393],"class_list":["post-36703","post","type-post","status-publish","format-standard","has-post-thumbnail","hentry","category-a-la-une","category-sport","category-vosges","tag-etarcos","tag-stephane-brogniart"],"acf":[],"yoast_head":"<!-- This site is optimized with the Yoast SEO plugin v22.5 - https:\/\/yoast.com\/wordpress\/plugins\/seo\/ -->\n<title>St\u00e9phane Brogniart met le cap sur le Mercantour pour sa derni\u00e8re aventure de l&#039;ann\u00e9e - Gerardmer Info<\/title>\n<meta name=\"robots\" content=\"index, follow, max-snippet:-1, max-image-preview:large, max-video-preview:-1\" \/>\n<link rel=\"canonical\" href=\"https:\/\/vosgesinfo.fr\/gerardmerinfo\/2018\/09\/stephane-brogniart-met-cap-mercantour-derniere-aventure-de-lannee\/\" \/>\n<meta name=\"twitter:card\" content=\"summary_large_image\" \/>\n<meta name=\"twitter:title\" content=\"St\u00e9phane Brogniart met le cap sur le Mercantour pour sa derni\u00e8re aventure de l&#039;ann\u00e9e - Gerardmer Info\" \/>\n<meta name=\"twitter:description\" content=\"Pour son dernier d\u00e9fi de l&rsquo;ann\u00e9e 2018, St\u00e9phane Brogniart s\u2019\u00e9lancera sur la Grande Travers\u00e9e du Mercantour pour tenter de r\u00e9aliser [&hellip;]\" \/>\n<meta name=\"twitter:image\" content=\"https:\/\/vosgesinfo.fr\/app\/uploads\/sites\/6\/2024\/07\/201809stephanebrogniart-etarcos-photojustinevannson-hd4.jpg\" \/>\n<meta name=\"twitter:creator\" content=\"@VosgesInfo88\" \/>\n<meta name=\"twitter:site\" content=\"@VosgesInfo88\" \/>\n<meta name=\"twitter:label1\" content=\"\u00c9crit par\" \/>\n\t<meta name=\"twitter:data1\" content=\"QG\" \/>\n\t<meta name=\"twitter:label2\" content=\"Dur\u00e9e de lecture estim\u00e9e\" \/>\n\t<meta name=\"twitter:data2\" content=\"4 minutes\" \/>\n<script type=\"application\/ld+json\" class=\"yoast-schema-graph\">{\"@context\":\"https:\/\/schema.org\",\"@graph\":[{\"@type\":\"Article\",\"@id\":\"https:\/\/vosgesinfo.fr\/gerardmerinfo\/2018\/09\/stephane-brogniart-met-cap-mercantour-derniere-aventure-de-lannee\/#article\",\"isPartOf\":{\"@id\":\"https:\/\/vosgesinfo.fr\/gerardmerinfo\/2018\/09\/stephane-brogniart-met-cap-mercantour-derniere-aventure-de-lannee\/\"},\"author\":{\"name\":\"QG\",\"@id\":\"https:\/\/vosgesinfo.fr\/gerardmerinfo\/#\/schema\/person\/db5605779a843dad16b5368f3e7613a5\"},\"headline\":\"St\u00e9phane Brogniart met le cap sur le Mercantour pour sa derni\u00e8re aventure de l&rsquo;ann\u00e9e\",\"datePublished\":\"2018-09-17T13:56:13+00:00\",\"dateModified\":\"2018-09-17T13:56:13+00:00\",\"mainEntityOfPage\":{\"@id\":\"https:\/\/vosgesinfo.fr\/gerardmerinfo\/2018\/09\/stephane-brogniart-met-cap-mercantour-derniere-aventure-de-lannee\/\"},\"wordCount\":922,\"commentCount\":0,\"publisher\":{\"@id\":\"https:\/\/vosgesinfo.fr\/gerardmerinfo\/#organization\"},\"image\":{\"@id\":\"https:\/\/vosgesinfo.fr\/gerardmerinfo\/2018\/09\/stephane-brogniart-met-cap-mercantour-derniere-aventure-de-lannee\/#primaryimage\"},\"thumbnailUrl\":\"https:\/\/vosgesinfo.fr\/app\/uploads\/sites\/6\/2024\/07\/201809stephanebrogniart-etarcos-photojustinevannson-hd4.jpg\",\"keywords\":[\"ETARCOS\",\"stephane brogniart\"],\"articleSection\":[\"A la une\",\"Sport\",\"Vosges\"],\"inLanguage\":\"fr-FR\",\"potentialAction\":[{\"@type\":\"CommentAction\",\"name\":\"Comment\",\"target\":[\"https:\/\/vosgesinfo.fr\/gerardmerinfo\/2018\/09\/stephane-brogniart-met-cap-mercantour-derniere-aventure-de-lannee\/#respond\"]}]},{\"@type\":\"WebPage\",\"@id\":\"https:\/\/vosgesinfo.fr\/gerardmerinfo\/2018\/09\/stephane-brogniart-met-cap-mercantour-derniere-aventure-de-lannee\/\",\"url\":\"https:\/\/vosgesinfo.fr\/gerardmerinfo\/2018\/09\/stephane-brogniart-met-cap-mercantour-derniere-aventure-de-lannee\/\",\"name\":\"St\u00e9phane Brogniart met le cap sur le Mercantour pour sa derni\u00e8re aventure de l'ann\u00e9e - Gerardmer Info\",\"isPartOf\":{\"@id\":\"https:\/\/vosgesinfo.fr\/gerardmerinfo\/#website\"},\"primaryImageOfPage\":{\"@id\":\"https:\/\/vosgesinfo.fr\/gerardmerinfo\/2018\/09\/stephane-brogniart-met-cap-mercantour-derniere-aventure-de-lannee\/#primaryimage\"},\"image\":{\"@id\":\"https:\/\/vosgesinfo.fr\/gerardmerinfo\/2018\/09\/stephane-brogniart-met-cap-mercantour-derniere-aventure-de-lannee\/#primaryimage\"},\"thumbnailUrl\":\"https:\/\/vosgesinfo.fr\/app\/uploads\/sites\/6\/2024\/07\/201809stephanebrogniart-etarcos-photojustinevannson-hd4.jpg\",\"datePublished\":\"2018-09-17T13:56:13+00:00\",\"dateModified\":\"2018-09-17T13:56:13+00:00\",\"breadcrumb\":{\"@id\":\"https:\/\/vosgesinfo.fr\/gerardmerinfo\/2018\/09\/stephane-brogniart-met-cap-mercantour-derniere-aventure-de-lannee\/#breadcrumb\"},\"inLanguage\":\"fr-FR\",\"potentialAction\":[{\"@type\":\"ReadAction\",\"target\":[\"https:\/\/vosgesinfo.fr\/gerardmerinfo\/2018\/09\/stephane-brogniart-met-cap-mercantour-derniere-aventure-de-lannee\/\"]}]},{\"@type\":\"ImageObject\",\"inLanguage\":\"fr-FR\",\"@id\":\"https:\/\/vosgesinfo.fr\/gerardmerinfo\/2018\/09\/stephane-brogniart-met-cap-mercantour-derniere-aventure-de-lannee\/#primaryimage\",\"url\":\"https:\/\/vosgesinfo.fr\/app\/uploads\/sites\/6\/2024\/07\/201809stephanebrogniart-etarcos-photojustinevannson-hd4.jpg\",\"contentUrl\":\"https:\/\/vosgesinfo.fr\/app\/uploads\/sites\/6\/2024\/07\/201809stephanebrogniart-etarcos-photojustinevannson-hd4.jpg\",\"width\":800,\"height\":400},{\"@type\":\"BreadcrumbList\",\"@id\":\"https:\/\/vosgesinfo.fr\/gerardmerinfo\/2018\/09\/stephane-brogniart-met-cap-mercantour-derniere-aventure-de-lannee\/#breadcrumb\",\"itemListElement\":[{\"@type\":\"ListItem\",\"position\":1,\"name\":\"Home\",\"item\":\"https:\/\/vosgesinfo.fr\/gerardmerinfo\/\"},{\"@type\":\"ListItem\",\"position\":2,\"name\":\"St\u00e9phane Brogniart met le cap sur le Mercantour pour sa derni\u00e8re aventure de l&rsquo;ann\u00e9e\"}]},{\"@type\":\"WebSite\",\"@id\":\"https:\/\/vosgesinfo.fr\/gerardmerinfo\/#website\",\"url\":\"https:\/\/vosgesinfo.fr\/gerardmerinfo\/\",\"name\":\"Gerardmer Info\",\"description\":\"Toute l&#039;actualit\u00e9 de G\u00e9rardmer\",\"publisher\":{\"@id\":\"https:\/\/vosgesinfo.fr\/gerardmerinfo\/#organization\"},\"alternateName\":\"Toute l'actualit\u00e9 de G\u00e9rardmer\",\"potentialAction\":[{\"@type\":\"SearchAction\",\"target\":{\"@type\":\"EntryPoint\",\"urlTemplate\":\"https:\/\/vosgesinfo.fr\/gerardmerinfo\/?s={search_term_string}\"},\"query-input\":\"required name=search_term_string\"}],\"inLanguage\":\"fr-FR\"},{\"@type\":\"Organization\",\"@id\":\"https:\/\/vosgesinfo.fr\/gerardmerinfo\/#organization\",\"name\":\"Gerardmer Info\",\"url\":\"https:\/\/vosgesinfo.fr\/gerardmerinfo\/\",\"logo\":{\"@type\":\"ImageObject\",\"inLanguage\":\"fr-FR\",\"@id\":\"https:\/\/vosgesinfo.fr\/gerardmerinfo\/#\/schema\/logo\/image\/\",\"url\":\"https:\/\/vosgesinfo.fr\/app\/uploads\/sites\/6\/2023\/08\/favicon-gerardmerinfo.png\",\"contentUrl\":\"https:\/\/vosgesinfo.fr\/app\/uploads\/sites\/6\/2023\/08\/favicon-gerardmerinfo.png\",\"width\":512,\"height\":512,\"caption\":\"Gerardmer Info\"},\"image\":{\"@id\":\"https:\/\/vosgesinfo.fr\/gerardmerinfo\/#\/schema\/logo\/image\/\"},\"sameAs\":[\"https:\/\/www.facebook.com\/profile.php?id=100049475262660\",\"https:\/\/x.com\/VosgesInfo88\",\"https:\/\/www.youtube.com\/@vosgesinfo\"]},{\"@type\":\"Person\",\"@id\":\"https:\/\/vosgesinfo.fr\/gerardmerinfo\/#\/schema\/person\/db5605779a843dad16b5368f3e7613a5\",\"name\":\"QG\",\"image\":{\"@type\":\"ImageObject\",\"inLanguage\":\"fr-FR\",\"@id\":\"https:\/\/vosgesinfo.fr\/gerardmerinfo\/#\/schema\/person\/image\/\",\"url\":\"https:\/\/secure.gravatar.com\/avatar\/ea80c42c204b534408512832fde52504ecabb9706bcb6151cf6175e5b64e6793?s=96&d=mm&r=g\",\"contentUrl\":\"https:\/\/secure.gravatar.com\/avatar\/ea80c42c204b534408512832fde52504ecabb9706bcb6151cf6175e5b64e6793?s=96&d=mm&r=g\",\"caption\":\"QG\"},\"url\":\"https:\/\/vosgesinfo.fr\/gerardmerinfo\/author\/quentin88\/\"}]}<\/script>\n<!-- \/ Yoast SEO plugin. -->","yoast_head_json":{"title":"St\u00e9phane Brogniart met le cap sur le Mercantour pour sa derni\u00e8re aventure de l'ann\u00e9e - Gerardmer Info","robots":{"index":"index","follow":"follow","max-snippet":"max-snippet:-1","max-image-preview":"max-image-preview:large","max-video-preview":"max-video-preview:-1"},"canonical":"https:\/\/vosgesinfo.fr\/gerardmerinfo\/2018\/09\/stephane-brogniart-met-cap-mercantour-derniere-aventure-de-lannee\/","twitter_card":"summary_large_image","twitter_title":"St\u00e9phane Brogniart met le cap sur le Mercantour pour sa derni\u00e8re aventure de l'ann\u00e9e - Gerardmer Info","twitter_description":"Pour son dernier d\u00e9fi de l&rsquo;ann\u00e9e 2018, St\u00e9phane Brogniart s\u2019\u00e9lancera sur la Grande Travers\u00e9e du Mercantour pour tenter de r\u00e9aliser [&hellip;]","twitter_image":"https:\/\/vosgesinfo.fr\/app\/uploads\/sites\/6\/2024\/07\/201809stephanebrogniart-etarcos-photojustinevannson-hd4.jpg","twitter_creator":"@VosgesInfo88","twitter_site":"@VosgesInfo88","twitter_misc":{"\u00c9crit par":"QG","Dur\u00e9e de lecture estim\u00e9e":"4 minutes"},"schema":{"@context":"https:\/\/schema.org","@graph":[{"@type":"Article","@id":"https:\/\/vosgesinfo.fr\/gerardmerinfo\/2018\/09\/stephane-brogniart-met-cap-mercantour-derniere-aventure-de-lannee\/#article","isPartOf":{"@id":"https:\/\/vosgesinfo.fr\/gerardmerinfo\/2018\/09\/stephane-brogniart-met-cap-mercantour-derniere-aventure-de-lannee\/"},"author":{"name":"QG","@id":"https:\/\/vosgesinfo.fr\/gerardmerinfo\/#\/schema\/person\/db5605779a843dad16b5368f3e7613a5"},"headline":"St\u00e9phane Brogniart met le cap sur le Mercantour pour sa derni\u00e8re aventure de l&rsquo;ann\u00e9e","datePublished":"2018-09-17T13:56:13+00:00","dateModified":"2018-09-17T13:56:13+00:00","mainEntityOfPage":{"@id":"https:\/\/vosgesinfo.fr\/gerardmerinfo\/2018\/09\/stephane-brogniart-met-cap-mercantour-derniere-aventure-de-lannee\/"},"wordCount":922,"commentCount":0,"publisher":{"@id":"https:\/\/vosgesinfo.fr\/gerardmerinfo\/#organization"},"image":{"@id":"https:\/\/vosgesinfo.fr\/gerardmerinfo\/2018\/09\/stephane-brogniart-met-cap-mercantour-derniere-aventure-de-lannee\/#primaryimage"},"thumbnailUrl":"https:\/\/vosgesinfo.fr\/app\/uploads\/sites\/6\/2024\/07\/201809stephanebrogniart-etarcos-photojustinevannson-hd4.jpg","keywords":["ETARCOS","stephane brogniart"],"articleSection":["A la une","Sport","Vosges"],"inLanguage":"fr-FR","potentialAction":[{"@type":"CommentAction","name":"Comment","target":["https:\/\/vosgesinfo.fr\/gerardmerinfo\/2018\/09\/stephane-brogniart-met-cap-mercantour-derniere-aventure-de-lannee\/#respond"]}]},{"@type":"WebPage","@id":"https:\/\/vosgesinfo.fr\/gerardmerinfo\/2018\/09\/stephane-brogniart-met-cap-mercantour-derniere-aventure-de-lannee\/","url":"https:\/\/vosgesinfo.fr\/gerardmerinfo\/2018\/09\/stephane-brogniart-met-cap-mercantour-derniere-aventure-de-lannee\/","name":"St\u00e9phane Brogniart met le cap sur le Mercantour pour sa derni\u00e8re aventure de l'ann\u00e9e - Gerardmer Info","isPartOf":{"@id":"https:\/\/vosgesinfo.fr\/gerardmerinfo\/#website"},"primaryImageOfPage":{"@id":"https:\/\/vosgesinfo.fr\/gerardmerinfo\/2018\/09\/stephane-brogniart-met-cap-mercantour-derniere-aventure-de-lannee\/#primaryimage"},"image":{"@id":"https:\/\/vosgesinfo.fr\/gerardmerinfo\/2018\/09\/stephane-brogniart-met-cap-mercantour-derniere-aventure-de-lannee\/#primaryimage"},"thumbnailUrl":"https:\/\/vosgesinfo.fr\/app\/uploads\/sites\/6\/2024\/07\/201809stephanebrogniart-etarcos-photojustinevannson-hd4.jpg","datePublished":"2018-09-17T13:56:13+00:00","dateModified":"2018-09-17T13:56:13+00:00","breadcrumb":{"@id":"https:\/\/vosgesinfo.fr\/gerardmerinfo\/2018\/09\/stephane-brogniart-met-cap-mercantour-derniere-aventure-de-lannee\/#breadcrumb"},"inLanguage":"fr-FR","potentialAction":[{"@type":"ReadAction","target":["https:\/\/vosgesinfo.fr\/gerardmerinfo\/2018\/09\/stephane-brogniart-met-cap-mercantour-derniere-aventure-de-lannee\/"]}]},{"@type":"ImageObject","inLanguage":"fr-FR","@id":"https:\/\/vosgesinfo.fr\/gerardmerinfo\/2018\/09\/stephane-brogniart-met-cap-mercantour-derniere-aventure-de-lannee\/#primaryimage","url":"https:\/\/vosgesinfo.fr\/app\/uploads\/sites\/6\/2024\/07\/201809stephanebrogniart-etarcos-photojustinevannson-hd4.jpg","contentUrl":"https:\/\/vosgesinfo.fr\/app\/uploads\/sites\/6\/2024\/07\/201809stephanebrogniart-etarcos-photojustinevannson-hd4.jpg","width":800,"height":400},{"@type":"BreadcrumbList","@id":"https:\/\/vosgesinfo.fr\/gerardmerinfo\/2018\/09\/stephane-brogniart-met-cap-mercantour-derniere-aventure-de-lannee\/#breadcrumb","itemListElement":[{"@type":"ListItem","position":1,"name":"Home","item":"https:\/\/vosgesinfo.fr\/gerardmerinfo\/"},{"@type":"ListItem","position":2,"name":"St\u00e9phane Brogniart met le cap sur le Mercantour pour sa derni\u00e8re aventure de l&rsquo;ann\u00e9e"}]},{"@type":"WebSite","@id":"https:\/\/vosgesinfo.fr\/gerardmerinfo\/#website","url":"https:\/\/vosgesinfo.fr\/gerardmerinfo\/","name":"Gerardmer Info","description":"Toute l&#039;actualit\u00e9 de G\u00e9rardmer","publisher":{"@id":"https:\/\/vosgesinfo.fr\/gerardmerinfo\/#organization"},"alternateName":"Toute l'actualit\u00e9 de G\u00e9rardmer","potentialAction":[{"@type":"SearchAction","target":{"@type":"EntryPoint","urlTemplate":"https:\/\/vosgesinfo.fr\/gerardmerinfo\/?s={search_term_string}"},"query-input":"required name=search_term_string"}],"inLanguage":"fr-FR"},{"@type":"Organization","@id":"https:\/\/vosgesinfo.fr\/gerardmerinfo\/#organization","name":"Gerardmer Info","url":"https:\/\/vosgesinfo.fr\/gerardmerinfo\/","logo":{"@type":"ImageObject","inLanguage":"fr-FR","@id":"https:\/\/vosgesinfo.fr\/gerardmerinfo\/#\/schema\/logo\/image\/","url":"https:\/\/vosgesinfo.fr\/app\/uploads\/sites\/6\/2023\/08\/favicon-gerardmerinfo.png","contentUrl":"https:\/\/vosgesinfo.fr\/app\/uploads\/sites\/6\/2023\/08\/favicon-gerardmerinfo.png","width":512,"height":512,"caption":"Gerardmer Info"},"image":{"@id":"https:\/\/vosgesinfo.fr\/gerardmerinfo\/#\/schema\/logo\/image\/"},"sameAs":["https:\/\/www.facebook.com\/profile.php?id=100049475262660","https:\/\/x.com\/VosgesInfo88","https:\/\/www.youtube.com\/@vosgesinfo"]},{"@type":"Person","@id":"https:\/\/vosgesinfo.fr\/gerardmerinfo\/#\/schema\/person\/db5605779a843dad16b5368f3e7613a5","name":"QG","image":{"@type":"ImageObject","inLanguage":"fr-FR","@id":"https:\/\/vosgesinfo.fr\/gerardmerinfo\/#\/schema\/person\/image\/","url":"https:\/\/secure.gravatar.com\/avatar\/ea80c42c204b534408512832fde52504ecabb9706bcb6151cf6175e5b64e6793?s=96&d=mm&r=g","contentUrl":"https:\/\/secure.gravatar.com\/avatar\/ea80c42c204b534408512832fde52504ecabb9706bcb6151cf6175e5b64e6793?s=96&d=mm&r=g","caption":"QG"},"url":"https:\/\/vosgesinfo.fr\/gerardmerinfo\/author\/quentin88\/"}]}},"_links":{"self":[{"href":"https:\/\/vosgesinfo.fr\/gerardmerinfo\/wp-json\/wp\/v2\/posts\/36703","targetHints":{"allow":["GET"]}}],"collection":[{"href":"https:\/\/vosgesinfo.fr\/gerardmerinfo\/wp-json\/wp\/v2\/posts"}],"about":[{"href":"https:\/\/vosgesinfo.fr\/gerardmerinfo\/wp-json\/wp\/v2\/types\/post"}],"author":[{"embeddable":true,"href":"https:\/\/vosgesinfo.fr\/gerardmerinfo\/wp-json\/wp\/v2\/users\/42"}],"replies":[{"embeddable":true,"href":"https:\/\/vosgesinfo.fr\/gerardmerinfo\/wp-json\/wp\/v2\/comments?post=36703"}],"version-history":[{"count":0,"href":"https:\/\/vosgesinfo.fr\/gerardmerinfo\/wp-json\/wp\/v2\/posts\/36703\/revisions"}],"wp:featuredmedia":[{"embeddable":true,"href":"https:\/\/vosgesinfo.fr\/gerardmerinfo\/wp-json\/wp\/v2\/media\/36704"}],"wp:attachment":[{"href":"https:\/\/vosgesinfo.fr\/gerardmerinfo\/wp-json\/wp\/v2\/media?parent=36703"}],"wp:term":[{"taxonomy":"category","embeddable":true,"href":"https:\/\/vosgesinfo.fr\/gerardmerinfo\/wp-json\/wp\/v2\/categories?post=36703"},{"taxonomy":"post_tag","embeddable":true,"href":"https:\/\/vosgesinfo.fr\/gerardmerinfo\/wp-json\/wp\/v2\/tags?post=36703"}],"curies":[{"name":"wp","href":"https:\/\/api.w.org\/{rel}","templated":true}]}}