{"id":36877,"date":"2018-09-27T16:11:51","date_gmt":"2018-09-27T14:11:51","guid":{"rendered":"https:\/\/vosgesinfo.fr\/gerardmerinfo\/2018\/09\/textile-vosgien-tient-route\/"},"modified":"2018-09-27T16:11:51","modified_gmt":"2018-09-27T14:11:51","slug":"textile-vosgien-tient-route","status":"publish","type":"post","link":"https:\/\/vosgesinfo.fr\/gerardmerinfo\/2018\/09\/textile-vosgien-tient-route\/","title":{"rendered":"Le textile vosgien tient la route"},"content":{"rendered":"\n<p><span style=\"font-size: 14pt;\">On connaissait le GR5, qui traverse\u00a0 pedibus une partie des Vosges, il faut maintenant compter sur La Route du Textile pour les amateurs de culture locale. Une nouveaut\u00e9 dans le monde de l&rsquo;entreprenariat vosgien que l&rsquo;on doit \u00e0 Vosges Terre Textile notamment \u00e0 Paul de Montclos, le monsieur + du savoir faire d\u00e9partemental, accessoirement PDG de Garnier-Thi\u00e9baut. Souvenons nous de Mr\u00a0 + de chez Bahlsen qui donnait un coup de rein ou de coude dans les sacs de noisettes lors de la fabrication des biscuits p\u00e2tissiers : il en est un peu de\u00a0 m\u00eame, version coton pour le g\u00e9r\u00f4mois install\u00e9 \u00e0 Kichompr\u00e9. Les esprits chagrin diront \u00a0\u00bb <em>\u00e7a date\u00a0\u00bb<\/em>. En effet, le clip a \u00e9t\u00e9 r\u00e9alis\u00e9 en 1979, mais la vie est un v\u00e9ritable paradoxe,\u00a0 un \u00e9ternel recommencement d\u00e8s lorsqu&rsquo;il s&rsquo;agisse de nouveaut\u00e9&#8230;c&rsquo;est ce qu&rsquo;on pourrait croire ! C&rsquo;est donc sans moustache, ni n\u0153ud papillon que Paul De Monclos ( pour les passionn\u00e9s de pub \u00e0 l&rsquo;ancienne\u00a0 <span style=\"color: #0000ff;\"><strong><a style=\"color: #0000ff;\" href=\"http:\/\/www.ina.fr\/video\/PUB3213295019\">http:\/\/www.ina.fr\/video\/PUB3213295019<\/a><\/strong><\/span>) a d\u00e9voil\u00e9 le dernier b\u00e9b\u00e9 de VTT soit La Route du Textile devant une foultitude d&rsquo;\u00e9lus locaux emmen\u00e9s par la Sous-Pr\u00e9f\u00e8te de Saint-Di\u00e9\u00a0 <span class=\"st\">Sylvie Siffermann<\/span>. Pas un petit chemin de traverse , mais un sentier fait d&rsquo;asphalte et de sueur qui m\u00e8ne \u00e0 la d\u00e9couverte de l\u2019activit\u00e9 intimement li\u00e9e \u00e0 la vie du d\u00e9partement.<br \/>\n<\/span><\/p>\n<p><span style=\"font-size: 14pt;\">C&rsquo;est dans les locaux du blanchiment Crouvezier D\u00e9veloppement, dirig\u00e9 aujourd&rsquo;hui par S\u00e9verine qui a pris la place de son p\u00e8re Yves que les invit\u00e9s ont d\u00e9couvert la Route du textile apr\u00e8s un pan\u00e9gyrique des actions men\u00e9es par VTT depuis sa cr\u00e9ation. Ainsi Paul des Montclos a \u00e9voqu\u00e9 la fiert\u00e9 de travailler au sein m\u00eame de la\u00a0 fili\u00e8re, \u00ab\u00a0O<em>n sait que le textile est fragile<\/em>\u00a0\u00bb souligne-t-il et de poursuivre \u00a0\u00bb mais <em>depuis plusieurs ann\u00e9es nous avons d\u00e9montr\u00e9 que l&rsquo;on peut d\u00e9velopper notre activit\u00e9 en circuit court et donner l&rsquo;image d&rsquo;une fili\u00e8re moderne. Mais aussi devenir un mod\u00e8le \u00e9conomique\u00a0 et avoir une reconnaissance de la valeur travail\u00a0\u00bb<\/em>.<br \/>\n<\/span><\/p>\n<p><span style=\"font-size: 14pt;\">Alors, comme pour boucler la boucle, apr\u00e8s une flasmob parisienne qui a marqu\u00e9 les esprits ou encore un sitting sur les cr\u00eates avec la participation de plus d&rsquo;un millier\u00a0 de personnes venues des cot\u00e9s vosgiens et alsaciens, il fallait une\u00a0 nouvelle valeur ajout\u00e9e au mouvement Vosges Terre Textile avec l\u2019installation de la route du textile. Et en termes de communication c&rsquo;est Cyrielle Fran\u00e7ois qui s&rsquo;y colle en mettant l&rsquo;accent sur les 4 parcours diff\u00e9rents appel\u00e9s, Plaine,\u00a0 Moselotte, Moselle et G\u00e9r\u00f4mois, afin\u00a0 de d\u00e9couvrir des sites de production, mais aussi des boutiques et des lieux charg\u00e9s d&rsquo;histoire, de culture locale, confirmant \u00e0 travers le temps le slogan de\u00a0 \u00a0\u00bb Made in Vosges\u00a0\u00bb.<br \/>\n<\/span><\/p>\n<p><span style=\"font-size: 14pt;\">La Route du Textile ne pourrait pas \u00eatre ce qu&rsquo;elle est sans\u00a0 parall\u00e8lement la cr\u00e9ation de son pendant version num\u00e9rique. Le site mobile, la RouteDu Textile.fr propose de d\u00e9couvrir sur smartphone ou tablettes les POI (point d\u2019int\u00e9r\u00eats) li\u00e9s \u00e0 la fili\u00e8re dans les Vosges. Outre l&rsquo;acc\u00e8s direct sur\u00a0 internet, il est possible d&rsquo;\u00eatre renvoy\u00e9 sur le m\u00eame site en flashant le QR Code de la Route du textile. Entre visites virtuelles et de terrain, la marche en avant continue pour les \u00ab\u00a0VTTistes\u00a0\u00bb au nombre de 1 700 r\u00e9partis dans les 23 entreprises agr\u00e9\u00e9s dans le d\u00e9partement. Le textile vosgien tient sa route !<br \/>\n<\/span><\/p>\n\n<p>\u00ab\u00a0<\/p>\n","protected":false},"excerpt":{"rendered":"<p>On connaissait le GR5, qui traverse\u00a0 pedibus une partie des Vosges, il faut maintenant compter sur La Route du Textile [&hellip;]<\/p>\n","protected":false},"author":1,"featured_media":36878,"comment_status":"open","ping_status":"open","sticky":false,"template":"","format":"standard","meta":{"footnotes":""},"categories":[20,5,18],"tags":[],"class_list":["post-36877","post","type-post","status-publish","format-standard","has-post-thumbnail","hentry","category-a-la-une","category-economie","category-vosges"],"acf":[],"yoast_head":"<!-- This site is optimized with the Yoast SEO plugin v22.5 - https:\/\/yoast.com\/wordpress\/plugins\/seo\/ -->\n<title>Le textile vosgien tient la route - Gerardmer Info<\/title>\n<meta name=\"robots\" content=\"index, follow, max-snippet:-1, max-image-preview:large, max-video-preview:-1\" \/>\n<link rel=\"canonical\" href=\"https:\/\/vosgesinfo.fr\/gerardmerinfo\/2018\/09\/textile-vosgien-tient-route\/\" \/>\n<meta name=\"twitter:card\" content=\"summary_large_image\" \/>\n<meta name=\"twitter:title\" content=\"Le textile vosgien tient la route - Gerardmer Info\" \/>\n<meta name=\"twitter:description\" content=\"On connaissait le GR5, qui traverse\u00a0 pedibus une partie des Vosges, il faut maintenant compter sur La Route du Textile [&hellip;]\" \/>\n<meta name=\"twitter:image\" content=\"https:\/\/vosgesinfo.fr\/app\/uploads\/sites\/6\/2024\/07\/201809p1120025.jpg\" \/>\n<meta name=\"twitter:creator\" content=\"@VosgesInfo88\" \/>\n<meta name=\"twitter:site\" content=\"@VosgesInfo88\" \/>\n<meta name=\"twitter:label1\" content=\"\u00c9crit par\" \/>\n\t<meta name=\"twitter:data1\" content=\"qs_admin\" \/>\n\t<meta name=\"twitter:label2\" content=\"Dur\u00e9e de lecture estim\u00e9e\" \/>\n\t<meta name=\"twitter:data2\" content=\"3 minutes\" \/>\n<script type=\"application\/ld+json\" class=\"yoast-schema-graph\">{\"@context\":\"https:\/\/schema.org\",\"@graph\":[{\"@type\":\"Article\",\"@id\":\"https:\/\/vosgesinfo.fr\/gerardmerinfo\/2018\/09\/textile-vosgien-tient-route\/#article\",\"isPartOf\":{\"@id\":\"https:\/\/vosgesinfo.fr\/gerardmerinfo\/2018\/09\/textile-vosgien-tient-route\/\"},\"author\":{\"name\":\"qs_admin\",\"@id\":\"https:\/\/vosgesinfo.fr\/gerardmerinfo\/#\/schema\/person\/bc5d02d71e6932e81b6dadb7386667b1\"},\"headline\":\"Le textile vosgien tient la route\",\"datePublished\":\"2018-09-27T14:11:51+00:00\",\"dateModified\":\"2018-09-27T14:11:51+00:00\",\"mainEntityOfPage\":{\"@id\":\"https:\/\/vosgesinfo.fr\/gerardmerinfo\/2018\/09\/textile-vosgien-tient-route\/\"},\"wordCount\":627,\"commentCount\":0,\"publisher\":{\"@id\":\"https:\/\/vosgesinfo.fr\/gerardmerinfo\/#organization\"},\"image\":{\"@id\":\"https:\/\/vosgesinfo.fr\/gerardmerinfo\/2018\/09\/textile-vosgien-tient-route\/#primaryimage\"},\"thumbnailUrl\":\"https:\/\/vosgesinfo.fr\/app\/uploads\/sites\/6\/2024\/07\/201809p1120025.jpg\",\"articleSection\":[\"A la une\",\"\u00c9conomie\",\"Vosges\"],\"inLanguage\":\"fr-FR\",\"potentialAction\":[{\"@type\":\"CommentAction\",\"name\":\"Comment\",\"target\":[\"https:\/\/vosgesinfo.fr\/gerardmerinfo\/2018\/09\/textile-vosgien-tient-route\/#respond\"]}]},{\"@type\":\"WebPage\",\"@id\":\"https:\/\/vosgesinfo.fr\/gerardmerinfo\/2018\/09\/textile-vosgien-tient-route\/\",\"url\":\"https:\/\/vosgesinfo.fr\/gerardmerinfo\/2018\/09\/textile-vosgien-tient-route\/\",\"name\":\"Le textile vosgien tient la route - Gerardmer Info\",\"isPartOf\":{\"@id\":\"https:\/\/vosgesinfo.fr\/gerardmerinfo\/#website\"},\"primaryImageOfPage\":{\"@id\":\"https:\/\/vosgesinfo.fr\/gerardmerinfo\/2018\/09\/textile-vosgien-tient-route\/#primaryimage\"},\"image\":{\"@id\":\"https:\/\/vosgesinfo.fr\/gerardmerinfo\/2018\/09\/textile-vosgien-tient-route\/#primaryimage\"},\"thumbnailUrl\":\"https:\/\/vosgesinfo.fr\/app\/uploads\/sites\/6\/2024\/07\/201809p1120025.jpg\",\"datePublished\":\"2018-09-27T14:11:51+00:00\",\"dateModified\":\"2018-09-27T14:11:51+00:00\",\"breadcrumb\":{\"@id\":\"https:\/\/vosgesinfo.fr\/gerardmerinfo\/2018\/09\/textile-vosgien-tient-route\/#breadcrumb\"},\"inLanguage\":\"fr-FR\",\"potentialAction\":[{\"@type\":\"ReadAction\",\"target\":[\"https:\/\/vosgesinfo.fr\/gerardmerinfo\/2018\/09\/textile-vosgien-tient-route\/\"]}]},{\"@type\":\"ImageObject\",\"inLanguage\":\"fr-FR\",\"@id\":\"https:\/\/vosgesinfo.fr\/gerardmerinfo\/2018\/09\/textile-vosgien-tient-route\/#primaryimage\",\"url\":\"https:\/\/vosgesinfo.fr\/app\/uploads\/sites\/6\/2024\/07\/201809p1120025.jpg\",\"contentUrl\":\"https:\/\/vosgesinfo.fr\/app\/uploads\/sites\/6\/2024\/07\/201809p1120025.jpg\",\"width\":800,\"height\":600},{\"@type\":\"BreadcrumbList\",\"@id\":\"https:\/\/vosgesinfo.fr\/gerardmerinfo\/2018\/09\/textile-vosgien-tient-route\/#breadcrumb\",\"itemListElement\":[{\"@type\":\"ListItem\",\"position\":1,\"name\":\"Home\",\"item\":\"https:\/\/vosgesinfo.fr\/gerardmerinfo\/\"},{\"@type\":\"ListItem\",\"position\":2,\"name\":\"Le textile vosgien tient la route\"}]},{\"@type\":\"WebSite\",\"@id\":\"https:\/\/vosgesinfo.fr\/gerardmerinfo\/#website\",\"url\":\"https:\/\/vosgesinfo.fr\/gerardmerinfo\/\",\"name\":\"Gerardmer Info\",\"description\":\"Toute l&#039;actualit\u00e9 de G\u00e9rardmer\",\"publisher\":{\"@id\":\"https:\/\/vosgesinfo.fr\/gerardmerinfo\/#organization\"},\"alternateName\":\"Toute l'actualit\u00e9 de G\u00e9rardmer\",\"potentialAction\":[{\"@type\":\"SearchAction\",\"target\":{\"@type\":\"EntryPoint\",\"urlTemplate\":\"https:\/\/vosgesinfo.fr\/gerardmerinfo\/?s={search_term_string}\"},\"query-input\":\"required name=search_term_string\"}],\"inLanguage\":\"fr-FR\"},{\"@type\":\"Organization\",\"@id\":\"https:\/\/vosgesinfo.fr\/gerardmerinfo\/#organization\",\"name\":\"Gerardmer Info\",\"url\":\"https:\/\/vosgesinfo.fr\/gerardmerinfo\/\",\"logo\":{\"@type\":\"ImageObject\",\"inLanguage\":\"fr-FR\",\"@id\":\"https:\/\/vosgesinfo.fr\/gerardmerinfo\/#\/schema\/logo\/image\/\",\"url\":\"https:\/\/vosgesinfo.fr\/app\/uploads\/sites\/6\/2023\/08\/favicon-gerardmerinfo.png\",\"contentUrl\":\"https:\/\/vosgesinfo.fr\/app\/uploads\/sites\/6\/2023\/08\/favicon-gerardmerinfo.png\",\"width\":512,\"height\":512,\"caption\":\"Gerardmer Info\"},\"image\":{\"@id\":\"https:\/\/vosgesinfo.fr\/gerardmerinfo\/#\/schema\/logo\/image\/\"},\"sameAs\":[\"https:\/\/www.facebook.com\/profile.php?id=100049475262660\",\"https:\/\/x.com\/VosgesInfo88\",\"https:\/\/www.youtube.com\/@vosgesinfo\"]},{\"@type\":\"Person\",\"@id\":\"https:\/\/vosgesinfo.fr\/gerardmerinfo\/#\/schema\/person\/bc5d02d71e6932e81b6dadb7386667b1\",\"name\":\"qs_admin\",\"image\":{\"@type\":\"ImageObject\",\"inLanguage\":\"fr-FR\",\"@id\":\"https:\/\/vosgesinfo.fr\/gerardmerinfo\/#\/schema\/person\/image\/\",\"url\":\"https:\/\/secure.gravatar.com\/avatar\/94b18ee0ed79e4a42ea2f2931277b6841a8999fc6fde214600c78057cf1fe1de?s=96&d=mm&r=g\",\"contentUrl\":\"https:\/\/secure.gravatar.com\/avatar\/94b18ee0ed79e4a42ea2f2931277b6841a8999fc6fde214600c78057cf1fe1de?s=96&d=mm&r=g\",\"caption\":\"qs_admin\"},\"sameAs\":[\"https:\/\/vosgesinfo.fr\/wp\"],\"url\":\"https:\/\/vosgesinfo.fr\/gerardmerinfo\/author\/qs_admin\/\"}]}<\/script>\n<!-- \/ Yoast SEO plugin. -->","yoast_head_json":{"title":"Le textile vosgien tient la route - Gerardmer Info","robots":{"index":"index","follow":"follow","max-snippet":"max-snippet:-1","max-image-preview":"max-image-preview:large","max-video-preview":"max-video-preview:-1"},"canonical":"https:\/\/vosgesinfo.fr\/gerardmerinfo\/2018\/09\/textile-vosgien-tient-route\/","twitter_card":"summary_large_image","twitter_title":"Le textile vosgien tient la route - Gerardmer Info","twitter_description":"On connaissait le GR5, qui traverse\u00a0 pedibus une partie des Vosges, il faut maintenant compter sur La Route du Textile [&hellip;]","twitter_image":"https:\/\/vosgesinfo.fr\/app\/uploads\/sites\/6\/2024\/07\/201809p1120025.jpg","twitter_creator":"@VosgesInfo88","twitter_site":"@VosgesInfo88","twitter_misc":{"\u00c9crit par":"qs_admin","Dur\u00e9e de lecture estim\u00e9e":"3 minutes"},"schema":{"@context":"https:\/\/schema.org","@graph":[{"@type":"Article","@id":"https:\/\/vosgesinfo.fr\/gerardmerinfo\/2018\/09\/textile-vosgien-tient-route\/#article","isPartOf":{"@id":"https:\/\/vosgesinfo.fr\/gerardmerinfo\/2018\/09\/textile-vosgien-tient-route\/"},"author":{"name":"qs_admin","@id":"https:\/\/vosgesinfo.fr\/gerardmerinfo\/#\/schema\/person\/bc5d02d71e6932e81b6dadb7386667b1"},"headline":"Le textile vosgien tient la route","datePublished":"2018-09-27T14:11:51+00:00","dateModified":"2018-09-27T14:11:51+00:00","mainEntityOfPage":{"@id":"https:\/\/vosgesinfo.fr\/gerardmerinfo\/2018\/09\/textile-vosgien-tient-route\/"},"wordCount":627,"commentCount":0,"publisher":{"@id":"https:\/\/vosgesinfo.fr\/gerardmerinfo\/#organization"},"image":{"@id":"https:\/\/vosgesinfo.fr\/gerardmerinfo\/2018\/09\/textile-vosgien-tient-route\/#primaryimage"},"thumbnailUrl":"https:\/\/vosgesinfo.fr\/app\/uploads\/sites\/6\/2024\/07\/201809p1120025.jpg","articleSection":["A la une","\u00c9conomie","Vosges"],"inLanguage":"fr-FR","potentialAction":[{"@type":"CommentAction","name":"Comment","target":["https:\/\/vosgesinfo.fr\/gerardmerinfo\/2018\/09\/textile-vosgien-tient-route\/#respond"]}]},{"@type":"WebPage","@id":"https:\/\/vosgesinfo.fr\/gerardmerinfo\/2018\/09\/textile-vosgien-tient-route\/","url":"https:\/\/vosgesinfo.fr\/gerardmerinfo\/2018\/09\/textile-vosgien-tient-route\/","name":"Le textile vosgien tient la route - Gerardmer Info","isPartOf":{"@id":"https:\/\/vosgesinfo.fr\/gerardmerinfo\/#website"},"primaryImageOfPage":{"@id":"https:\/\/vosgesinfo.fr\/gerardmerinfo\/2018\/09\/textile-vosgien-tient-route\/#primaryimage"},"image":{"@id":"https:\/\/vosgesinfo.fr\/gerardmerinfo\/2018\/09\/textile-vosgien-tient-route\/#primaryimage"},"thumbnailUrl":"https:\/\/vosgesinfo.fr\/app\/uploads\/sites\/6\/2024\/07\/201809p1120025.jpg","datePublished":"2018-09-27T14:11:51+00:00","dateModified":"2018-09-27T14:11:51+00:00","breadcrumb":{"@id":"https:\/\/vosgesinfo.fr\/gerardmerinfo\/2018\/09\/textile-vosgien-tient-route\/#breadcrumb"},"inLanguage":"fr-FR","potentialAction":[{"@type":"ReadAction","target":["https:\/\/vosgesinfo.fr\/gerardmerinfo\/2018\/09\/textile-vosgien-tient-route\/"]}]},{"@type":"ImageObject","inLanguage":"fr-FR","@id":"https:\/\/vosgesinfo.fr\/gerardmerinfo\/2018\/09\/textile-vosgien-tient-route\/#primaryimage","url":"https:\/\/vosgesinfo.fr\/app\/uploads\/sites\/6\/2024\/07\/201809p1120025.jpg","contentUrl":"https:\/\/vosgesinfo.fr\/app\/uploads\/sites\/6\/2024\/07\/201809p1120025.jpg","width":800,"height":600},{"@type":"BreadcrumbList","@id":"https:\/\/vosgesinfo.fr\/gerardmerinfo\/2018\/09\/textile-vosgien-tient-route\/#breadcrumb","itemListElement":[{"@type":"ListItem","position":1,"name":"Home","item":"https:\/\/vosgesinfo.fr\/gerardmerinfo\/"},{"@type":"ListItem","position":2,"name":"Le textile vosgien tient la route"}]},{"@type":"WebSite","@id":"https:\/\/vosgesinfo.fr\/gerardmerinfo\/#website","url":"https:\/\/vosgesinfo.fr\/gerardmerinfo\/","name":"Gerardmer Info","description":"Toute l&#039;actualit\u00e9 de G\u00e9rardmer","publisher":{"@id":"https:\/\/vosgesinfo.fr\/gerardmerinfo\/#organization"},"alternateName":"Toute l'actualit\u00e9 de G\u00e9rardmer","potentialAction":[{"@type":"SearchAction","target":{"@type":"EntryPoint","urlTemplate":"https:\/\/vosgesinfo.fr\/gerardmerinfo\/?s={search_term_string}"},"query-input":"required name=search_term_string"}],"inLanguage":"fr-FR"},{"@type":"Organization","@id":"https:\/\/vosgesinfo.fr\/gerardmerinfo\/#organization","name":"Gerardmer Info","url":"https:\/\/vosgesinfo.fr\/gerardmerinfo\/","logo":{"@type":"ImageObject","inLanguage":"fr-FR","@id":"https:\/\/vosgesinfo.fr\/gerardmerinfo\/#\/schema\/logo\/image\/","url":"https:\/\/vosgesinfo.fr\/app\/uploads\/sites\/6\/2023\/08\/favicon-gerardmerinfo.png","contentUrl":"https:\/\/vosgesinfo.fr\/app\/uploads\/sites\/6\/2023\/08\/favicon-gerardmerinfo.png","width":512,"height":512,"caption":"Gerardmer Info"},"image":{"@id":"https:\/\/vosgesinfo.fr\/gerardmerinfo\/#\/schema\/logo\/image\/"},"sameAs":["https:\/\/www.facebook.com\/profile.php?id=100049475262660","https:\/\/x.com\/VosgesInfo88","https:\/\/www.youtube.com\/@vosgesinfo"]},{"@type":"Person","@id":"https:\/\/vosgesinfo.fr\/gerardmerinfo\/#\/schema\/person\/bc5d02d71e6932e81b6dadb7386667b1","name":"qs_admin","image":{"@type":"ImageObject","inLanguage":"fr-FR","@id":"https:\/\/vosgesinfo.fr\/gerardmerinfo\/#\/schema\/person\/image\/","url":"https:\/\/secure.gravatar.com\/avatar\/94b18ee0ed79e4a42ea2f2931277b6841a8999fc6fde214600c78057cf1fe1de?s=96&d=mm&r=g","contentUrl":"https:\/\/secure.gravatar.com\/avatar\/94b18ee0ed79e4a42ea2f2931277b6841a8999fc6fde214600c78057cf1fe1de?s=96&d=mm&r=g","caption":"qs_admin"},"sameAs":["https:\/\/vosgesinfo.fr\/wp"],"url":"https:\/\/vosgesinfo.fr\/gerardmerinfo\/author\/qs_admin\/"}]}},"_links":{"self":[{"href":"https:\/\/vosgesinfo.fr\/gerardmerinfo\/wp-json\/wp\/v2\/posts\/36877","targetHints":{"allow":["GET"]}}],"collection":[{"href":"https:\/\/vosgesinfo.fr\/gerardmerinfo\/wp-json\/wp\/v2\/posts"}],"about":[{"href":"https:\/\/vosgesinfo.fr\/gerardmerinfo\/wp-json\/wp\/v2\/types\/post"}],"author":[{"embeddable":true,"href":"https:\/\/vosgesinfo.fr\/gerardmerinfo\/wp-json\/wp\/v2\/users\/1"}],"replies":[{"embeddable":true,"href":"https:\/\/vosgesinfo.fr\/gerardmerinfo\/wp-json\/wp\/v2\/comments?post=36877"}],"version-history":[{"count":0,"href":"https:\/\/vosgesinfo.fr\/gerardmerinfo\/wp-json\/wp\/v2\/posts\/36877\/revisions"}],"wp:featuredmedia":[{"embeddable":true,"href":"https:\/\/vosgesinfo.fr\/gerardmerinfo\/wp-json\/wp\/v2\/media\/36878"}],"wp:attachment":[{"href":"https:\/\/vosgesinfo.fr\/gerardmerinfo\/wp-json\/wp\/v2\/media?parent=36877"}],"wp:term":[{"taxonomy":"category","embeddable":true,"href":"https:\/\/vosgesinfo.fr\/gerardmerinfo\/wp-json\/wp\/v2\/categories?post=36877"},{"taxonomy":"post_tag","embeddable":true,"href":"https:\/\/vosgesinfo.fr\/gerardmerinfo\/wp-json\/wp\/v2\/tags?post=36877"}],"curies":[{"name":"wp","href":"https:\/\/api.w.org\/{rel}","templated":true}]}}