{"id":36895,"date":"2018-09-28T14:20:44","date_gmt":"2018-09-28T12:20:44","guid":{"rendered":"https:\/\/vosgesinfo.fr\/gerardmerinfo\/2018\/09\/festival-graines-toiles-toute-histoire\/"},"modified":"2018-09-28T14:20:44","modified_gmt":"2018-09-28T12:20:44","slug":"festival-graines-toiles-toute-histoire","status":"publish","type":"post","link":"https:\/\/vosgesinfo.fr\/gerardmerinfo\/2018\/09\/festival-graines-toiles-toute-histoire\/","title":{"rendered":"Festival Graines des Toiles : toute une histoire !"},"content":{"rendered":"<div id=\"attachment_135063\" style=\"width: 610px\" class=\"wp-caption aligncenter\"><a href=\"\/2018\/09\/pr\u00e9sentations-graines-des-toiles-2018-2.jpg\"><img decoding=\"async\" aria-describedby=\"caption-attachment-135063\" class=\"wp-image-135063\" src=\"\/2018\/09\/pr\u00e9sentations-graines-des-toiles-2018-2.jpg\" alt=\"Lo\u00efc Moresi &amp; Louisane Rivot ont pr\u00e9sent\u00e9 la programmation et les animations de cette 11\u00e8me \u00e9dition. \" width=\"600\" height=\"450\" \/><\/a><p id=\"caption-attachment-135063\" class=\"wp-caption-text\"><span style=\"color: #000080;\">Lo\u00efc Moresi &amp; Louisane Rivot ont pr\u00e9sent\u00e9 la programmation et les animations de cette 11\u00e8me \u00e9dition.<\/span><\/p><\/div>\n<p><strong>La 11\u00e8me \u00e9dition du festival du cin\u00e9ma jeune public aura lieu du 15 au 31 octobre 2018 \u00e0 la MCL de G\u00e9rardmer o\u00f9 de nombreuses surprises vous attendent, tant au niveau des projections que des animations mises en place pour l&rsquo;occasion.<\/strong><\/p>\n<p>Chaque ann\u00e9e, la commission cin\u00e9ma pilot\u00e9e par Lo\u00efc Moresi ainsi que toute l&rsquo;\u00e9quipe de b\u00e9n\u00e9voles et salari\u00e9s de la maison qui l&rsquo;accompagne mettent les petits plats dans les grands pour ce grand rendez-vous consacr\u00e9 au 7\u00e8me art. Un \u00e9v\u00e9nement qui n&rsquo;a cess\u00e9 de rendre de l&rsquo;ampleur et de rayonner au-del\u00e0 des fronti\u00e8res du d\u00e9partement pour y trouver sa place dans un paysage culturel dont il fait d\u00e9finitivement partie. Il faut dire que la recette de la potion magique fait merveille puisqu&rsquo;elle s&rsquo;appuie \u00e0 chaque fois sur un th\u00e8me diff\u00e9rent, un ingr\u00e9dient de base d\u00e9clin\u00e9 \u00e0 travers une s\u00e9lection de films actuels, de grands classiques et d&rsquo;avant-premi\u00e8re \u00e0 laquelle r\u00e9pond toute une s\u00e9rie d&rsquo;animations.<\/p>\n<p><a href=\"\/2018\/05\/Graines-des-toiles-affiche-2018-.jpg\"><img decoding=\"async\" class=\"alignright wp-image-126922\" src=\"\/2018\/05\/Graines-des-toiles-affiche-2018-.jpg\" alt=\"Graines des toiles affiche 2018\" width=\"255\" height=\"368\" \/><\/a>En choisissant pour fil rouge de ce nouvel opus les contes &amp; l\u00e9gendes, les organisateurs se sont ouverts un champ de possibilit\u00e9s presque infini qu&rsquo;ils ont su exploiter avec ing\u00e9niosit\u00e9, passion ainsi qu&rsquo;un brin d&rsquo;excentricit\u00e9. Commen\u00e7ons par les films au programme qui seront au nombre de 27 dont 6 en avant-premi\u00e8res : <em>Mira\u00ef ma petite s\u0153ur<\/em> pour ouvrir le bal, puis <em>Arthur et la magie de No\u00ebl<\/em>, <em>Les ritournelles de la chouette<\/em>, ou encore <em>Paddy la petite souris<\/em> qui sont 4 films plut\u00f4t destin\u00e9s aux tous jeunes. Suivra <em>Pachamama<\/em> qui sera projet\u00e9 \u00e0 l&rsquo;occasion de la c\u00e9r\u00e9monie de remise des prix du festival et avec une animation de la Volerie des Aigles. Et pour conclure cette \u00e9dition, vous aurez le droit \u00e0 <em>Mia et le Lion Blanc<\/em> qui sera sans doute l&rsquo;une des toutes premi\u00e8re projections au niveau national, qui, plus est, en pr\u00e9sence du r\u00e9alisateur et des productrices&#8230;<\/p>\n<p>Bien entendu, le reste de la programmation est disponible sur le site de Graines des Toiles et dans les programmes disponibles \u00e0 la MCL et un peu partout \u00e0 G\u00e9rardmer. Notez aussi et surtout que la nuit d\u00e9cal\u00e9e sera cette ann\u00e9e une \u00ab\u00a0Nuit flashback\u00a0\u00bb consacr\u00e9e aux ann\u00e9es 80, 90 et 200 avec d\u00e8s 18 h 45 trois films cultes: <em>Retour vers le futur<\/em>, <em>Les Visiteurs<\/em> et enfin <em>Ast\u00e9rix &amp; Obelix : mission Cl\u00e9op\u00e2tre<\/em>. Vous pouvez venir d\u00e9guis\u00e9s en palefrenier ou chevalier, en Doc ou Marty Mc Fly, voir en Gaulois ou Egyptien, et l\u00e0 encore quelques surprises seront au rendez-vous&#8230; Ces trois l\u00e9gendes ne seront pas en comp\u00e9tition, mais rappelons qu&rsquo;il s&rsquo;agit d&rsquo;un festival avec de nombreux prix. Celui du public, essentiel, mais aussi celui du jury jeunes d\u00e9cern\u00e9 cette ann\u00e9e par les CM1-CM2 des Bas Rupts, celui de l&rsquo;accueil de loisirs de la MCL, et celui du jury courts-m\u00e9trages qui sera compos\u00e9 des 150 \u00e9l\u00e8ves de CM1-CM2 de G\u00e9rardmer. Une petite nouveaut\u00e9 qui m\u00e8nera tous ces enfants \u00e0 visionner une s\u00e9lection de courts-m\u00e9trages\u00a0 dans le but d&rsquo;\u00e9lire leur coup de c\u0153ur.<\/p>\n<p>Toujours au niveau des projections, sachez que les s\u00e9ances sp\u00e9ciales sont toujours \u00e0 l&rsquo;ordre du jour. Si la fameuse Nuit Flashack s&rsquo;adresse plut\u00f4t aux ados et aux adultes (qui sont rest\u00e9s de grands enfants&#8230;), les fameux cin\u00e9s-p&rsquo;tit d\u00e8j&rsquo;, cin\u00e9s-go\u00fbters et matins r\u00e9cr\u00e9atifs seront \u00e0 nouveau de la partie et concernent surtout les enfants, voire m\u00eame les tous petits pour certaines s\u00e9ances \u00e0 partir de 5 ou 6 ans. Vous l&rsquo;aurez compris, le programme des projections est particuli\u00e8rement dense et vari\u00e9, ce qui est devenu une bonne habitude chez Graines des Toiles. Ajoutons que pour certaines avant-premi\u00e8res et s\u00e9ances sp\u00e9ciales, il vous est fortement recommand\u00e9 de r\u00e9server vos places, la salle Andr\u00e9 Bourvil de la MCL se remplit parfois tr\u00e8s vite !! Pour cela et pour tout renseignement compl\u00e9mentaire, rendez-vous sur place ou par t\u00e9l\u00e9phone au 03 29 63 11 96, sans oublier le site du festival : <a href=\"http:\/\/grainesdestoiles.com\/\" target=\"_blank\" rel=\"noopener\">http:\/\/grainesdestoiles.com\/<\/a><\/p>\n","protected":false},"excerpt":{"rendered":"<p>La 11\u00e8me \u00e9dition du festival du cin\u00e9ma jeune public aura lieu du 15 au 31 octobre 2018 \u00e0 la MCL [&hellip;]<\/p>\n","protected":false},"author":42,"featured_media":36896,"comment_status":"open","ping_status":"open","sticky":false,"template":"","format":"standard","meta":{"footnotes":""},"categories":[20,4,18],"tags":[537,103],"class_list":["post-36895","post","type-post","status-publish","format-standard","has-post-thumbnail","hentry","category-a-la-une","category-culture","category-vosges","tag-festival-graines-des-toiles","tag-mcl-gerardmer"],"acf":[],"yoast_head":"<!-- This site is optimized with the Yoast SEO plugin v22.5 - https:\/\/yoast.com\/wordpress\/plugins\/seo\/ -->\n<title>Festival Graines des Toiles : toute une histoire ! - Gerardmer Info<\/title>\n<meta name=\"robots\" content=\"index, follow, max-snippet:-1, max-image-preview:large, max-video-preview:-1\" \/>\n<link rel=\"canonical\" href=\"https:\/\/vosgesinfo.fr\/gerardmerinfo\/2018\/09\/festival-graines-toiles-toute-histoire\/\" \/>\n<meta name=\"twitter:card\" content=\"summary_large_image\" \/>\n<meta name=\"twitter:title\" content=\"Festival Graines des Toiles : toute une histoire ! - Gerardmer Info\" \/>\n<meta name=\"twitter:description\" content=\"La 11\u00e8me \u00e9dition du festival du cin\u00e9ma jeune public aura lieu du 15 au 31 octobre 2018 \u00e0 la MCL [&hellip;]\" \/>\n<meta name=\"twitter:image\" content=\"https:\/\/vosgesinfo.fr\/app\/uploads\/sites\/6\/2024\/07\/201809graines-des-toiles-2018-presentation.jpg\" \/>\n<meta name=\"twitter:creator\" content=\"@VosgesInfo88\" \/>\n<meta name=\"twitter:site\" content=\"@VosgesInfo88\" \/>\n<meta name=\"twitter:label1\" content=\"\u00c9crit par\" \/>\n\t<meta name=\"twitter:data1\" content=\"QG\" \/>\n\t<meta name=\"twitter:label2\" content=\"Dur\u00e9e de lecture estim\u00e9e\" \/>\n\t<meta name=\"twitter:data2\" content=\"4 minutes\" \/>\n<script type=\"application\/ld+json\" class=\"yoast-schema-graph\">{\"@context\":\"https:\/\/schema.org\",\"@graph\":[{\"@type\":\"Article\",\"@id\":\"https:\/\/vosgesinfo.fr\/gerardmerinfo\/2018\/09\/festival-graines-toiles-toute-histoire\/#article\",\"isPartOf\":{\"@id\":\"https:\/\/vosgesinfo.fr\/gerardmerinfo\/2018\/09\/festival-graines-toiles-toute-histoire\/\"},\"author\":{\"name\":\"QG\",\"@id\":\"https:\/\/vosgesinfo.fr\/gerardmerinfo\/#\/schema\/person\/db5605779a843dad16b5368f3e7613a5\"},\"headline\":\"Festival Graines des Toiles : toute une histoire !\",\"datePublished\":\"2018-09-28T12:20:44+00:00\",\"dateModified\":\"2018-09-28T12:20:44+00:00\",\"mainEntityOfPage\":{\"@id\":\"https:\/\/vosgesinfo.fr\/gerardmerinfo\/2018\/09\/festival-graines-toiles-toute-histoire\/\"},\"wordCount\":736,\"commentCount\":0,\"publisher\":{\"@id\":\"https:\/\/vosgesinfo.fr\/gerardmerinfo\/#organization\"},\"image\":{\"@id\":\"https:\/\/vosgesinfo.fr\/gerardmerinfo\/2018\/09\/festival-graines-toiles-toute-histoire\/#primaryimage\"},\"thumbnailUrl\":\"https:\/\/vosgesinfo.fr\/app\/uploads\/sites\/6\/2024\/07\/201809graines-des-toiles-2018-presentation.jpg\",\"keywords\":[\"festival graines des toiles\",\"MCL G\u00e9rardmer\"],\"articleSection\":[\"A la une\",\"Culture\",\"Vosges\"],\"inLanguage\":\"fr-FR\",\"potentialAction\":[{\"@type\":\"CommentAction\",\"name\":\"Comment\",\"target\":[\"https:\/\/vosgesinfo.fr\/gerardmerinfo\/2018\/09\/festival-graines-toiles-toute-histoire\/#respond\"]}]},{\"@type\":\"WebPage\",\"@id\":\"https:\/\/vosgesinfo.fr\/gerardmerinfo\/2018\/09\/festival-graines-toiles-toute-histoire\/\",\"url\":\"https:\/\/vosgesinfo.fr\/gerardmerinfo\/2018\/09\/festival-graines-toiles-toute-histoire\/\",\"name\":\"Festival Graines des Toiles : toute une histoire ! - Gerardmer Info\",\"isPartOf\":{\"@id\":\"https:\/\/vosgesinfo.fr\/gerardmerinfo\/#website\"},\"primaryImageOfPage\":{\"@id\":\"https:\/\/vosgesinfo.fr\/gerardmerinfo\/2018\/09\/festival-graines-toiles-toute-histoire\/#primaryimage\"},\"image\":{\"@id\":\"https:\/\/vosgesinfo.fr\/gerardmerinfo\/2018\/09\/festival-graines-toiles-toute-histoire\/#primaryimage\"},\"thumbnailUrl\":\"https:\/\/vosgesinfo.fr\/app\/uploads\/sites\/6\/2024\/07\/201809graines-des-toiles-2018-presentation.jpg\",\"datePublished\":\"2018-09-28T12:20:44+00:00\",\"dateModified\":\"2018-09-28T12:20:44+00:00\",\"breadcrumb\":{\"@id\":\"https:\/\/vosgesinfo.fr\/gerardmerinfo\/2018\/09\/festival-graines-toiles-toute-histoire\/#breadcrumb\"},\"inLanguage\":\"fr-FR\",\"potentialAction\":[{\"@type\":\"ReadAction\",\"target\":[\"https:\/\/vosgesinfo.fr\/gerardmerinfo\/2018\/09\/festival-graines-toiles-toute-histoire\/\"]}]},{\"@type\":\"ImageObject\",\"inLanguage\":\"fr-FR\",\"@id\":\"https:\/\/vosgesinfo.fr\/gerardmerinfo\/2018\/09\/festival-graines-toiles-toute-histoire\/#primaryimage\",\"url\":\"https:\/\/vosgesinfo.fr\/app\/uploads\/sites\/6\/2024\/07\/201809graines-des-toiles-2018-presentation.jpg\",\"contentUrl\":\"https:\/\/vosgesinfo.fr\/app\/uploads\/sites\/6\/2024\/07\/201809graines-des-toiles-2018-presentation.jpg\",\"width\":800,\"height\":600},{\"@type\":\"BreadcrumbList\",\"@id\":\"https:\/\/vosgesinfo.fr\/gerardmerinfo\/2018\/09\/festival-graines-toiles-toute-histoire\/#breadcrumb\",\"itemListElement\":[{\"@type\":\"ListItem\",\"position\":1,\"name\":\"Home\",\"item\":\"https:\/\/vosgesinfo.fr\/gerardmerinfo\/\"},{\"@type\":\"ListItem\",\"position\":2,\"name\":\"Festival Graines des Toiles : toute une histoire !\"}]},{\"@type\":\"WebSite\",\"@id\":\"https:\/\/vosgesinfo.fr\/gerardmerinfo\/#website\",\"url\":\"https:\/\/vosgesinfo.fr\/gerardmerinfo\/\",\"name\":\"Gerardmer Info\",\"description\":\"Toute l&#039;actualit\u00e9 de G\u00e9rardmer\",\"publisher\":{\"@id\":\"https:\/\/vosgesinfo.fr\/gerardmerinfo\/#organization\"},\"alternateName\":\"Toute l'actualit\u00e9 de G\u00e9rardmer\",\"potentialAction\":[{\"@type\":\"SearchAction\",\"target\":{\"@type\":\"EntryPoint\",\"urlTemplate\":\"https:\/\/vosgesinfo.fr\/gerardmerinfo\/?s={search_term_string}\"},\"query-input\":\"required name=search_term_string\"}],\"inLanguage\":\"fr-FR\"},{\"@type\":\"Organization\",\"@id\":\"https:\/\/vosgesinfo.fr\/gerardmerinfo\/#organization\",\"name\":\"Gerardmer Info\",\"url\":\"https:\/\/vosgesinfo.fr\/gerardmerinfo\/\",\"logo\":{\"@type\":\"ImageObject\",\"inLanguage\":\"fr-FR\",\"@id\":\"https:\/\/vosgesinfo.fr\/gerardmerinfo\/#\/schema\/logo\/image\/\",\"url\":\"https:\/\/vosgesinfo.fr\/app\/uploads\/sites\/6\/2023\/08\/favicon-gerardmerinfo.png\",\"contentUrl\":\"https:\/\/vosgesinfo.fr\/app\/uploads\/sites\/6\/2023\/08\/favicon-gerardmerinfo.png\",\"width\":512,\"height\":512,\"caption\":\"Gerardmer Info\"},\"image\":{\"@id\":\"https:\/\/vosgesinfo.fr\/gerardmerinfo\/#\/schema\/logo\/image\/\"},\"sameAs\":[\"https:\/\/www.facebook.com\/profile.php?id=100049475262660\",\"https:\/\/x.com\/VosgesInfo88\",\"https:\/\/www.youtube.com\/@vosgesinfo\"]},{\"@type\":\"Person\",\"@id\":\"https:\/\/vosgesinfo.fr\/gerardmerinfo\/#\/schema\/person\/db5605779a843dad16b5368f3e7613a5\",\"name\":\"QG\",\"image\":{\"@type\":\"ImageObject\",\"inLanguage\":\"fr-FR\",\"@id\":\"https:\/\/vosgesinfo.fr\/gerardmerinfo\/#\/schema\/person\/image\/\",\"url\":\"https:\/\/secure.gravatar.com\/avatar\/ea80c42c204b534408512832fde52504ecabb9706bcb6151cf6175e5b64e6793?s=96&d=mm&r=g\",\"contentUrl\":\"https:\/\/secure.gravatar.com\/avatar\/ea80c42c204b534408512832fde52504ecabb9706bcb6151cf6175e5b64e6793?s=96&d=mm&r=g\",\"caption\":\"QG\"},\"url\":\"https:\/\/vosgesinfo.fr\/gerardmerinfo\/author\/quentin88\/\"}]}<\/script>\n<!-- \/ Yoast SEO plugin. -->","yoast_head_json":{"title":"Festival Graines des Toiles : toute une histoire ! - Gerardmer Info","robots":{"index":"index","follow":"follow","max-snippet":"max-snippet:-1","max-image-preview":"max-image-preview:large","max-video-preview":"max-video-preview:-1"},"canonical":"https:\/\/vosgesinfo.fr\/gerardmerinfo\/2018\/09\/festival-graines-toiles-toute-histoire\/","twitter_card":"summary_large_image","twitter_title":"Festival Graines des Toiles : toute une histoire ! - Gerardmer Info","twitter_description":"La 11\u00e8me \u00e9dition du festival du cin\u00e9ma jeune public aura lieu du 15 au 31 octobre 2018 \u00e0 la MCL [&hellip;]","twitter_image":"https:\/\/vosgesinfo.fr\/app\/uploads\/sites\/6\/2024\/07\/201809graines-des-toiles-2018-presentation.jpg","twitter_creator":"@VosgesInfo88","twitter_site":"@VosgesInfo88","twitter_misc":{"\u00c9crit par":"QG","Dur\u00e9e de lecture estim\u00e9e":"4 minutes"},"schema":{"@context":"https:\/\/schema.org","@graph":[{"@type":"Article","@id":"https:\/\/vosgesinfo.fr\/gerardmerinfo\/2018\/09\/festival-graines-toiles-toute-histoire\/#article","isPartOf":{"@id":"https:\/\/vosgesinfo.fr\/gerardmerinfo\/2018\/09\/festival-graines-toiles-toute-histoire\/"},"author":{"name":"QG","@id":"https:\/\/vosgesinfo.fr\/gerardmerinfo\/#\/schema\/person\/db5605779a843dad16b5368f3e7613a5"},"headline":"Festival Graines des Toiles : toute une histoire !","datePublished":"2018-09-28T12:20:44+00:00","dateModified":"2018-09-28T12:20:44+00:00","mainEntityOfPage":{"@id":"https:\/\/vosgesinfo.fr\/gerardmerinfo\/2018\/09\/festival-graines-toiles-toute-histoire\/"},"wordCount":736,"commentCount":0,"publisher":{"@id":"https:\/\/vosgesinfo.fr\/gerardmerinfo\/#organization"},"image":{"@id":"https:\/\/vosgesinfo.fr\/gerardmerinfo\/2018\/09\/festival-graines-toiles-toute-histoire\/#primaryimage"},"thumbnailUrl":"https:\/\/vosgesinfo.fr\/app\/uploads\/sites\/6\/2024\/07\/201809graines-des-toiles-2018-presentation.jpg","keywords":["festival graines des toiles","MCL G\u00e9rardmer"],"articleSection":["A la une","Culture","Vosges"],"inLanguage":"fr-FR","potentialAction":[{"@type":"CommentAction","name":"Comment","target":["https:\/\/vosgesinfo.fr\/gerardmerinfo\/2018\/09\/festival-graines-toiles-toute-histoire\/#respond"]}]},{"@type":"WebPage","@id":"https:\/\/vosgesinfo.fr\/gerardmerinfo\/2018\/09\/festival-graines-toiles-toute-histoire\/","url":"https:\/\/vosgesinfo.fr\/gerardmerinfo\/2018\/09\/festival-graines-toiles-toute-histoire\/","name":"Festival Graines des Toiles : toute une histoire ! - Gerardmer Info","isPartOf":{"@id":"https:\/\/vosgesinfo.fr\/gerardmerinfo\/#website"},"primaryImageOfPage":{"@id":"https:\/\/vosgesinfo.fr\/gerardmerinfo\/2018\/09\/festival-graines-toiles-toute-histoire\/#primaryimage"},"image":{"@id":"https:\/\/vosgesinfo.fr\/gerardmerinfo\/2018\/09\/festival-graines-toiles-toute-histoire\/#primaryimage"},"thumbnailUrl":"https:\/\/vosgesinfo.fr\/app\/uploads\/sites\/6\/2024\/07\/201809graines-des-toiles-2018-presentation.jpg","datePublished":"2018-09-28T12:20:44+00:00","dateModified":"2018-09-28T12:20:44+00:00","breadcrumb":{"@id":"https:\/\/vosgesinfo.fr\/gerardmerinfo\/2018\/09\/festival-graines-toiles-toute-histoire\/#breadcrumb"},"inLanguage":"fr-FR","potentialAction":[{"@type":"ReadAction","target":["https:\/\/vosgesinfo.fr\/gerardmerinfo\/2018\/09\/festival-graines-toiles-toute-histoire\/"]}]},{"@type":"ImageObject","inLanguage":"fr-FR","@id":"https:\/\/vosgesinfo.fr\/gerardmerinfo\/2018\/09\/festival-graines-toiles-toute-histoire\/#primaryimage","url":"https:\/\/vosgesinfo.fr\/app\/uploads\/sites\/6\/2024\/07\/201809graines-des-toiles-2018-presentation.jpg","contentUrl":"https:\/\/vosgesinfo.fr\/app\/uploads\/sites\/6\/2024\/07\/201809graines-des-toiles-2018-presentation.jpg","width":800,"height":600},{"@type":"BreadcrumbList","@id":"https:\/\/vosgesinfo.fr\/gerardmerinfo\/2018\/09\/festival-graines-toiles-toute-histoire\/#breadcrumb","itemListElement":[{"@type":"ListItem","position":1,"name":"Home","item":"https:\/\/vosgesinfo.fr\/gerardmerinfo\/"},{"@type":"ListItem","position":2,"name":"Festival Graines des Toiles : toute une histoire !"}]},{"@type":"WebSite","@id":"https:\/\/vosgesinfo.fr\/gerardmerinfo\/#website","url":"https:\/\/vosgesinfo.fr\/gerardmerinfo\/","name":"Gerardmer Info","description":"Toute l&#039;actualit\u00e9 de G\u00e9rardmer","publisher":{"@id":"https:\/\/vosgesinfo.fr\/gerardmerinfo\/#organization"},"alternateName":"Toute l'actualit\u00e9 de G\u00e9rardmer","potentialAction":[{"@type":"SearchAction","target":{"@type":"EntryPoint","urlTemplate":"https:\/\/vosgesinfo.fr\/gerardmerinfo\/?s={search_term_string}"},"query-input":"required name=search_term_string"}],"inLanguage":"fr-FR"},{"@type":"Organization","@id":"https:\/\/vosgesinfo.fr\/gerardmerinfo\/#organization","name":"Gerardmer Info","url":"https:\/\/vosgesinfo.fr\/gerardmerinfo\/","logo":{"@type":"ImageObject","inLanguage":"fr-FR","@id":"https:\/\/vosgesinfo.fr\/gerardmerinfo\/#\/schema\/logo\/image\/","url":"https:\/\/vosgesinfo.fr\/app\/uploads\/sites\/6\/2023\/08\/favicon-gerardmerinfo.png","contentUrl":"https:\/\/vosgesinfo.fr\/app\/uploads\/sites\/6\/2023\/08\/favicon-gerardmerinfo.png","width":512,"height":512,"caption":"Gerardmer Info"},"image":{"@id":"https:\/\/vosgesinfo.fr\/gerardmerinfo\/#\/schema\/logo\/image\/"},"sameAs":["https:\/\/www.facebook.com\/profile.php?id=100049475262660","https:\/\/x.com\/VosgesInfo88","https:\/\/www.youtube.com\/@vosgesinfo"]},{"@type":"Person","@id":"https:\/\/vosgesinfo.fr\/gerardmerinfo\/#\/schema\/person\/db5605779a843dad16b5368f3e7613a5","name":"QG","image":{"@type":"ImageObject","inLanguage":"fr-FR","@id":"https:\/\/vosgesinfo.fr\/gerardmerinfo\/#\/schema\/person\/image\/","url":"https:\/\/secure.gravatar.com\/avatar\/ea80c42c204b534408512832fde52504ecabb9706bcb6151cf6175e5b64e6793?s=96&d=mm&r=g","contentUrl":"https:\/\/secure.gravatar.com\/avatar\/ea80c42c204b534408512832fde52504ecabb9706bcb6151cf6175e5b64e6793?s=96&d=mm&r=g","caption":"QG"},"url":"https:\/\/vosgesinfo.fr\/gerardmerinfo\/author\/quentin88\/"}]}},"_links":{"self":[{"href":"https:\/\/vosgesinfo.fr\/gerardmerinfo\/wp-json\/wp\/v2\/posts\/36895","targetHints":{"allow":["GET"]}}],"collection":[{"href":"https:\/\/vosgesinfo.fr\/gerardmerinfo\/wp-json\/wp\/v2\/posts"}],"about":[{"href":"https:\/\/vosgesinfo.fr\/gerardmerinfo\/wp-json\/wp\/v2\/types\/post"}],"author":[{"embeddable":true,"href":"https:\/\/vosgesinfo.fr\/gerardmerinfo\/wp-json\/wp\/v2\/users\/42"}],"replies":[{"embeddable":true,"href":"https:\/\/vosgesinfo.fr\/gerardmerinfo\/wp-json\/wp\/v2\/comments?post=36895"}],"version-history":[{"count":0,"href":"https:\/\/vosgesinfo.fr\/gerardmerinfo\/wp-json\/wp\/v2\/posts\/36895\/revisions"}],"wp:featuredmedia":[{"embeddable":true,"href":"https:\/\/vosgesinfo.fr\/gerardmerinfo\/wp-json\/wp\/v2\/media\/36896"}],"wp:attachment":[{"href":"https:\/\/vosgesinfo.fr\/gerardmerinfo\/wp-json\/wp\/v2\/media?parent=36895"}],"wp:term":[{"taxonomy":"category","embeddable":true,"href":"https:\/\/vosgesinfo.fr\/gerardmerinfo\/wp-json\/wp\/v2\/categories?post=36895"},{"taxonomy":"post_tag","embeddable":true,"href":"https:\/\/vosgesinfo.fr\/gerardmerinfo\/wp-json\/wp\/v2\/tags?post=36895"}],"curies":[{"name":"wp","href":"https:\/\/api.w.org\/{rel}","templated":true}]}}