{"id":36899,"date":"2018-09-28T14:14:21","date_gmt":"2018-09-28T12:14:21","guid":{"rendered":"https:\/\/vosgesinfo.fr\/gerardmerinfo\/2018\/09\/graines-toiles-entre-deux-seances-de-cine\/"},"modified":"2018-09-28T14:14:21","modified_gmt":"2018-09-28T12:14:21","slug":"graines-toiles-entre-deux-seances-de-cine","status":"publish","type":"post","link":"https:\/\/vosgesinfo.fr\/gerardmerinfo\/2018\/09\/graines-toiles-entre-deux-seances-de-cine\/","title":{"rendered":"Graines des Toiles : entre deux s\u00e9ances de cin\u00e9"},"content":{"rendered":"<h3>Graines des Toiles, c&rsquo;est un maximum de cin\u00e9ma, mais pas que. Comme qui dirait, il y aura \u00e0 voir, mais aussi \u00e0 faire, \u00e0 contempler, \u00e0 \u00e9couter.<\/h3>\n<p><a href=\"\/2018\/09\/escapades-herve_gourdet.jpg\"><img decoding=\"async\" class=\"alignright size-medium wp-image-135075\" src=\"\/2018\/09\/escapades-herve_gourdet-371x255.jpg\" alt=\"escapades herve_gourdet\" width=\"371\" height=\"255\" \/><\/a>Commen\u00e7ons avec l&rsquo;exposition de l&rsquo;illustrateur Herv\u00e9 Gourdet qui fera la part belle \u00e0 son projet <em>Les Escapades Fantastiques.<\/em> Ce dernier se compose d\u2019une collection de 14 livres ou carnets de voyages nous invitant \u00e0\u00a0d\u00e9couvrir le patrimoine immat\u00e9riel\u00a0fantastique de 14 r\u00e9gions fran\u00e7aises.\u00a0Chaque carnet de voyages contiendra des textes (contes, histoires, lieux-dits,\u00a0etc. . . ), des illustrations, des photos\u00a0des lieux visit\u00e9s, des \u00e9preuves de g\u00e9ocaching\u00a0et des vid\u00e9os visibles gr\u00e2ce \u00e0 de\u00a0nombreux QRcodes. Dans ces vid\u00e9os les lecteurs pourront\u00a0\u00e9galement visionner des r\u00e9cits, des\u00a0contes, des histoires racont\u00e9es par les\u00a0intervenants eux-m\u00eames, rencontr\u00e9s\u00a0lors de l\u2019exp\u00e9dition par l\u2019auteur du livre.\u00a0\u00c0 la mani\u00e8re d\u2019un colporteur des temps\u00a0modernes, l\u2019auteur va effectuer un\u00a0travail de collectage multim\u00e9dia sur\u00a0Du 15 octobre au 5 novembre 2018\u00a0plusieurs r\u00e9gions aupr\u00e8s de\u00a0conteurs, raconteurs, artistes,\u00a0\u00e9crivains ou encore de passionn\u00e9s.\u00a0Avec ses micros, cam\u00e9ras et\u00a0appareil photo, il r\u00e9colte des\u00a0t\u00e9moignages audio, des images\u00a0et des interviews \u00e0 la mani\u00e8re\u00a0des collecteurs de contes. Venez d\u00e9couvrir le premier des\u00a014 livres qui est consacr\u00e9 aux Ardennes.<br \/>\nHerv\u00e9 Gourdet ne s&rsquo;arr\u00eatera pas en si bon chemin et cette exposition donnera \u00e9galement lieu \u00e0 un atelier illustration \u00e0 destination des ados et des adultes qui vous permettra, sur deux soir\u00e9es, de vous initier au dessin et au genre fantastique. L&rsquo;occasion de profiter de l&rsquo;exp\u00e9rience et des conseils d&rsquo;un expert en la mati\u00e8re le mardi 16 et le mercredi 17 octobre de 18 h \u00e0 20 h 30. L&rsquo;autre atelier \u00e0 ne pas manquer est celui qui sera consacr\u00e9 aux bruitages et encadr\u00e9 par Jean-Carl Feldis. Ce sp\u00e9cialiste vous proposera une exp\u00e9rience originale autour du doublage, du bruitage et de la musique de film. Quel que soit votre \u00e2ge et votre sensibilit\u00e9, laissez-vous surprendre par cet atelier-spectacle interactif&#8230; \u00c7a promet !! Enfin, un week-end sp\u00e9cial Michel Ocelot vous permettra de revoir deux de ses films (<em>Princes et Princesses<\/em> et <em>Azur et Asmar) <\/em>ainsi que sa nouvelle cr\u00e9ation<em> Dilili \u00e0 Paris. <\/em>Des projections accompagn\u00e9es d&rsquo;un atelier d\u00e9di\u00e9 \u00e0 la technique des ombres chinoises et \u00e0 la fabrication de vos propres personnages. Ce sera le samedi 27 et le dimanche 28 octobre.<\/p>\n<div id=\"attachment_135062\" style=\"width: 310px\" class=\"wp-caption alignright\"><a href=\"\/2018\/09\/pr\u00e9sentations-graines-des-toiles-2018-1-e1538140066538.jpg\"><img decoding=\"async\" aria-describedby=\"caption-attachment-135062\" class=\"wp-image-135062\" src=\"\/2018\/09\/pr\u00e9sentations-graines-des-toiles-2018-1-e1538140066538.jpg\" alt=\"pr\u00e9sentations graines des toiles 2018 (1)\" width=\"300\" height=\"400\" \/><\/a><p id=\"caption-attachment-135062\" class=\"wp-caption-text\">Le livret-jeux ainsi que le programme du festival seront distribu\u00e9s dans de petits sacs sp\u00e9cialement pr\u00e9vus \u00e0 cet effet&#8230;<\/p><\/div>\n<p>Pour les amateurs du genre,<em> Le jeu dans la ville<\/em> sera de retour cette ann\u00e9e. Le but du jeu consistera \u00e0 retrouver l\u2019\u0153il rond du logo de la MCL dans les vitrines des commer\u00e7ants participants dont la liste sera fournie avec le livret jeux et le joli petit sac pr\u00e9vu \u00e0 cet effet. Cet \u0153il sera pos\u00e9 sur un objet : hibou, caillou, chou, genou&#8230; Qui sait ?! Ces diff\u00e9rents objets seront le point de d\u00e9part d&rsquo;une histoire faite maison que vous devrez inventer et illustrer, ce jeu faisant donc appel \u00e0 votre imaginaire&#8230; Toutes vos pages d&rsquo;\u00e9critures et jolis dessins (au format A4) seront collect\u00e9s et reproduits \u00e0 la MCL pour \u00eatre pr\u00e9sent\u00e9s dans un album qui s&rsquo;\u00e9toffera au fil du festival. Voil\u00e0 pour les temps forts de ce 11\u00e8me festival. Mais sachez que d&rsquo;autres expositions et rendez-vous ludiques vous attendent \u00e0 la MCL et chez ses partenaires comme la ludoth\u00e8que et la m\u00e9diath\u00e8que, \u00e0 l&rsquo;image des soir\u00e9es pyjama et jeux, ainsi que d&rsquo;autres expositions en lien avec le th\u00e8me \u00ab\u00a0contes &amp; l\u00e9gendes\u00a0\u00bb qui se d\u00e9cline \u00e0 volont\u00e9 ou presque. Pour en savoir plus, rdv sur le site du festival : <a href=\"http:\/\/grainesdestoiles.com\/\" target=\"_blank\" rel=\"noopener\">http:\/\/grainesdestoiles.com\/<\/a><\/p>\n<p><strong>Inauguration le lundi 15 octobre \u00e0 partir de 18 h 30 avec en prime un peu de musique m\u00e9di\u00e9vale interpr\u00e9t\u00e9e par Aur\u00e9lien Guyot.\u00a0<\/strong><\/p>\n","protected":false},"excerpt":{"rendered":"<p>Graines des Toiles, c&rsquo;est un maximum de cin\u00e9ma, mais pas que. Comme qui dirait, il y aura \u00e0 voir, mais [&hellip;]<\/p>\n","protected":false},"author":42,"featured_media":36900,"comment_status":"open","ping_status":"open","sticky":false,"template":"","format":"standard","meta":{"footnotes":""},"categories":[20,4,18],"tags":[537,3842,103],"class_list":["post-36899","post","type-post","status-publish","format-standard","has-post-thumbnail","hentry","category-a-la-une","category-culture","category-vosges","tag-festival-graines-des-toiles","tag-herve-gourdet","tag-mcl-gerardmer"],"acf":[],"yoast_head":"<!-- This site is optimized with the Yoast SEO plugin v22.5 - https:\/\/yoast.com\/wordpress\/plugins\/seo\/ -->\n<title>Graines des Toiles : entre deux s\u00e9ances de cin\u00e9 - Gerardmer Info<\/title>\n<meta name=\"robots\" content=\"index, follow, max-snippet:-1, max-image-preview:large, max-video-preview:-1\" \/>\n<link rel=\"canonical\" href=\"https:\/\/vosgesinfo.fr\/gerardmerinfo\/2018\/09\/graines-toiles-entre-deux-seances-de-cine\/\" \/>\n<meta name=\"twitter:card\" content=\"summary_large_image\" \/>\n<meta name=\"twitter:title\" content=\"Graines des Toiles : entre deux s\u00e9ances de cin\u00e9 - Gerardmer Info\" \/>\n<meta name=\"twitter:description\" content=\"Graines des Toiles, c&rsquo;est un maximum de cin\u00e9ma, mais pas que. Comme qui dirait, il y aura \u00e0 voir, mais [&hellip;]\" \/>\n<meta name=\"twitter:image\" content=\"https:\/\/vosgesinfo.fr\/app\/uploads\/sites\/6\/2024\/07\/201809escapades-herve-gourdet.jpg\" \/>\n<meta name=\"twitter:creator\" content=\"@VosgesInfo88\" \/>\n<meta name=\"twitter:site\" content=\"@VosgesInfo88\" \/>\n<meta name=\"twitter:label1\" content=\"\u00c9crit par\" \/>\n\t<meta name=\"twitter:data1\" content=\"QG\" \/>\n\t<meta name=\"twitter:label2\" content=\"Dur\u00e9e de lecture estim\u00e9e\" \/>\n\t<meta name=\"twitter:data2\" content=\"3 minutes\" \/>\n<script type=\"application\/ld+json\" class=\"yoast-schema-graph\">{\"@context\":\"https:\/\/schema.org\",\"@graph\":[{\"@type\":\"Article\",\"@id\":\"https:\/\/vosgesinfo.fr\/gerardmerinfo\/2018\/09\/graines-toiles-entre-deux-seances-de-cine\/#article\",\"isPartOf\":{\"@id\":\"https:\/\/vosgesinfo.fr\/gerardmerinfo\/2018\/09\/graines-toiles-entre-deux-seances-de-cine\/\"},\"author\":{\"name\":\"QG\",\"@id\":\"https:\/\/vosgesinfo.fr\/gerardmerinfo\/#\/schema\/person\/db5605779a843dad16b5368f3e7613a5\"},\"headline\":\"Graines des Toiles : entre deux s\u00e9ances de cin\u00e9\",\"datePublished\":\"2018-09-28T12:14:21+00:00\",\"dateModified\":\"2018-09-28T12:14:21+00:00\",\"mainEntityOfPage\":{\"@id\":\"https:\/\/vosgesinfo.fr\/gerardmerinfo\/2018\/09\/graines-toiles-entre-deux-seances-de-cine\/\"},\"wordCount\":669,\"commentCount\":0,\"publisher\":{\"@id\":\"https:\/\/vosgesinfo.fr\/gerardmerinfo\/#organization\"},\"image\":{\"@id\":\"https:\/\/vosgesinfo.fr\/gerardmerinfo\/2018\/09\/graines-toiles-entre-deux-seances-de-cine\/#primaryimage\"},\"thumbnailUrl\":\"https:\/\/vosgesinfo.fr\/app\/uploads\/sites\/6\/2024\/07\/201809escapades-herve-gourdet.jpg\",\"keywords\":[\"festival graines des toiles\",\"herv\u00e9 gourdet\",\"MCL G\u00e9rardmer\"],\"articleSection\":[\"A la une\",\"Culture\",\"Vosges\"],\"inLanguage\":\"fr-FR\",\"potentialAction\":[{\"@type\":\"CommentAction\",\"name\":\"Comment\",\"target\":[\"https:\/\/vosgesinfo.fr\/gerardmerinfo\/2018\/09\/graines-toiles-entre-deux-seances-de-cine\/#respond\"]}]},{\"@type\":\"WebPage\",\"@id\":\"https:\/\/vosgesinfo.fr\/gerardmerinfo\/2018\/09\/graines-toiles-entre-deux-seances-de-cine\/\",\"url\":\"https:\/\/vosgesinfo.fr\/gerardmerinfo\/2018\/09\/graines-toiles-entre-deux-seances-de-cine\/\",\"name\":\"Graines des Toiles : entre deux s\u00e9ances de cin\u00e9 - Gerardmer Info\",\"isPartOf\":{\"@id\":\"https:\/\/vosgesinfo.fr\/gerardmerinfo\/#website\"},\"primaryImageOfPage\":{\"@id\":\"https:\/\/vosgesinfo.fr\/gerardmerinfo\/2018\/09\/graines-toiles-entre-deux-seances-de-cine\/#primaryimage\"},\"image\":{\"@id\":\"https:\/\/vosgesinfo.fr\/gerardmerinfo\/2018\/09\/graines-toiles-entre-deux-seances-de-cine\/#primaryimage\"},\"thumbnailUrl\":\"https:\/\/vosgesinfo.fr\/app\/uploads\/sites\/6\/2024\/07\/201809escapades-herve-gourdet.jpg\",\"datePublished\":\"2018-09-28T12:14:21+00:00\",\"dateModified\":\"2018-09-28T12:14:21+00:00\",\"breadcrumb\":{\"@id\":\"https:\/\/vosgesinfo.fr\/gerardmerinfo\/2018\/09\/graines-toiles-entre-deux-seances-de-cine\/#breadcrumb\"},\"inLanguage\":\"fr-FR\",\"potentialAction\":[{\"@type\":\"ReadAction\",\"target\":[\"https:\/\/vosgesinfo.fr\/gerardmerinfo\/2018\/09\/graines-toiles-entre-deux-seances-de-cine\/\"]}]},{\"@type\":\"ImageObject\",\"inLanguage\":\"fr-FR\",\"@id\":\"https:\/\/vosgesinfo.fr\/gerardmerinfo\/2018\/09\/graines-toiles-entre-deux-seances-de-cine\/#primaryimage\",\"url\":\"https:\/\/vosgesinfo.fr\/app\/uploads\/sites\/6\/2024\/07\/201809escapades-herve-gourdet.jpg\",\"contentUrl\":\"https:\/\/vosgesinfo.fr\/app\/uploads\/sites\/6\/2024\/07\/201809escapades-herve-gourdet.jpg\",\"width\":800,\"height\":550},{\"@type\":\"BreadcrumbList\",\"@id\":\"https:\/\/vosgesinfo.fr\/gerardmerinfo\/2018\/09\/graines-toiles-entre-deux-seances-de-cine\/#breadcrumb\",\"itemListElement\":[{\"@type\":\"ListItem\",\"position\":1,\"name\":\"Home\",\"item\":\"https:\/\/vosgesinfo.fr\/gerardmerinfo\/\"},{\"@type\":\"ListItem\",\"position\":2,\"name\":\"Graines des Toiles : entre deux s\u00e9ances de cin\u00e9\"}]},{\"@type\":\"WebSite\",\"@id\":\"https:\/\/vosgesinfo.fr\/gerardmerinfo\/#website\",\"url\":\"https:\/\/vosgesinfo.fr\/gerardmerinfo\/\",\"name\":\"Gerardmer Info\",\"description\":\"Toute l&#039;actualit\u00e9 de G\u00e9rardmer\",\"publisher\":{\"@id\":\"https:\/\/vosgesinfo.fr\/gerardmerinfo\/#organization\"},\"alternateName\":\"Toute l'actualit\u00e9 de G\u00e9rardmer\",\"potentialAction\":[{\"@type\":\"SearchAction\",\"target\":{\"@type\":\"EntryPoint\",\"urlTemplate\":\"https:\/\/vosgesinfo.fr\/gerardmerinfo\/?s={search_term_string}\"},\"query-input\":\"required name=search_term_string\"}],\"inLanguage\":\"fr-FR\"},{\"@type\":\"Organization\",\"@id\":\"https:\/\/vosgesinfo.fr\/gerardmerinfo\/#organization\",\"name\":\"Gerardmer Info\",\"url\":\"https:\/\/vosgesinfo.fr\/gerardmerinfo\/\",\"logo\":{\"@type\":\"ImageObject\",\"inLanguage\":\"fr-FR\",\"@id\":\"https:\/\/vosgesinfo.fr\/gerardmerinfo\/#\/schema\/logo\/image\/\",\"url\":\"https:\/\/vosgesinfo.fr\/app\/uploads\/sites\/6\/2023\/08\/favicon-gerardmerinfo.png\",\"contentUrl\":\"https:\/\/vosgesinfo.fr\/app\/uploads\/sites\/6\/2023\/08\/favicon-gerardmerinfo.png\",\"width\":512,\"height\":512,\"caption\":\"Gerardmer Info\"},\"image\":{\"@id\":\"https:\/\/vosgesinfo.fr\/gerardmerinfo\/#\/schema\/logo\/image\/\"},\"sameAs\":[\"https:\/\/www.facebook.com\/profile.php?id=100049475262660\",\"https:\/\/x.com\/VosgesInfo88\",\"https:\/\/www.youtube.com\/@vosgesinfo\"]},{\"@type\":\"Person\",\"@id\":\"https:\/\/vosgesinfo.fr\/gerardmerinfo\/#\/schema\/person\/db5605779a843dad16b5368f3e7613a5\",\"name\":\"QG\",\"image\":{\"@type\":\"ImageObject\",\"inLanguage\":\"fr-FR\",\"@id\":\"https:\/\/vosgesinfo.fr\/gerardmerinfo\/#\/schema\/person\/image\/\",\"url\":\"https:\/\/secure.gravatar.com\/avatar\/ea80c42c204b534408512832fde52504ecabb9706bcb6151cf6175e5b64e6793?s=96&d=mm&r=g\",\"contentUrl\":\"https:\/\/secure.gravatar.com\/avatar\/ea80c42c204b534408512832fde52504ecabb9706bcb6151cf6175e5b64e6793?s=96&d=mm&r=g\",\"caption\":\"QG\"},\"url\":\"https:\/\/vosgesinfo.fr\/gerardmerinfo\/author\/quentin88\/\"}]}<\/script>\n<!-- \/ Yoast SEO plugin. -->","yoast_head_json":{"title":"Graines des Toiles : entre deux s\u00e9ances de cin\u00e9 - Gerardmer Info","robots":{"index":"index","follow":"follow","max-snippet":"max-snippet:-1","max-image-preview":"max-image-preview:large","max-video-preview":"max-video-preview:-1"},"canonical":"https:\/\/vosgesinfo.fr\/gerardmerinfo\/2018\/09\/graines-toiles-entre-deux-seances-de-cine\/","twitter_card":"summary_large_image","twitter_title":"Graines des Toiles : entre deux s\u00e9ances de cin\u00e9 - Gerardmer Info","twitter_description":"Graines des Toiles, c&rsquo;est un maximum de cin\u00e9ma, mais pas que. Comme qui dirait, il y aura \u00e0 voir, mais [&hellip;]","twitter_image":"https:\/\/vosgesinfo.fr\/app\/uploads\/sites\/6\/2024\/07\/201809escapades-herve-gourdet.jpg","twitter_creator":"@VosgesInfo88","twitter_site":"@VosgesInfo88","twitter_misc":{"\u00c9crit par":"QG","Dur\u00e9e de lecture estim\u00e9e":"3 minutes"},"schema":{"@context":"https:\/\/schema.org","@graph":[{"@type":"Article","@id":"https:\/\/vosgesinfo.fr\/gerardmerinfo\/2018\/09\/graines-toiles-entre-deux-seances-de-cine\/#article","isPartOf":{"@id":"https:\/\/vosgesinfo.fr\/gerardmerinfo\/2018\/09\/graines-toiles-entre-deux-seances-de-cine\/"},"author":{"name":"QG","@id":"https:\/\/vosgesinfo.fr\/gerardmerinfo\/#\/schema\/person\/db5605779a843dad16b5368f3e7613a5"},"headline":"Graines des Toiles : entre deux s\u00e9ances de cin\u00e9","datePublished":"2018-09-28T12:14:21+00:00","dateModified":"2018-09-28T12:14:21+00:00","mainEntityOfPage":{"@id":"https:\/\/vosgesinfo.fr\/gerardmerinfo\/2018\/09\/graines-toiles-entre-deux-seances-de-cine\/"},"wordCount":669,"commentCount":0,"publisher":{"@id":"https:\/\/vosgesinfo.fr\/gerardmerinfo\/#organization"},"image":{"@id":"https:\/\/vosgesinfo.fr\/gerardmerinfo\/2018\/09\/graines-toiles-entre-deux-seances-de-cine\/#primaryimage"},"thumbnailUrl":"https:\/\/vosgesinfo.fr\/app\/uploads\/sites\/6\/2024\/07\/201809escapades-herve-gourdet.jpg","keywords":["festival graines des toiles","herv\u00e9 gourdet","MCL G\u00e9rardmer"],"articleSection":["A la une","Culture","Vosges"],"inLanguage":"fr-FR","potentialAction":[{"@type":"CommentAction","name":"Comment","target":["https:\/\/vosgesinfo.fr\/gerardmerinfo\/2018\/09\/graines-toiles-entre-deux-seances-de-cine\/#respond"]}]},{"@type":"WebPage","@id":"https:\/\/vosgesinfo.fr\/gerardmerinfo\/2018\/09\/graines-toiles-entre-deux-seances-de-cine\/","url":"https:\/\/vosgesinfo.fr\/gerardmerinfo\/2018\/09\/graines-toiles-entre-deux-seances-de-cine\/","name":"Graines des Toiles : entre deux s\u00e9ances de cin\u00e9 - Gerardmer Info","isPartOf":{"@id":"https:\/\/vosgesinfo.fr\/gerardmerinfo\/#website"},"primaryImageOfPage":{"@id":"https:\/\/vosgesinfo.fr\/gerardmerinfo\/2018\/09\/graines-toiles-entre-deux-seances-de-cine\/#primaryimage"},"image":{"@id":"https:\/\/vosgesinfo.fr\/gerardmerinfo\/2018\/09\/graines-toiles-entre-deux-seances-de-cine\/#primaryimage"},"thumbnailUrl":"https:\/\/vosgesinfo.fr\/app\/uploads\/sites\/6\/2024\/07\/201809escapades-herve-gourdet.jpg","datePublished":"2018-09-28T12:14:21+00:00","dateModified":"2018-09-28T12:14:21+00:00","breadcrumb":{"@id":"https:\/\/vosgesinfo.fr\/gerardmerinfo\/2018\/09\/graines-toiles-entre-deux-seances-de-cine\/#breadcrumb"},"inLanguage":"fr-FR","potentialAction":[{"@type":"ReadAction","target":["https:\/\/vosgesinfo.fr\/gerardmerinfo\/2018\/09\/graines-toiles-entre-deux-seances-de-cine\/"]}]},{"@type":"ImageObject","inLanguage":"fr-FR","@id":"https:\/\/vosgesinfo.fr\/gerardmerinfo\/2018\/09\/graines-toiles-entre-deux-seances-de-cine\/#primaryimage","url":"https:\/\/vosgesinfo.fr\/app\/uploads\/sites\/6\/2024\/07\/201809escapades-herve-gourdet.jpg","contentUrl":"https:\/\/vosgesinfo.fr\/app\/uploads\/sites\/6\/2024\/07\/201809escapades-herve-gourdet.jpg","width":800,"height":550},{"@type":"BreadcrumbList","@id":"https:\/\/vosgesinfo.fr\/gerardmerinfo\/2018\/09\/graines-toiles-entre-deux-seances-de-cine\/#breadcrumb","itemListElement":[{"@type":"ListItem","position":1,"name":"Home","item":"https:\/\/vosgesinfo.fr\/gerardmerinfo\/"},{"@type":"ListItem","position":2,"name":"Graines des Toiles : entre deux s\u00e9ances de cin\u00e9"}]},{"@type":"WebSite","@id":"https:\/\/vosgesinfo.fr\/gerardmerinfo\/#website","url":"https:\/\/vosgesinfo.fr\/gerardmerinfo\/","name":"Gerardmer Info","description":"Toute l&#039;actualit\u00e9 de G\u00e9rardmer","publisher":{"@id":"https:\/\/vosgesinfo.fr\/gerardmerinfo\/#organization"},"alternateName":"Toute l'actualit\u00e9 de G\u00e9rardmer","potentialAction":[{"@type":"SearchAction","target":{"@type":"EntryPoint","urlTemplate":"https:\/\/vosgesinfo.fr\/gerardmerinfo\/?s={search_term_string}"},"query-input":"required name=search_term_string"}],"inLanguage":"fr-FR"},{"@type":"Organization","@id":"https:\/\/vosgesinfo.fr\/gerardmerinfo\/#organization","name":"Gerardmer Info","url":"https:\/\/vosgesinfo.fr\/gerardmerinfo\/","logo":{"@type":"ImageObject","inLanguage":"fr-FR","@id":"https:\/\/vosgesinfo.fr\/gerardmerinfo\/#\/schema\/logo\/image\/","url":"https:\/\/vosgesinfo.fr\/app\/uploads\/sites\/6\/2023\/08\/favicon-gerardmerinfo.png","contentUrl":"https:\/\/vosgesinfo.fr\/app\/uploads\/sites\/6\/2023\/08\/favicon-gerardmerinfo.png","width":512,"height":512,"caption":"Gerardmer Info"},"image":{"@id":"https:\/\/vosgesinfo.fr\/gerardmerinfo\/#\/schema\/logo\/image\/"},"sameAs":["https:\/\/www.facebook.com\/profile.php?id=100049475262660","https:\/\/x.com\/VosgesInfo88","https:\/\/www.youtube.com\/@vosgesinfo"]},{"@type":"Person","@id":"https:\/\/vosgesinfo.fr\/gerardmerinfo\/#\/schema\/person\/db5605779a843dad16b5368f3e7613a5","name":"QG","image":{"@type":"ImageObject","inLanguage":"fr-FR","@id":"https:\/\/vosgesinfo.fr\/gerardmerinfo\/#\/schema\/person\/image\/","url":"https:\/\/secure.gravatar.com\/avatar\/ea80c42c204b534408512832fde52504ecabb9706bcb6151cf6175e5b64e6793?s=96&d=mm&r=g","contentUrl":"https:\/\/secure.gravatar.com\/avatar\/ea80c42c204b534408512832fde52504ecabb9706bcb6151cf6175e5b64e6793?s=96&d=mm&r=g","caption":"QG"},"url":"https:\/\/vosgesinfo.fr\/gerardmerinfo\/author\/quentin88\/"}]}},"_links":{"self":[{"href":"https:\/\/vosgesinfo.fr\/gerardmerinfo\/wp-json\/wp\/v2\/posts\/36899","targetHints":{"allow":["GET"]}}],"collection":[{"href":"https:\/\/vosgesinfo.fr\/gerardmerinfo\/wp-json\/wp\/v2\/posts"}],"about":[{"href":"https:\/\/vosgesinfo.fr\/gerardmerinfo\/wp-json\/wp\/v2\/types\/post"}],"author":[{"embeddable":true,"href":"https:\/\/vosgesinfo.fr\/gerardmerinfo\/wp-json\/wp\/v2\/users\/42"}],"replies":[{"embeddable":true,"href":"https:\/\/vosgesinfo.fr\/gerardmerinfo\/wp-json\/wp\/v2\/comments?post=36899"}],"version-history":[{"count":0,"href":"https:\/\/vosgesinfo.fr\/gerardmerinfo\/wp-json\/wp\/v2\/posts\/36899\/revisions"}],"wp:featuredmedia":[{"embeddable":true,"href":"https:\/\/vosgesinfo.fr\/gerardmerinfo\/wp-json\/wp\/v2\/media\/36900"}],"wp:attachment":[{"href":"https:\/\/vosgesinfo.fr\/gerardmerinfo\/wp-json\/wp\/v2\/media?parent=36899"}],"wp:term":[{"taxonomy":"category","embeddable":true,"href":"https:\/\/vosgesinfo.fr\/gerardmerinfo\/wp-json\/wp\/v2\/categories?post=36899"},{"taxonomy":"post_tag","embeddable":true,"href":"https:\/\/vosgesinfo.fr\/gerardmerinfo\/wp-json\/wp\/v2\/tags?post=36899"}],"curies":[{"name":"wp","href":"https:\/\/api.w.org\/{rel}","templated":true}]}}