{"id":36902,"date":"2018-09-30T12:19:34","date_gmt":"2018-09-30T10:19:34","guid":{"rendered":"https:\/\/vosgesinfo.fr\/gerardmerinfo\/2018\/09\/bernard-dimey-jean-michel-martial\/"},"modified":"2018-09-30T12:19:34","modified_gmt":"2018-09-30T10:19:34","slug":"bernard-dimey-jean-michel-martial","status":"publish","type":"post","link":"https:\/\/vosgesinfo.fr\/gerardmerinfo\/2018\/09\/bernard-dimey-jean-michel-martial\/","title":{"rendered":"\u00ab Bernard Dimey \u00bb par Jean-Michel MARTIAL"},"content":{"rendered":"<p><a href=\"\/2018\/09\/IMG_8151.jpg\"><img decoding=\"async\" class=\"aligncenter size-medium wp-image-135086\" src=\"\/2018\/09\/IMG_8151-383x255.jpg\" alt=\"IMG_8151\" width=\"383\" height=\"255\" \/><\/a><\/p>\n<h3>Pourquoi une soir\u00e9e Bernard Dimey au Grand H\u00f4tel de G\u00e9rardmer ? Rendez-vous vendredi 5 octobre \u00e0 20 h 00 au Grand H\u00f4tel pour un d\u00eener-spectacle exceptionnel en compagnie de Jean-Michel Martial ainsi que des musiciens locaux.<\/h3>\n<p>Michel Morette vous en dis plus :<\/p>\n<p>\u00ab\u00a0<em>Jean-Michel MARTIAL, l\u2019une des vedettes de Profilages sur TF1, qui r\u00e9p\u00e8te actuellement \u00e0 Paris ma pi\u00e8ce de th\u00e9\u00e2tre \u00ab H\u00f4tel des Lunes \u00bb et qui va jouer dans mon film \u00ab Hortense et les 6 doigts de la main \u00bb avec Firmine Richard, m\u2019a demand\u00e9 de lui \u00e9crire un spectacle \u00ab Bernard Dimey \u00bb, qu\u2019il va jouer prochainement au Lucernaire \u00e0 Paris.<\/em><\/p>\n<p><em>Pourquoi Bernard Dimey et pourquoi vous ?<\/em><\/p>\n<p><em>Bernard Dimey fut un po\u00e8te et un \u00e9crivain immense, un auteur de chansons disparu il y a une trentaine d\u2019ann\u00e9es et qui a \u00e9crit notamment pour Henri Salvador \u00ab Syracuse \u00bb, Zizi Jean Maire \u00ab Mon truc en plumes \u00bb, Charles Aznavour a fait un disque enti\u00e8rement consacr\u00e9 aux chansons de Dimey, Michel Simon \u00ab m\u00e9m\u00e8re \u00bb, etc., etc. Mais c\u2019\u00e9tait aussi un acteur et un po\u00e8te montmartrois qui a anim\u00e9 les grands cabarets parisiens avec des po\u00e8mes tendres et surtout grivois, dans la tradition montmartroise de l\u2019\u00e9poque des grands cabarets.<\/em><\/p>\n<p><em>Il s\u2019av\u00e8re que Dimey, un jour, entend \u00e0 la radio une chanson que j\u2019avais compos\u00e9e sur Paris. Il appelle imm\u00e9diatement le directeur de la station en demandant \u00e0 me rencontrer. J\u2019avais une tr\u00e8s grande admiration pour lui mais je ne le connaissais pas et je savais sa r\u00e9putation d\u2019ogre souvent mal l\u00e9ch\u00e9 ! Je me suis donc rendu chez lui, privil\u00e8ge exceptionnel, et il m\u2019a propos\u00e9 de partager la sc\u00e8ne avec lui et sa fille, il venait d\u2019apprendre un mois auparavant qu\u2019il avait une fille de 23 ans !). Il pr\u00e9parait sa rentr\u00e9e \u00e0 Paris, dans le plus c\u00e9l\u00e8bre cabaret parisien de la rive droite \u00ab Le Bistrot des Halles \u00bb. Je fus donc, de toute sa carri\u00e8re, le seul partenaire qu\u2019il ait jamais eu sur sc\u00e8ne (avec sa fille). Nous avons propos\u00e9 un spectacle o\u00f9 il donnait ses po\u00e8mes, moi et sa fille nos propres chansons et des textes de lui. J\u2019ai donc v\u00e9cu quasiment nuit et jour avec lui pendant 6 mois. Ce fut une exp\u00e9rience fatigante mais extraordinaire. Le spectacle fut un grand succ\u00e8s et le dernier grand tour de Dimey, d\u00e9j\u00e0 malade, qui est d\u00e9c\u00e9d\u00e9 quatre mois plus tard\u2026<\/em><\/p>\n<p><em>Jean-Michel MARTIAL reprendra ses po\u00e8mes les plus importants avec moi et je raconterai sur sc\u00e8ne \u00e9galement ma vie nocturne avec lui et la faune qu\u2019il fr\u00e9quentait, les clochards et les travestis, et des anecdotes que je ne peux pas dire ici. Je m\u2019inspirerai aussi du sc\u00e9nario \u00ab Le Bistrot des halles \u00bb que j\u2019ai \u00e9crit pour le regretter Bernard Fresson et que j\u2019ai ressorti pour l\u2019occasion !<\/em>\u00a0\u00bb<\/p>\n<p>R\u00e9servation aupr\u00e8s du Grand H\u00f4tel : 03 29 630 631<\/p>\n","protected":false},"excerpt":{"rendered":"<p>Pourquoi une soir\u00e9e Bernard Dimey au Grand H\u00f4tel de G\u00e9rardmer ? Rendez-vous vendredi 5 octobre \u00e0 20 h 00 au [&hellip;]<\/p>\n","protected":false},"author":1,"featured_media":36903,"comment_status":"open","ping_status":"open","sticky":false,"template":"","format":"standard","meta":{"footnotes":""},"categories":[20,4],"tags":[3843,2686,3844],"class_list":["post-36902","post","type-post","status-publish","format-standard","has-post-thumbnail","hentry","category-a-la-une","category-culture","tag-bernard-dimey","tag-grand-hotel-gerardmer","tag-jean-michel-martial"],"acf":[],"yoast_head":"<!-- This site is optimized with the Yoast SEO plugin v22.5 - https:\/\/yoast.com\/wordpress\/plugins\/seo\/ -->\n<title>\u00ab Bernard Dimey \u00bb par Jean-Michel MARTIAL - Gerardmer Info<\/title>\n<meta name=\"robots\" content=\"index, follow, max-snippet:-1, max-image-preview:large, max-video-preview:-1\" \/>\n<link rel=\"canonical\" href=\"https:\/\/vosgesinfo.fr\/gerardmerinfo\/2018\/09\/bernard-dimey-jean-michel-martial\/\" \/>\n<meta name=\"twitter:card\" content=\"summary_large_image\" \/>\n<meta name=\"twitter:title\" content=\"\u00ab Bernard Dimey \u00bb par Jean-Michel MARTIAL - Gerardmer Info\" \/>\n<meta name=\"twitter:description\" content=\"Pourquoi une soir\u00e9e Bernard Dimey au Grand H\u00f4tel de G\u00e9rardmer ? Rendez-vous vendredi 5 octobre \u00e0 20 h 00 au [&hellip;]\" \/>\n<meta name=\"twitter:image\" content=\"https:\/\/vosgesinfo.fr\/app\/uploads\/sites\/6\/2024\/07\/201809img-8106.jpg\" \/>\n<meta name=\"twitter:creator\" content=\"@VosgesInfo88\" \/>\n<meta name=\"twitter:site\" content=\"@VosgesInfo88\" \/>\n<meta name=\"twitter:label1\" content=\"\u00c9crit par\" \/>\n\t<meta name=\"twitter:data1\" content=\"qs_admin\" \/>\n\t<meta name=\"twitter:label2\" content=\"Dur\u00e9e de lecture estim\u00e9e\" \/>\n\t<meta name=\"twitter:data2\" content=\"2 minutes\" \/>\n<script type=\"application\/ld+json\" class=\"yoast-schema-graph\">{\"@context\":\"https:\/\/schema.org\",\"@graph\":[{\"@type\":\"Article\",\"@id\":\"https:\/\/vosgesinfo.fr\/gerardmerinfo\/2018\/09\/bernard-dimey-jean-michel-martial\/#article\",\"isPartOf\":{\"@id\":\"https:\/\/vosgesinfo.fr\/gerardmerinfo\/2018\/09\/bernard-dimey-jean-michel-martial\/\"},\"author\":{\"name\":\"qs_admin\",\"@id\":\"https:\/\/vosgesinfo.fr\/gerardmerinfo\/#\/schema\/person\/bc5d02d71e6932e81b6dadb7386667b1\"},\"headline\":\"\u00ab Bernard Dimey \u00bb par Jean-Michel MARTIAL\",\"datePublished\":\"2018-09-30T10:19:34+00:00\",\"dateModified\":\"2018-09-30T10:19:34+00:00\",\"mainEntityOfPage\":{\"@id\":\"https:\/\/vosgesinfo.fr\/gerardmerinfo\/2018\/09\/bernard-dimey-jean-michel-martial\/\"},\"wordCount\":504,\"commentCount\":0,\"publisher\":{\"@id\":\"https:\/\/vosgesinfo.fr\/gerardmerinfo\/#organization\"},\"image\":{\"@id\":\"https:\/\/vosgesinfo.fr\/gerardmerinfo\/2018\/09\/bernard-dimey-jean-michel-martial\/#primaryimage\"},\"thumbnailUrl\":\"https:\/\/vosgesinfo.fr\/app\/uploads\/sites\/6\/2024\/07\/201809img-8106.jpg\",\"keywords\":[\"Bernard Dimey\",\"Grand hotel gerardmer\",\"Jean-Michel MARTIAL\"],\"articleSection\":[\"A la une\",\"Culture\"],\"inLanguage\":\"fr-FR\",\"potentialAction\":[{\"@type\":\"CommentAction\",\"name\":\"Comment\",\"target\":[\"https:\/\/vosgesinfo.fr\/gerardmerinfo\/2018\/09\/bernard-dimey-jean-michel-martial\/#respond\"]}]},{\"@type\":\"WebPage\",\"@id\":\"https:\/\/vosgesinfo.fr\/gerardmerinfo\/2018\/09\/bernard-dimey-jean-michel-martial\/\",\"url\":\"https:\/\/vosgesinfo.fr\/gerardmerinfo\/2018\/09\/bernard-dimey-jean-michel-martial\/\",\"name\":\"\u00ab Bernard Dimey \u00bb par Jean-Michel MARTIAL - Gerardmer Info\",\"isPartOf\":{\"@id\":\"https:\/\/vosgesinfo.fr\/gerardmerinfo\/#website\"},\"primaryImageOfPage\":{\"@id\":\"https:\/\/vosgesinfo.fr\/gerardmerinfo\/2018\/09\/bernard-dimey-jean-michel-martial\/#primaryimage\"},\"image\":{\"@id\":\"https:\/\/vosgesinfo.fr\/gerardmerinfo\/2018\/09\/bernard-dimey-jean-michel-martial\/#primaryimage\"},\"thumbnailUrl\":\"https:\/\/vosgesinfo.fr\/app\/uploads\/sites\/6\/2024\/07\/201809img-8106.jpg\",\"datePublished\":\"2018-09-30T10:19:34+00:00\",\"dateModified\":\"2018-09-30T10:19:34+00:00\",\"breadcrumb\":{\"@id\":\"https:\/\/vosgesinfo.fr\/gerardmerinfo\/2018\/09\/bernard-dimey-jean-michel-martial\/#breadcrumb\"},\"inLanguage\":\"fr-FR\",\"potentialAction\":[{\"@type\":\"ReadAction\",\"target\":[\"https:\/\/vosgesinfo.fr\/gerardmerinfo\/2018\/09\/bernard-dimey-jean-michel-martial\/\"]}]},{\"@type\":\"ImageObject\",\"inLanguage\":\"fr-FR\",\"@id\":\"https:\/\/vosgesinfo.fr\/gerardmerinfo\/2018\/09\/bernard-dimey-jean-michel-martial\/#primaryimage\",\"url\":\"https:\/\/vosgesinfo.fr\/app\/uploads\/sites\/6\/2024\/07\/201809img-8106.jpg\",\"contentUrl\":\"https:\/\/vosgesinfo.fr\/app\/uploads\/sites\/6\/2024\/07\/201809img-8106.jpg\",\"width\":800,\"height\":533},{\"@type\":\"BreadcrumbList\",\"@id\":\"https:\/\/vosgesinfo.fr\/gerardmerinfo\/2018\/09\/bernard-dimey-jean-michel-martial\/#breadcrumb\",\"itemListElement\":[{\"@type\":\"ListItem\",\"position\":1,\"name\":\"Home\",\"item\":\"https:\/\/vosgesinfo.fr\/gerardmerinfo\/\"},{\"@type\":\"ListItem\",\"position\":2,\"name\":\"\u00ab Bernard Dimey \u00bb par Jean-Michel MARTIAL\"}]},{\"@type\":\"WebSite\",\"@id\":\"https:\/\/vosgesinfo.fr\/gerardmerinfo\/#website\",\"url\":\"https:\/\/vosgesinfo.fr\/gerardmerinfo\/\",\"name\":\"Gerardmer Info\",\"description\":\"Toute l&#039;actualit\u00e9 de G\u00e9rardmer\",\"publisher\":{\"@id\":\"https:\/\/vosgesinfo.fr\/gerardmerinfo\/#organization\"},\"alternateName\":\"Toute l'actualit\u00e9 de G\u00e9rardmer\",\"potentialAction\":[{\"@type\":\"SearchAction\",\"target\":{\"@type\":\"EntryPoint\",\"urlTemplate\":\"https:\/\/vosgesinfo.fr\/gerardmerinfo\/?s={search_term_string}\"},\"query-input\":\"required name=search_term_string\"}],\"inLanguage\":\"fr-FR\"},{\"@type\":\"Organization\",\"@id\":\"https:\/\/vosgesinfo.fr\/gerardmerinfo\/#organization\",\"name\":\"Gerardmer Info\",\"url\":\"https:\/\/vosgesinfo.fr\/gerardmerinfo\/\",\"logo\":{\"@type\":\"ImageObject\",\"inLanguage\":\"fr-FR\",\"@id\":\"https:\/\/vosgesinfo.fr\/gerardmerinfo\/#\/schema\/logo\/image\/\",\"url\":\"https:\/\/vosgesinfo.fr\/app\/uploads\/sites\/6\/2023\/08\/favicon-gerardmerinfo.png\",\"contentUrl\":\"https:\/\/vosgesinfo.fr\/app\/uploads\/sites\/6\/2023\/08\/favicon-gerardmerinfo.png\",\"width\":512,\"height\":512,\"caption\":\"Gerardmer Info\"},\"image\":{\"@id\":\"https:\/\/vosgesinfo.fr\/gerardmerinfo\/#\/schema\/logo\/image\/\"},\"sameAs\":[\"https:\/\/www.facebook.com\/profile.php?id=100049475262660\",\"https:\/\/x.com\/VosgesInfo88\",\"https:\/\/www.youtube.com\/@vosgesinfo\"]},{\"@type\":\"Person\",\"@id\":\"https:\/\/vosgesinfo.fr\/gerardmerinfo\/#\/schema\/person\/bc5d02d71e6932e81b6dadb7386667b1\",\"name\":\"qs_admin\",\"image\":{\"@type\":\"ImageObject\",\"inLanguage\":\"fr-FR\",\"@id\":\"https:\/\/vosgesinfo.fr\/gerardmerinfo\/#\/schema\/person\/image\/\",\"url\":\"https:\/\/secure.gravatar.com\/avatar\/94b18ee0ed79e4a42ea2f2931277b6841a8999fc6fde214600c78057cf1fe1de?s=96&d=mm&r=g\",\"contentUrl\":\"https:\/\/secure.gravatar.com\/avatar\/94b18ee0ed79e4a42ea2f2931277b6841a8999fc6fde214600c78057cf1fe1de?s=96&d=mm&r=g\",\"caption\":\"qs_admin\"},\"sameAs\":[\"https:\/\/vosgesinfo.fr\/wp\"],\"url\":\"https:\/\/vosgesinfo.fr\/gerardmerinfo\/author\/qs_admin\/\"}]}<\/script>\n<!-- \/ Yoast SEO plugin. -->","yoast_head_json":{"title":"\u00ab Bernard Dimey \u00bb par Jean-Michel MARTIAL - Gerardmer Info","robots":{"index":"index","follow":"follow","max-snippet":"max-snippet:-1","max-image-preview":"max-image-preview:large","max-video-preview":"max-video-preview:-1"},"canonical":"https:\/\/vosgesinfo.fr\/gerardmerinfo\/2018\/09\/bernard-dimey-jean-michel-martial\/","twitter_card":"summary_large_image","twitter_title":"\u00ab Bernard Dimey \u00bb par Jean-Michel MARTIAL - Gerardmer Info","twitter_description":"Pourquoi une soir\u00e9e Bernard Dimey au Grand H\u00f4tel de G\u00e9rardmer ? Rendez-vous vendredi 5 octobre \u00e0 20 h 00 au [&hellip;]","twitter_image":"https:\/\/vosgesinfo.fr\/app\/uploads\/sites\/6\/2024\/07\/201809img-8106.jpg","twitter_creator":"@VosgesInfo88","twitter_site":"@VosgesInfo88","twitter_misc":{"\u00c9crit par":"qs_admin","Dur\u00e9e de lecture estim\u00e9e":"2 minutes"},"schema":{"@context":"https:\/\/schema.org","@graph":[{"@type":"Article","@id":"https:\/\/vosgesinfo.fr\/gerardmerinfo\/2018\/09\/bernard-dimey-jean-michel-martial\/#article","isPartOf":{"@id":"https:\/\/vosgesinfo.fr\/gerardmerinfo\/2018\/09\/bernard-dimey-jean-michel-martial\/"},"author":{"name":"qs_admin","@id":"https:\/\/vosgesinfo.fr\/gerardmerinfo\/#\/schema\/person\/bc5d02d71e6932e81b6dadb7386667b1"},"headline":"\u00ab Bernard Dimey \u00bb par Jean-Michel MARTIAL","datePublished":"2018-09-30T10:19:34+00:00","dateModified":"2018-09-30T10:19:34+00:00","mainEntityOfPage":{"@id":"https:\/\/vosgesinfo.fr\/gerardmerinfo\/2018\/09\/bernard-dimey-jean-michel-martial\/"},"wordCount":504,"commentCount":0,"publisher":{"@id":"https:\/\/vosgesinfo.fr\/gerardmerinfo\/#organization"},"image":{"@id":"https:\/\/vosgesinfo.fr\/gerardmerinfo\/2018\/09\/bernard-dimey-jean-michel-martial\/#primaryimage"},"thumbnailUrl":"https:\/\/vosgesinfo.fr\/app\/uploads\/sites\/6\/2024\/07\/201809img-8106.jpg","keywords":["Bernard Dimey","Grand hotel gerardmer","Jean-Michel MARTIAL"],"articleSection":["A la une","Culture"],"inLanguage":"fr-FR","potentialAction":[{"@type":"CommentAction","name":"Comment","target":["https:\/\/vosgesinfo.fr\/gerardmerinfo\/2018\/09\/bernard-dimey-jean-michel-martial\/#respond"]}]},{"@type":"WebPage","@id":"https:\/\/vosgesinfo.fr\/gerardmerinfo\/2018\/09\/bernard-dimey-jean-michel-martial\/","url":"https:\/\/vosgesinfo.fr\/gerardmerinfo\/2018\/09\/bernard-dimey-jean-michel-martial\/","name":"\u00ab Bernard Dimey \u00bb par Jean-Michel MARTIAL - Gerardmer Info","isPartOf":{"@id":"https:\/\/vosgesinfo.fr\/gerardmerinfo\/#website"},"primaryImageOfPage":{"@id":"https:\/\/vosgesinfo.fr\/gerardmerinfo\/2018\/09\/bernard-dimey-jean-michel-martial\/#primaryimage"},"image":{"@id":"https:\/\/vosgesinfo.fr\/gerardmerinfo\/2018\/09\/bernard-dimey-jean-michel-martial\/#primaryimage"},"thumbnailUrl":"https:\/\/vosgesinfo.fr\/app\/uploads\/sites\/6\/2024\/07\/201809img-8106.jpg","datePublished":"2018-09-30T10:19:34+00:00","dateModified":"2018-09-30T10:19:34+00:00","breadcrumb":{"@id":"https:\/\/vosgesinfo.fr\/gerardmerinfo\/2018\/09\/bernard-dimey-jean-michel-martial\/#breadcrumb"},"inLanguage":"fr-FR","potentialAction":[{"@type":"ReadAction","target":["https:\/\/vosgesinfo.fr\/gerardmerinfo\/2018\/09\/bernard-dimey-jean-michel-martial\/"]}]},{"@type":"ImageObject","inLanguage":"fr-FR","@id":"https:\/\/vosgesinfo.fr\/gerardmerinfo\/2018\/09\/bernard-dimey-jean-michel-martial\/#primaryimage","url":"https:\/\/vosgesinfo.fr\/app\/uploads\/sites\/6\/2024\/07\/201809img-8106.jpg","contentUrl":"https:\/\/vosgesinfo.fr\/app\/uploads\/sites\/6\/2024\/07\/201809img-8106.jpg","width":800,"height":533},{"@type":"BreadcrumbList","@id":"https:\/\/vosgesinfo.fr\/gerardmerinfo\/2018\/09\/bernard-dimey-jean-michel-martial\/#breadcrumb","itemListElement":[{"@type":"ListItem","position":1,"name":"Home","item":"https:\/\/vosgesinfo.fr\/gerardmerinfo\/"},{"@type":"ListItem","position":2,"name":"\u00ab Bernard Dimey \u00bb par Jean-Michel MARTIAL"}]},{"@type":"WebSite","@id":"https:\/\/vosgesinfo.fr\/gerardmerinfo\/#website","url":"https:\/\/vosgesinfo.fr\/gerardmerinfo\/","name":"Gerardmer Info","description":"Toute l&#039;actualit\u00e9 de G\u00e9rardmer","publisher":{"@id":"https:\/\/vosgesinfo.fr\/gerardmerinfo\/#organization"},"alternateName":"Toute l'actualit\u00e9 de G\u00e9rardmer","potentialAction":[{"@type":"SearchAction","target":{"@type":"EntryPoint","urlTemplate":"https:\/\/vosgesinfo.fr\/gerardmerinfo\/?s={search_term_string}"},"query-input":"required name=search_term_string"}],"inLanguage":"fr-FR"},{"@type":"Organization","@id":"https:\/\/vosgesinfo.fr\/gerardmerinfo\/#organization","name":"Gerardmer Info","url":"https:\/\/vosgesinfo.fr\/gerardmerinfo\/","logo":{"@type":"ImageObject","inLanguage":"fr-FR","@id":"https:\/\/vosgesinfo.fr\/gerardmerinfo\/#\/schema\/logo\/image\/","url":"https:\/\/vosgesinfo.fr\/app\/uploads\/sites\/6\/2023\/08\/favicon-gerardmerinfo.png","contentUrl":"https:\/\/vosgesinfo.fr\/app\/uploads\/sites\/6\/2023\/08\/favicon-gerardmerinfo.png","width":512,"height":512,"caption":"Gerardmer Info"},"image":{"@id":"https:\/\/vosgesinfo.fr\/gerardmerinfo\/#\/schema\/logo\/image\/"},"sameAs":["https:\/\/www.facebook.com\/profile.php?id=100049475262660","https:\/\/x.com\/VosgesInfo88","https:\/\/www.youtube.com\/@vosgesinfo"]},{"@type":"Person","@id":"https:\/\/vosgesinfo.fr\/gerardmerinfo\/#\/schema\/person\/bc5d02d71e6932e81b6dadb7386667b1","name":"qs_admin","image":{"@type":"ImageObject","inLanguage":"fr-FR","@id":"https:\/\/vosgesinfo.fr\/gerardmerinfo\/#\/schema\/person\/image\/","url":"https:\/\/secure.gravatar.com\/avatar\/94b18ee0ed79e4a42ea2f2931277b6841a8999fc6fde214600c78057cf1fe1de?s=96&d=mm&r=g","contentUrl":"https:\/\/secure.gravatar.com\/avatar\/94b18ee0ed79e4a42ea2f2931277b6841a8999fc6fde214600c78057cf1fe1de?s=96&d=mm&r=g","caption":"qs_admin"},"sameAs":["https:\/\/vosgesinfo.fr\/wp"],"url":"https:\/\/vosgesinfo.fr\/gerardmerinfo\/author\/qs_admin\/"}]}},"_links":{"self":[{"href":"https:\/\/vosgesinfo.fr\/gerardmerinfo\/wp-json\/wp\/v2\/posts\/36902","targetHints":{"allow":["GET"]}}],"collection":[{"href":"https:\/\/vosgesinfo.fr\/gerardmerinfo\/wp-json\/wp\/v2\/posts"}],"about":[{"href":"https:\/\/vosgesinfo.fr\/gerardmerinfo\/wp-json\/wp\/v2\/types\/post"}],"author":[{"embeddable":true,"href":"https:\/\/vosgesinfo.fr\/gerardmerinfo\/wp-json\/wp\/v2\/users\/1"}],"replies":[{"embeddable":true,"href":"https:\/\/vosgesinfo.fr\/gerardmerinfo\/wp-json\/wp\/v2\/comments?post=36902"}],"version-history":[{"count":0,"href":"https:\/\/vosgesinfo.fr\/gerardmerinfo\/wp-json\/wp\/v2\/posts\/36902\/revisions"}],"wp:featuredmedia":[{"embeddable":true,"href":"https:\/\/vosgesinfo.fr\/gerardmerinfo\/wp-json\/wp\/v2\/media\/36903"}],"wp:attachment":[{"href":"https:\/\/vosgesinfo.fr\/gerardmerinfo\/wp-json\/wp\/v2\/media?parent=36902"}],"wp:term":[{"taxonomy":"category","embeddable":true,"href":"https:\/\/vosgesinfo.fr\/gerardmerinfo\/wp-json\/wp\/v2\/categories?post=36902"},{"taxonomy":"post_tag","embeddable":true,"href":"https:\/\/vosgesinfo.fr\/gerardmerinfo\/wp-json\/wp\/v2\/tags?post=36902"}],"curies":[{"name":"wp","href":"https:\/\/api.w.org\/{rel}","templated":true}]}}