{"id":36908,"date":"2018-09-29T09:00:07","date_gmt":"2018-09-29T07:00:07","guid":{"rendered":"https:\/\/vosgesinfo.fr\/gerardmerinfo\/2018\/09\/macroniens-a-lodcvl-de-gerardmer\/"},"modified":"2018-09-29T09:00:07","modified_gmt":"2018-09-29T07:00:07","slug":"macroniens-a-lodcvl-de-gerardmer","status":"publish","type":"post","link":"https:\/\/vosgesinfo.fr\/gerardmerinfo\/2018\/09\/macroniens-a-lodcvl-de-gerardmer\/","title":{"rendered":"Les \u00ab\u00a0Macroniens\u00a0\u00bb Vosgiens \u00e0 l&rsquo;ODCVL de G\u00e9rardmer"},"content":{"rendered":"<div id=\"attachment_135112\" style=\"width: 810px\" class=\"wp-caption aligncenter\"><a href=\"http:\/\/gerardmerinfo.fr\/2018\/09\/macroniens-a-lodcvl-de-gerardmer\/delegation_vosgienne_conseil_national_lrem-3\/\" rel=\"attachment wp-att-135112\"><img decoding=\"async\" aria-describedby=\"caption-attachment-135112\" class=\"wp-image-135112 size-full\" src=\"\/2018\/09\/D\u00e9l\u00e9gation_Vosgienne_Conseil_National_LREM-3.jpg\" alt=\"D\u00e9l\u00e9gation_Vosgienne_Conseil_National_LREM-3\" width=\"800\" height=\"600\" \/><\/a><p id=\"caption-attachment-135112\" class=\"wp-caption-text\">(Archive) Serge VINCENT, r\u00e9f\u00e9rent d\u00e9partemental, Fr\u00e9d\u00e9ric SIMON et Gw\u00e9nol\u00e9 HILAIRE ont particip\u00e9 au premier conseil national de La R\u00e9publique En Marche<\/p><\/div>\n<p><span style=\"font-size: 14pt;\">Malgr\u00e9 un passage difficile pour le Pr\u00e9sident de la R\u00e9publique Emmanuel\u00a0 Macron, le groupe LAREM (La R\u00e9publique en Marche) n\u00e9 lors de la derni\u00e8re campagne des pr\u00e9sidentielles se structure afin de s&rsquo;installer dans le paysage politique hexagonal&#8230;en vue notamment des prochaines \u00e9lections europ\u00e9ennes.<br \/>\n<\/span><\/p>\n<p><span style=\"font-size: 14pt;\">Les macroniens vosgiens se r\u00e9unissent ce dimanche matin\u00a0 d\u00e8s 9h \u00e0 l&rsquo;OCDVL de la Mauselaine \u00e0 G\u00e9rardmer pour leurs assises d\u00e9partementales<\/span> . <span style=\"font-size: 14pt;\">Cette r\u00e9union s\u2019inscrit dans les \u00ab JOURN\u00c9ES LAREM \u00bb et\u00a0 sera l\u2019occasion d\u2019\u00e9changer sur diff\u00e9rents sujets d\u2019actualit\u00e9 nationale ou locale.<\/span><br \/>\n<span style=\"font-size: 14pt;\"> \u00ab\u00a0<em>Elle a pour but de faire entendre la voix particuli\u00e8re de notre mouvement dans les territoires<\/em> \u00ab\u00a0note Claude Thirard responsable du secteur \u00ab\u00a0<em>Une voix \u00e0 la fois politique et citoyenne, qui porte l\u2019ambition d\u2019agir diff\u00e9remment et de s\u2019installer de fa\u00e7on durable dans le paysage d\u00e9mocratique. <\/em><\/span><em><span style=\"font-size: 14pt;\">Nous d\u00e9battrons sur cette rentr\u00e9e politique dense o\u00f9 toutes les oppositions veulent jouer le match retour de l\u2019\u00e9lection pr\u00e9sidentielle.<\/span><\/em><br \/>\n<em><span style=\"font-size: 14pt;\"> Nous sommes confiants dans notre projet politique et soci\u00e9tal, et continuerons de parler \u00e0 tout le monde (association, citoyens, d\u00e9cideurs, \u00e9lus locaux, \u2026) comme nous l\u2019avons toujours fait.<\/span><\/em><br \/>\n<em><span style=\"font-size: 14pt;\"> Nous sommes conscients de l\u2019impatience des Fran\u00e7ais, de l\u2019exigence des citoyens. Nous mesurons tout le chemin qu\u2019il nous reste \u00e0 parcourir\u00a0\u00bb<\/span><\/em><br \/>\n<span style=\"font-size: 14pt;\">Deux scrutins importants sont \u00e0 venir : les europ\u00e9ennes en 2019 et les municipales d&rsquo;ici un an et demi en 2020.<\/span><\/p>\n<p><span style=\"font-size: 14pt;\">La r\u00e9union est ouverte \u00e0 tous.<\/span><\/p>\n","protected":false},"excerpt":{"rendered":"<p>Malgr\u00e9 un passage difficile pour le Pr\u00e9sident de la R\u00e9publique Emmanuel\u00a0 Macron, le groupe LAREM (La R\u00e9publique en Marche) n\u00e9 [&hellip;]<\/p>\n","protected":false},"author":1,"featured_media":36909,"comment_status":"open","ping_status":"open","sticky":false,"template":"","format":"standard","meta":{"footnotes":""},"categories":[20,10,18],"tags":[],"class_list":["post-36908","post","type-post","status-publish","format-standard","has-post-thumbnail","hentry","category-a-la-une","category-politique","category-vosges"],"acf":[],"yoast_head":"<!-- This site is optimized with the Yoast SEO plugin v22.5 - https:\/\/yoast.com\/wordpress\/plugins\/seo\/ -->\n<title>Les &quot;Macroniens&quot; Vosgiens \u00e0 l&#039;ODCVL de G\u00e9rardmer - Gerardmer Info<\/title>\n<meta name=\"robots\" content=\"index, follow, max-snippet:-1, max-image-preview:large, max-video-preview:-1\" \/>\n<link rel=\"canonical\" href=\"https:\/\/vosgesinfo.fr\/gerardmerinfo\/2018\/09\/macroniens-a-lodcvl-de-gerardmer\/\" \/>\n<meta name=\"twitter:card\" content=\"summary_large_image\" \/>\n<meta name=\"twitter:title\" content=\"Les &quot;Macroniens&quot; Vosgiens \u00e0 l&#039;ODCVL de G\u00e9rardmer - Gerardmer Info\" \/>\n<meta name=\"twitter:description\" content=\"Malgr\u00e9 un passage difficile pour le Pr\u00e9sident de la R\u00e9publique Emmanuel\u00a0 Macron, le groupe LAREM (La R\u00e9publique en Marche) n\u00e9 [&hellip;]\" \/>\n<meta name=\"twitter:image\" content=\"https:\/\/vosgesinfo.fr\/app\/uploads\/sites\/6\/2024\/07\/201809delegation-vosgienne-conseil-national-lrem-3.jpg\" \/>\n<meta name=\"twitter:creator\" content=\"@VosgesInfo88\" \/>\n<meta name=\"twitter:site\" content=\"@VosgesInfo88\" \/>\n<meta name=\"twitter:label1\" content=\"\u00c9crit par\" \/>\n\t<meta name=\"twitter:data1\" content=\"qs_admin\" \/>\n\t<meta name=\"twitter:label2\" content=\"Dur\u00e9e de lecture estim\u00e9e\" \/>\n\t<meta name=\"twitter:data2\" content=\"1 minute\" \/>\n<script type=\"application\/ld+json\" class=\"yoast-schema-graph\">{\"@context\":\"https:\/\/schema.org\",\"@graph\":[{\"@type\":\"Article\",\"@id\":\"https:\/\/vosgesinfo.fr\/gerardmerinfo\/2018\/09\/macroniens-a-lodcvl-de-gerardmer\/#article\",\"isPartOf\":{\"@id\":\"https:\/\/vosgesinfo.fr\/gerardmerinfo\/2018\/09\/macroniens-a-lodcvl-de-gerardmer\/\"},\"author\":{\"name\":\"qs_admin\",\"@id\":\"https:\/\/vosgesinfo.fr\/gerardmerinfo\/#\/schema\/person\/bc5d02d71e6932e81b6dadb7386667b1\"},\"headline\":\"Les \u00ab\u00a0Macroniens\u00a0\u00bb Vosgiens \u00e0 l&rsquo;ODCVL de G\u00e9rardmer\",\"datePublished\":\"2018-09-29T07:00:07+00:00\",\"dateModified\":\"2018-09-29T07:00:07+00:00\",\"mainEntityOfPage\":{\"@id\":\"https:\/\/vosgesinfo.fr\/gerardmerinfo\/2018\/09\/macroniens-a-lodcvl-de-gerardmer\/\"},\"wordCount\":295,\"commentCount\":0,\"publisher\":{\"@id\":\"https:\/\/vosgesinfo.fr\/gerardmerinfo\/#organization\"},\"image\":{\"@id\":\"https:\/\/vosgesinfo.fr\/gerardmerinfo\/2018\/09\/macroniens-a-lodcvl-de-gerardmer\/#primaryimage\"},\"thumbnailUrl\":\"https:\/\/vosgesinfo.fr\/app\/uploads\/sites\/6\/2024\/07\/201809delegation-vosgienne-conseil-national-lrem-3.jpg\",\"articleSection\":[\"A la une\",\"Politique\",\"Vosges\"],\"inLanguage\":\"fr-FR\",\"potentialAction\":[{\"@type\":\"CommentAction\",\"name\":\"Comment\",\"target\":[\"https:\/\/vosgesinfo.fr\/gerardmerinfo\/2018\/09\/macroniens-a-lodcvl-de-gerardmer\/#respond\"]}]},{\"@type\":\"WebPage\",\"@id\":\"https:\/\/vosgesinfo.fr\/gerardmerinfo\/2018\/09\/macroniens-a-lodcvl-de-gerardmer\/\",\"url\":\"https:\/\/vosgesinfo.fr\/gerardmerinfo\/2018\/09\/macroniens-a-lodcvl-de-gerardmer\/\",\"name\":\"Les \\\"Macroniens\\\" Vosgiens \u00e0 l'ODCVL de G\u00e9rardmer - Gerardmer Info\",\"isPartOf\":{\"@id\":\"https:\/\/vosgesinfo.fr\/gerardmerinfo\/#website\"},\"primaryImageOfPage\":{\"@id\":\"https:\/\/vosgesinfo.fr\/gerardmerinfo\/2018\/09\/macroniens-a-lodcvl-de-gerardmer\/#primaryimage\"},\"image\":{\"@id\":\"https:\/\/vosgesinfo.fr\/gerardmerinfo\/2018\/09\/macroniens-a-lodcvl-de-gerardmer\/#primaryimage\"},\"thumbnailUrl\":\"https:\/\/vosgesinfo.fr\/app\/uploads\/sites\/6\/2024\/07\/201809delegation-vosgienne-conseil-national-lrem-3.jpg\",\"datePublished\":\"2018-09-29T07:00:07+00:00\",\"dateModified\":\"2018-09-29T07:00:07+00:00\",\"breadcrumb\":{\"@id\":\"https:\/\/vosgesinfo.fr\/gerardmerinfo\/2018\/09\/macroniens-a-lodcvl-de-gerardmer\/#breadcrumb\"},\"inLanguage\":\"fr-FR\",\"potentialAction\":[{\"@type\":\"ReadAction\",\"target\":[\"https:\/\/vosgesinfo.fr\/gerardmerinfo\/2018\/09\/macroniens-a-lodcvl-de-gerardmer\/\"]}]},{\"@type\":\"ImageObject\",\"inLanguage\":\"fr-FR\",\"@id\":\"https:\/\/vosgesinfo.fr\/gerardmerinfo\/2018\/09\/macroniens-a-lodcvl-de-gerardmer\/#primaryimage\",\"url\":\"https:\/\/vosgesinfo.fr\/app\/uploads\/sites\/6\/2024\/07\/201809delegation-vosgienne-conseil-national-lrem-3.jpg\",\"contentUrl\":\"https:\/\/vosgesinfo.fr\/app\/uploads\/sites\/6\/2024\/07\/201809delegation-vosgienne-conseil-national-lrem-3.jpg\",\"width\":800,\"height\":600},{\"@type\":\"BreadcrumbList\",\"@id\":\"https:\/\/vosgesinfo.fr\/gerardmerinfo\/2018\/09\/macroniens-a-lodcvl-de-gerardmer\/#breadcrumb\",\"itemListElement\":[{\"@type\":\"ListItem\",\"position\":1,\"name\":\"Home\",\"item\":\"https:\/\/vosgesinfo.fr\/gerardmerinfo\/\"},{\"@type\":\"ListItem\",\"position\":2,\"name\":\"Les \u00ab\u00a0Macroniens\u00a0\u00bb Vosgiens \u00e0 l&rsquo;ODCVL de G\u00e9rardmer\"}]},{\"@type\":\"WebSite\",\"@id\":\"https:\/\/vosgesinfo.fr\/gerardmerinfo\/#website\",\"url\":\"https:\/\/vosgesinfo.fr\/gerardmerinfo\/\",\"name\":\"Gerardmer Info\",\"description\":\"Toute l&#039;actualit\u00e9 de G\u00e9rardmer\",\"publisher\":{\"@id\":\"https:\/\/vosgesinfo.fr\/gerardmerinfo\/#organization\"},\"alternateName\":\"Toute l'actualit\u00e9 de G\u00e9rardmer\",\"potentialAction\":[{\"@type\":\"SearchAction\",\"target\":{\"@type\":\"EntryPoint\",\"urlTemplate\":\"https:\/\/vosgesinfo.fr\/gerardmerinfo\/?s={search_term_string}\"},\"query-input\":\"required name=search_term_string\"}],\"inLanguage\":\"fr-FR\"},{\"@type\":\"Organization\",\"@id\":\"https:\/\/vosgesinfo.fr\/gerardmerinfo\/#organization\",\"name\":\"Gerardmer Info\",\"url\":\"https:\/\/vosgesinfo.fr\/gerardmerinfo\/\",\"logo\":{\"@type\":\"ImageObject\",\"inLanguage\":\"fr-FR\",\"@id\":\"https:\/\/vosgesinfo.fr\/gerardmerinfo\/#\/schema\/logo\/image\/\",\"url\":\"https:\/\/vosgesinfo.fr\/app\/uploads\/sites\/6\/2023\/08\/favicon-gerardmerinfo.png\",\"contentUrl\":\"https:\/\/vosgesinfo.fr\/app\/uploads\/sites\/6\/2023\/08\/favicon-gerardmerinfo.png\",\"width\":512,\"height\":512,\"caption\":\"Gerardmer Info\"},\"image\":{\"@id\":\"https:\/\/vosgesinfo.fr\/gerardmerinfo\/#\/schema\/logo\/image\/\"},\"sameAs\":[\"https:\/\/www.facebook.com\/profile.php?id=100049475262660\",\"https:\/\/x.com\/VosgesInfo88\",\"https:\/\/www.youtube.com\/@vosgesinfo\"]},{\"@type\":\"Person\",\"@id\":\"https:\/\/vosgesinfo.fr\/gerardmerinfo\/#\/schema\/person\/bc5d02d71e6932e81b6dadb7386667b1\",\"name\":\"qs_admin\",\"image\":{\"@type\":\"ImageObject\",\"inLanguage\":\"fr-FR\",\"@id\":\"https:\/\/vosgesinfo.fr\/gerardmerinfo\/#\/schema\/person\/image\/\",\"url\":\"https:\/\/secure.gravatar.com\/avatar\/94b18ee0ed79e4a42ea2f2931277b6841a8999fc6fde214600c78057cf1fe1de?s=96&d=mm&r=g\",\"contentUrl\":\"https:\/\/secure.gravatar.com\/avatar\/94b18ee0ed79e4a42ea2f2931277b6841a8999fc6fde214600c78057cf1fe1de?s=96&d=mm&r=g\",\"caption\":\"qs_admin\"},\"sameAs\":[\"https:\/\/vosgesinfo.fr\/wp\"],\"url\":\"https:\/\/vosgesinfo.fr\/gerardmerinfo\/author\/qs_admin\/\"}]}<\/script>\n<!-- \/ Yoast SEO plugin. -->","yoast_head_json":{"title":"Les \"Macroniens\" Vosgiens \u00e0 l'ODCVL de G\u00e9rardmer - Gerardmer Info","robots":{"index":"index","follow":"follow","max-snippet":"max-snippet:-1","max-image-preview":"max-image-preview:large","max-video-preview":"max-video-preview:-1"},"canonical":"https:\/\/vosgesinfo.fr\/gerardmerinfo\/2018\/09\/macroniens-a-lodcvl-de-gerardmer\/","twitter_card":"summary_large_image","twitter_title":"Les \"Macroniens\" Vosgiens \u00e0 l'ODCVL de G\u00e9rardmer - Gerardmer Info","twitter_description":"Malgr\u00e9 un passage difficile pour le Pr\u00e9sident de la R\u00e9publique Emmanuel\u00a0 Macron, le groupe LAREM (La R\u00e9publique en Marche) n\u00e9 [&hellip;]","twitter_image":"https:\/\/vosgesinfo.fr\/app\/uploads\/sites\/6\/2024\/07\/201809delegation-vosgienne-conseil-national-lrem-3.jpg","twitter_creator":"@VosgesInfo88","twitter_site":"@VosgesInfo88","twitter_misc":{"\u00c9crit par":"qs_admin","Dur\u00e9e de lecture estim\u00e9e":"1 minute"},"schema":{"@context":"https:\/\/schema.org","@graph":[{"@type":"Article","@id":"https:\/\/vosgesinfo.fr\/gerardmerinfo\/2018\/09\/macroniens-a-lodcvl-de-gerardmer\/#article","isPartOf":{"@id":"https:\/\/vosgesinfo.fr\/gerardmerinfo\/2018\/09\/macroniens-a-lodcvl-de-gerardmer\/"},"author":{"name":"qs_admin","@id":"https:\/\/vosgesinfo.fr\/gerardmerinfo\/#\/schema\/person\/bc5d02d71e6932e81b6dadb7386667b1"},"headline":"Les \u00ab\u00a0Macroniens\u00a0\u00bb Vosgiens \u00e0 l&rsquo;ODCVL de G\u00e9rardmer","datePublished":"2018-09-29T07:00:07+00:00","dateModified":"2018-09-29T07:00:07+00:00","mainEntityOfPage":{"@id":"https:\/\/vosgesinfo.fr\/gerardmerinfo\/2018\/09\/macroniens-a-lodcvl-de-gerardmer\/"},"wordCount":295,"commentCount":0,"publisher":{"@id":"https:\/\/vosgesinfo.fr\/gerardmerinfo\/#organization"},"image":{"@id":"https:\/\/vosgesinfo.fr\/gerardmerinfo\/2018\/09\/macroniens-a-lodcvl-de-gerardmer\/#primaryimage"},"thumbnailUrl":"https:\/\/vosgesinfo.fr\/app\/uploads\/sites\/6\/2024\/07\/201809delegation-vosgienne-conseil-national-lrem-3.jpg","articleSection":["A la une","Politique","Vosges"],"inLanguage":"fr-FR","potentialAction":[{"@type":"CommentAction","name":"Comment","target":["https:\/\/vosgesinfo.fr\/gerardmerinfo\/2018\/09\/macroniens-a-lodcvl-de-gerardmer\/#respond"]}]},{"@type":"WebPage","@id":"https:\/\/vosgesinfo.fr\/gerardmerinfo\/2018\/09\/macroniens-a-lodcvl-de-gerardmer\/","url":"https:\/\/vosgesinfo.fr\/gerardmerinfo\/2018\/09\/macroniens-a-lodcvl-de-gerardmer\/","name":"Les \"Macroniens\" Vosgiens \u00e0 l'ODCVL de G\u00e9rardmer - Gerardmer Info","isPartOf":{"@id":"https:\/\/vosgesinfo.fr\/gerardmerinfo\/#website"},"primaryImageOfPage":{"@id":"https:\/\/vosgesinfo.fr\/gerardmerinfo\/2018\/09\/macroniens-a-lodcvl-de-gerardmer\/#primaryimage"},"image":{"@id":"https:\/\/vosgesinfo.fr\/gerardmerinfo\/2018\/09\/macroniens-a-lodcvl-de-gerardmer\/#primaryimage"},"thumbnailUrl":"https:\/\/vosgesinfo.fr\/app\/uploads\/sites\/6\/2024\/07\/201809delegation-vosgienne-conseil-national-lrem-3.jpg","datePublished":"2018-09-29T07:00:07+00:00","dateModified":"2018-09-29T07:00:07+00:00","breadcrumb":{"@id":"https:\/\/vosgesinfo.fr\/gerardmerinfo\/2018\/09\/macroniens-a-lodcvl-de-gerardmer\/#breadcrumb"},"inLanguage":"fr-FR","potentialAction":[{"@type":"ReadAction","target":["https:\/\/vosgesinfo.fr\/gerardmerinfo\/2018\/09\/macroniens-a-lodcvl-de-gerardmer\/"]}]},{"@type":"ImageObject","inLanguage":"fr-FR","@id":"https:\/\/vosgesinfo.fr\/gerardmerinfo\/2018\/09\/macroniens-a-lodcvl-de-gerardmer\/#primaryimage","url":"https:\/\/vosgesinfo.fr\/app\/uploads\/sites\/6\/2024\/07\/201809delegation-vosgienne-conseil-national-lrem-3.jpg","contentUrl":"https:\/\/vosgesinfo.fr\/app\/uploads\/sites\/6\/2024\/07\/201809delegation-vosgienne-conseil-national-lrem-3.jpg","width":800,"height":600},{"@type":"BreadcrumbList","@id":"https:\/\/vosgesinfo.fr\/gerardmerinfo\/2018\/09\/macroniens-a-lodcvl-de-gerardmer\/#breadcrumb","itemListElement":[{"@type":"ListItem","position":1,"name":"Home","item":"https:\/\/vosgesinfo.fr\/gerardmerinfo\/"},{"@type":"ListItem","position":2,"name":"Les \u00ab\u00a0Macroniens\u00a0\u00bb Vosgiens \u00e0 l&rsquo;ODCVL de G\u00e9rardmer"}]},{"@type":"WebSite","@id":"https:\/\/vosgesinfo.fr\/gerardmerinfo\/#website","url":"https:\/\/vosgesinfo.fr\/gerardmerinfo\/","name":"Gerardmer Info","description":"Toute l&#039;actualit\u00e9 de G\u00e9rardmer","publisher":{"@id":"https:\/\/vosgesinfo.fr\/gerardmerinfo\/#organization"},"alternateName":"Toute l'actualit\u00e9 de G\u00e9rardmer","potentialAction":[{"@type":"SearchAction","target":{"@type":"EntryPoint","urlTemplate":"https:\/\/vosgesinfo.fr\/gerardmerinfo\/?s={search_term_string}"},"query-input":"required name=search_term_string"}],"inLanguage":"fr-FR"},{"@type":"Organization","@id":"https:\/\/vosgesinfo.fr\/gerardmerinfo\/#organization","name":"Gerardmer Info","url":"https:\/\/vosgesinfo.fr\/gerardmerinfo\/","logo":{"@type":"ImageObject","inLanguage":"fr-FR","@id":"https:\/\/vosgesinfo.fr\/gerardmerinfo\/#\/schema\/logo\/image\/","url":"https:\/\/vosgesinfo.fr\/app\/uploads\/sites\/6\/2023\/08\/favicon-gerardmerinfo.png","contentUrl":"https:\/\/vosgesinfo.fr\/app\/uploads\/sites\/6\/2023\/08\/favicon-gerardmerinfo.png","width":512,"height":512,"caption":"Gerardmer Info"},"image":{"@id":"https:\/\/vosgesinfo.fr\/gerardmerinfo\/#\/schema\/logo\/image\/"},"sameAs":["https:\/\/www.facebook.com\/profile.php?id=100049475262660","https:\/\/x.com\/VosgesInfo88","https:\/\/www.youtube.com\/@vosgesinfo"]},{"@type":"Person","@id":"https:\/\/vosgesinfo.fr\/gerardmerinfo\/#\/schema\/person\/bc5d02d71e6932e81b6dadb7386667b1","name":"qs_admin","image":{"@type":"ImageObject","inLanguage":"fr-FR","@id":"https:\/\/vosgesinfo.fr\/gerardmerinfo\/#\/schema\/person\/image\/","url":"https:\/\/secure.gravatar.com\/avatar\/94b18ee0ed79e4a42ea2f2931277b6841a8999fc6fde214600c78057cf1fe1de?s=96&d=mm&r=g","contentUrl":"https:\/\/secure.gravatar.com\/avatar\/94b18ee0ed79e4a42ea2f2931277b6841a8999fc6fde214600c78057cf1fe1de?s=96&d=mm&r=g","caption":"qs_admin"},"sameAs":["https:\/\/vosgesinfo.fr\/wp"],"url":"https:\/\/vosgesinfo.fr\/gerardmerinfo\/author\/qs_admin\/"}]}},"_links":{"self":[{"href":"https:\/\/vosgesinfo.fr\/gerardmerinfo\/wp-json\/wp\/v2\/posts\/36908","targetHints":{"allow":["GET"]}}],"collection":[{"href":"https:\/\/vosgesinfo.fr\/gerardmerinfo\/wp-json\/wp\/v2\/posts"}],"about":[{"href":"https:\/\/vosgesinfo.fr\/gerardmerinfo\/wp-json\/wp\/v2\/types\/post"}],"author":[{"embeddable":true,"href":"https:\/\/vosgesinfo.fr\/gerardmerinfo\/wp-json\/wp\/v2\/users\/1"}],"replies":[{"embeddable":true,"href":"https:\/\/vosgesinfo.fr\/gerardmerinfo\/wp-json\/wp\/v2\/comments?post=36908"}],"version-history":[{"count":0,"href":"https:\/\/vosgesinfo.fr\/gerardmerinfo\/wp-json\/wp\/v2\/posts\/36908\/revisions"}],"wp:featuredmedia":[{"embeddable":true,"href":"https:\/\/vosgesinfo.fr\/gerardmerinfo\/wp-json\/wp\/v2\/media\/36909"}],"wp:attachment":[{"href":"https:\/\/vosgesinfo.fr\/gerardmerinfo\/wp-json\/wp\/v2\/media?parent=36908"}],"wp:term":[{"taxonomy":"category","embeddable":true,"href":"https:\/\/vosgesinfo.fr\/gerardmerinfo\/wp-json\/wp\/v2\/categories?post=36908"},{"taxonomy":"post_tag","embeddable":true,"href":"https:\/\/vosgesinfo.fr\/gerardmerinfo\/wp-json\/wp\/v2\/tags?post=36908"}],"curies":[{"name":"wp","href":"https:\/\/api.w.org\/{rel}","templated":true}]}}