{"id":36930,"date":"2018-09-29T22:31:56","date_gmt":"2018-09-29T20:31:56","guid":{"rendered":"https:\/\/vosgesinfo.fr\/gerardmerinfo\/2018\/09\/voile-saison-nest-finis\/"},"modified":"2018-09-29T22:31:56","modified_gmt":"2018-09-29T20:31:56","slug":"voile-saison-nest-finis","status":"publish","type":"post","link":"https:\/\/vosgesinfo.fr\/gerardmerinfo\/2018\/09\/voile-saison-nest-finis\/","title":{"rendered":"Voile : la saison n&rsquo;est pas encore finie !"},"content":{"rendered":"\n<h3 class=\"x_MsoNoSpacing\">Ce n&rsquo;est pas encore la fin de saison pour l&rsquo;ASG voile, et les week-ends s&rsquo;encha\u00eenent avec toujours une belle activit\u00e9 de l&rsquo;\u00e9quipe comp\u00e9tition.<\/h3>\n<p class=\"x_MsoNoSpacing\">Le week-end dernier, 33 coureurs ont particip\u00e9 aux <strong>Championnats de Ligue<\/strong> au lac de Madine, soit la plus nombreuse repr\u00e9sentation des clubs du Grand Est en voile l\u00e9g\u00e8re (22 planches et 11 d\u00e9riveurs !).<\/p>\n<p class=\"x_MsoNoSpacing\">Carton plein pour les planches, avec Th\u00e9o Halluitte (1<sup>er<\/sup> Raceboard), Titouan Halluitte (1<sup>er<\/sup> Jeune Raceboard), Viviane Ventrin (1<sup>er<\/sup> f\u00e9minine raceboard), Cl\u00e9ment Valentin (1<sup>ier<\/sup> jeune) et Pauline Weckel (1<sup>i\u00e8re<\/sup> jeune F). En d\u00e9riveur, Ma\u00eflis Mathieu (Der.Light) et Corinne Antoine (Laser Radial) se classent secondes au g\u00e9n\u00e9ral, et 1<sup>eres<\/sup> f\u00e9minines dans leur cat\u00e9gorie.<\/p>\n<p class=\"x_MsoNoSpacing\">Une belle performance dans un sport o\u00f9 les filles ne sont pas toujours mises en valeur \u00e0 la hauteur de leurs performances quand elles r\u00e9gatent avec les gar\u00e7ons.<\/p>\n<p class=\"x_x_MsoNoSpacing\">Samedi, c&rsquo;\u00e9tait aux petits de l&rsquo;Ecole de voile de participer \u00e0 la <strong>r\u00e9gate des P&rsquo;tits marins<\/strong>, auxquels s&rsquo;\u00e9taient joints quelques vieux marins pour profiter des bonnes conditions m\u00e9t\u00e9o de cette r\u00e9gate.<\/p>\n<p class=\"x_x_MsoNoSpacing\">D\u00e9j\u00e0 bien exp\u00e9riment\u00e9e pour ses 9 ans, Soizig Hubschi ne laisse aucune chance \u00e0 ses petits copains. A noter que tous ont termin\u00e9 le parcours.<\/p>\n<p class=\"x_x_MsoNoSpacing\">Dimanche, changement de temps, avec la temp\u00eate annonc\u00e9e, mais pluie, froid et vent n&rsquo;ont pas emp\u00each\u00e9 les concurrents d&rsquo;offrir une <strong>r\u00e9gate d&rsquo;automne<\/strong> tr\u00e8s disput\u00e9e, avec de spectaculaires envol\u00e9es et quelques magnifiques soleils (mais qui ne r\u00e9chauffaient pas vraiment)\u2026<\/p>\n<p class=\"x_x_MsoNoSpacing\">En planche, les trois manches disput\u00e9es ont confirm\u00e9 la hi\u00e9rarchie des Championnats de Ligue, Titouan Halluitte profitant de l&rsquo;absence de son fr\u00e8re (organisateur) s&rsquo;imposait devant Viviane Ventrin, et Tom Marchal se glissait sur le podium.<\/p>\n<p class=\"x_x_MsoNoSpacing\">En jeunes, pas de surprise avec Cl\u00e9ment Valentin et Pauline Weckel, Maxime de Carvalho compl\u00e9tant le trio de t\u00eate.<\/p>\n<p class=\"x_x_MsoNoSpacing\">Adrien Ravignon et Timoth\u00e9 Gu\u00e9rin devant Thierry Guerin, et Anna Durand 1<sup>i\u00e8re<\/sup> f\u00e9minine d\u00e9montrent la progression de la jeune \u00e9quipe d\u00e9riveurs.<\/p>\n<p class=\"x_x_MsoNoSpacing\">Et <strong>la saison n&rsquo;est toujours pas finie<\/strong>, avec encore deux r\u00e9gates, les Championnats inter-acad\u00e9miques UNSS le mercredi 10 octobre et la derni\u00e8re r\u00e9gate le dimanche 14 octobre \u00e0 G\u00e9rardmer.<\/p>\n<p class=\"x_x_MsoNoSpacing\">Les d\u00e9riveurs participeront \u00e0 quelques r\u00e9gates r\u00e9gionales, tandis que les planches descendront encore dans le sud, \u00e0 la Toussaint, pour les Championnats de France Raceboard et le National Bic \u00e0 Martigues.<\/p>\n<p class=\"x_x_MsoNoSpacing\">En attendant les entra\u00eenements continuent les mercredis et samedis.<\/p>\n<p class=\"x_x_MsoNoSpacing\">Le samedi 6 octobre, le club de voile lancera <strong>l&rsquo;op\u00e9ration Baby-sport<\/strong> initi\u00e9e par l&rsquo;ASG.<\/p>\n<p class=\"x_x_MsoNoSpacing\">Tous les enfants de 6 \u00e0 8 ans des clubs de l&rsquo;ASG sont invit\u00e9s \u00e0 venir d\u00e9couvrir la voile avec des activit\u00e9s adapt\u00e9es \u00e0 leur \u00e2ge (si la m\u00e9t\u00e9o le permet).<\/p>\n","protected":false},"excerpt":{"rendered":"<p>Ce n&rsquo;est pas encore la fin de saison pour l&rsquo;ASG voile, et les week-ends s&rsquo;encha\u00eenent avec toujours une belle activit\u00e9 [&hellip;]<\/p>\n","protected":false},"author":1,"featured_media":36931,"comment_status":"open","ping_status":"open","sticky":false,"template":"","format":"standard","meta":{"footnotes":""},"categories":[20,14],"tags":[65],"class_list":["post-36930","post","type-post","status-publish","format-standard","has-post-thumbnail","hentry","category-a-la-une","category-sport","tag-asg-voile"],"acf":[],"yoast_head":"<!-- This site is optimized with the Yoast SEO plugin v22.5 - https:\/\/yoast.com\/wordpress\/plugins\/seo\/ -->\n<title>Voile : la saison n&#039;est pas encore finie ! - Gerardmer Info<\/title>\n<meta name=\"robots\" content=\"index, follow, max-snippet:-1, max-image-preview:large, max-video-preview:-1\" \/>\n<link rel=\"canonical\" href=\"https:\/\/vosgesinfo.fr\/gerardmerinfo\/2018\/09\/voile-saison-nest-finis\/\" \/>\n<meta name=\"twitter:card\" content=\"summary_large_image\" \/>\n<meta name=\"twitter:title\" content=\"Voile : la saison n&#039;est pas encore finie ! - Gerardmer Info\" \/>\n<meta name=\"twitter:description\" content=\"Ce n&rsquo;est pas encore la fin de saison pour l&rsquo;ASG voile, et les week-ends s&rsquo;encha\u00eenent avec toujours une belle activit\u00e9 [&hellip;]\" \/>\n<meta name=\"twitter:image\" content=\"https:\/\/vosgesinfo.fr\/app\/uploads\/sites\/6\/2024\/07\/201809ptits-marins-2018-100.jpg\" \/>\n<meta name=\"twitter:creator\" content=\"@VosgesInfo88\" \/>\n<meta name=\"twitter:site\" content=\"@VosgesInfo88\" \/>\n<meta name=\"twitter:label1\" content=\"\u00c9crit par\" \/>\n\t<meta name=\"twitter:data1\" content=\"qs_admin\" \/>\n\t<meta name=\"twitter:label2\" content=\"Dur\u00e9e de lecture estim\u00e9e\" \/>\n\t<meta name=\"twitter:data2\" content=\"2 minutes\" \/>\n<script type=\"application\/ld+json\" class=\"yoast-schema-graph\">{\"@context\":\"https:\/\/schema.org\",\"@graph\":[{\"@type\":\"Article\",\"@id\":\"https:\/\/vosgesinfo.fr\/gerardmerinfo\/2018\/09\/voile-saison-nest-finis\/#article\",\"isPartOf\":{\"@id\":\"https:\/\/vosgesinfo.fr\/gerardmerinfo\/2018\/09\/voile-saison-nest-finis\/\"},\"author\":{\"name\":\"qs_admin\",\"@id\":\"https:\/\/vosgesinfo.fr\/gerardmerinfo\/#\/schema\/person\/bc5d02d71e6932e81b6dadb7386667b1\"},\"headline\":\"Voile : la saison n&rsquo;est pas encore finie !\",\"datePublished\":\"2018-09-29T20:31:56+00:00\",\"dateModified\":\"2018-09-29T20:31:56+00:00\",\"mainEntityOfPage\":{\"@id\":\"https:\/\/vosgesinfo.fr\/gerardmerinfo\/2018\/09\/voile-saison-nest-finis\/\"},\"wordCount\":494,\"commentCount\":0,\"publisher\":{\"@id\":\"https:\/\/vosgesinfo.fr\/gerardmerinfo\/#organization\"},\"image\":{\"@id\":\"https:\/\/vosgesinfo.fr\/gerardmerinfo\/2018\/09\/voile-saison-nest-finis\/#primaryimage\"},\"thumbnailUrl\":\"https:\/\/vosgesinfo.fr\/app\/uploads\/sites\/6\/2024\/07\/201809ptits-marins-2018-100.jpg\",\"keywords\":[\"asg voile\"],\"articleSection\":[\"A la une\",\"Sport\"],\"inLanguage\":\"fr-FR\",\"potentialAction\":[{\"@type\":\"CommentAction\",\"name\":\"Comment\",\"target\":[\"https:\/\/vosgesinfo.fr\/gerardmerinfo\/2018\/09\/voile-saison-nest-finis\/#respond\"]}]},{\"@type\":\"WebPage\",\"@id\":\"https:\/\/vosgesinfo.fr\/gerardmerinfo\/2018\/09\/voile-saison-nest-finis\/\",\"url\":\"https:\/\/vosgesinfo.fr\/gerardmerinfo\/2018\/09\/voile-saison-nest-finis\/\",\"name\":\"Voile : la saison n'est pas encore finie ! - Gerardmer Info\",\"isPartOf\":{\"@id\":\"https:\/\/vosgesinfo.fr\/gerardmerinfo\/#website\"},\"primaryImageOfPage\":{\"@id\":\"https:\/\/vosgesinfo.fr\/gerardmerinfo\/2018\/09\/voile-saison-nest-finis\/#primaryimage\"},\"image\":{\"@id\":\"https:\/\/vosgesinfo.fr\/gerardmerinfo\/2018\/09\/voile-saison-nest-finis\/#primaryimage\"},\"thumbnailUrl\":\"https:\/\/vosgesinfo.fr\/app\/uploads\/sites\/6\/2024\/07\/201809ptits-marins-2018-100.jpg\",\"datePublished\":\"2018-09-29T20:31:56+00:00\",\"dateModified\":\"2018-09-29T20:31:56+00:00\",\"breadcrumb\":{\"@id\":\"https:\/\/vosgesinfo.fr\/gerardmerinfo\/2018\/09\/voile-saison-nest-finis\/#breadcrumb\"},\"inLanguage\":\"fr-FR\",\"potentialAction\":[{\"@type\":\"ReadAction\",\"target\":[\"https:\/\/vosgesinfo.fr\/gerardmerinfo\/2018\/09\/voile-saison-nest-finis\/\"]}]},{\"@type\":\"ImageObject\",\"inLanguage\":\"fr-FR\",\"@id\":\"https:\/\/vosgesinfo.fr\/gerardmerinfo\/2018\/09\/voile-saison-nest-finis\/#primaryimage\",\"url\":\"https:\/\/vosgesinfo.fr\/app\/uploads\/sites\/6\/2024\/07\/201809ptits-marins-2018-100.jpg\",\"contentUrl\":\"https:\/\/vosgesinfo.fr\/app\/uploads\/sites\/6\/2024\/07\/201809ptits-marins-2018-100.jpg\",\"width\":800,\"height\":531},{\"@type\":\"BreadcrumbList\",\"@id\":\"https:\/\/vosgesinfo.fr\/gerardmerinfo\/2018\/09\/voile-saison-nest-finis\/#breadcrumb\",\"itemListElement\":[{\"@type\":\"ListItem\",\"position\":1,\"name\":\"Home\",\"item\":\"https:\/\/vosgesinfo.fr\/gerardmerinfo\/\"},{\"@type\":\"ListItem\",\"position\":2,\"name\":\"Voile : la saison n&rsquo;est pas encore finie !\"}]},{\"@type\":\"WebSite\",\"@id\":\"https:\/\/vosgesinfo.fr\/gerardmerinfo\/#website\",\"url\":\"https:\/\/vosgesinfo.fr\/gerardmerinfo\/\",\"name\":\"Gerardmer Info\",\"description\":\"Toute l&#039;actualit\u00e9 de G\u00e9rardmer\",\"publisher\":{\"@id\":\"https:\/\/vosgesinfo.fr\/gerardmerinfo\/#organization\"},\"alternateName\":\"Toute l'actualit\u00e9 de G\u00e9rardmer\",\"potentialAction\":[{\"@type\":\"SearchAction\",\"target\":{\"@type\":\"EntryPoint\",\"urlTemplate\":\"https:\/\/vosgesinfo.fr\/gerardmerinfo\/?s={search_term_string}\"},\"query-input\":\"required name=search_term_string\"}],\"inLanguage\":\"fr-FR\"},{\"@type\":\"Organization\",\"@id\":\"https:\/\/vosgesinfo.fr\/gerardmerinfo\/#organization\",\"name\":\"Gerardmer Info\",\"url\":\"https:\/\/vosgesinfo.fr\/gerardmerinfo\/\",\"logo\":{\"@type\":\"ImageObject\",\"inLanguage\":\"fr-FR\",\"@id\":\"https:\/\/vosgesinfo.fr\/gerardmerinfo\/#\/schema\/logo\/image\/\",\"url\":\"https:\/\/vosgesinfo.fr\/app\/uploads\/sites\/6\/2023\/08\/favicon-gerardmerinfo.png\",\"contentUrl\":\"https:\/\/vosgesinfo.fr\/app\/uploads\/sites\/6\/2023\/08\/favicon-gerardmerinfo.png\",\"width\":512,\"height\":512,\"caption\":\"Gerardmer Info\"},\"image\":{\"@id\":\"https:\/\/vosgesinfo.fr\/gerardmerinfo\/#\/schema\/logo\/image\/\"},\"sameAs\":[\"https:\/\/www.facebook.com\/profile.php?id=100049475262660\",\"https:\/\/x.com\/VosgesInfo88\",\"https:\/\/www.youtube.com\/@vosgesinfo\"]},{\"@type\":\"Person\",\"@id\":\"https:\/\/vosgesinfo.fr\/gerardmerinfo\/#\/schema\/person\/bc5d02d71e6932e81b6dadb7386667b1\",\"name\":\"qs_admin\",\"image\":{\"@type\":\"ImageObject\",\"inLanguage\":\"fr-FR\",\"@id\":\"https:\/\/vosgesinfo.fr\/gerardmerinfo\/#\/schema\/person\/image\/\",\"url\":\"https:\/\/secure.gravatar.com\/avatar\/94b18ee0ed79e4a42ea2f2931277b6841a8999fc6fde214600c78057cf1fe1de?s=96&d=mm&r=g\",\"contentUrl\":\"https:\/\/secure.gravatar.com\/avatar\/94b18ee0ed79e4a42ea2f2931277b6841a8999fc6fde214600c78057cf1fe1de?s=96&d=mm&r=g\",\"caption\":\"qs_admin\"},\"sameAs\":[\"https:\/\/vosgesinfo.fr\/wp\"],\"url\":\"https:\/\/vosgesinfo.fr\/gerardmerinfo\/author\/qs_admin\/\"}]}<\/script>\n<!-- \/ Yoast SEO plugin. -->","yoast_head_json":{"title":"Voile : la saison n'est pas encore finie ! - Gerardmer Info","robots":{"index":"index","follow":"follow","max-snippet":"max-snippet:-1","max-image-preview":"max-image-preview:large","max-video-preview":"max-video-preview:-1"},"canonical":"https:\/\/vosgesinfo.fr\/gerardmerinfo\/2018\/09\/voile-saison-nest-finis\/","twitter_card":"summary_large_image","twitter_title":"Voile : la saison n'est pas encore finie ! - Gerardmer Info","twitter_description":"Ce n&rsquo;est pas encore la fin de saison pour l&rsquo;ASG voile, et les week-ends s&rsquo;encha\u00eenent avec toujours une belle activit\u00e9 [&hellip;]","twitter_image":"https:\/\/vosgesinfo.fr\/app\/uploads\/sites\/6\/2024\/07\/201809ptits-marins-2018-100.jpg","twitter_creator":"@VosgesInfo88","twitter_site":"@VosgesInfo88","twitter_misc":{"\u00c9crit par":"qs_admin","Dur\u00e9e de lecture estim\u00e9e":"2 minutes"},"schema":{"@context":"https:\/\/schema.org","@graph":[{"@type":"Article","@id":"https:\/\/vosgesinfo.fr\/gerardmerinfo\/2018\/09\/voile-saison-nest-finis\/#article","isPartOf":{"@id":"https:\/\/vosgesinfo.fr\/gerardmerinfo\/2018\/09\/voile-saison-nest-finis\/"},"author":{"name":"qs_admin","@id":"https:\/\/vosgesinfo.fr\/gerardmerinfo\/#\/schema\/person\/bc5d02d71e6932e81b6dadb7386667b1"},"headline":"Voile : la saison n&rsquo;est pas encore finie !","datePublished":"2018-09-29T20:31:56+00:00","dateModified":"2018-09-29T20:31:56+00:00","mainEntityOfPage":{"@id":"https:\/\/vosgesinfo.fr\/gerardmerinfo\/2018\/09\/voile-saison-nest-finis\/"},"wordCount":494,"commentCount":0,"publisher":{"@id":"https:\/\/vosgesinfo.fr\/gerardmerinfo\/#organization"},"image":{"@id":"https:\/\/vosgesinfo.fr\/gerardmerinfo\/2018\/09\/voile-saison-nest-finis\/#primaryimage"},"thumbnailUrl":"https:\/\/vosgesinfo.fr\/app\/uploads\/sites\/6\/2024\/07\/201809ptits-marins-2018-100.jpg","keywords":["asg voile"],"articleSection":["A la une","Sport"],"inLanguage":"fr-FR","potentialAction":[{"@type":"CommentAction","name":"Comment","target":["https:\/\/vosgesinfo.fr\/gerardmerinfo\/2018\/09\/voile-saison-nest-finis\/#respond"]}]},{"@type":"WebPage","@id":"https:\/\/vosgesinfo.fr\/gerardmerinfo\/2018\/09\/voile-saison-nest-finis\/","url":"https:\/\/vosgesinfo.fr\/gerardmerinfo\/2018\/09\/voile-saison-nest-finis\/","name":"Voile : la saison n'est pas encore finie ! - Gerardmer Info","isPartOf":{"@id":"https:\/\/vosgesinfo.fr\/gerardmerinfo\/#website"},"primaryImageOfPage":{"@id":"https:\/\/vosgesinfo.fr\/gerardmerinfo\/2018\/09\/voile-saison-nest-finis\/#primaryimage"},"image":{"@id":"https:\/\/vosgesinfo.fr\/gerardmerinfo\/2018\/09\/voile-saison-nest-finis\/#primaryimage"},"thumbnailUrl":"https:\/\/vosgesinfo.fr\/app\/uploads\/sites\/6\/2024\/07\/201809ptits-marins-2018-100.jpg","datePublished":"2018-09-29T20:31:56+00:00","dateModified":"2018-09-29T20:31:56+00:00","breadcrumb":{"@id":"https:\/\/vosgesinfo.fr\/gerardmerinfo\/2018\/09\/voile-saison-nest-finis\/#breadcrumb"},"inLanguage":"fr-FR","potentialAction":[{"@type":"ReadAction","target":["https:\/\/vosgesinfo.fr\/gerardmerinfo\/2018\/09\/voile-saison-nest-finis\/"]}]},{"@type":"ImageObject","inLanguage":"fr-FR","@id":"https:\/\/vosgesinfo.fr\/gerardmerinfo\/2018\/09\/voile-saison-nest-finis\/#primaryimage","url":"https:\/\/vosgesinfo.fr\/app\/uploads\/sites\/6\/2024\/07\/201809ptits-marins-2018-100.jpg","contentUrl":"https:\/\/vosgesinfo.fr\/app\/uploads\/sites\/6\/2024\/07\/201809ptits-marins-2018-100.jpg","width":800,"height":531},{"@type":"BreadcrumbList","@id":"https:\/\/vosgesinfo.fr\/gerardmerinfo\/2018\/09\/voile-saison-nest-finis\/#breadcrumb","itemListElement":[{"@type":"ListItem","position":1,"name":"Home","item":"https:\/\/vosgesinfo.fr\/gerardmerinfo\/"},{"@type":"ListItem","position":2,"name":"Voile : la saison n&rsquo;est pas encore finie !"}]},{"@type":"WebSite","@id":"https:\/\/vosgesinfo.fr\/gerardmerinfo\/#website","url":"https:\/\/vosgesinfo.fr\/gerardmerinfo\/","name":"Gerardmer Info","description":"Toute l&#039;actualit\u00e9 de G\u00e9rardmer","publisher":{"@id":"https:\/\/vosgesinfo.fr\/gerardmerinfo\/#organization"},"alternateName":"Toute l'actualit\u00e9 de G\u00e9rardmer","potentialAction":[{"@type":"SearchAction","target":{"@type":"EntryPoint","urlTemplate":"https:\/\/vosgesinfo.fr\/gerardmerinfo\/?s={search_term_string}"},"query-input":"required name=search_term_string"}],"inLanguage":"fr-FR"},{"@type":"Organization","@id":"https:\/\/vosgesinfo.fr\/gerardmerinfo\/#organization","name":"Gerardmer Info","url":"https:\/\/vosgesinfo.fr\/gerardmerinfo\/","logo":{"@type":"ImageObject","inLanguage":"fr-FR","@id":"https:\/\/vosgesinfo.fr\/gerardmerinfo\/#\/schema\/logo\/image\/","url":"https:\/\/vosgesinfo.fr\/app\/uploads\/sites\/6\/2023\/08\/favicon-gerardmerinfo.png","contentUrl":"https:\/\/vosgesinfo.fr\/app\/uploads\/sites\/6\/2023\/08\/favicon-gerardmerinfo.png","width":512,"height":512,"caption":"Gerardmer Info"},"image":{"@id":"https:\/\/vosgesinfo.fr\/gerardmerinfo\/#\/schema\/logo\/image\/"},"sameAs":["https:\/\/www.facebook.com\/profile.php?id=100049475262660","https:\/\/x.com\/VosgesInfo88","https:\/\/www.youtube.com\/@vosgesinfo"]},{"@type":"Person","@id":"https:\/\/vosgesinfo.fr\/gerardmerinfo\/#\/schema\/person\/bc5d02d71e6932e81b6dadb7386667b1","name":"qs_admin","image":{"@type":"ImageObject","inLanguage":"fr-FR","@id":"https:\/\/vosgesinfo.fr\/gerardmerinfo\/#\/schema\/person\/image\/","url":"https:\/\/secure.gravatar.com\/avatar\/94b18ee0ed79e4a42ea2f2931277b6841a8999fc6fde214600c78057cf1fe1de?s=96&d=mm&r=g","contentUrl":"https:\/\/secure.gravatar.com\/avatar\/94b18ee0ed79e4a42ea2f2931277b6841a8999fc6fde214600c78057cf1fe1de?s=96&d=mm&r=g","caption":"qs_admin"},"sameAs":["https:\/\/vosgesinfo.fr\/wp"],"url":"https:\/\/vosgesinfo.fr\/gerardmerinfo\/author\/qs_admin\/"}]}},"_links":{"self":[{"href":"https:\/\/vosgesinfo.fr\/gerardmerinfo\/wp-json\/wp\/v2\/posts\/36930","targetHints":{"allow":["GET"]}}],"collection":[{"href":"https:\/\/vosgesinfo.fr\/gerardmerinfo\/wp-json\/wp\/v2\/posts"}],"about":[{"href":"https:\/\/vosgesinfo.fr\/gerardmerinfo\/wp-json\/wp\/v2\/types\/post"}],"author":[{"embeddable":true,"href":"https:\/\/vosgesinfo.fr\/gerardmerinfo\/wp-json\/wp\/v2\/users\/1"}],"replies":[{"embeddable":true,"href":"https:\/\/vosgesinfo.fr\/gerardmerinfo\/wp-json\/wp\/v2\/comments?post=36930"}],"version-history":[{"count":0,"href":"https:\/\/vosgesinfo.fr\/gerardmerinfo\/wp-json\/wp\/v2\/posts\/36930\/revisions"}],"wp:featuredmedia":[{"embeddable":true,"href":"https:\/\/vosgesinfo.fr\/gerardmerinfo\/wp-json\/wp\/v2\/media\/36931"}],"wp:attachment":[{"href":"https:\/\/vosgesinfo.fr\/gerardmerinfo\/wp-json\/wp\/v2\/media?parent=36930"}],"wp:term":[{"taxonomy":"category","embeddable":true,"href":"https:\/\/vosgesinfo.fr\/gerardmerinfo\/wp-json\/wp\/v2\/categories?post=36930"},{"taxonomy":"post_tag","embeddable":true,"href":"https:\/\/vosgesinfo.fr\/gerardmerinfo\/wp-json\/wp\/v2\/tags?post=36930"}],"curies":[{"name":"wp","href":"https:\/\/api.w.org\/{rel}","templated":true}]}}