{"id":36934,"date":"2018-10-01T15:57:49","date_gmt":"2018-10-01T13:57:49","guid":{"rendered":"https:\/\/vosgesinfo.fr\/gerardmerinfo\/2018\/10\/volley-premieres-victoires-de-saison-jeunes-loups-de-lasg\/"},"modified":"2018-10-01T15:57:49","modified_gmt":"2018-10-01T13:57:49","slug":"volley-premieres-victoires-de-saison-jeunes-loups-de-lasg","status":"publish","type":"post","link":"https:\/\/vosgesinfo.fr\/gerardmerinfo\/2018\/10\/volley-premieres-victoires-de-saison-jeunes-loups-de-lasg\/","title":{"rendered":"Volley : premi\u00e8res victoires de la saison pour les jeunes loups de l&rsquo;ASG"},"content":{"rendered":"<div id=\"attachment_135202\" style=\"width: 810px\" class=\"wp-caption aligncenter\"><a href=\"\/2018\/09\/juniors-gar\u00e7ons-asg-volley-2018-2019.jpg\"><img decoding=\"async\" aria-describedby=\"caption-attachment-135202\" class=\"wp-image-135202 size-full\" src=\"\/2018\/09\/juniors-gar\u00e7ons-asg-volley-2018-2019.jpg\" alt=\"juniors gar\u00e7ons asg volley 2018-2019\" width=\"800\" height=\"450\" \/><\/a><p id=\"caption-attachment-135202\" class=\"wp-caption-text\"><span style=\"color: #003300;\">Pas de quartier pour les juniors face \u00e0 Creutzwald<\/span><\/p><\/div>\n<p>&nbsp;<\/p>\n<p><span style=\"font-family: arial, helvetica, sans-serif;\">Premi\u00e8re journ\u00e9e pour les jeunes volleyeurs g\u00e9r\u00f4mois et d\u00e9j\u00e0 de belles surprises. Les juniors gar\u00e7ons s&rsquo;imposent 3 sets \u00e0 0 face \u00e0 Creutzwald, dans un match ma\u00eetris\u00e9 de bout en bout. Une revue d&rsquo;effectif en ce d\u00e9but de saison qui aura permis au coach de faire tourner tout son effectif, y compris les titulaires de l&rsquo;\u00e9quipe senior en pr\u00e9vision des \u00e9ch\u00e9ances en coupe de France.<\/span><br \/>\n<span style=\"font-family: arial, helvetica, sans-serif;\">\u200bDans le m\u00eame temps, les minimes filles, \u00e9quipe toute fra\u00eeche\u00a0et nouvelle sur la sc\u00e8ne lorraine ( 5 nouvelles licenci\u00e9es !) se frottait aux filles d\u2019\u00c9pinal et de Nancy. A la cl\u00e9,deux d\u00e9faites logiques mais un \u00e9tat d&rsquo;esprit irr\u00e9prochable qui laisse entrevoir \u00e0 cette \u00e9quipe une belle marge de progression sur la suite de la saison.<br \/>\nDe leur c\u00f4t\u00e9, les seniors filles en r\u00e9gionale se d\u00e9pla\u00e7aient \u00e0 Hagondange et elles d\u00e9marrent leur saison par une probante victoire 3 sets \u00e0 0. L&rsquo;exp\u00e9rience acquise la saison derni\u00e8re pour leur entr\u00e9e en mati\u00e8re semble d\u00e9j\u00e0 porter ses fruits pour cette deuxi\u00e8me ann\u00e9e, f\u00e9licitations \u00e0 tous et toutes.<br \/>\nLe week-end prochain, les minimes gar\u00e7ons se rendront \u00e0 Maizi\u00e8res pour un tour de coupe de France et la nationale 3 se fendra d&rsquo;un aller-retour \u00e0 Paris pour son deuxi\u00e8me match de la saison.<\/span><\/p>\n<div id=\"attachment_135203\" style=\"width: 810px\" class=\"wp-caption aligncenter\"><a href=\"\/2018\/09\/minimes-filles-volley-2018-2019.jpg\"><img decoding=\"async\" aria-describedby=\"caption-attachment-135203\" class=\"size-full wp-image-135203\" src=\"\/2018\/09\/minimes-filles-volley-2018-2019.jpg\" alt=\"Les minimes filles\" width=\"800\" height=\"450\" \/><\/a><p id=\"caption-attachment-135203\" class=\"wp-caption-text\">Les minimes filles<\/p><\/div>\n","protected":false},"excerpt":{"rendered":"<p>&nbsp; Premi\u00e8re journ\u00e9e pour les jeunes volleyeurs g\u00e9r\u00f4mois et d\u00e9j\u00e0 de belles surprises. Les juniors gar\u00e7ons s&rsquo;imposent 3 sets \u00e0 [&hellip;]<\/p>\n","protected":false},"author":42,"featured_media":36935,"comment_status":"open","ping_status":"open","sticky":false,"template":"","format":"standard","meta":{"footnotes":""},"categories":[20,25,14],"tags":[119],"class_list":["post-36934","post","type-post","status-publish","format-standard","has-post-thumbnail","hentry","category-a-la-une","category-gerardmer","category-sport","tag-asg-volley"],"acf":[],"yoast_head":"<!-- This site is optimized with the Yoast SEO plugin v22.5 - https:\/\/yoast.com\/wordpress\/plugins\/seo\/ -->\n<title>Volley : premi\u00e8res victoires de la saison pour les jeunes loups de l&#039;ASG - Gerardmer Info<\/title>\n<meta name=\"robots\" content=\"index, follow, max-snippet:-1, max-image-preview:large, max-video-preview:-1\" \/>\n<link rel=\"canonical\" href=\"https:\/\/vosgesinfo.fr\/gerardmerinfo\/2018\/10\/volley-premieres-victoires-de-saison-jeunes-loups-de-lasg\/\" \/>\n<meta name=\"twitter:card\" content=\"summary_large_image\" \/>\n<meta name=\"twitter:title\" content=\"Volley : premi\u00e8res victoires de la saison pour les jeunes loups de l&#039;ASG - Gerardmer Info\" \/>\n<meta name=\"twitter:description\" content=\"&nbsp; Premi\u00e8re journ\u00e9e pour les jeunes volleyeurs g\u00e9r\u00f4mois et d\u00e9j\u00e0 de belles surprises. Les juniors gar\u00e7ons s&rsquo;imposent 3 sets \u00e0 [&hellip;]\" \/>\n<meta name=\"twitter:image\" content=\"https:\/\/vosgesinfo.fr\/app\/uploads\/sites\/6\/2024\/07\/201809juniors-garcons-asg-volley-2018-2019.jpg\" \/>\n<meta name=\"twitter:creator\" content=\"@VosgesInfo88\" \/>\n<meta name=\"twitter:site\" content=\"@VosgesInfo88\" \/>\n<meta name=\"twitter:label1\" content=\"\u00c9crit par\" \/>\n\t<meta name=\"twitter:data1\" content=\"QG\" \/>\n\t<meta name=\"twitter:label2\" content=\"Dur\u00e9e de lecture estim\u00e9e\" \/>\n\t<meta name=\"twitter:data2\" content=\"1 minute\" \/>\n<script type=\"application\/ld+json\" class=\"yoast-schema-graph\">{\"@context\":\"https:\/\/schema.org\",\"@graph\":[{\"@type\":\"Article\",\"@id\":\"https:\/\/vosgesinfo.fr\/gerardmerinfo\/2018\/10\/volley-premieres-victoires-de-saison-jeunes-loups-de-lasg\/#article\",\"isPartOf\":{\"@id\":\"https:\/\/vosgesinfo.fr\/gerardmerinfo\/2018\/10\/volley-premieres-victoires-de-saison-jeunes-loups-de-lasg\/\"},\"author\":{\"name\":\"QG\",\"@id\":\"https:\/\/vosgesinfo.fr\/gerardmerinfo\/#\/schema\/person\/db5605779a843dad16b5368f3e7613a5\"},\"headline\":\"Volley : premi\u00e8res victoires de la saison pour les jeunes loups de l&rsquo;ASG\",\"datePublished\":\"2018-10-01T13:57:49+00:00\",\"dateModified\":\"2018-10-01T13:57:49+00:00\",\"mainEntityOfPage\":{\"@id\":\"https:\/\/vosgesinfo.fr\/gerardmerinfo\/2018\/10\/volley-premieres-victoires-de-saison-jeunes-loups-de-lasg\/\"},\"wordCount\":268,\"commentCount\":0,\"publisher\":{\"@id\":\"https:\/\/vosgesinfo.fr\/gerardmerinfo\/#organization\"},\"image\":{\"@id\":\"https:\/\/vosgesinfo.fr\/gerardmerinfo\/2018\/10\/volley-premieres-victoires-de-saison-jeunes-loups-de-lasg\/#primaryimage\"},\"thumbnailUrl\":\"https:\/\/vosgesinfo.fr\/app\/uploads\/sites\/6\/2024\/07\/201809juniors-garcons-asg-volley-2018-2019.jpg\",\"keywords\":[\"ASG volley\"],\"articleSection\":[\"A la une\",\"G\u00e9rardmer\",\"Sport\"],\"inLanguage\":\"fr-FR\",\"potentialAction\":[{\"@type\":\"CommentAction\",\"name\":\"Comment\",\"target\":[\"https:\/\/vosgesinfo.fr\/gerardmerinfo\/2018\/10\/volley-premieres-victoires-de-saison-jeunes-loups-de-lasg\/#respond\"]}]},{\"@type\":\"WebPage\",\"@id\":\"https:\/\/vosgesinfo.fr\/gerardmerinfo\/2018\/10\/volley-premieres-victoires-de-saison-jeunes-loups-de-lasg\/\",\"url\":\"https:\/\/vosgesinfo.fr\/gerardmerinfo\/2018\/10\/volley-premieres-victoires-de-saison-jeunes-loups-de-lasg\/\",\"name\":\"Volley : premi\u00e8res victoires de la saison pour les jeunes loups de l'ASG - Gerardmer Info\",\"isPartOf\":{\"@id\":\"https:\/\/vosgesinfo.fr\/gerardmerinfo\/#website\"},\"primaryImageOfPage\":{\"@id\":\"https:\/\/vosgesinfo.fr\/gerardmerinfo\/2018\/10\/volley-premieres-victoires-de-saison-jeunes-loups-de-lasg\/#primaryimage\"},\"image\":{\"@id\":\"https:\/\/vosgesinfo.fr\/gerardmerinfo\/2018\/10\/volley-premieres-victoires-de-saison-jeunes-loups-de-lasg\/#primaryimage\"},\"thumbnailUrl\":\"https:\/\/vosgesinfo.fr\/app\/uploads\/sites\/6\/2024\/07\/201809juniors-garcons-asg-volley-2018-2019.jpg\",\"datePublished\":\"2018-10-01T13:57:49+00:00\",\"dateModified\":\"2018-10-01T13:57:49+00:00\",\"breadcrumb\":{\"@id\":\"https:\/\/vosgesinfo.fr\/gerardmerinfo\/2018\/10\/volley-premieres-victoires-de-saison-jeunes-loups-de-lasg\/#breadcrumb\"},\"inLanguage\":\"fr-FR\",\"potentialAction\":[{\"@type\":\"ReadAction\",\"target\":[\"https:\/\/vosgesinfo.fr\/gerardmerinfo\/2018\/10\/volley-premieres-victoires-de-saison-jeunes-loups-de-lasg\/\"]}]},{\"@type\":\"ImageObject\",\"inLanguage\":\"fr-FR\",\"@id\":\"https:\/\/vosgesinfo.fr\/gerardmerinfo\/2018\/10\/volley-premieres-victoires-de-saison-jeunes-loups-de-lasg\/#primaryimage\",\"url\":\"https:\/\/vosgesinfo.fr\/app\/uploads\/sites\/6\/2024\/07\/201809juniors-garcons-asg-volley-2018-2019.jpg\",\"contentUrl\":\"https:\/\/vosgesinfo.fr\/app\/uploads\/sites\/6\/2024\/07\/201809juniors-garcons-asg-volley-2018-2019.jpg\",\"width\":800,\"height\":450},{\"@type\":\"BreadcrumbList\",\"@id\":\"https:\/\/vosgesinfo.fr\/gerardmerinfo\/2018\/10\/volley-premieres-victoires-de-saison-jeunes-loups-de-lasg\/#breadcrumb\",\"itemListElement\":[{\"@type\":\"ListItem\",\"position\":1,\"name\":\"Home\",\"item\":\"https:\/\/vosgesinfo.fr\/gerardmerinfo\/\"},{\"@type\":\"ListItem\",\"position\":2,\"name\":\"Volley : premi\u00e8res victoires de la saison pour les jeunes loups de l&rsquo;ASG\"}]},{\"@type\":\"WebSite\",\"@id\":\"https:\/\/vosgesinfo.fr\/gerardmerinfo\/#website\",\"url\":\"https:\/\/vosgesinfo.fr\/gerardmerinfo\/\",\"name\":\"Gerardmer Info\",\"description\":\"Toute l&#039;actualit\u00e9 de G\u00e9rardmer\",\"publisher\":{\"@id\":\"https:\/\/vosgesinfo.fr\/gerardmerinfo\/#organization\"},\"alternateName\":\"Toute l'actualit\u00e9 de G\u00e9rardmer\",\"potentialAction\":[{\"@type\":\"SearchAction\",\"target\":{\"@type\":\"EntryPoint\",\"urlTemplate\":\"https:\/\/vosgesinfo.fr\/gerardmerinfo\/?s={search_term_string}\"},\"query-input\":\"required name=search_term_string\"}],\"inLanguage\":\"fr-FR\"},{\"@type\":\"Organization\",\"@id\":\"https:\/\/vosgesinfo.fr\/gerardmerinfo\/#organization\",\"name\":\"Gerardmer Info\",\"url\":\"https:\/\/vosgesinfo.fr\/gerardmerinfo\/\",\"logo\":{\"@type\":\"ImageObject\",\"inLanguage\":\"fr-FR\",\"@id\":\"https:\/\/vosgesinfo.fr\/gerardmerinfo\/#\/schema\/logo\/image\/\",\"url\":\"https:\/\/vosgesinfo.fr\/app\/uploads\/sites\/6\/2023\/08\/favicon-gerardmerinfo.png\",\"contentUrl\":\"https:\/\/vosgesinfo.fr\/app\/uploads\/sites\/6\/2023\/08\/favicon-gerardmerinfo.png\",\"width\":512,\"height\":512,\"caption\":\"Gerardmer Info\"},\"image\":{\"@id\":\"https:\/\/vosgesinfo.fr\/gerardmerinfo\/#\/schema\/logo\/image\/\"},\"sameAs\":[\"https:\/\/www.facebook.com\/profile.php?id=100049475262660\",\"https:\/\/x.com\/VosgesInfo88\",\"https:\/\/www.youtube.com\/@vosgesinfo\"]},{\"@type\":\"Person\",\"@id\":\"https:\/\/vosgesinfo.fr\/gerardmerinfo\/#\/schema\/person\/db5605779a843dad16b5368f3e7613a5\",\"name\":\"QG\",\"image\":{\"@type\":\"ImageObject\",\"inLanguage\":\"fr-FR\",\"@id\":\"https:\/\/vosgesinfo.fr\/gerardmerinfo\/#\/schema\/person\/image\/\",\"url\":\"https:\/\/secure.gravatar.com\/avatar\/ea80c42c204b534408512832fde52504ecabb9706bcb6151cf6175e5b64e6793?s=96&d=mm&r=g\",\"contentUrl\":\"https:\/\/secure.gravatar.com\/avatar\/ea80c42c204b534408512832fde52504ecabb9706bcb6151cf6175e5b64e6793?s=96&d=mm&r=g\",\"caption\":\"QG\"},\"url\":\"https:\/\/vosgesinfo.fr\/gerardmerinfo\/author\/quentin88\/\"}]}<\/script>\n<!-- \/ Yoast SEO plugin. -->","yoast_head_json":{"title":"Volley : premi\u00e8res victoires de la saison pour les jeunes loups de l'ASG - Gerardmer Info","robots":{"index":"index","follow":"follow","max-snippet":"max-snippet:-1","max-image-preview":"max-image-preview:large","max-video-preview":"max-video-preview:-1"},"canonical":"https:\/\/vosgesinfo.fr\/gerardmerinfo\/2018\/10\/volley-premieres-victoires-de-saison-jeunes-loups-de-lasg\/","twitter_card":"summary_large_image","twitter_title":"Volley : premi\u00e8res victoires de la saison pour les jeunes loups de l'ASG - Gerardmer Info","twitter_description":"&nbsp; Premi\u00e8re journ\u00e9e pour les jeunes volleyeurs g\u00e9r\u00f4mois et d\u00e9j\u00e0 de belles surprises. Les juniors gar\u00e7ons s&rsquo;imposent 3 sets \u00e0 [&hellip;]","twitter_image":"https:\/\/vosgesinfo.fr\/app\/uploads\/sites\/6\/2024\/07\/201809juniors-garcons-asg-volley-2018-2019.jpg","twitter_creator":"@VosgesInfo88","twitter_site":"@VosgesInfo88","twitter_misc":{"\u00c9crit par":"QG","Dur\u00e9e de lecture estim\u00e9e":"1 minute"},"schema":{"@context":"https:\/\/schema.org","@graph":[{"@type":"Article","@id":"https:\/\/vosgesinfo.fr\/gerardmerinfo\/2018\/10\/volley-premieres-victoires-de-saison-jeunes-loups-de-lasg\/#article","isPartOf":{"@id":"https:\/\/vosgesinfo.fr\/gerardmerinfo\/2018\/10\/volley-premieres-victoires-de-saison-jeunes-loups-de-lasg\/"},"author":{"name":"QG","@id":"https:\/\/vosgesinfo.fr\/gerardmerinfo\/#\/schema\/person\/db5605779a843dad16b5368f3e7613a5"},"headline":"Volley : premi\u00e8res victoires de la saison pour les jeunes loups de l&rsquo;ASG","datePublished":"2018-10-01T13:57:49+00:00","dateModified":"2018-10-01T13:57:49+00:00","mainEntityOfPage":{"@id":"https:\/\/vosgesinfo.fr\/gerardmerinfo\/2018\/10\/volley-premieres-victoires-de-saison-jeunes-loups-de-lasg\/"},"wordCount":268,"commentCount":0,"publisher":{"@id":"https:\/\/vosgesinfo.fr\/gerardmerinfo\/#organization"},"image":{"@id":"https:\/\/vosgesinfo.fr\/gerardmerinfo\/2018\/10\/volley-premieres-victoires-de-saison-jeunes-loups-de-lasg\/#primaryimage"},"thumbnailUrl":"https:\/\/vosgesinfo.fr\/app\/uploads\/sites\/6\/2024\/07\/201809juniors-garcons-asg-volley-2018-2019.jpg","keywords":["ASG volley"],"articleSection":["A la une","G\u00e9rardmer","Sport"],"inLanguage":"fr-FR","potentialAction":[{"@type":"CommentAction","name":"Comment","target":["https:\/\/vosgesinfo.fr\/gerardmerinfo\/2018\/10\/volley-premieres-victoires-de-saison-jeunes-loups-de-lasg\/#respond"]}]},{"@type":"WebPage","@id":"https:\/\/vosgesinfo.fr\/gerardmerinfo\/2018\/10\/volley-premieres-victoires-de-saison-jeunes-loups-de-lasg\/","url":"https:\/\/vosgesinfo.fr\/gerardmerinfo\/2018\/10\/volley-premieres-victoires-de-saison-jeunes-loups-de-lasg\/","name":"Volley : premi\u00e8res victoires de la saison pour les jeunes loups de l'ASG - Gerardmer Info","isPartOf":{"@id":"https:\/\/vosgesinfo.fr\/gerardmerinfo\/#website"},"primaryImageOfPage":{"@id":"https:\/\/vosgesinfo.fr\/gerardmerinfo\/2018\/10\/volley-premieres-victoires-de-saison-jeunes-loups-de-lasg\/#primaryimage"},"image":{"@id":"https:\/\/vosgesinfo.fr\/gerardmerinfo\/2018\/10\/volley-premieres-victoires-de-saison-jeunes-loups-de-lasg\/#primaryimage"},"thumbnailUrl":"https:\/\/vosgesinfo.fr\/app\/uploads\/sites\/6\/2024\/07\/201809juniors-garcons-asg-volley-2018-2019.jpg","datePublished":"2018-10-01T13:57:49+00:00","dateModified":"2018-10-01T13:57:49+00:00","breadcrumb":{"@id":"https:\/\/vosgesinfo.fr\/gerardmerinfo\/2018\/10\/volley-premieres-victoires-de-saison-jeunes-loups-de-lasg\/#breadcrumb"},"inLanguage":"fr-FR","potentialAction":[{"@type":"ReadAction","target":["https:\/\/vosgesinfo.fr\/gerardmerinfo\/2018\/10\/volley-premieres-victoires-de-saison-jeunes-loups-de-lasg\/"]}]},{"@type":"ImageObject","inLanguage":"fr-FR","@id":"https:\/\/vosgesinfo.fr\/gerardmerinfo\/2018\/10\/volley-premieres-victoires-de-saison-jeunes-loups-de-lasg\/#primaryimage","url":"https:\/\/vosgesinfo.fr\/app\/uploads\/sites\/6\/2024\/07\/201809juniors-garcons-asg-volley-2018-2019.jpg","contentUrl":"https:\/\/vosgesinfo.fr\/app\/uploads\/sites\/6\/2024\/07\/201809juniors-garcons-asg-volley-2018-2019.jpg","width":800,"height":450},{"@type":"BreadcrumbList","@id":"https:\/\/vosgesinfo.fr\/gerardmerinfo\/2018\/10\/volley-premieres-victoires-de-saison-jeunes-loups-de-lasg\/#breadcrumb","itemListElement":[{"@type":"ListItem","position":1,"name":"Home","item":"https:\/\/vosgesinfo.fr\/gerardmerinfo\/"},{"@type":"ListItem","position":2,"name":"Volley : premi\u00e8res victoires de la saison pour les jeunes loups de l&rsquo;ASG"}]},{"@type":"WebSite","@id":"https:\/\/vosgesinfo.fr\/gerardmerinfo\/#website","url":"https:\/\/vosgesinfo.fr\/gerardmerinfo\/","name":"Gerardmer Info","description":"Toute l&#039;actualit\u00e9 de G\u00e9rardmer","publisher":{"@id":"https:\/\/vosgesinfo.fr\/gerardmerinfo\/#organization"},"alternateName":"Toute l'actualit\u00e9 de G\u00e9rardmer","potentialAction":[{"@type":"SearchAction","target":{"@type":"EntryPoint","urlTemplate":"https:\/\/vosgesinfo.fr\/gerardmerinfo\/?s={search_term_string}"},"query-input":"required name=search_term_string"}],"inLanguage":"fr-FR"},{"@type":"Organization","@id":"https:\/\/vosgesinfo.fr\/gerardmerinfo\/#organization","name":"Gerardmer Info","url":"https:\/\/vosgesinfo.fr\/gerardmerinfo\/","logo":{"@type":"ImageObject","inLanguage":"fr-FR","@id":"https:\/\/vosgesinfo.fr\/gerardmerinfo\/#\/schema\/logo\/image\/","url":"https:\/\/vosgesinfo.fr\/app\/uploads\/sites\/6\/2023\/08\/favicon-gerardmerinfo.png","contentUrl":"https:\/\/vosgesinfo.fr\/app\/uploads\/sites\/6\/2023\/08\/favicon-gerardmerinfo.png","width":512,"height":512,"caption":"Gerardmer Info"},"image":{"@id":"https:\/\/vosgesinfo.fr\/gerardmerinfo\/#\/schema\/logo\/image\/"},"sameAs":["https:\/\/www.facebook.com\/profile.php?id=100049475262660","https:\/\/x.com\/VosgesInfo88","https:\/\/www.youtube.com\/@vosgesinfo"]},{"@type":"Person","@id":"https:\/\/vosgesinfo.fr\/gerardmerinfo\/#\/schema\/person\/db5605779a843dad16b5368f3e7613a5","name":"QG","image":{"@type":"ImageObject","inLanguage":"fr-FR","@id":"https:\/\/vosgesinfo.fr\/gerardmerinfo\/#\/schema\/person\/image\/","url":"https:\/\/secure.gravatar.com\/avatar\/ea80c42c204b534408512832fde52504ecabb9706bcb6151cf6175e5b64e6793?s=96&d=mm&r=g","contentUrl":"https:\/\/secure.gravatar.com\/avatar\/ea80c42c204b534408512832fde52504ecabb9706bcb6151cf6175e5b64e6793?s=96&d=mm&r=g","caption":"QG"},"url":"https:\/\/vosgesinfo.fr\/gerardmerinfo\/author\/quentin88\/"}]}},"_links":{"self":[{"href":"https:\/\/vosgesinfo.fr\/gerardmerinfo\/wp-json\/wp\/v2\/posts\/36934","targetHints":{"allow":["GET"]}}],"collection":[{"href":"https:\/\/vosgesinfo.fr\/gerardmerinfo\/wp-json\/wp\/v2\/posts"}],"about":[{"href":"https:\/\/vosgesinfo.fr\/gerardmerinfo\/wp-json\/wp\/v2\/types\/post"}],"author":[{"embeddable":true,"href":"https:\/\/vosgesinfo.fr\/gerardmerinfo\/wp-json\/wp\/v2\/users\/42"}],"replies":[{"embeddable":true,"href":"https:\/\/vosgesinfo.fr\/gerardmerinfo\/wp-json\/wp\/v2\/comments?post=36934"}],"version-history":[{"count":0,"href":"https:\/\/vosgesinfo.fr\/gerardmerinfo\/wp-json\/wp\/v2\/posts\/36934\/revisions"}],"wp:featuredmedia":[{"embeddable":true,"href":"https:\/\/vosgesinfo.fr\/gerardmerinfo\/wp-json\/wp\/v2\/media\/36935"}],"wp:attachment":[{"href":"https:\/\/vosgesinfo.fr\/gerardmerinfo\/wp-json\/wp\/v2\/media?parent=36934"}],"wp:term":[{"taxonomy":"category","embeddable":true,"href":"https:\/\/vosgesinfo.fr\/gerardmerinfo\/wp-json\/wp\/v2\/categories?post=36934"},{"taxonomy":"post_tag","embeddable":true,"href":"https:\/\/vosgesinfo.fr\/gerardmerinfo\/wp-json\/wp\/v2\/tags?post=36934"}],"curies":[{"name":"wp","href":"https:\/\/api.w.org\/{rel}","templated":true}]}}