{"id":36946,"date":"2018-10-02T05:34:48","date_gmt":"2018-10-02T03:34:48","guid":{"rendered":"https:\/\/vosgesinfo.fr\/gerardmerinfo\/2018\/10\/virades-de-lespoir-ont-plein\/"},"modified":"2018-10-02T05:34:48","modified_gmt":"2018-10-02T03:34:48","slug":"virades-de-lespoir-ont-plein","status":"publish","type":"post","link":"https:\/\/vosgesinfo.fr\/gerardmerinfo\/2018\/10\/virades-de-lespoir-ont-plein\/","title":{"rendered":"Les Virades de l&rsquo;Espoir ont fait le plein"},"content":{"rendered":"\n<h3>Toutes les conditions semblaient \u00eatre r\u00e9unies ce dimanche pour faire de cette nouvelle \u00e9dition des Virades de l&rsquo;Espoir une r\u00e9ussite. Et le moins que l&rsquo;on puisse \u00e9crire, c&rsquo;est que l&rsquo;\u00e9quipe de Sylvia B\u00e9rard et Georges Grosjean a fait le plein et que c&rsquo;est une nouvelle bataille remport\u00e9e dans la lutte contre la Mucoviscidose.<\/h3>\n<p><a href=\"\/2018\/10\/virade-de-lespoir.jpg\"><img decoding=\"async\" class=\"alignleft size-medium wp-image-135254\" src=\"\/2018\/10\/virade-de-lespoir-400x225.jpg\" alt=\"virade de l'espoir\" width=\"400\" height=\"225\" \/><\/a>Il faut dire que les membres de l&rsquo;association organisatrice et toute l&rsquo;\u00e9quipe de b\u00e9n\u00e9voles engag\u00e9s dans l&rsquo;aventure avaient mis le paquet cette ann\u00e9e encore. De plus, comme l&rsquo;a pr\u00e9cis\u00e9 le secr\u00e9taire pour la d\u00e9l\u00e9gation territoriale Lorraine de <em>Vaincre la Mucoviscidose<\/em>, \u00e0 savoir Georges Grosjean, l&rsquo;initiative a re\u00e7u le pr\u00e9cieux soutien de nombreux partenaires. Citons ainsi la Ville de G\u00e9rardmer qui a permis \u00e0 cet \u00e9v\u00e9nement de s&rsquo;installer sur le quai du Locle avec une sc\u00e8ne pour accueillir les diff\u00e9rents musiciens de Ceci-Cela, l&rsquo;\u00e9cole de musique ou encore L&rsquo;Union Musicale. Citons l&rsquo;amicale des Sapeurs Pompiers de G\u00e9rardmer, les clubs services du Lions Club et du Kiwanis Perle d&rsquo;Hugo (qui ont remis un don \u00e0 En vie de Souffle \u00e0 cette occasion), les m\u00e9dias locaux, bref, tous ceux qui sont venus donner un peu de leur temps et de leur \u00e9nergie pour cette noble cause qu&rsquo;est la lutte contre la Mucoviscidose.<\/p>\n<p><a href=\"\/2018\/10\/virades-lach\u00e9-de-ballons.jpg\"><img decoding=\"async\" class=\"alignright wp-image-135262\" src=\"\/2018\/10\/virades-lach\u00e9-de-ballons.jpg\" alt=\"virades lach\u00e9 de ballons\" width=\"300\" height=\"400\" \/><\/a>A l&rsquo;heure de l&rsquo;inauguration, et des discours officiels, Georges Grosjean a donc tenu \u00e0 remercier l&rsquo;ensemble de ces personnes et structures qui se sont associ\u00e9es aux Virades de l&rsquo;Espoir. On pourrait m\u00eame remercier le soleil qui a lui aussi largement contribu\u00e9 au succ\u00e8s retentissant de ce rendez-vous solidaire. Par cons\u00e9quent, pr\u00e8s de 1 500 visiteurs se sont arr\u00eat\u00e9s sur le site, et les stands restauration et buvette ont litt\u00e9ralement \u00e9t\u00e9 pris d&rsquo;assaut avec quelques 200 repas servis ! On d\u00e9nombrait \u00e9galement une centaine de participants aux deux marches propos\u00e9es, la m\u00e9t\u00e9o \u00e9tant id\u00e9ale pour une petite balade autour du lac et dans le secteur. On retiendra \u00e9galement le gros succ\u00e8s de la tombola avec de tr\u00e8s beaux lots des partenaires locaux. Enfin, le concours de dessin et de mascotte des Virades a \u00e9norm\u00e9ment s\u00e9duit les tous petits.<\/p>\n<p>Bref, En Vie de Souffle pouvait donc l\u00e9gitimement esp\u00e9rer avoir fait aussi bien qu&rsquo;en 2016, \u00e0 savoir 6 000 \u20ac. Un \u00ab\u00a0score\u00a0\u00bb pulv\u00e9ris\u00e9 puisque ce sont pas moins de 10 300 \u20ac nets de b\u00e9n\u00e9fices qui ont \u00e9t\u00e9 r\u00e9colt\u00e9s suite \u00e0 l&rsquo;op\u00e9ration ! Cela fait donc plaisir \u00e0 voir, comme le pr\u00e9cisait Jocelyne Derelle\u00a0: ancienne responsable du Centre de ressources et de comp\u00e9tences de la mucoviscidose (CRCM) de Nancy, elle a consacr\u00e9 pr\u00e8s de 40 ann\u00e9es de sa vie \u00e0 la lutte contre cette maladie g\u00e9n\u00e9tique qui est la plus r\u00e9pandu chez la population de race blanche. \u00ab\u00a0<i>On estime qu&rsquo;une personne sur 20 est porteuse du g\u00e8ne de la maladie<\/i>\u00a0\u00bb pr\u00e9cise la jeune retrait\u00e9e install\u00e9e \u00e0 G\u00e9rardmer depuis 6 mois et qui continuera \u00e0 s&rsquo;impliquer dans le combat. CRCM que repr\u00e9sente d&rsquo;ailleurs Sylvia B\u00e9rard qui en est \u00e9galement d\u00e9l\u00e9gu\u00e9e d\u00e9partementale actuellement. Pour conclure, en tant que repr\u00e9sentant des Virades de l&rsquo;Espoir pour la Lorraine, Georges Grosjean nous a gliss\u00e9s que l&rsquo;objectif pour l&rsquo;ann\u00e9e prochaine sera \u00ab\u00a0de trouver des projets communs afin d&rsquo;\u00eatre encore plus forts et efficaces.\u00a0\u00bb Affaire \u00e0 suivre !<\/p>\n","protected":false},"excerpt":{"rendered":"<p>Toutes les conditions semblaient \u00eatre r\u00e9unies ce dimanche pour faire de cette nouvelle \u00e9dition des Virades de l&rsquo;Espoir une r\u00e9ussite. [&hellip;]<\/p>\n","protected":false},"author":42,"featured_media":36947,"comment_status":"open","ping_status":"open","sticky":false,"template":"","format":"standard","meta":{"footnotes":""},"categories":[20,25,12,18],"tags":[731,2544],"class_list":["post-36946","post","type-post","status-publish","format-standard","has-post-thumbnail","hentry","category-a-la-une","category-gerardmer","category-sante","category-vosges","tag-en-vie-de-souffle","tag-virades-de-lespoir"],"acf":[],"yoast_head":"<!-- This site is optimized with the Yoast SEO plugin v22.5 - https:\/\/yoast.com\/wordpress\/plugins\/seo\/ -->\n<title>Les Virades de l&#039;Espoir ont fait le plein - Gerardmer Info<\/title>\n<meta name=\"robots\" content=\"index, follow, max-snippet:-1, max-image-preview:large, max-video-preview:-1\" \/>\n<link rel=\"canonical\" href=\"https:\/\/vosgesinfo.fr\/gerardmerinfo\/2018\/10\/virades-de-lespoir-ont-plein\/\" \/>\n<meta name=\"twitter:card\" content=\"summary_large_image\" \/>\n<meta name=\"twitter:title\" content=\"Les Virades de l&#039;Espoir ont fait le plein - Gerardmer Info\" \/>\n<meta name=\"twitter:description\" content=\"Toutes les conditions semblaient \u00eatre r\u00e9unies ce dimanche pour faire de cette nouvelle \u00e9dition des Virades de l&rsquo;Espoir une r\u00e9ussite. [&hellip;]\" \/>\n<meta name=\"twitter:image\" content=\"https:\/\/vosgesinfo.fr\/app\/uploads\/sites\/6\/2024\/07\/201810lacher-de-ballons-virades-2018.jpg\" \/>\n<meta name=\"twitter:creator\" content=\"@VosgesInfo88\" \/>\n<meta name=\"twitter:site\" content=\"@VosgesInfo88\" \/>\n<meta name=\"twitter:label1\" content=\"\u00c9crit par\" \/>\n\t<meta name=\"twitter:data1\" content=\"QG\" \/>\n\t<meta name=\"twitter:label2\" content=\"Dur\u00e9e de lecture estim\u00e9e\" \/>\n\t<meta name=\"twitter:data2\" content=\"3 minutes\" \/>\n<script type=\"application\/ld+json\" class=\"yoast-schema-graph\">{\"@context\":\"https:\/\/schema.org\",\"@graph\":[{\"@type\":\"Article\",\"@id\":\"https:\/\/vosgesinfo.fr\/gerardmerinfo\/2018\/10\/virades-de-lespoir-ont-plein\/#article\",\"isPartOf\":{\"@id\":\"https:\/\/vosgesinfo.fr\/gerardmerinfo\/2018\/10\/virades-de-lespoir-ont-plein\/\"},\"author\":{\"name\":\"QG\",\"@id\":\"https:\/\/vosgesinfo.fr\/gerardmerinfo\/#\/schema\/person\/db5605779a843dad16b5368f3e7613a5\"},\"headline\":\"Les Virades de l&rsquo;Espoir ont fait le plein\",\"datePublished\":\"2018-10-02T03:34:48+00:00\",\"dateModified\":\"2018-10-02T03:34:48+00:00\",\"mainEntityOfPage\":{\"@id\":\"https:\/\/vosgesinfo.fr\/gerardmerinfo\/2018\/10\/virades-de-lespoir-ont-plein\/\"},\"wordCount\":605,\"commentCount\":0,\"publisher\":{\"@id\":\"https:\/\/vosgesinfo.fr\/gerardmerinfo\/#organization\"},\"image\":{\"@id\":\"https:\/\/vosgesinfo.fr\/gerardmerinfo\/2018\/10\/virades-de-lespoir-ont-plein\/#primaryimage\"},\"thumbnailUrl\":\"https:\/\/vosgesinfo.fr\/app\/uploads\/sites\/6\/2024\/07\/201810lacher-de-ballons-virades-2018.jpg\",\"keywords\":[\"En vie de souffle\",\"Virades de l'espoir\"],\"articleSection\":[\"A la une\",\"G\u00e9rardmer\",\"Sant\u00e9\",\"Vosges\"],\"inLanguage\":\"fr-FR\",\"potentialAction\":[{\"@type\":\"CommentAction\",\"name\":\"Comment\",\"target\":[\"https:\/\/vosgesinfo.fr\/gerardmerinfo\/2018\/10\/virades-de-lespoir-ont-plein\/#respond\"]}]},{\"@type\":\"WebPage\",\"@id\":\"https:\/\/vosgesinfo.fr\/gerardmerinfo\/2018\/10\/virades-de-lespoir-ont-plein\/\",\"url\":\"https:\/\/vosgesinfo.fr\/gerardmerinfo\/2018\/10\/virades-de-lespoir-ont-plein\/\",\"name\":\"Les Virades de l'Espoir ont fait le plein - Gerardmer Info\",\"isPartOf\":{\"@id\":\"https:\/\/vosgesinfo.fr\/gerardmerinfo\/#website\"},\"primaryImageOfPage\":{\"@id\":\"https:\/\/vosgesinfo.fr\/gerardmerinfo\/2018\/10\/virades-de-lespoir-ont-plein\/#primaryimage\"},\"image\":{\"@id\":\"https:\/\/vosgesinfo.fr\/gerardmerinfo\/2018\/10\/virades-de-lespoir-ont-plein\/#primaryimage\"},\"thumbnailUrl\":\"https:\/\/vosgesinfo.fr\/app\/uploads\/sites\/6\/2024\/07\/201810lacher-de-ballons-virades-2018.jpg\",\"datePublished\":\"2018-10-02T03:34:48+00:00\",\"dateModified\":\"2018-10-02T03:34:48+00:00\",\"breadcrumb\":{\"@id\":\"https:\/\/vosgesinfo.fr\/gerardmerinfo\/2018\/10\/virades-de-lespoir-ont-plein\/#breadcrumb\"},\"inLanguage\":\"fr-FR\",\"potentialAction\":[{\"@type\":\"ReadAction\",\"target\":[\"https:\/\/vosgesinfo.fr\/gerardmerinfo\/2018\/10\/virades-de-lespoir-ont-plein\/\"]}]},{\"@type\":\"ImageObject\",\"inLanguage\":\"fr-FR\",\"@id\":\"https:\/\/vosgesinfo.fr\/gerardmerinfo\/2018\/10\/virades-de-lespoir-ont-plein\/#primaryimage\",\"url\":\"https:\/\/vosgesinfo.fr\/app\/uploads\/sites\/6\/2024\/07\/201810lacher-de-ballons-virades-2018.jpg\",\"contentUrl\":\"https:\/\/vosgesinfo.fr\/app\/uploads\/sites\/6\/2024\/07\/201810lacher-de-ballons-virades-2018.jpg\",\"width\":800,\"height\":707},{\"@type\":\"BreadcrumbList\",\"@id\":\"https:\/\/vosgesinfo.fr\/gerardmerinfo\/2018\/10\/virades-de-lespoir-ont-plein\/#breadcrumb\",\"itemListElement\":[{\"@type\":\"ListItem\",\"position\":1,\"name\":\"Home\",\"item\":\"https:\/\/vosgesinfo.fr\/gerardmerinfo\/\"},{\"@type\":\"ListItem\",\"position\":2,\"name\":\"Les Virades de l&rsquo;Espoir ont fait le plein\"}]},{\"@type\":\"WebSite\",\"@id\":\"https:\/\/vosgesinfo.fr\/gerardmerinfo\/#website\",\"url\":\"https:\/\/vosgesinfo.fr\/gerardmerinfo\/\",\"name\":\"Gerardmer Info\",\"description\":\"Toute l&#039;actualit\u00e9 de G\u00e9rardmer\",\"publisher\":{\"@id\":\"https:\/\/vosgesinfo.fr\/gerardmerinfo\/#organization\"},\"alternateName\":\"Toute l'actualit\u00e9 de G\u00e9rardmer\",\"potentialAction\":[{\"@type\":\"SearchAction\",\"target\":{\"@type\":\"EntryPoint\",\"urlTemplate\":\"https:\/\/vosgesinfo.fr\/gerardmerinfo\/?s={search_term_string}\"},\"query-input\":\"required name=search_term_string\"}],\"inLanguage\":\"fr-FR\"},{\"@type\":\"Organization\",\"@id\":\"https:\/\/vosgesinfo.fr\/gerardmerinfo\/#organization\",\"name\":\"Gerardmer Info\",\"url\":\"https:\/\/vosgesinfo.fr\/gerardmerinfo\/\",\"logo\":{\"@type\":\"ImageObject\",\"inLanguage\":\"fr-FR\",\"@id\":\"https:\/\/vosgesinfo.fr\/gerardmerinfo\/#\/schema\/logo\/image\/\",\"url\":\"https:\/\/vosgesinfo.fr\/app\/uploads\/sites\/6\/2023\/08\/favicon-gerardmerinfo.png\",\"contentUrl\":\"https:\/\/vosgesinfo.fr\/app\/uploads\/sites\/6\/2023\/08\/favicon-gerardmerinfo.png\",\"width\":512,\"height\":512,\"caption\":\"Gerardmer Info\"},\"image\":{\"@id\":\"https:\/\/vosgesinfo.fr\/gerardmerinfo\/#\/schema\/logo\/image\/\"},\"sameAs\":[\"https:\/\/www.facebook.com\/profile.php?id=100049475262660\",\"https:\/\/x.com\/VosgesInfo88\",\"https:\/\/www.youtube.com\/@vosgesinfo\"]},{\"@type\":\"Person\",\"@id\":\"https:\/\/vosgesinfo.fr\/gerardmerinfo\/#\/schema\/person\/db5605779a843dad16b5368f3e7613a5\",\"name\":\"QG\",\"image\":{\"@type\":\"ImageObject\",\"inLanguage\":\"fr-FR\",\"@id\":\"https:\/\/vosgesinfo.fr\/gerardmerinfo\/#\/schema\/person\/image\/\",\"url\":\"https:\/\/secure.gravatar.com\/avatar\/ea80c42c204b534408512832fde52504ecabb9706bcb6151cf6175e5b64e6793?s=96&d=mm&r=g\",\"contentUrl\":\"https:\/\/secure.gravatar.com\/avatar\/ea80c42c204b534408512832fde52504ecabb9706bcb6151cf6175e5b64e6793?s=96&d=mm&r=g\",\"caption\":\"QG\"},\"url\":\"https:\/\/vosgesinfo.fr\/gerardmerinfo\/author\/quentin88\/\"}]}<\/script>\n<!-- \/ Yoast SEO plugin. -->","yoast_head_json":{"title":"Les Virades de l'Espoir ont fait le plein - Gerardmer Info","robots":{"index":"index","follow":"follow","max-snippet":"max-snippet:-1","max-image-preview":"max-image-preview:large","max-video-preview":"max-video-preview:-1"},"canonical":"https:\/\/vosgesinfo.fr\/gerardmerinfo\/2018\/10\/virades-de-lespoir-ont-plein\/","twitter_card":"summary_large_image","twitter_title":"Les Virades de l'Espoir ont fait le plein - Gerardmer Info","twitter_description":"Toutes les conditions semblaient \u00eatre r\u00e9unies ce dimanche pour faire de cette nouvelle \u00e9dition des Virades de l&rsquo;Espoir une r\u00e9ussite. [&hellip;]","twitter_image":"https:\/\/vosgesinfo.fr\/app\/uploads\/sites\/6\/2024\/07\/201810lacher-de-ballons-virades-2018.jpg","twitter_creator":"@VosgesInfo88","twitter_site":"@VosgesInfo88","twitter_misc":{"\u00c9crit par":"QG","Dur\u00e9e de lecture estim\u00e9e":"3 minutes"},"schema":{"@context":"https:\/\/schema.org","@graph":[{"@type":"Article","@id":"https:\/\/vosgesinfo.fr\/gerardmerinfo\/2018\/10\/virades-de-lespoir-ont-plein\/#article","isPartOf":{"@id":"https:\/\/vosgesinfo.fr\/gerardmerinfo\/2018\/10\/virades-de-lespoir-ont-plein\/"},"author":{"name":"QG","@id":"https:\/\/vosgesinfo.fr\/gerardmerinfo\/#\/schema\/person\/db5605779a843dad16b5368f3e7613a5"},"headline":"Les Virades de l&rsquo;Espoir ont fait le plein","datePublished":"2018-10-02T03:34:48+00:00","dateModified":"2018-10-02T03:34:48+00:00","mainEntityOfPage":{"@id":"https:\/\/vosgesinfo.fr\/gerardmerinfo\/2018\/10\/virades-de-lespoir-ont-plein\/"},"wordCount":605,"commentCount":0,"publisher":{"@id":"https:\/\/vosgesinfo.fr\/gerardmerinfo\/#organization"},"image":{"@id":"https:\/\/vosgesinfo.fr\/gerardmerinfo\/2018\/10\/virades-de-lespoir-ont-plein\/#primaryimage"},"thumbnailUrl":"https:\/\/vosgesinfo.fr\/app\/uploads\/sites\/6\/2024\/07\/201810lacher-de-ballons-virades-2018.jpg","keywords":["En vie de souffle","Virades de l'espoir"],"articleSection":["A la une","G\u00e9rardmer","Sant\u00e9","Vosges"],"inLanguage":"fr-FR","potentialAction":[{"@type":"CommentAction","name":"Comment","target":["https:\/\/vosgesinfo.fr\/gerardmerinfo\/2018\/10\/virades-de-lespoir-ont-plein\/#respond"]}]},{"@type":"WebPage","@id":"https:\/\/vosgesinfo.fr\/gerardmerinfo\/2018\/10\/virades-de-lespoir-ont-plein\/","url":"https:\/\/vosgesinfo.fr\/gerardmerinfo\/2018\/10\/virades-de-lespoir-ont-plein\/","name":"Les Virades de l'Espoir ont fait le plein - Gerardmer Info","isPartOf":{"@id":"https:\/\/vosgesinfo.fr\/gerardmerinfo\/#website"},"primaryImageOfPage":{"@id":"https:\/\/vosgesinfo.fr\/gerardmerinfo\/2018\/10\/virades-de-lespoir-ont-plein\/#primaryimage"},"image":{"@id":"https:\/\/vosgesinfo.fr\/gerardmerinfo\/2018\/10\/virades-de-lespoir-ont-plein\/#primaryimage"},"thumbnailUrl":"https:\/\/vosgesinfo.fr\/app\/uploads\/sites\/6\/2024\/07\/201810lacher-de-ballons-virades-2018.jpg","datePublished":"2018-10-02T03:34:48+00:00","dateModified":"2018-10-02T03:34:48+00:00","breadcrumb":{"@id":"https:\/\/vosgesinfo.fr\/gerardmerinfo\/2018\/10\/virades-de-lespoir-ont-plein\/#breadcrumb"},"inLanguage":"fr-FR","potentialAction":[{"@type":"ReadAction","target":["https:\/\/vosgesinfo.fr\/gerardmerinfo\/2018\/10\/virades-de-lespoir-ont-plein\/"]}]},{"@type":"ImageObject","inLanguage":"fr-FR","@id":"https:\/\/vosgesinfo.fr\/gerardmerinfo\/2018\/10\/virades-de-lespoir-ont-plein\/#primaryimage","url":"https:\/\/vosgesinfo.fr\/app\/uploads\/sites\/6\/2024\/07\/201810lacher-de-ballons-virades-2018.jpg","contentUrl":"https:\/\/vosgesinfo.fr\/app\/uploads\/sites\/6\/2024\/07\/201810lacher-de-ballons-virades-2018.jpg","width":800,"height":707},{"@type":"BreadcrumbList","@id":"https:\/\/vosgesinfo.fr\/gerardmerinfo\/2018\/10\/virades-de-lespoir-ont-plein\/#breadcrumb","itemListElement":[{"@type":"ListItem","position":1,"name":"Home","item":"https:\/\/vosgesinfo.fr\/gerardmerinfo\/"},{"@type":"ListItem","position":2,"name":"Les Virades de l&rsquo;Espoir ont fait le plein"}]},{"@type":"WebSite","@id":"https:\/\/vosgesinfo.fr\/gerardmerinfo\/#website","url":"https:\/\/vosgesinfo.fr\/gerardmerinfo\/","name":"Gerardmer Info","description":"Toute l&#039;actualit\u00e9 de G\u00e9rardmer","publisher":{"@id":"https:\/\/vosgesinfo.fr\/gerardmerinfo\/#organization"},"alternateName":"Toute l'actualit\u00e9 de G\u00e9rardmer","potentialAction":[{"@type":"SearchAction","target":{"@type":"EntryPoint","urlTemplate":"https:\/\/vosgesinfo.fr\/gerardmerinfo\/?s={search_term_string}"},"query-input":"required name=search_term_string"}],"inLanguage":"fr-FR"},{"@type":"Organization","@id":"https:\/\/vosgesinfo.fr\/gerardmerinfo\/#organization","name":"Gerardmer Info","url":"https:\/\/vosgesinfo.fr\/gerardmerinfo\/","logo":{"@type":"ImageObject","inLanguage":"fr-FR","@id":"https:\/\/vosgesinfo.fr\/gerardmerinfo\/#\/schema\/logo\/image\/","url":"https:\/\/vosgesinfo.fr\/app\/uploads\/sites\/6\/2023\/08\/favicon-gerardmerinfo.png","contentUrl":"https:\/\/vosgesinfo.fr\/app\/uploads\/sites\/6\/2023\/08\/favicon-gerardmerinfo.png","width":512,"height":512,"caption":"Gerardmer Info"},"image":{"@id":"https:\/\/vosgesinfo.fr\/gerardmerinfo\/#\/schema\/logo\/image\/"},"sameAs":["https:\/\/www.facebook.com\/profile.php?id=100049475262660","https:\/\/x.com\/VosgesInfo88","https:\/\/www.youtube.com\/@vosgesinfo"]},{"@type":"Person","@id":"https:\/\/vosgesinfo.fr\/gerardmerinfo\/#\/schema\/person\/db5605779a843dad16b5368f3e7613a5","name":"QG","image":{"@type":"ImageObject","inLanguage":"fr-FR","@id":"https:\/\/vosgesinfo.fr\/gerardmerinfo\/#\/schema\/person\/image\/","url":"https:\/\/secure.gravatar.com\/avatar\/ea80c42c204b534408512832fde52504ecabb9706bcb6151cf6175e5b64e6793?s=96&d=mm&r=g","contentUrl":"https:\/\/secure.gravatar.com\/avatar\/ea80c42c204b534408512832fde52504ecabb9706bcb6151cf6175e5b64e6793?s=96&d=mm&r=g","caption":"QG"},"url":"https:\/\/vosgesinfo.fr\/gerardmerinfo\/author\/quentin88\/"}]}},"_links":{"self":[{"href":"https:\/\/vosgesinfo.fr\/gerardmerinfo\/wp-json\/wp\/v2\/posts\/36946","targetHints":{"allow":["GET"]}}],"collection":[{"href":"https:\/\/vosgesinfo.fr\/gerardmerinfo\/wp-json\/wp\/v2\/posts"}],"about":[{"href":"https:\/\/vosgesinfo.fr\/gerardmerinfo\/wp-json\/wp\/v2\/types\/post"}],"author":[{"embeddable":true,"href":"https:\/\/vosgesinfo.fr\/gerardmerinfo\/wp-json\/wp\/v2\/users\/42"}],"replies":[{"embeddable":true,"href":"https:\/\/vosgesinfo.fr\/gerardmerinfo\/wp-json\/wp\/v2\/comments?post=36946"}],"version-history":[{"count":0,"href":"https:\/\/vosgesinfo.fr\/gerardmerinfo\/wp-json\/wp\/v2\/posts\/36946\/revisions"}],"wp:featuredmedia":[{"embeddable":true,"href":"https:\/\/vosgesinfo.fr\/gerardmerinfo\/wp-json\/wp\/v2\/media\/36947"}],"wp:attachment":[{"href":"https:\/\/vosgesinfo.fr\/gerardmerinfo\/wp-json\/wp\/v2\/media?parent=36946"}],"wp:term":[{"taxonomy":"category","embeddable":true,"href":"https:\/\/vosgesinfo.fr\/gerardmerinfo\/wp-json\/wp\/v2\/categories?post=36946"},{"taxonomy":"post_tag","embeddable":true,"href":"https:\/\/vosgesinfo.fr\/gerardmerinfo\/wp-json\/wp\/v2\/tags?post=36946"}],"curies":[{"name":"wp","href":"https:\/\/api.w.org\/{rel}","templated":true}]}}