{"id":36969,"date":"2018-10-02T16:13:31","date_gmt":"2018-10-02T14:13:31","guid":{"rendered":"https:\/\/vosgesinfo.fr\/gerardmerinfo\/2018\/10\/championnat-de-france-de-dragon-boat-clap-de-fin-saison-de-lasg\/"},"modified":"2018-10-02T16:13:31","modified_gmt":"2018-10-02T14:13:31","slug":"championnat-de-france-de-dragon-boat-clap-de-fin-saison-de-lasg","status":"publish","type":"post","link":"https:\/\/vosgesinfo.fr\/gerardmerinfo\/2018\/10\/championnat-de-france-de-dragon-boat-clap-de-fin-saison-de-lasg\/","title":{"rendered":"Championnat de France de Dragon Boat : clap de fin sur la saison de l&rsquo;ASG"},"content":{"rendered":"<p class=\"x_MsoNormal\"><a href=\"\/2018\/10\/Dragonboat-2018-ASG-Sedan2.jpeg\"><img decoding=\"async\" class=\"aligncenter wp-image-135298\" src=\"\/2018\/10\/Dragonboat-2018-ASG-Sedan2.jpeg\" alt=\"Dragonboat 2018 ASG Sedan(2)\" width=\"500\" height=\"281\" \/><\/a><\/p>\n<h2 class=\"x_MsoNormal\"><span style=\"font-size: 14pt;\">Clap de fin sur la saison sportive de la section Dragon Boat du club de l\u2019ASG Cano\u00eb-Kayak avec ce week-end, le Championnat de France, qui se d\u00e9roulait \u00e0 Sedan (08).<\/span><\/h2>\n<p class=\"x_MsoNormal\">Les g\u00e9r\u00f4mois s\u2019\u00e9taient qualifi\u00e9s en DB10 senior, la cat\u00e9gorie la plus dense, avec 12 \u00e9quipages s\u00e9lectionn\u00e9s.<\/p>\n<p class=\"x_MsoNormal\">Ils finiront 7<sup>\u00e8me<\/sup> sur 500 m et sur 2000 m, \u00e0 la 10<sup>\u00e8me<\/sup> place sur 200 m.<\/p>\n<p class=\"x_MsoNormal\">Au classement de la Coupe de France des clubs (classement r\u00e9alis\u00e9 sur toutes les \u00e9preuves de l\u2019ann\u00e9e), le club g\u00e9r\u00f4mois se hisse \u00e0 la 8<sup>\u00e8me<\/sup> place, gagnant 1 place par rapport \u00e0 l\u2019an dernier, prouvant ainsi la dynamique du groupe actuel, ax\u00e9e sur la coh\u00e9sion des pagayeurs exp\u00e9riment\u00e9s et des plus novices qui d\u00e9couvraient le Championnat de France.<\/p>\n<p class=\"x_MsoNormal\">La m\u00e9t\u00e9o cl\u00e9mente de cet automne permet au groupe de continuer \u00e0 pagayer dans de bonnes conditions et de pr\u00e9parer d\u00e9j\u00e0 les \u00e9ch\u00e9ances 2019, puisque l\u2019objectif sera d\u2019\u00e9toffer encore un peu le groupe, pour engager un \u00e9quipage DB20 et si possible un DB10 senior + un DB10 master.<\/p>\n<p class=\"x_MsoNormal\"><span style=\"font-family: Arial; font-size: small;\">EV.<\/span><\/p>\n<p class=\"x_MsoNormal\"><a href=\"\/2018\/10\/Dragonboat-2018-ASG-Sedan2.jpg\"><img decoding=\"async\" class=\"aligncenter wp-image-135299\" src=\"\/2018\/10\/Dragonboat-2018-ASG-Sedan2.jpg\" alt=\"Dragonboat 2018 ASG Sedan(2)\" width=\"600\" height=\"449\" \/><\/a><\/p>\n","protected":false},"excerpt":{"rendered":"<p>Clap de fin sur la saison sportive de la section Dragon Boat du club de l\u2019ASG Cano\u00eb-Kayak avec ce week-end, [&hellip;]<\/p>\n","protected":false},"author":1,"featured_media":36970,"comment_status":"open","ping_status":"open","sticky":false,"template":"","format":"standard","meta":{"footnotes":""},"categories":[20,25,14],"tags":[249],"class_list":["post-36969","post","type-post","status-publish","format-standard","has-post-thumbnail","hentry","category-a-la-une","category-gerardmer","category-sport","tag-asg-canoe-kayak"],"acf":[],"yoast_head":"<!-- This site is optimized with the Yoast SEO plugin v22.5 - https:\/\/yoast.com\/wordpress\/plugins\/seo\/ -->\n<title>Championnat de France de Dragon Boat : clap de fin sur la saison de l&#039;ASG - Gerardmer Info<\/title>\n<meta name=\"robots\" content=\"index, follow, max-snippet:-1, max-image-preview:large, max-video-preview:-1\" \/>\n<link rel=\"canonical\" href=\"https:\/\/vosgesinfo.fr\/gerardmerinfo\/2018\/10\/championnat-de-france-de-dragon-boat-clap-de-fin-saison-de-lasg\/\" \/>\n<meta name=\"twitter:card\" content=\"summary_large_image\" \/>\n<meta name=\"twitter:title\" content=\"Championnat de France de Dragon Boat : clap de fin sur la saison de l&#039;ASG - Gerardmer Info\" \/>\n<meta name=\"twitter:description\" content=\"Clap de fin sur la saison sportive de la section Dragon Boat du club de l\u2019ASG Cano\u00eb-Kayak avec ce week-end, [&hellip;]\" \/>\n<meta name=\"twitter:image\" content=\"https:\/\/vosgesinfo.fr\/app\/uploads\/sites\/6\/2024\/07\/201810dragonboat-2018-asg-sedan2.jpeg\" \/>\n<meta name=\"twitter:creator\" content=\"@VosgesInfo88\" \/>\n<meta name=\"twitter:site\" content=\"@VosgesInfo88\" \/>\n<meta name=\"twitter:label1\" content=\"\u00c9crit par\" \/>\n\t<meta name=\"twitter:data1\" content=\"qs_admin\" \/>\n\t<meta name=\"twitter:label2\" content=\"Dur\u00e9e de lecture estim\u00e9e\" \/>\n\t<meta name=\"twitter:data2\" content=\"1 minute\" \/>\n<script type=\"application\/ld+json\" class=\"yoast-schema-graph\">{\"@context\":\"https:\/\/schema.org\",\"@graph\":[{\"@type\":\"Article\",\"@id\":\"https:\/\/vosgesinfo.fr\/gerardmerinfo\/2018\/10\/championnat-de-france-de-dragon-boat-clap-de-fin-saison-de-lasg\/#article\",\"isPartOf\":{\"@id\":\"https:\/\/vosgesinfo.fr\/gerardmerinfo\/2018\/10\/championnat-de-france-de-dragon-boat-clap-de-fin-saison-de-lasg\/\"},\"author\":{\"name\":\"qs_admin\",\"@id\":\"https:\/\/vosgesinfo.fr\/gerardmerinfo\/#\/schema\/person\/bc5d02d71e6932e81b6dadb7386667b1\"},\"headline\":\"Championnat de France de Dragon Boat : clap de fin sur la saison de l&rsquo;ASG\",\"datePublished\":\"2018-10-02T14:13:31+00:00\",\"dateModified\":\"2018-10-02T14:13:31+00:00\",\"mainEntityOfPage\":{\"@id\":\"https:\/\/vosgesinfo.fr\/gerardmerinfo\/2018\/10\/championnat-de-france-de-dragon-boat-clap-de-fin-saison-de-lasg\/\"},\"wordCount\":201,\"commentCount\":0,\"publisher\":{\"@id\":\"https:\/\/vosgesinfo.fr\/gerardmerinfo\/#organization\"},\"image\":{\"@id\":\"https:\/\/vosgesinfo.fr\/gerardmerinfo\/2018\/10\/championnat-de-france-de-dragon-boat-clap-de-fin-saison-de-lasg\/#primaryimage\"},\"thumbnailUrl\":\"https:\/\/vosgesinfo.fr\/app\/uploads\/sites\/6\/2024\/07\/201810dragonboat-2018-asg-sedan2.jpeg\",\"keywords\":[\"asg canoe kayak\"],\"articleSection\":[\"A la une\",\"G\u00e9rardmer\",\"Sport\"],\"inLanguage\":\"fr-FR\",\"potentialAction\":[{\"@type\":\"CommentAction\",\"name\":\"Comment\",\"target\":[\"https:\/\/vosgesinfo.fr\/gerardmerinfo\/2018\/10\/championnat-de-france-de-dragon-boat-clap-de-fin-saison-de-lasg\/#respond\"]}]},{\"@type\":\"WebPage\",\"@id\":\"https:\/\/vosgesinfo.fr\/gerardmerinfo\/2018\/10\/championnat-de-france-de-dragon-boat-clap-de-fin-saison-de-lasg\/\",\"url\":\"https:\/\/vosgesinfo.fr\/gerardmerinfo\/2018\/10\/championnat-de-france-de-dragon-boat-clap-de-fin-saison-de-lasg\/\",\"name\":\"Championnat de France de Dragon Boat : clap de fin sur la saison de l'ASG - Gerardmer Info\",\"isPartOf\":{\"@id\":\"https:\/\/vosgesinfo.fr\/gerardmerinfo\/#website\"},\"primaryImageOfPage\":{\"@id\":\"https:\/\/vosgesinfo.fr\/gerardmerinfo\/2018\/10\/championnat-de-france-de-dragon-boat-clap-de-fin-saison-de-lasg\/#primaryimage\"},\"image\":{\"@id\":\"https:\/\/vosgesinfo.fr\/gerardmerinfo\/2018\/10\/championnat-de-france-de-dragon-boat-clap-de-fin-saison-de-lasg\/#primaryimage\"},\"thumbnailUrl\":\"https:\/\/vosgesinfo.fr\/app\/uploads\/sites\/6\/2024\/07\/201810dragonboat-2018-asg-sedan2.jpeg\",\"datePublished\":\"2018-10-02T14:13:31+00:00\",\"dateModified\":\"2018-10-02T14:13:31+00:00\",\"breadcrumb\":{\"@id\":\"https:\/\/vosgesinfo.fr\/gerardmerinfo\/2018\/10\/championnat-de-france-de-dragon-boat-clap-de-fin-saison-de-lasg\/#breadcrumb\"},\"inLanguage\":\"fr-FR\",\"potentialAction\":[{\"@type\":\"ReadAction\",\"target\":[\"https:\/\/vosgesinfo.fr\/gerardmerinfo\/2018\/10\/championnat-de-france-de-dragon-boat-clap-de-fin-saison-de-lasg\/\"]}]},{\"@type\":\"ImageObject\",\"inLanguage\":\"fr-FR\",\"@id\":\"https:\/\/vosgesinfo.fr\/gerardmerinfo\/2018\/10\/championnat-de-france-de-dragon-boat-clap-de-fin-saison-de-lasg\/#primaryimage\",\"url\":\"https:\/\/vosgesinfo.fr\/app\/uploads\/sites\/6\/2024\/07\/201810dragonboat-2018-asg-sedan2.jpeg\",\"contentUrl\":\"https:\/\/vosgesinfo.fr\/app\/uploads\/sites\/6\/2024\/07\/201810dragonboat-2018-asg-sedan2.jpeg\",\"width\":800,\"height\":449},{\"@type\":\"BreadcrumbList\",\"@id\":\"https:\/\/vosgesinfo.fr\/gerardmerinfo\/2018\/10\/championnat-de-france-de-dragon-boat-clap-de-fin-saison-de-lasg\/#breadcrumb\",\"itemListElement\":[{\"@type\":\"ListItem\",\"position\":1,\"name\":\"Home\",\"item\":\"https:\/\/vosgesinfo.fr\/gerardmerinfo\/\"},{\"@type\":\"ListItem\",\"position\":2,\"name\":\"Championnat de France de Dragon Boat : clap de fin sur la saison de l&rsquo;ASG\"}]},{\"@type\":\"WebSite\",\"@id\":\"https:\/\/vosgesinfo.fr\/gerardmerinfo\/#website\",\"url\":\"https:\/\/vosgesinfo.fr\/gerardmerinfo\/\",\"name\":\"Gerardmer Info\",\"description\":\"Toute l&#039;actualit\u00e9 de G\u00e9rardmer\",\"publisher\":{\"@id\":\"https:\/\/vosgesinfo.fr\/gerardmerinfo\/#organization\"},\"alternateName\":\"Toute l'actualit\u00e9 de G\u00e9rardmer\",\"potentialAction\":[{\"@type\":\"SearchAction\",\"target\":{\"@type\":\"EntryPoint\",\"urlTemplate\":\"https:\/\/vosgesinfo.fr\/gerardmerinfo\/?s={search_term_string}\"},\"query-input\":\"required name=search_term_string\"}],\"inLanguage\":\"fr-FR\"},{\"@type\":\"Organization\",\"@id\":\"https:\/\/vosgesinfo.fr\/gerardmerinfo\/#organization\",\"name\":\"Gerardmer Info\",\"url\":\"https:\/\/vosgesinfo.fr\/gerardmerinfo\/\",\"logo\":{\"@type\":\"ImageObject\",\"inLanguage\":\"fr-FR\",\"@id\":\"https:\/\/vosgesinfo.fr\/gerardmerinfo\/#\/schema\/logo\/image\/\",\"url\":\"https:\/\/vosgesinfo.fr\/app\/uploads\/sites\/6\/2023\/08\/favicon-gerardmerinfo.png\",\"contentUrl\":\"https:\/\/vosgesinfo.fr\/app\/uploads\/sites\/6\/2023\/08\/favicon-gerardmerinfo.png\",\"width\":512,\"height\":512,\"caption\":\"Gerardmer Info\"},\"image\":{\"@id\":\"https:\/\/vosgesinfo.fr\/gerardmerinfo\/#\/schema\/logo\/image\/\"},\"sameAs\":[\"https:\/\/www.facebook.com\/profile.php?id=100049475262660\",\"https:\/\/x.com\/VosgesInfo88\",\"https:\/\/www.youtube.com\/@vosgesinfo\"]},{\"@type\":\"Person\",\"@id\":\"https:\/\/vosgesinfo.fr\/gerardmerinfo\/#\/schema\/person\/bc5d02d71e6932e81b6dadb7386667b1\",\"name\":\"qs_admin\",\"image\":{\"@type\":\"ImageObject\",\"inLanguage\":\"fr-FR\",\"@id\":\"https:\/\/vosgesinfo.fr\/gerardmerinfo\/#\/schema\/person\/image\/\",\"url\":\"https:\/\/secure.gravatar.com\/avatar\/94b18ee0ed79e4a42ea2f2931277b6841a8999fc6fde214600c78057cf1fe1de?s=96&d=mm&r=g\",\"contentUrl\":\"https:\/\/secure.gravatar.com\/avatar\/94b18ee0ed79e4a42ea2f2931277b6841a8999fc6fde214600c78057cf1fe1de?s=96&d=mm&r=g\",\"caption\":\"qs_admin\"},\"sameAs\":[\"https:\/\/vosgesinfo.fr\/wp\"],\"url\":\"https:\/\/vosgesinfo.fr\/gerardmerinfo\/author\/qs_admin\/\"}]}<\/script>\n<!-- \/ Yoast SEO plugin. -->","yoast_head_json":{"title":"Championnat de France de Dragon Boat : clap de fin sur la saison de l'ASG - Gerardmer Info","robots":{"index":"index","follow":"follow","max-snippet":"max-snippet:-1","max-image-preview":"max-image-preview:large","max-video-preview":"max-video-preview:-1"},"canonical":"https:\/\/vosgesinfo.fr\/gerardmerinfo\/2018\/10\/championnat-de-france-de-dragon-boat-clap-de-fin-saison-de-lasg\/","twitter_card":"summary_large_image","twitter_title":"Championnat de France de Dragon Boat : clap de fin sur la saison de l'ASG - Gerardmer Info","twitter_description":"Clap de fin sur la saison sportive de la section Dragon Boat du club de l\u2019ASG Cano\u00eb-Kayak avec ce week-end, [&hellip;]","twitter_image":"https:\/\/vosgesinfo.fr\/app\/uploads\/sites\/6\/2024\/07\/201810dragonboat-2018-asg-sedan2.jpeg","twitter_creator":"@VosgesInfo88","twitter_site":"@VosgesInfo88","twitter_misc":{"\u00c9crit par":"qs_admin","Dur\u00e9e de lecture estim\u00e9e":"1 minute"},"schema":{"@context":"https:\/\/schema.org","@graph":[{"@type":"Article","@id":"https:\/\/vosgesinfo.fr\/gerardmerinfo\/2018\/10\/championnat-de-france-de-dragon-boat-clap-de-fin-saison-de-lasg\/#article","isPartOf":{"@id":"https:\/\/vosgesinfo.fr\/gerardmerinfo\/2018\/10\/championnat-de-france-de-dragon-boat-clap-de-fin-saison-de-lasg\/"},"author":{"name":"qs_admin","@id":"https:\/\/vosgesinfo.fr\/gerardmerinfo\/#\/schema\/person\/bc5d02d71e6932e81b6dadb7386667b1"},"headline":"Championnat de France de Dragon Boat : clap de fin sur la saison de l&rsquo;ASG","datePublished":"2018-10-02T14:13:31+00:00","dateModified":"2018-10-02T14:13:31+00:00","mainEntityOfPage":{"@id":"https:\/\/vosgesinfo.fr\/gerardmerinfo\/2018\/10\/championnat-de-france-de-dragon-boat-clap-de-fin-saison-de-lasg\/"},"wordCount":201,"commentCount":0,"publisher":{"@id":"https:\/\/vosgesinfo.fr\/gerardmerinfo\/#organization"},"image":{"@id":"https:\/\/vosgesinfo.fr\/gerardmerinfo\/2018\/10\/championnat-de-france-de-dragon-boat-clap-de-fin-saison-de-lasg\/#primaryimage"},"thumbnailUrl":"https:\/\/vosgesinfo.fr\/app\/uploads\/sites\/6\/2024\/07\/201810dragonboat-2018-asg-sedan2.jpeg","keywords":["asg canoe kayak"],"articleSection":["A la une","G\u00e9rardmer","Sport"],"inLanguage":"fr-FR","potentialAction":[{"@type":"CommentAction","name":"Comment","target":["https:\/\/vosgesinfo.fr\/gerardmerinfo\/2018\/10\/championnat-de-france-de-dragon-boat-clap-de-fin-saison-de-lasg\/#respond"]}]},{"@type":"WebPage","@id":"https:\/\/vosgesinfo.fr\/gerardmerinfo\/2018\/10\/championnat-de-france-de-dragon-boat-clap-de-fin-saison-de-lasg\/","url":"https:\/\/vosgesinfo.fr\/gerardmerinfo\/2018\/10\/championnat-de-france-de-dragon-boat-clap-de-fin-saison-de-lasg\/","name":"Championnat de France de Dragon Boat : clap de fin sur la saison de l'ASG - Gerardmer Info","isPartOf":{"@id":"https:\/\/vosgesinfo.fr\/gerardmerinfo\/#website"},"primaryImageOfPage":{"@id":"https:\/\/vosgesinfo.fr\/gerardmerinfo\/2018\/10\/championnat-de-france-de-dragon-boat-clap-de-fin-saison-de-lasg\/#primaryimage"},"image":{"@id":"https:\/\/vosgesinfo.fr\/gerardmerinfo\/2018\/10\/championnat-de-france-de-dragon-boat-clap-de-fin-saison-de-lasg\/#primaryimage"},"thumbnailUrl":"https:\/\/vosgesinfo.fr\/app\/uploads\/sites\/6\/2024\/07\/201810dragonboat-2018-asg-sedan2.jpeg","datePublished":"2018-10-02T14:13:31+00:00","dateModified":"2018-10-02T14:13:31+00:00","breadcrumb":{"@id":"https:\/\/vosgesinfo.fr\/gerardmerinfo\/2018\/10\/championnat-de-france-de-dragon-boat-clap-de-fin-saison-de-lasg\/#breadcrumb"},"inLanguage":"fr-FR","potentialAction":[{"@type":"ReadAction","target":["https:\/\/vosgesinfo.fr\/gerardmerinfo\/2018\/10\/championnat-de-france-de-dragon-boat-clap-de-fin-saison-de-lasg\/"]}]},{"@type":"ImageObject","inLanguage":"fr-FR","@id":"https:\/\/vosgesinfo.fr\/gerardmerinfo\/2018\/10\/championnat-de-france-de-dragon-boat-clap-de-fin-saison-de-lasg\/#primaryimage","url":"https:\/\/vosgesinfo.fr\/app\/uploads\/sites\/6\/2024\/07\/201810dragonboat-2018-asg-sedan2.jpeg","contentUrl":"https:\/\/vosgesinfo.fr\/app\/uploads\/sites\/6\/2024\/07\/201810dragonboat-2018-asg-sedan2.jpeg","width":800,"height":449},{"@type":"BreadcrumbList","@id":"https:\/\/vosgesinfo.fr\/gerardmerinfo\/2018\/10\/championnat-de-france-de-dragon-boat-clap-de-fin-saison-de-lasg\/#breadcrumb","itemListElement":[{"@type":"ListItem","position":1,"name":"Home","item":"https:\/\/vosgesinfo.fr\/gerardmerinfo\/"},{"@type":"ListItem","position":2,"name":"Championnat de France de Dragon Boat : clap de fin sur la saison de l&rsquo;ASG"}]},{"@type":"WebSite","@id":"https:\/\/vosgesinfo.fr\/gerardmerinfo\/#website","url":"https:\/\/vosgesinfo.fr\/gerardmerinfo\/","name":"Gerardmer Info","description":"Toute l&#039;actualit\u00e9 de G\u00e9rardmer","publisher":{"@id":"https:\/\/vosgesinfo.fr\/gerardmerinfo\/#organization"},"alternateName":"Toute l'actualit\u00e9 de G\u00e9rardmer","potentialAction":[{"@type":"SearchAction","target":{"@type":"EntryPoint","urlTemplate":"https:\/\/vosgesinfo.fr\/gerardmerinfo\/?s={search_term_string}"},"query-input":"required name=search_term_string"}],"inLanguage":"fr-FR"},{"@type":"Organization","@id":"https:\/\/vosgesinfo.fr\/gerardmerinfo\/#organization","name":"Gerardmer Info","url":"https:\/\/vosgesinfo.fr\/gerardmerinfo\/","logo":{"@type":"ImageObject","inLanguage":"fr-FR","@id":"https:\/\/vosgesinfo.fr\/gerardmerinfo\/#\/schema\/logo\/image\/","url":"https:\/\/vosgesinfo.fr\/app\/uploads\/sites\/6\/2023\/08\/favicon-gerardmerinfo.png","contentUrl":"https:\/\/vosgesinfo.fr\/app\/uploads\/sites\/6\/2023\/08\/favicon-gerardmerinfo.png","width":512,"height":512,"caption":"Gerardmer Info"},"image":{"@id":"https:\/\/vosgesinfo.fr\/gerardmerinfo\/#\/schema\/logo\/image\/"},"sameAs":["https:\/\/www.facebook.com\/profile.php?id=100049475262660","https:\/\/x.com\/VosgesInfo88","https:\/\/www.youtube.com\/@vosgesinfo"]},{"@type":"Person","@id":"https:\/\/vosgesinfo.fr\/gerardmerinfo\/#\/schema\/person\/bc5d02d71e6932e81b6dadb7386667b1","name":"qs_admin","image":{"@type":"ImageObject","inLanguage":"fr-FR","@id":"https:\/\/vosgesinfo.fr\/gerardmerinfo\/#\/schema\/person\/image\/","url":"https:\/\/secure.gravatar.com\/avatar\/94b18ee0ed79e4a42ea2f2931277b6841a8999fc6fde214600c78057cf1fe1de?s=96&d=mm&r=g","contentUrl":"https:\/\/secure.gravatar.com\/avatar\/94b18ee0ed79e4a42ea2f2931277b6841a8999fc6fde214600c78057cf1fe1de?s=96&d=mm&r=g","caption":"qs_admin"},"sameAs":["https:\/\/vosgesinfo.fr\/wp"],"url":"https:\/\/vosgesinfo.fr\/gerardmerinfo\/author\/qs_admin\/"}]}},"_links":{"self":[{"href":"https:\/\/vosgesinfo.fr\/gerardmerinfo\/wp-json\/wp\/v2\/posts\/36969","targetHints":{"allow":["GET"]}}],"collection":[{"href":"https:\/\/vosgesinfo.fr\/gerardmerinfo\/wp-json\/wp\/v2\/posts"}],"about":[{"href":"https:\/\/vosgesinfo.fr\/gerardmerinfo\/wp-json\/wp\/v2\/types\/post"}],"author":[{"embeddable":true,"href":"https:\/\/vosgesinfo.fr\/gerardmerinfo\/wp-json\/wp\/v2\/users\/1"}],"replies":[{"embeddable":true,"href":"https:\/\/vosgesinfo.fr\/gerardmerinfo\/wp-json\/wp\/v2\/comments?post=36969"}],"version-history":[{"count":0,"href":"https:\/\/vosgesinfo.fr\/gerardmerinfo\/wp-json\/wp\/v2\/posts\/36969\/revisions"}],"wp:featuredmedia":[{"embeddable":true,"href":"https:\/\/vosgesinfo.fr\/gerardmerinfo\/wp-json\/wp\/v2\/media\/36970"}],"wp:attachment":[{"href":"https:\/\/vosgesinfo.fr\/gerardmerinfo\/wp-json\/wp\/v2\/media?parent=36969"}],"wp:term":[{"taxonomy":"category","embeddable":true,"href":"https:\/\/vosgesinfo.fr\/gerardmerinfo\/wp-json\/wp\/v2\/categories?post=36969"},{"taxonomy":"post_tag","embeddable":true,"href":"https:\/\/vosgesinfo.fr\/gerardmerinfo\/wp-json\/wp\/v2\/tags?post=36969"}],"curies":[{"name":"wp","href":"https:\/\/api.w.org\/{rel}","templated":true}]}}