{"id":36972,"date":"2018-10-07T16:09:53","date_gmt":"2018-10-07T14:09:53","guid":{"rendered":"https:\/\/vosgesinfo.fr\/gerardmerinfo\/2018\/10\/bus-match-france-allemagne-mardi-16-octobre-2018\/"},"modified":"2018-10-07T16:09:53","modified_gmt":"2018-10-07T14:09:53","slug":"bus-match-france-allemagne-mardi-16-octobre-2018","status":"publish","type":"post","link":"https:\/\/vosgesinfo.fr\/gerardmerinfo\/2018\/10\/bus-match-france-allemagne-mardi-16-octobre-2018\/","title":{"rendered":"Un bus pour le match France-Allemagne mardi 16 octobre 2018"},"content":{"rendered":"<div>\n<div><strong><a href=\"\/2018\/10\/fff807_fra_all_fiche_evenement_760x480.jpg\"><img decoding=\"async\" class=\"aligncenter size-medium wp-image-135303\" src=\"\/2018\/10\/fff807_fra_all_fiche_evenement_760x480-400x253.jpg\" alt=\"fff807_fra_all_fiche_evenement_760x480\" width=\"400\" height=\"253\" \/><\/a><\/strong><\/div>\n<div dir=\"ltr\">\n<div>\n<p>Cette opposition entre nos Bleus, Champions du Monde en titre, et la \u00ab Mannschaft \u00bb, Championne du Monde en 2014 s\u2019annonce d\u00e9cisive en vue d\u2019une qualification pour les demi-finales de la Ligue de Nations. Dans une poule \u00e0 3 avec les Pays-Bas o\u00f9 seul le premier de chaque groupe est qualifi\u00e9, chaque match est d\u00e9cisif. Venez encourager nos \u00ab\u00a0doubles \u00e9toil\u00e9s\u00a0\u00bb pour cette rencontre de prestige.<\/p>\n<div>\n<p class=\"x__1mf x__1mj\">A cette occasion, le Football-club Saulxures-sur-Moselotte-Thi\u00e9fosse organise un d\u00e9placement en bus Grand Tourisme au stade de France pour aller soutenir les Bleus.<\/p>\n<\/div>\n<div class=\"x__1mf x__1mj\">\n<div dir=\"ltr\">\n<div class=\"x__1mf x__1mj\">\n<p class=\"x__1mf x__1mj\">Plusieurs d\u00e9parts sont pr\u00e9vus dans les Vosges :<\/p>\n<ul>\n<li class=\"x__1mf x__1mj\">Saulxures-sur-Moselotte \u00e0 12 heures 00,<\/li>\n<li class=\"x__1mf x__1mj\">Vagney \u00e0 12 heures 10,<\/li>\n<li class=\"x__1mf x__1mj\">Le Syndicat \u00e0 12 heures 15,<\/li>\n<li class=\"x__1mf x__1mj\">Remiremont \u00e0 12 heures 20,<\/li>\n<li class=\"x__1mf x__1mj\">Arches \u00e0 12 heures 40,<\/li>\n<li class=\"x__1mf x__1mj\">Epinal \u00e0 13 heures 00,<\/li>\n<li class=\"x__1mf x__1mj\"><span style=\"color: #333333;\">Nancy-Brabois \u00e0 14 heures 00,<\/span><\/li>\n<li class=\"x__1mf x__1mj\">Ligny-en-Barrois \u00e0 15 heures 00.<\/li>\n<\/ul>\n<p class=\"x__1mf x__1mj\">Match \u00e0 20 heures 45. Retour dans les Vosges vers 5 heures 00 du matin.<\/p>\n<p class=\"x__1mf x__1mj\">Prix : bus, boissons et entr\u00e9e au stade de France : 69 euros.<\/p>\n<\/div>\n<\/div>\n<\/div>\n<div>\n<div class=\"x__1mf x__1mj\">Pour s\u2019inscrire, un seul num\u00e9ro : 06.82.96.99.58.<\/div>\n<\/div>\n<\/div>\n<\/div>\n<\/div>\n","protected":false},"excerpt":{"rendered":"<p>Cette opposition entre nos Bleus, Champions du Monde en titre, et la \u00ab Mannschaft \u00bb, Championne du Monde en 2014 [&hellip;]<\/p>\n","protected":false},"author":1,"featured_media":36973,"comment_status":"open","ping_status":"open","sticky":false,"template":"","format":"standard","meta":{"footnotes":""},"categories":[20,14,18],"tags":[],"class_list":["post-36972","post","type-post","status-publish","format-standard","has-post-thumbnail","hentry","category-a-la-une","category-sport","category-vosges"],"acf":[],"yoast_head":"<!-- This site is optimized with the Yoast SEO plugin v22.5 - https:\/\/yoast.com\/wordpress\/plugins\/seo\/ -->\n<title>Un bus pour le match France-Allemagne mardi 16 octobre 2018 - Gerardmer Info<\/title>\n<meta name=\"robots\" content=\"index, follow, max-snippet:-1, max-image-preview:large, max-video-preview:-1\" \/>\n<link rel=\"canonical\" href=\"https:\/\/vosgesinfo.fr\/gerardmerinfo\/2018\/10\/bus-match-france-allemagne-mardi-16-octobre-2018\/\" \/>\n<meta name=\"twitter:card\" content=\"summary_large_image\" \/>\n<meta name=\"twitter:title\" content=\"Un bus pour le match France-Allemagne mardi 16 octobre 2018 - Gerardmer Info\" \/>\n<meta name=\"twitter:description\" content=\"Cette opposition entre nos Bleus, Champions du Monde en titre, et la \u00ab Mannschaft \u00bb, Championne du Monde en 2014 [&hellip;]\" \/>\n<meta name=\"twitter:image\" content=\"https:\/\/vosgesinfo.fr\/app\/uploads\/sites\/6\/2024\/07\/201810fff807-fra-all-fiche-evenement-760x480-1.jpg\" \/>\n<meta name=\"twitter:creator\" content=\"@VosgesInfo88\" \/>\n<meta name=\"twitter:site\" content=\"@VosgesInfo88\" \/>\n<meta name=\"twitter:label1\" content=\"\u00c9crit par\" \/>\n\t<meta name=\"twitter:data1\" content=\"qs_admin\" \/>\n\t<meta name=\"twitter:label2\" content=\"Dur\u00e9e de lecture estim\u00e9e\" \/>\n\t<meta name=\"twitter:data2\" content=\"1 minute\" \/>\n<script type=\"application\/ld+json\" class=\"yoast-schema-graph\">{\"@context\":\"https:\/\/schema.org\",\"@graph\":[{\"@type\":\"Article\",\"@id\":\"https:\/\/vosgesinfo.fr\/gerardmerinfo\/2018\/10\/bus-match-france-allemagne-mardi-16-octobre-2018\/#article\",\"isPartOf\":{\"@id\":\"https:\/\/vosgesinfo.fr\/gerardmerinfo\/2018\/10\/bus-match-france-allemagne-mardi-16-octobre-2018\/\"},\"author\":{\"name\":\"qs_admin\",\"@id\":\"https:\/\/vosgesinfo.fr\/gerardmerinfo\/#\/schema\/person\/bc5d02d71e6932e81b6dadb7386667b1\"},\"headline\":\"Un bus pour le match France-Allemagne mardi 16 octobre 2018\",\"datePublished\":\"2018-10-07T14:09:53+00:00\",\"dateModified\":\"2018-10-07T14:09:53+00:00\",\"mainEntityOfPage\":{\"@id\":\"https:\/\/vosgesinfo.fr\/gerardmerinfo\/2018\/10\/bus-match-france-allemagne-mardi-16-octobre-2018\/\"},\"wordCount\":151,\"commentCount\":0,\"publisher\":{\"@id\":\"https:\/\/vosgesinfo.fr\/gerardmerinfo\/#organization\"},\"image\":{\"@id\":\"https:\/\/vosgesinfo.fr\/gerardmerinfo\/2018\/10\/bus-match-france-allemagne-mardi-16-octobre-2018\/#primaryimage\"},\"thumbnailUrl\":\"https:\/\/vosgesinfo.fr\/app\/uploads\/sites\/6\/2024\/07\/201810fff807-fra-all-fiche-evenement-760x480-1.jpg\",\"articleSection\":[\"A la une\",\"Sport\",\"Vosges\"],\"inLanguage\":\"fr-FR\",\"potentialAction\":[{\"@type\":\"CommentAction\",\"name\":\"Comment\",\"target\":[\"https:\/\/vosgesinfo.fr\/gerardmerinfo\/2018\/10\/bus-match-france-allemagne-mardi-16-octobre-2018\/#respond\"]}]},{\"@type\":\"WebPage\",\"@id\":\"https:\/\/vosgesinfo.fr\/gerardmerinfo\/2018\/10\/bus-match-france-allemagne-mardi-16-octobre-2018\/\",\"url\":\"https:\/\/vosgesinfo.fr\/gerardmerinfo\/2018\/10\/bus-match-france-allemagne-mardi-16-octobre-2018\/\",\"name\":\"Un bus pour le match France-Allemagne mardi 16 octobre 2018 - Gerardmer Info\",\"isPartOf\":{\"@id\":\"https:\/\/vosgesinfo.fr\/gerardmerinfo\/#website\"},\"primaryImageOfPage\":{\"@id\":\"https:\/\/vosgesinfo.fr\/gerardmerinfo\/2018\/10\/bus-match-france-allemagne-mardi-16-octobre-2018\/#primaryimage\"},\"image\":{\"@id\":\"https:\/\/vosgesinfo.fr\/gerardmerinfo\/2018\/10\/bus-match-france-allemagne-mardi-16-octobre-2018\/#primaryimage\"},\"thumbnailUrl\":\"https:\/\/vosgesinfo.fr\/app\/uploads\/sites\/6\/2024\/07\/201810fff807-fra-all-fiche-evenement-760x480-1.jpg\",\"datePublished\":\"2018-10-07T14:09:53+00:00\",\"dateModified\":\"2018-10-07T14:09:53+00:00\",\"breadcrumb\":{\"@id\":\"https:\/\/vosgesinfo.fr\/gerardmerinfo\/2018\/10\/bus-match-france-allemagne-mardi-16-octobre-2018\/#breadcrumb\"},\"inLanguage\":\"fr-FR\",\"potentialAction\":[{\"@type\":\"ReadAction\",\"target\":[\"https:\/\/vosgesinfo.fr\/gerardmerinfo\/2018\/10\/bus-match-france-allemagne-mardi-16-octobre-2018\/\"]}]},{\"@type\":\"ImageObject\",\"inLanguage\":\"fr-FR\",\"@id\":\"https:\/\/vosgesinfo.fr\/gerardmerinfo\/2018\/10\/bus-match-france-allemagne-mardi-16-octobre-2018\/#primaryimage\",\"url\":\"https:\/\/vosgesinfo.fr\/app\/uploads\/sites\/6\/2024\/07\/201810fff807-fra-all-fiche-evenement-760x480-1.jpg\",\"contentUrl\":\"https:\/\/vosgesinfo.fr\/app\/uploads\/sites\/6\/2024\/07\/201810fff807-fra-all-fiche-evenement-760x480-1.jpg\",\"width\":760,\"height\":480},{\"@type\":\"BreadcrumbList\",\"@id\":\"https:\/\/vosgesinfo.fr\/gerardmerinfo\/2018\/10\/bus-match-france-allemagne-mardi-16-octobre-2018\/#breadcrumb\",\"itemListElement\":[{\"@type\":\"ListItem\",\"position\":1,\"name\":\"Home\",\"item\":\"https:\/\/vosgesinfo.fr\/gerardmerinfo\/\"},{\"@type\":\"ListItem\",\"position\":2,\"name\":\"Un bus pour le match France-Allemagne mardi 16 octobre 2018\"}]},{\"@type\":\"WebSite\",\"@id\":\"https:\/\/vosgesinfo.fr\/gerardmerinfo\/#website\",\"url\":\"https:\/\/vosgesinfo.fr\/gerardmerinfo\/\",\"name\":\"Gerardmer Info\",\"description\":\"Toute l&#039;actualit\u00e9 de G\u00e9rardmer\",\"publisher\":{\"@id\":\"https:\/\/vosgesinfo.fr\/gerardmerinfo\/#organization\"},\"alternateName\":\"Toute l'actualit\u00e9 de G\u00e9rardmer\",\"potentialAction\":[{\"@type\":\"SearchAction\",\"target\":{\"@type\":\"EntryPoint\",\"urlTemplate\":\"https:\/\/vosgesinfo.fr\/gerardmerinfo\/?s={search_term_string}\"},\"query-input\":\"required name=search_term_string\"}],\"inLanguage\":\"fr-FR\"},{\"@type\":\"Organization\",\"@id\":\"https:\/\/vosgesinfo.fr\/gerardmerinfo\/#organization\",\"name\":\"Gerardmer Info\",\"url\":\"https:\/\/vosgesinfo.fr\/gerardmerinfo\/\",\"logo\":{\"@type\":\"ImageObject\",\"inLanguage\":\"fr-FR\",\"@id\":\"https:\/\/vosgesinfo.fr\/gerardmerinfo\/#\/schema\/logo\/image\/\",\"url\":\"https:\/\/vosgesinfo.fr\/app\/uploads\/sites\/6\/2023\/08\/favicon-gerardmerinfo.png\",\"contentUrl\":\"https:\/\/vosgesinfo.fr\/app\/uploads\/sites\/6\/2023\/08\/favicon-gerardmerinfo.png\",\"width\":512,\"height\":512,\"caption\":\"Gerardmer Info\"},\"image\":{\"@id\":\"https:\/\/vosgesinfo.fr\/gerardmerinfo\/#\/schema\/logo\/image\/\"},\"sameAs\":[\"https:\/\/www.facebook.com\/profile.php?id=100049475262660\",\"https:\/\/x.com\/VosgesInfo88\",\"https:\/\/www.youtube.com\/@vosgesinfo\"]},{\"@type\":\"Person\",\"@id\":\"https:\/\/vosgesinfo.fr\/gerardmerinfo\/#\/schema\/person\/bc5d02d71e6932e81b6dadb7386667b1\",\"name\":\"qs_admin\",\"image\":{\"@type\":\"ImageObject\",\"inLanguage\":\"fr-FR\",\"@id\":\"https:\/\/vosgesinfo.fr\/gerardmerinfo\/#\/schema\/person\/image\/\",\"url\":\"https:\/\/secure.gravatar.com\/avatar\/94b18ee0ed79e4a42ea2f2931277b6841a8999fc6fde214600c78057cf1fe1de?s=96&d=mm&r=g\",\"contentUrl\":\"https:\/\/secure.gravatar.com\/avatar\/94b18ee0ed79e4a42ea2f2931277b6841a8999fc6fde214600c78057cf1fe1de?s=96&d=mm&r=g\",\"caption\":\"qs_admin\"},\"sameAs\":[\"https:\/\/vosgesinfo.fr\/wp\"],\"url\":\"https:\/\/vosgesinfo.fr\/gerardmerinfo\/author\/qs_admin\/\"}]}<\/script>\n<!-- \/ Yoast SEO plugin. -->","yoast_head_json":{"title":"Un bus pour le match France-Allemagne mardi 16 octobre 2018 - Gerardmer Info","robots":{"index":"index","follow":"follow","max-snippet":"max-snippet:-1","max-image-preview":"max-image-preview:large","max-video-preview":"max-video-preview:-1"},"canonical":"https:\/\/vosgesinfo.fr\/gerardmerinfo\/2018\/10\/bus-match-france-allemagne-mardi-16-octobre-2018\/","twitter_card":"summary_large_image","twitter_title":"Un bus pour le match France-Allemagne mardi 16 octobre 2018 - Gerardmer Info","twitter_description":"Cette opposition entre nos Bleus, Champions du Monde en titre, et la \u00ab Mannschaft \u00bb, Championne du Monde en 2014 [&hellip;]","twitter_image":"https:\/\/vosgesinfo.fr\/app\/uploads\/sites\/6\/2024\/07\/201810fff807-fra-all-fiche-evenement-760x480-1.jpg","twitter_creator":"@VosgesInfo88","twitter_site":"@VosgesInfo88","twitter_misc":{"\u00c9crit par":"qs_admin","Dur\u00e9e de lecture estim\u00e9e":"1 minute"},"schema":{"@context":"https:\/\/schema.org","@graph":[{"@type":"Article","@id":"https:\/\/vosgesinfo.fr\/gerardmerinfo\/2018\/10\/bus-match-france-allemagne-mardi-16-octobre-2018\/#article","isPartOf":{"@id":"https:\/\/vosgesinfo.fr\/gerardmerinfo\/2018\/10\/bus-match-france-allemagne-mardi-16-octobre-2018\/"},"author":{"name":"qs_admin","@id":"https:\/\/vosgesinfo.fr\/gerardmerinfo\/#\/schema\/person\/bc5d02d71e6932e81b6dadb7386667b1"},"headline":"Un bus pour le match France-Allemagne mardi 16 octobre 2018","datePublished":"2018-10-07T14:09:53+00:00","dateModified":"2018-10-07T14:09:53+00:00","mainEntityOfPage":{"@id":"https:\/\/vosgesinfo.fr\/gerardmerinfo\/2018\/10\/bus-match-france-allemagne-mardi-16-octobre-2018\/"},"wordCount":151,"commentCount":0,"publisher":{"@id":"https:\/\/vosgesinfo.fr\/gerardmerinfo\/#organization"},"image":{"@id":"https:\/\/vosgesinfo.fr\/gerardmerinfo\/2018\/10\/bus-match-france-allemagne-mardi-16-octobre-2018\/#primaryimage"},"thumbnailUrl":"https:\/\/vosgesinfo.fr\/app\/uploads\/sites\/6\/2024\/07\/201810fff807-fra-all-fiche-evenement-760x480-1.jpg","articleSection":["A la une","Sport","Vosges"],"inLanguage":"fr-FR","potentialAction":[{"@type":"CommentAction","name":"Comment","target":["https:\/\/vosgesinfo.fr\/gerardmerinfo\/2018\/10\/bus-match-france-allemagne-mardi-16-octobre-2018\/#respond"]}]},{"@type":"WebPage","@id":"https:\/\/vosgesinfo.fr\/gerardmerinfo\/2018\/10\/bus-match-france-allemagne-mardi-16-octobre-2018\/","url":"https:\/\/vosgesinfo.fr\/gerardmerinfo\/2018\/10\/bus-match-france-allemagne-mardi-16-octobre-2018\/","name":"Un bus pour le match France-Allemagne mardi 16 octobre 2018 - Gerardmer Info","isPartOf":{"@id":"https:\/\/vosgesinfo.fr\/gerardmerinfo\/#website"},"primaryImageOfPage":{"@id":"https:\/\/vosgesinfo.fr\/gerardmerinfo\/2018\/10\/bus-match-france-allemagne-mardi-16-octobre-2018\/#primaryimage"},"image":{"@id":"https:\/\/vosgesinfo.fr\/gerardmerinfo\/2018\/10\/bus-match-france-allemagne-mardi-16-octobre-2018\/#primaryimage"},"thumbnailUrl":"https:\/\/vosgesinfo.fr\/app\/uploads\/sites\/6\/2024\/07\/201810fff807-fra-all-fiche-evenement-760x480-1.jpg","datePublished":"2018-10-07T14:09:53+00:00","dateModified":"2018-10-07T14:09:53+00:00","breadcrumb":{"@id":"https:\/\/vosgesinfo.fr\/gerardmerinfo\/2018\/10\/bus-match-france-allemagne-mardi-16-octobre-2018\/#breadcrumb"},"inLanguage":"fr-FR","potentialAction":[{"@type":"ReadAction","target":["https:\/\/vosgesinfo.fr\/gerardmerinfo\/2018\/10\/bus-match-france-allemagne-mardi-16-octobre-2018\/"]}]},{"@type":"ImageObject","inLanguage":"fr-FR","@id":"https:\/\/vosgesinfo.fr\/gerardmerinfo\/2018\/10\/bus-match-france-allemagne-mardi-16-octobre-2018\/#primaryimage","url":"https:\/\/vosgesinfo.fr\/app\/uploads\/sites\/6\/2024\/07\/201810fff807-fra-all-fiche-evenement-760x480-1.jpg","contentUrl":"https:\/\/vosgesinfo.fr\/app\/uploads\/sites\/6\/2024\/07\/201810fff807-fra-all-fiche-evenement-760x480-1.jpg","width":760,"height":480},{"@type":"BreadcrumbList","@id":"https:\/\/vosgesinfo.fr\/gerardmerinfo\/2018\/10\/bus-match-france-allemagne-mardi-16-octobre-2018\/#breadcrumb","itemListElement":[{"@type":"ListItem","position":1,"name":"Home","item":"https:\/\/vosgesinfo.fr\/gerardmerinfo\/"},{"@type":"ListItem","position":2,"name":"Un bus pour le match France-Allemagne mardi 16 octobre 2018"}]},{"@type":"WebSite","@id":"https:\/\/vosgesinfo.fr\/gerardmerinfo\/#website","url":"https:\/\/vosgesinfo.fr\/gerardmerinfo\/","name":"Gerardmer Info","description":"Toute l&#039;actualit\u00e9 de G\u00e9rardmer","publisher":{"@id":"https:\/\/vosgesinfo.fr\/gerardmerinfo\/#organization"},"alternateName":"Toute l'actualit\u00e9 de G\u00e9rardmer","potentialAction":[{"@type":"SearchAction","target":{"@type":"EntryPoint","urlTemplate":"https:\/\/vosgesinfo.fr\/gerardmerinfo\/?s={search_term_string}"},"query-input":"required name=search_term_string"}],"inLanguage":"fr-FR"},{"@type":"Organization","@id":"https:\/\/vosgesinfo.fr\/gerardmerinfo\/#organization","name":"Gerardmer Info","url":"https:\/\/vosgesinfo.fr\/gerardmerinfo\/","logo":{"@type":"ImageObject","inLanguage":"fr-FR","@id":"https:\/\/vosgesinfo.fr\/gerardmerinfo\/#\/schema\/logo\/image\/","url":"https:\/\/vosgesinfo.fr\/app\/uploads\/sites\/6\/2023\/08\/favicon-gerardmerinfo.png","contentUrl":"https:\/\/vosgesinfo.fr\/app\/uploads\/sites\/6\/2023\/08\/favicon-gerardmerinfo.png","width":512,"height":512,"caption":"Gerardmer Info"},"image":{"@id":"https:\/\/vosgesinfo.fr\/gerardmerinfo\/#\/schema\/logo\/image\/"},"sameAs":["https:\/\/www.facebook.com\/profile.php?id=100049475262660","https:\/\/x.com\/VosgesInfo88","https:\/\/www.youtube.com\/@vosgesinfo"]},{"@type":"Person","@id":"https:\/\/vosgesinfo.fr\/gerardmerinfo\/#\/schema\/person\/bc5d02d71e6932e81b6dadb7386667b1","name":"qs_admin","image":{"@type":"ImageObject","inLanguage":"fr-FR","@id":"https:\/\/vosgesinfo.fr\/gerardmerinfo\/#\/schema\/person\/image\/","url":"https:\/\/secure.gravatar.com\/avatar\/94b18ee0ed79e4a42ea2f2931277b6841a8999fc6fde214600c78057cf1fe1de?s=96&d=mm&r=g","contentUrl":"https:\/\/secure.gravatar.com\/avatar\/94b18ee0ed79e4a42ea2f2931277b6841a8999fc6fde214600c78057cf1fe1de?s=96&d=mm&r=g","caption":"qs_admin"},"sameAs":["https:\/\/vosgesinfo.fr\/wp"],"url":"https:\/\/vosgesinfo.fr\/gerardmerinfo\/author\/qs_admin\/"}]}},"_links":{"self":[{"href":"https:\/\/vosgesinfo.fr\/gerardmerinfo\/wp-json\/wp\/v2\/posts\/36972","targetHints":{"allow":["GET"]}}],"collection":[{"href":"https:\/\/vosgesinfo.fr\/gerardmerinfo\/wp-json\/wp\/v2\/posts"}],"about":[{"href":"https:\/\/vosgesinfo.fr\/gerardmerinfo\/wp-json\/wp\/v2\/types\/post"}],"author":[{"embeddable":true,"href":"https:\/\/vosgesinfo.fr\/gerardmerinfo\/wp-json\/wp\/v2\/users\/1"}],"replies":[{"embeddable":true,"href":"https:\/\/vosgesinfo.fr\/gerardmerinfo\/wp-json\/wp\/v2\/comments?post=36972"}],"version-history":[{"count":0,"href":"https:\/\/vosgesinfo.fr\/gerardmerinfo\/wp-json\/wp\/v2\/posts\/36972\/revisions"}],"wp:featuredmedia":[{"embeddable":true,"href":"https:\/\/vosgesinfo.fr\/gerardmerinfo\/wp-json\/wp\/v2\/media\/36973"}],"wp:attachment":[{"href":"https:\/\/vosgesinfo.fr\/gerardmerinfo\/wp-json\/wp\/v2\/media?parent=36972"}],"wp:term":[{"taxonomy":"category","embeddable":true,"href":"https:\/\/vosgesinfo.fr\/gerardmerinfo\/wp-json\/wp\/v2\/categories?post=36972"},{"taxonomy":"post_tag","embeddable":true,"href":"https:\/\/vosgesinfo.fr\/gerardmerinfo\/wp-json\/wp\/v2\/tags?post=36972"}],"curies":[{"name":"wp","href":"https:\/\/api.w.org\/{rel}","templated":true}]}}