{"id":37000,"date":"2018-10-04T12:00:53","date_gmt":"2018-10-04T10:00:53","guid":{"rendered":"https:\/\/vosgesinfo.fr\/gerardmerinfo\/2018\/10\/soiree-sport-geromois-23-novembre-prochain\/"},"modified":"2018-10-04T12:00:53","modified_gmt":"2018-10-04T10:00:53","slug":"soiree-sport-geromois-23-novembre-prochain","status":"publish","type":"post","link":"https:\/\/vosgesinfo.fr\/gerardmerinfo\/2018\/10\/soiree-sport-geromois-23-novembre-prochain\/","title":{"rendered":"La Soir\u00e9e du Sport G\u00e9r\u00f4mois le 23 novembre prochain"},"content":{"rendered":"<h3 class=\"x_MsoNormal\" style=\"text-align: center;\"><strong>Communiqu\u00e9<\/strong><\/h3>\n<p class=\"x_MsoNormal\">La 4 \u00e9dition de la Soir\u00e9e du Sport G\u00e9r\u00f4mois aura lieu le 23 novembre prochain, \u00e0 20h \u00e0 l\u2019Espace LAC. Elle a pour objectif de mettre \u00e0 l\u2019honneur les sportifs et clubs m\u00e9ritants. Avec le concours du Conseil Municipal des Jeunes et du directeur de l\u2019Ecole de Musique, Ludovic BERARD, cette c\u00e9r\u00e9monie mettra en lumi\u00e8re tous les sportifs qui ont fait briller la Perle des Vosges \u00e0 travers leurs exploits cette ann\u00e9e.<\/p>\n<p class=\"x_MsoNormal\"><a href=\"\/2018\/10\/SOIREESPORT_2018-copie.jpeg\"><img decoding=\"async\" class=\"alignright size-medium wp-image-135347\" src=\"\/2018\/10\/SOIREESPORT_2018-copie-181x255.jpeg\" alt=\"SOIREESPORT_2018 copie\" width=\"181\" height=\"255\" \/><\/a>Les nomin\u00e9s sont d\u00e9sign\u00e9s par la commission communale des sports, qui se r\u00e9unira tr\u00e8s prochainement pour analyser les candidatures transmises par les clubs et le vainqueur de chaque cat\u00e9gorie sera choisi par un jury compos\u00e9 d\u2019\u00e9lus et de personnalit\u00e9s gravitant autour du sport. Tous les g\u00e9r\u00f4mois sont convi\u00e9s \u00e0 assister \u00e0 cette c\u00e9r\u00e9monie ouverte \u00e0 tous.<\/p>\n<p class=\"x_MsoNormal\">LA FORCE DE VOTRE CLUB EN UNE IMAGE<\/p>\n<p class=\"x_MsoNormal\">Dans le cadre de cette soir\u00e9e la Commune lance \u00e0 nouveau son op\u00e9ration intitul\u00e9e \u201cle prix sp\u00e9cial d\u00e9cern\u00e9 par les internautes sur Facebook\u201d. Pour cela les associations sportives g\u00e9r\u00f4moises sont invit\u00e9es \u00e0 r\u00e9aliser une photo cr\u00e9ative sur le th\u00e8me \u00ab La force de votre club en une image \u00bb. Les participants peuvent utiliser des d\u00e9guisements, une mise en sc\u00e8ne, du mat\u00e9riel\u2026 an de rendre leur photo la plus cr\u00e9ative possible. La diffusion et le vote du public auront lieu sur la page Facebook de la Commune du 5 au 23 novembre 2018. Le concours est ouvert \u00e0 tous les licenci\u00e9s d\u2019un club\u00a0g\u00e9r\u00f4mois, avec une seule photo par club.<\/p>\n<p class=\"x_MsoNormal\"><span class=\"\"><a class=\"\" href=\"http:\/\/facebook.com\/mairie.gerardmer\" target=\"_blank\" rel=\"noopener noreferrer\" data-auth=\"NotApplicable\">facebook.com\/mairie.gerardmer<\/a><\/span><\/p>\n","protected":false},"excerpt":{"rendered":"<p>Communiqu\u00e9 La 4 \u00e9dition de la Soir\u00e9e du Sport G\u00e9r\u00f4mois aura lieu le 23 novembre prochain, \u00e0 20h \u00e0 l\u2019Espace [&hellip;]<\/p>\n","protected":false},"author":1,"featured_media":37001,"comment_status":"open","ping_status":"open","sticky":false,"template":"","format":"standard","meta":{"footnotes":""},"categories":[20,24,25,14],"tags":[736,2690],"class_list":["post-37000","post","type-post","status-publish","format-standard","has-post-thumbnail","hentry","category-a-la-une","category-evenements","category-gerardmer","category-sport","tag-espace-lac","tag-soiree-du-sport-geromois"],"acf":[],"yoast_head":"<!-- This site is optimized with the Yoast SEO plugin v22.5 - https:\/\/yoast.com\/wordpress\/plugins\/seo\/ -->\n<title>La Soir\u00e9e du Sport G\u00e9r\u00f4mois le 23 novembre prochain - Gerardmer Info<\/title>\n<meta name=\"robots\" content=\"index, follow, max-snippet:-1, max-image-preview:large, max-video-preview:-1\" \/>\n<link rel=\"canonical\" href=\"https:\/\/vosgesinfo.fr\/gerardmerinfo\/2018\/10\/soiree-sport-geromois-23-novembre-prochain\/\" \/>\n<meta name=\"twitter:card\" content=\"summary_large_image\" \/>\n<meta name=\"twitter:title\" content=\"La Soir\u00e9e du Sport G\u00e9r\u00f4mois le 23 novembre prochain - Gerardmer Info\" \/>\n<meta name=\"twitter:description\" content=\"Communiqu\u00e9 La 4 \u00e9dition de la Soir\u00e9e du Sport G\u00e9r\u00f4mois aura lieu le 23 novembre prochain, \u00e0 20h \u00e0 l\u2019Espace [&hellip;]\" \/>\n<meta name=\"twitter:image\" content=\"https:\/\/vosgesinfo.fr\/app\/uploads\/sites\/6\/2024\/07\/201810soireesport-2018-copie.jpeg\" \/>\n<meta name=\"twitter:creator\" content=\"@VosgesInfo88\" \/>\n<meta name=\"twitter:site\" content=\"@VosgesInfo88\" \/>\n<meta name=\"twitter:label1\" content=\"\u00c9crit par\" \/>\n\t<meta name=\"twitter:data1\" content=\"qs_admin\" \/>\n\t<meta name=\"twitter:label2\" content=\"Dur\u00e9e de lecture estim\u00e9e\" \/>\n\t<meta name=\"twitter:data2\" content=\"1 minute\" \/>\n<script type=\"application\/ld+json\" class=\"yoast-schema-graph\">{\"@context\":\"https:\/\/schema.org\",\"@graph\":[{\"@type\":\"Article\",\"@id\":\"https:\/\/vosgesinfo.fr\/gerardmerinfo\/2018\/10\/soiree-sport-geromois-23-novembre-prochain\/#article\",\"isPartOf\":{\"@id\":\"https:\/\/vosgesinfo.fr\/gerardmerinfo\/2018\/10\/soiree-sport-geromois-23-novembre-prochain\/\"},\"author\":{\"name\":\"qs_admin\",\"@id\":\"https:\/\/vosgesinfo.fr\/gerardmerinfo\/#\/schema\/person\/bc5d02d71e6932e81b6dadb7386667b1\"},\"headline\":\"La Soir\u00e9e du Sport G\u00e9r\u00f4mois le 23 novembre prochain\",\"datePublished\":\"2018-10-04T10:00:53+00:00\",\"dateModified\":\"2018-10-04T10:00:53+00:00\",\"mainEntityOfPage\":{\"@id\":\"https:\/\/vosgesinfo.fr\/gerardmerinfo\/2018\/10\/soiree-sport-geromois-23-novembre-prochain\/\"},\"wordCount\":287,\"commentCount\":0,\"publisher\":{\"@id\":\"https:\/\/vosgesinfo.fr\/gerardmerinfo\/#organization\"},\"image\":{\"@id\":\"https:\/\/vosgesinfo.fr\/gerardmerinfo\/2018\/10\/soiree-sport-geromois-23-novembre-prochain\/#primaryimage\"},\"thumbnailUrl\":\"https:\/\/vosgesinfo.fr\/app\/uploads\/sites\/6\/2024\/07\/201810soireesport-2018-copie.jpeg\",\"keywords\":[\"espace lac\",\"soir\u00e9e du sport g\u00e9r\u00f4mois\"],\"articleSection\":[\"A la une\",\"Ev\u00e8nements\",\"G\u00e9rardmer\",\"Sport\"],\"inLanguage\":\"fr-FR\",\"potentialAction\":[{\"@type\":\"CommentAction\",\"name\":\"Comment\",\"target\":[\"https:\/\/vosgesinfo.fr\/gerardmerinfo\/2018\/10\/soiree-sport-geromois-23-novembre-prochain\/#respond\"]}]},{\"@type\":\"WebPage\",\"@id\":\"https:\/\/vosgesinfo.fr\/gerardmerinfo\/2018\/10\/soiree-sport-geromois-23-novembre-prochain\/\",\"url\":\"https:\/\/vosgesinfo.fr\/gerardmerinfo\/2018\/10\/soiree-sport-geromois-23-novembre-prochain\/\",\"name\":\"La Soir\u00e9e du Sport G\u00e9r\u00f4mois le 23 novembre prochain - Gerardmer Info\",\"isPartOf\":{\"@id\":\"https:\/\/vosgesinfo.fr\/gerardmerinfo\/#website\"},\"primaryImageOfPage\":{\"@id\":\"https:\/\/vosgesinfo.fr\/gerardmerinfo\/2018\/10\/soiree-sport-geromois-23-novembre-prochain\/#primaryimage\"},\"image\":{\"@id\":\"https:\/\/vosgesinfo.fr\/gerardmerinfo\/2018\/10\/soiree-sport-geromois-23-novembre-prochain\/#primaryimage\"},\"thumbnailUrl\":\"https:\/\/vosgesinfo.fr\/app\/uploads\/sites\/6\/2024\/07\/201810soireesport-2018-copie.jpeg\",\"datePublished\":\"2018-10-04T10:00:53+00:00\",\"dateModified\":\"2018-10-04T10:00:53+00:00\",\"breadcrumb\":{\"@id\":\"https:\/\/vosgesinfo.fr\/gerardmerinfo\/2018\/10\/soiree-sport-geromois-23-novembre-prochain\/#breadcrumb\"},\"inLanguage\":\"fr-FR\",\"potentialAction\":[{\"@type\":\"ReadAction\",\"target\":[\"https:\/\/vosgesinfo.fr\/gerardmerinfo\/2018\/10\/soiree-sport-geromois-23-novembre-prochain\/\"]}]},{\"@type\":\"ImageObject\",\"inLanguage\":\"fr-FR\",\"@id\":\"https:\/\/vosgesinfo.fr\/gerardmerinfo\/2018\/10\/soiree-sport-geromois-23-novembre-prochain\/#primaryimage\",\"url\":\"https:\/\/vosgesinfo.fr\/app\/uploads\/sites\/6\/2024\/07\/201810soireesport-2018-copie.jpeg\",\"contentUrl\":\"https:\/\/vosgesinfo.fr\/app\/uploads\/sites\/6\/2024\/07\/201810soireesport-2018-copie.jpeg\",\"width\":567,\"height\":800},{\"@type\":\"BreadcrumbList\",\"@id\":\"https:\/\/vosgesinfo.fr\/gerardmerinfo\/2018\/10\/soiree-sport-geromois-23-novembre-prochain\/#breadcrumb\",\"itemListElement\":[{\"@type\":\"ListItem\",\"position\":1,\"name\":\"Home\",\"item\":\"https:\/\/vosgesinfo.fr\/gerardmerinfo\/\"},{\"@type\":\"ListItem\",\"position\":2,\"name\":\"La Soir\u00e9e du Sport G\u00e9r\u00f4mois le 23 novembre prochain\"}]},{\"@type\":\"WebSite\",\"@id\":\"https:\/\/vosgesinfo.fr\/gerardmerinfo\/#website\",\"url\":\"https:\/\/vosgesinfo.fr\/gerardmerinfo\/\",\"name\":\"Gerardmer Info\",\"description\":\"Toute l&#039;actualit\u00e9 de G\u00e9rardmer\",\"publisher\":{\"@id\":\"https:\/\/vosgesinfo.fr\/gerardmerinfo\/#organization\"},\"alternateName\":\"Toute l'actualit\u00e9 de G\u00e9rardmer\",\"potentialAction\":[{\"@type\":\"SearchAction\",\"target\":{\"@type\":\"EntryPoint\",\"urlTemplate\":\"https:\/\/vosgesinfo.fr\/gerardmerinfo\/?s={search_term_string}\"},\"query-input\":\"required name=search_term_string\"}],\"inLanguage\":\"fr-FR\"},{\"@type\":\"Organization\",\"@id\":\"https:\/\/vosgesinfo.fr\/gerardmerinfo\/#organization\",\"name\":\"Gerardmer Info\",\"url\":\"https:\/\/vosgesinfo.fr\/gerardmerinfo\/\",\"logo\":{\"@type\":\"ImageObject\",\"inLanguage\":\"fr-FR\",\"@id\":\"https:\/\/vosgesinfo.fr\/gerardmerinfo\/#\/schema\/logo\/image\/\",\"url\":\"https:\/\/vosgesinfo.fr\/app\/uploads\/sites\/6\/2023\/08\/favicon-gerardmerinfo.png\",\"contentUrl\":\"https:\/\/vosgesinfo.fr\/app\/uploads\/sites\/6\/2023\/08\/favicon-gerardmerinfo.png\",\"width\":512,\"height\":512,\"caption\":\"Gerardmer Info\"},\"image\":{\"@id\":\"https:\/\/vosgesinfo.fr\/gerardmerinfo\/#\/schema\/logo\/image\/\"},\"sameAs\":[\"https:\/\/www.facebook.com\/profile.php?id=100049475262660\",\"https:\/\/x.com\/VosgesInfo88\",\"https:\/\/www.youtube.com\/@vosgesinfo\"]},{\"@type\":\"Person\",\"@id\":\"https:\/\/vosgesinfo.fr\/gerardmerinfo\/#\/schema\/person\/bc5d02d71e6932e81b6dadb7386667b1\",\"name\":\"qs_admin\",\"image\":{\"@type\":\"ImageObject\",\"inLanguage\":\"fr-FR\",\"@id\":\"https:\/\/vosgesinfo.fr\/gerardmerinfo\/#\/schema\/person\/image\/\",\"url\":\"https:\/\/secure.gravatar.com\/avatar\/94b18ee0ed79e4a42ea2f2931277b6841a8999fc6fde214600c78057cf1fe1de?s=96&d=mm&r=g\",\"contentUrl\":\"https:\/\/secure.gravatar.com\/avatar\/94b18ee0ed79e4a42ea2f2931277b6841a8999fc6fde214600c78057cf1fe1de?s=96&d=mm&r=g\",\"caption\":\"qs_admin\"},\"sameAs\":[\"https:\/\/vosgesinfo.fr\/wp\"],\"url\":\"https:\/\/vosgesinfo.fr\/gerardmerinfo\/author\/qs_admin\/\"}]}<\/script>\n<!-- \/ Yoast SEO plugin. -->","yoast_head_json":{"title":"La Soir\u00e9e du Sport G\u00e9r\u00f4mois le 23 novembre prochain - Gerardmer Info","robots":{"index":"index","follow":"follow","max-snippet":"max-snippet:-1","max-image-preview":"max-image-preview:large","max-video-preview":"max-video-preview:-1"},"canonical":"https:\/\/vosgesinfo.fr\/gerardmerinfo\/2018\/10\/soiree-sport-geromois-23-novembre-prochain\/","twitter_card":"summary_large_image","twitter_title":"La Soir\u00e9e du Sport G\u00e9r\u00f4mois le 23 novembre prochain - Gerardmer Info","twitter_description":"Communiqu\u00e9 La 4 \u00e9dition de la Soir\u00e9e du Sport G\u00e9r\u00f4mois aura lieu le 23 novembre prochain, \u00e0 20h \u00e0 l\u2019Espace [&hellip;]","twitter_image":"https:\/\/vosgesinfo.fr\/app\/uploads\/sites\/6\/2024\/07\/201810soireesport-2018-copie.jpeg","twitter_creator":"@VosgesInfo88","twitter_site":"@VosgesInfo88","twitter_misc":{"\u00c9crit par":"qs_admin","Dur\u00e9e de lecture estim\u00e9e":"1 minute"},"schema":{"@context":"https:\/\/schema.org","@graph":[{"@type":"Article","@id":"https:\/\/vosgesinfo.fr\/gerardmerinfo\/2018\/10\/soiree-sport-geromois-23-novembre-prochain\/#article","isPartOf":{"@id":"https:\/\/vosgesinfo.fr\/gerardmerinfo\/2018\/10\/soiree-sport-geromois-23-novembre-prochain\/"},"author":{"name":"qs_admin","@id":"https:\/\/vosgesinfo.fr\/gerardmerinfo\/#\/schema\/person\/bc5d02d71e6932e81b6dadb7386667b1"},"headline":"La Soir\u00e9e du Sport G\u00e9r\u00f4mois le 23 novembre prochain","datePublished":"2018-10-04T10:00:53+00:00","dateModified":"2018-10-04T10:00:53+00:00","mainEntityOfPage":{"@id":"https:\/\/vosgesinfo.fr\/gerardmerinfo\/2018\/10\/soiree-sport-geromois-23-novembre-prochain\/"},"wordCount":287,"commentCount":0,"publisher":{"@id":"https:\/\/vosgesinfo.fr\/gerardmerinfo\/#organization"},"image":{"@id":"https:\/\/vosgesinfo.fr\/gerardmerinfo\/2018\/10\/soiree-sport-geromois-23-novembre-prochain\/#primaryimage"},"thumbnailUrl":"https:\/\/vosgesinfo.fr\/app\/uploads\/sites\/6\/2024\/07\/201810soireesport-2018-copie.jpeg","keywords":["espace lac","soir\u00e9e du sport g\u00e9r\u00f4mois"],"articleSection":["A la une","Ev\u00e8nements","G\u00e9rardmer","Sport"],"inLanguage":"fr-FR","potentialAction":[{"@type":"CommentAction","name":"Comment","target":["https:\/\/vosgesinfo.fr\/gerardmerinfo\/2018\/10\/soiree-sport-geromois-23-novembre-prochain\/#respond"]}]},{"@type":"WebPage","@id":"https:\/\/vosgesinfo.fr\/gerardmerinfo\/2018\/10\/soiree-sport-geromois-23-novembre-prochain\/","url":"https:\/\/vosgesinfo.fr\/gerardmerinfo\/2018\/10\/soiree-sport-geromois-23-novembre-prochain\/","name":"La Soir\u00e9e du Sport G\u00e9r\u00f4mois le 23 novembre prochain - Gerardmer Info","isPartOf":{"@id":"https:\/\/vosgesinfo.fr\/gerardmerinfo\/#website"},"primaryImageOfPage":{"@id":"https:\/\/vosgesinfo.fr\/gerardmerinfo\/2018\/10\/soiree-sport-geromois-23-novembre-prochain\/#primaryimage"},"image":{"@id":"https:\/\/vosgesinfo.fr\/gerardmerinfo\/2018\/10\/soiree-sport-geromois-23-novembre-prochain\/#primaryimage"},"thumbnailUrl":"https:\/\/vosgesinfo.fr\/app\/uploads\/sites\/6\/2024\/07\/201810soireesport-2018-copie.jpeg","datePublished":"2018-10-04T10:00:53+00:00","dateModified":"2018-10-04T10:00:53+00:00","breadcrumb":{"@id":"https:\/\/vosgesinfo.fr\/gerardmerinfo\/2018\/10\/soiree-sport-geromois-23-novembre-prochain\/#breadcrumb"},"inLanguage":"fr-FR","potentialAction":[{"@type":"ReadAction","target":["https:\/\/vosgesinfo.fr\/gerardmerinfo\/2018\/10\/soiree-sport-geromois-23-novembre-prochain\/"]}]},{"@type":"ImageObject","inLanguage":"fr-FR","@id":"https:\/\/vosgesinfo.fr\/gerardmerinfo\/2018\/10\/soiree-sport-geromois-23-novembre-prochain\/#primaryimage","url":"https:\/\/vosgesinfo.fr\/app\/uploads\/sites\/6\/2024\/07\/201810soireesport-2018-copie.jpeg","contentUrl":"https:\/\/vosgesinfo.fr\/app\/uploads\/sites\/6\/2024\/07\/201810soireesport-2018-copie.jpeg","width":567,"height":800},{"@type":"BreadcrumbList","@id":"https:\/\/vosgesinfo.fr\/gerardmerinfo\/2018\/10\/soiree-sport-geromois-23-novembre-prochain\/#breadcrumb","itemListElement":[{"@type":"ListItem","position":1,"name":"Home","item":"https:\/\/vosgesinfo.fr\/gerardmerinfo\/"},{"@type":"ListItem","position":2,"name":"La Soir\u00e9e du Sport G\u00e9r\u00f4mois le 23 novembre prochain"}]},{"@type":"WebSite","@id":"https:\/\/vosgesinfo.fr\/gerardmerinfo\/#website","url":"https:\/\/vosgesinfo.fr\/gerardmerinfo\/","name":"Gerardmer Info","description":"Toute l&#039;actualit\u00e9 de G\u00e9rardmer","publisher":{"@id":"https:\/\/vosgesinfo.fr\/gerardmerinfo\/#organization"},"alternateName":"Toute l'actualit\u00e9 de G\u00e9rardmer","potentialAction":[{"@type":"SearchAction","target":{"@type":"EntryPoint","urlTemplate":"https:\/\/vosgesinfo.fr\/gerardmerinfo\/?s={search_term_string}"},"query-input":"required name=search_term_string"}],"inLanguage":"fr-FR"},{"@type":"Organization","@id":"https:\/\/vosgesinfo.fr\/gerardmerinfo\/#organization","name":"Gerardmer Info","url":"https:\/\/vosgesinfo.fr\/gerardmerinfo\/","logo":{"@type":"ImageObject","inLanguage":"fr-FR","@id":"https:\/\/vosgesinfo.fr\/gerardmerinfo\/#\/schema\/logo\/image\/","url":"https:\/\/vosgesinfo.fr\/app\/uploads\/sites\/6\/2023\/08\/favicon-gerardmerinfo.png","contentUrl":"https:\/\/vosgesinfo.fr\/app\/uploads\/sites\/6\/2023\/08\/favicon-gerardmerinfo.png","width":512,"height":512,"caption":"Gerardmer Info"},"image":{"@id":"https:\/\/vosgesinfo.fr\/gerardmerinfo\/#\/schema\/logo\/image\/"},"sameAs":["https:\/\/www.facebook.com\/profile.php?id=100049475262660","https:\/\/x.com\/VosgesInfo88","https:\/\/www.youtube.com\/@vosgesinfo"]},{"@type":"Person","@id":"https:\/\/vosgesinfo.fr\/gerardmerinfo\/#\/schema\/person\/bc5d02d71e6932e81b6dadb7386667b1","name":"qs_admin","image":{"@type":"ImageObject","inLanguage":"fr-FR","@id":"https:\/\/vosgesinfo.fr\/gerardmerinfo\/#\/schema\/person\/image\/","url":"https:\/\/secure.gravatar.com\/avatar\/94b18ee0ed79e4a42ea2f2931277b6841a8999fc6fde214600c78057cf1fe1de?s=96&d=mm&r=g","contentUrl":"https:\/\/secure.gravatar.com\/avatar\/94b18ee0ed79e4a42ea2f2931277b6841a8999fc6fde214600c78057cf1fe1de?s=96&d=mm&r=g","caption":"qs_admin"},"sameAs":["https:\/\/vosgesinfo.fr\/wp"],"url":"https:\/\/vosgesinfo.fr\/gerardmerinfo\/author\/qs_admin\/"}]}},"_links":{"self":[{"href":"https:\/\/vosgesinfo.fr\/gerardmerinfo\/wp-json\/wp\/v2\/posts\/37000","targetHints":{"allow":["GET"]}}],"collection":[{"href":"https:\/\/vosgesinfo.fr\/gerardmerinfo\/wp-json\/wp\/v2\/posts"}],"about":[{"href":"https:\/\/vosgesinfo.fr\/gerardmerinfo\/wp-json\/wp\/v2\/types\/post"}],"author":[{"embeddable":true,"href":"https:\/\/vosgesinfo.fr\/gerardmerinfo\/wp-json\/wp\/v2\/users\/1"}],"replies":[{"embeddable":true,"href":"https:\/\/vosgesinfo.fr\/gerardmerinfo\/wp-json\/wp\/v2\/comments?post=37000"}],"version-history":[{"count":0,"href":"https:\/\/vosgesinfo.fr\/gerardmerinfo\/wp-json\/wp\/v2\/posts\/37000\/revisions"}],"wp:featuredmedia":[{"embeddable":true,"href":"https:\/\/vosgesinfo.fr\/gerardmerinfo\/wp-json\/wp\/v2\/media\/37001"}],"wp:attachment":[{"href":"https:\/\/vosgesinfo.fr\/gerardmerinfo\/wp-json\/wp\/v2\/media?parent=37000"}],"wp:term":[{"taxonomy":"category","embeddable":true,"href":"https:\/\/vosgesinfo.fr\/gerardmerinfo\/wp-json\/wp\/v2\/categories?post=37000"},{"taxonomy":"post_tag","embeddable":true,"href":"https:\/\/vosgesinfo.fr\/gerardmerinfo\/wp-json\/wp\/v2\/tags?post=37000"}],"curies":[{"name":"wp","href":"https:\/\/api.w.org\/{rel}","templated":true}]}}