{"id":37002,"date":"2018-10-02T16:12:36","date_gmt":"2018-10-02T14:12:36","guid":{"rendered":"https:\/\/vosgesinfo.fr\/gerardmerinfo\/2018\/10\/nouveau-president-lu2p-vosges\/"},"modified":"2018-10-02T16:12:36","modified_gmt":"2018-10-02T14:12:36","slug":"nouveau-president-lu2p-vosges","status":"publish","type":"post","link":"https:\/\/vosgesinfo.fr\/gerardmerinfo\/2018\/10\/nouveau-president-lu2p-vosges\/","title":{"rendered":"Un nouveau pr\u00e9sident pour l&rsquo;U2P des Vosges"},"content":{"rendered":"<p><a href=\"\/2018\/10\/U2P-Vosges-AG.jpg\"><img decoding=\"async\" class=\"aligncenter size-full wp-image-135350\" src=\"\/2018\/10\/U2P-Vosges-AG.jpg\" alt=\"U2P Vosges AG\" width=\"800\" height=\"533\" \/><\/a><\/p>\n<h3 style=\"text-align: center;\"><strong>Communiqu\u00e9<\/strong><\/h3>\n<p>Le 18 septembre dernier a lieu l\u2019assembl\u00e9e g\u00e9n\u00e9rale de l\u2019U2P Vosges. A l\u2019issue, le Conseil de l\u2019U2P a d\u00e9sign\u00e9 son pr\u00e9sident pour les quatre ans \u00e0 venir. Pascal ALTMANN, issu des rangs de la CNAMS (Conf\u00e9d\u00e9ration Nationale de l&rsquo;Artisanat des M\u00e9tiers et des Services), succ\u00e8de ainsi \u00e0 Pascal CUNIN, p\u00e2tissier \u00e0 Charmes, \u00e0 la pr\u00e9sidence de l\u2019U2P Vosges.<br \/>\nCette alternance intervient en conformit\u00e9 avec les statuts de l\u2019U2P qui pr\u00e9voient que la pr\u00e9sidence soit assur\u00e9e pour quatre ans et \u00e0 tour de r\u00f4le par le repr\u00e9sentant de chacune des 4 organisations membres de l\u2019U2P : la CAPEB, la CNAMS, la CGAD et l\u2019UNAPL.<br \/>\nArtisan coiffeur \u00e0 Provench\u00e8res\/Fave, Pascal ALTMANN est \u00e9galement pr\u00e9sident de la CNAMS des Vosges et 1er Vice-pr\u00e9sident de la chambre de m\u00e9tiers des Vosges.<br \/>\nPascal ALTMANN prend ses fonctions \u00e0 un moment cl\u00e9 pour l\u2019U2P. En effet, l\u2019organisation s\u2019est agrandie en accueillant les professions lib\u00e9rales de l\u2019UNAPL repr\u00e9sent\u00e9e par Rachel LE PAIGE, docteur en pharmacie \u00e0 Corcieux.<br \/>\nLa priorit\u00e9 de cette nouvelle union avec les professions lib\u00e9rales est de placer les TPE-PME au centre de la sc\u00e8ne \u00e9conomique et sociale.<br \/>\nLe pr\u00e9sident Pascal ALTMANN d\u00e9clare : \u00ab Je veux tout faire pour que les artisans, les commer\u00e7ants, les professionnels lib\u00e9raux, soient mieux entendu par nos politiques.\u00bb.<br \/>\nLes entreprises de proximit\u00e9 cr\u00e9ent de la richesse en tous points du territoire. Elles d\u00e9tiennent les cl\u00e9s du retour \u00e0 une croissance p\u00e9renne et sont en mesure de gagner le combat contre le ch\u00f4mage de masse, \u00e0 la condition que des mesures phares, pragmatiques et garanties dans la dur\u00e9e, viennent lib\u00e9rer leur potentiel.<br \/>\nC\u2019est dans cet esprit de conqu\u00eate et avec la ferme volont\u00e9 d\u2019am\u00e9liorer l\u2019environnement des entreprises que l\u2019U2P participera \u00e0 la concertation avec les pouvoirs publics, \u00e0 la n\u00e9gociation interprofessionnelle et \u00e0 la gestion paritaire.<\/p>\n<p>&nbsp;<\/p>\n<p style=\"text-align: center;\">L\u2019U2P \u2013 Union des entreprises de proximit\u00e9 \u2013 est l\u2019une des trois grandes organisations<br \/>\npatronales fran\u00e7aises. Elle repr\u00e9sente 2,3 millions d\u2019entreprises dans les secteurs de<br \/>\nl\u2019artisanat, du commerce de proximit\u00e9 et des professions lib\u00e9rales, soit les 2\/3 des<br \/>\nentreprises fran\u00e7aises et r\u00e9unit 5 organisations qui repr\u00e9sentent ces cat\u00e9gories d\u2019entreprises<br \/>\n: la CAPEB (b\u00e2timent), la CGAD (alimentation et h\u00f4tellerie restauration), la CNAMS<br \/>\n(fabrication et services), l\u2019UNAPL (professions lib\u00e9rales), et la CNATP (travaux publics et<br \/>\npaysage) en tant que membre associ\u00e9.<\/p>\n","protected":false},"excerpt":{"rendered":"<p>Communiqu\u00e9 Le 18 septembre dernier a lieu l\u2019assembl\u00e9e g\u00e9n\u00e9rale de l\u2019U2P Vosges. A l\u2019issue, le Conseil de l\u2019U2P a d\u00e9sign\u00e9 [&hellip;]<\/p>\n","protected":false},"author":1,"featured_media":37003,"comment_status":"open","ping_status":"open","sticky":false,"template":"","format":"standard","meta":{"footnotes":""},"categories":[20,17,18],"tags":[],"class_list":["post-37002","post","type-post","status-publish","format-standard","has-post-thumbnail","hentry","category-a-la-une","category-vie-associative","category-vosges"],"acf":[],"yoast_head":"<!-- This site is optimized with the Yoast SEO plugin v22.5 - https:\/\/yoast.com\/wordpress\/plugins\/seo\/ -->\n<title>Un nouveau pr\u00e9sident pour l&#039;U2P des Vosges - Gerardmer Info<\/title>\n<meta name=\"robots\" content=\"index, follow, max-snippet:-1, max-image-preview:large, max-video-preview:-1\" \/>\n<link rel=\"canonical\" href=\"https:\/\/vosgesinfo.fr\/gerardmerinfo\/2018\/10\/nouveau-president-lu2p-vosges\/\" \/>\n<meta name=\"twitter:card\" content=\"summary_large_image\" \/>\n<meta name=\"twitter:title\" content=\"Un nouveau pr\u00e9sident pour l&#039;U2P des Vosges - Gerardmer Info\" \/>\n<meta name=\"twitter:description\" content=\"Communiqu\u00e9 Le 18 septembre dernier a lieu l\u2019assembl\u00e9e g\u00e9n\u00e9rale de l\u2019U2P Vosges. A l\u2019issue, le Conseil de l\u2019U2P a d\u00e9sign\u00e9 [&hellip;]\" \/>\n<meta name=\"twitter:image\" content=\"https:\/\/vosgesinfo.fr\/app\/uploads\/sites\/6\/2024\/07\/201810u2p-vosges-ag.jpg\" \/>\n<meta name=\"twitter:creator\" content=\"@VosgesInfo88\" \/>\n<meta name=\"twitter:site\" content=\"@VosgesInfo88\" \/>\n<meta name=\"twitter:label1\" content=\"\u00c9crit par\" \/>\n\t<meta name=\"twitter:data1\" content=\"qs_admin\" \/>\n\t<meta name=\"twitter:label2\" content=\"Dur\u00e9e de lecture estim\u00e9e\" \/>\n\t<meta name=\"twitter:data2\" content=\"2 minutes\" \/>\n<script type=\"application\/ld+json\" class=\"yoast-schema-graph\">{\"@context\":\"https:\/\/schema.org\",\"@graph\":[{\"@type\":\"Article\",\"@id\":\"https:\/\/vosgesinfo.fr\/gerardmerinfo\/2018\/10\/nouveau-president-lu2p-vosges\/#article\",\"isPartOf\":{\"@id\":\"https:\/\/vosgesinfo.fr\/gerardmerinfo\/2018\/10\/nouveau-president-lu2p-vosges\/\"},\"author\":{\"name\":\"qs_admin\",\"@id\":\"https:\/\/vosgesinfo.fr\/gerardmerinfo\/#\/schema\/person\/bc5d02d71e6932e81b6dadb7386667b1\"},\"headline\":\"Un nouveau pr\u00e9sident pour l&rsquo;U2P des Vosges\",\"datePublished\":\"2018-10-02T14:12:36+00:00\",\"dateModified\":\"2018-10-02T14:12:36+00:00\",\"mainEntityOfPage\":{\"@id\":\"https:\/\/vosgesinfo.fr\/gerardmerinfo\/2018\/10\/nouveau-president-lu2p-vosges\/\"},\"wordCount\":444,\"commentCount\":0,\"publisher\":{\"@id\":\"https:\/\/vosgesinfo.fr\/gerardmerinfo\/#organization\"},\"image\":{\"@id\":\"https:\/\/vosgesinfo.fr\/gerardmerinfo\/2018\/10\/nouveau-president-lu2p-vosges\/#primaryimage\"},\"thumbnailUrl\":\"https:\/\/vosgesinfo.fr\/app\/uploads\/sites\/6\/2024\/07\/201810u2p-vosges-ag.jpg\",\"articleSection\":[\"A la une\",\"Vie Associative\",\"Vosges\"],\"inLanguage\":\"fr-FR\",\"potentialAction\":[{\"@type\":\"CommentAction\",\"name\":\"Comment\",\"target\":[\"https:\/\/vosgesinfo.fr\/gerardmerinfo\/2018\/10\/nouveau-president-lu2p-vosges\/#respond\"]}]},{\"@type\":\"WebPage\",\"@id\":\"https:\/\/vosgesinfo.fr\/gerardmerinfo\/2018\/10\/nouveau-president-lu2p-vosges\/\",\"url\":\"https:\/\/vosgesinfo.fr\/gerardmerinfo\/2018\/10\/nouveau-president-lu2p-vosges\/\",\"name\":\"Un nouveau pr\u00e9sident pour l'U2P des Vosges - Gerardmer Info\",\"isPartOf\":{\"@id\":\"https:\/\/vosgesinfo.fr\/gerardmerinfo\/#website\"},\"primaryImageOfPage\":{\"@id\":\"https:\/\/vosgesinfo.fr\/gerardmerinfo\/2018\/10\/nouveau-president-lu2p-vosges\/#primaryimage\"},\"image\":{\"@id\":\"https:\/\/vosgesinfo.fr\/gerardmerinfo\/2018\/10\/nouveau-president-lu2p-vosges\/#primaryimage\"},\"thumbnailUrl\":\"https:\/\/vosgesinfo.fr\/app\/uploads\/sites\/6\/2024\/07\/201810u2p-vosges-ag.jpg\",\"datePublished\":\"2018-10-02T14:12:36+00:00\",\"dateModified\":\"2018-10-02T14:12:36+00:00\",\"breadcrumb\":{\"@id\":\"https:\/\/vosgesinfo.fr\/gerardmerinfo\/2018\/10\/nouveau-president-lu2p-vosges\/#breadcrumb\"},\"inLanguage\":\"fr-FR\",\"potentialAction\":[{\"@type\":\"ReadAction\",\"target\":[\"https:\/\/vosgesinfo.fr\/gerardmerinfo\/2018\/10\/nouveau-president-lu2p-vosges\/\"]}]},{\"@type\":\"ImageObject\",\"inLanguage\":\"fr-FR\",\"@id\":\"https:\/\/vosgesinfo.fr\/gerardmerinfo\/2018\/10\/nouveau-president-lu2p-vosges\/#primaryimage\",\"url\":\"https:\/\/vosgesinfo.fr\/app\/uploads\/sites\/6\/2024\/07\/201810u2p-vosges-ag.jpg\",\"contentUrl\":\"https:\/\/vosgesinfo.fr\/app\/uploads\/sites\/6\/2024\/07\/201810u2p-vosges-ag.jpg\",\"width\":800,\"height\":533},{\"@type\":\"BreadcrumbList\",\"@id\":\"https:\/\/vosgesinfo.fr\/gerardmerinfo\/2018\/10\/nouveau-president-lu2p-vosges\/#breadcrumb\",\"itemListElement\":[{\"@type\":\"ListItem\",\"position\":1,\"name\":\"Home\",\"item\":\"https:\/\/vosgesinfo.fr\/gerardmerinfo\/\"},{\"@type\":\"ListItem\",\"position\":2,\"name\":\"Un nouveau pr\u00e9sident pour l&rsquo;U2P des Vosges\"}]},{\"@type\":\"WebSite\",\"@id\":\"https:\/\/vosgesinfo.fr\/gerardmerinfo\/#website\",\"url\":\"https:\/\/vosgesinfo.fr\/gerardmerinfo\/\",\"name\":\"Gerardmer Info\",\"description\":\"Toute l&#039;actualit\u00e9 de G\u00e9rardmer\",\"publisher\":{\"@id\":\"https:\/\/vosgesinfo.fr\/gerardmerinfo\/#organization\"},\"alternateName\":\"Toute l'actualit\u00e9 de G\u00e9rardmer\",\"potentialAction\":[{\"@type\":\"SearchAction\",\"target\":{\"@type\":\"EntryPoint\",\"urlTemplate\":\"https:\/\/vosgesinfo.fr\/gerardmerinfo\/?s={search_term_string}\"},\"query-input\":\"required name=search_term_string\"}],\"inLanguage\":\"fr-FR\"},{\"@type\":\"Organization\",\"@id\":\"https:\/\/vosgesinfo.fr\/gerardmerinfo\/#organization\",\"name\":\"Gerardmer Info\",\"url\":\"https:\/\/vosgesinfo.fr\/gerardmerinfo\/\",\"logo\":{\"@type\":\"ImageObject\",\"inLanguage\":\"fr-FR\",\"@id\":\"https:\/\/vosgesinfo.fr\/gerardmerinfo\/#\/schema\/logo\/image\/\",\"url\":\"https:\/\/vosgesinfo.fr\/app\/uploads\/sites\/6\/2023\/08\/favicon-gerardmerinfo.png\",\"contentUrl\":\"https:\/\/vosgesinfo.fr\/app\/uploads\/sites\/6\/2023\/08\/favicon-gerardmerinfo.png\",\"width\":512,\"height\":512,\"caption\":\"Gerardmer Info\"},\"image\":{\"@id\":\"https:\/\/vosgesinfo.fr\/gerardmerinfo\/#\/schema\/logo\/image\/\"},\"sameAs\":[\"https:\/\/www.facebook.com\/profile.php?id=100049475262660\",\"https:\/\/x.com\/VosgesInfo88\",\"https:\/\/www.youtube.com\/@vosgesinfo\"]},{\"@type\":\"Person\",\"@id\":\"https:\/\/vosgesinfo.fr\/gerardmerinfo\/#\/schema\/person\/bc5d02d71e6932e81b6dadb7386667b1\",\"name\":\"qs_admin\",\"image\":{\"@type\":\"ImageObject\",\"inLanguage\":\"fr-FR\",\"@id\":\"https:\/\/vosgesinfo.fr\/gerardmerinfo\/#\/schema\/person\/image\/\",\"url\":\"https:\/\/secure.gravatar.com\/avatar\/94b18ee0ed79e4a42ea2f2931277b6841a8999fc6fde214600c78057cf1fe1de?s=96&d=mm&r=g\",\"contentUrl\":\"https:\/\/secure.gravatar.com\/avatar\/94b18ee0ed79e4a42ea2f2931277b6841a8999fc6fde214600c78057cf1fe1de?s=96&d=mm&r=g\",\"caption\":\"qs_admin\"},\"sameAs\":[\"https:\/\/vosgesinfo.fr\/wp\"],\"url\":\"https:\/\/vosgesinfo.fr\/gerardmerinfo\/author\/qs_admin\/\"}]}<\/script>\n<!-- \/ Yoast SEO plugin. -->","yoast_head_json":{"title":"Un nouveau pr\u00e9sident pour l'U2P des Vosges - Gerardmer Info","robots":{"index":"index","follow":"follow","max-snippet":"max-snippet:-1","max-image-preview":"max-image-preview:large","max-video-preview":"max-video-preview:-1"},"canonical":"https:\/\/vosgesinfo.fr\/gerardmerinfo\/2018\/10\/nouveau-president-lu2p-vosges\/","twitter_card":"summary_large_image","twitter_title":"Un nouveau pr\u00e9sident pour l'U2P des Vosges - Gerardmer Info","twitter_description":"Communiqu\u00e9 Le 18 septembre dernier a lieu l\u2019assembl\u00e9e g\u00e9n\u00e9rale de l\u2019U2P Vosges. A l\u2019issue, le Conseil de l\u2019U2P a d\u00e9sign\u00e9 [&hellip;]","twitter_image":"https:\/\/vosgesinfo.fr\/app\/uploads\/sites\/6\/2024\/07\/201810u2p-vosges-ag.jpg","twitter_creator":"@VosgesInfo88","twitter_site":"@VosgesInfo88","twitter_misc":{"\u00c9crit par":"qs_admin","Dur\u00e9e de lecture estim\u00e9e":"2 minutes"},"schema":{"@context":"https:\/\/schema.org","@graph":[{"@type":"Article","@id":"https:\/\/vosgesinfo.fr\/gerardmerinfo\/2018\/10\/nouveau-president-lu2p-vosges\/#article","isPartOf":{"@id":"https:\/\/vosgesinfo.fr\/gerardmerinfo\/2018\/10\/nouveau-president-lu2p-vosges\/"},"author":{"name":"qs_admin","@id":"https:\/\/vosgesinfo.fr\/gerardmerinfo\/#\/schema\/person\/bc5d02d71e6932e81b6dadb7386667b1"},"headline":"Un nouveau pr\u00e9sident pour l&rsquo;U2P des Vosges","datePublished":"2018-10-02T14:12:36+00:00","dateModified":"2018-10-02T14:12:36+00:00","mainEntityOfPage":{"@id":"https:\/\/vosgesinfo.fr\/gerardmerinfo\/2018\/10\/nouveau-president-lu2p-vosges\/"},"wordCount":444,"commentCount":0,"publisher":{"@id":"https:\/\/vosgesinfo.fr\/gerardmerinfo\/#organization"},"image":{"@id":"https:\/\/vosgesinfo.fr\/gerardmerinfo\/2018\/10\/nouveau-president-lu2p-vosges\/#primaryimage"},"thumbnailUrl":"https:\/\/vosgesinfo.fr\/app\/uploads\/sites\/6\/2024\/07\/201810u2p-vosges-ag.jpg","articleSection":["A la une","Vie Associative","Vosges"],"inLanguage":"fr-FR","potentialAction":[{"@type":"CommentAction","name":"Comment","target":["https:\/\/vosgesinfo.fr\/gerardmerinfo\/2018\/10\/nouveau-president-lu2p-vosges\/#respond"]}]},{"@type":"WebPage","@id":"https:\/\/vosgesinfo.fr\/gerardmerinfo\/2018\/10\/nouveau-president-lu2p-vosges\/","url":"https:\/\/vosgesinfo.fr\/gerardmerinfo\/2018\/10\/nouveau-president-lu2p-vosges\/","name":"Un nouveau pr\u00e9sident pour l'U2P des Vosges - Gerardmer Info","isPartOf":{"@id":"https:\/\/vosgesinfo.fr\/gerardmerinfo\/#website"},"primaryImageOfPage":{"@id":"https:\/\/vosgesinfo.fr\/gerardmerinfo\/2018\/10\/nouveau-president-lu2p-vosges\/#primaryimage"},"image":{"@id":"https:\/\/vosgesinfo.fr\/gerardmerinfo\/2018\/10\/nouveau-president-lu2p-vosges\/#primaryimage"},"thumbnailUrl":"https:\/\/vosgesinfo.fr\/app\/uploads\/sites\/6\/2024\/07\/201810u2p-vosges-ag.jpg","datePublished":"2018-10-02T14:12:36+00:00","dateModified":"2018-10-02T14:12:36+00:00","breadcrumb":{"@id":"https:\/\/vosgesinfo.fr\/gerardmerinfo\/2018\/10\/nouveau-president-lu2p-vosges\/#breadcrumb"},"inLanguage":"fr-FR","potentialAction":[{"@type":"ReadAction","target":["https:\/\/vosgesinfo.fr\/gerardmerinfo\/2018\/10\/nouveau-president-lu2p-vosges\/"]}]},{"@type":"ImageObject","inLanguage":"fr-FR","@id":"https:\/\/vosgesinfo.fr\/gerardmerinfo\/2018\/10\/nouveau-president-lu2p-vosges\/#primaryimage","url":"https:\/\/vosgesinfo.fr\/app\/uploads\/sites\/6\/2024\/07\/201810u2p-vosges-ag.jpg","contentUrl":"https:\/\/vosgesinfo.fr\/app\/uploads\/sites\/6\/2024\/07\/201810u2p-vosges-ag.jpg","width":800,"height":533},{"@type":"BreadcrumbList","@id":"https:\/\/vosgesinfo.fr\/gerardmerinfo\/2018\/10\/nouveau-president-lu2p-vosges\/#breadcrumb","itemListElement":[{"@type":"ListItem","position":1,"name":"Home","item":"https:\/\/vosgesinfo.fr\/gerardmerinfo\/"},{"@type":"ListItem","position":2,"name":"Un nouveau pr\u00e9sident pour l&rsquo;U2P des Vosges"}]},{"@type":"WebSite","@id":"https:\/\/vosgesinfo.fr\/gerardmerinfo\/#website","url":"https:\/\/vosgesinfo.fr\/gerardmerinfo\/","name":"Gerardmer Info","description":"Toute l&#039;actualit\u00e9 de G\u00e9rardmer","publisher":{"@id":"https:\/\/vosgesinfo.fr\/gerardmerinfo\/#organization"},"alternateName":"Toute l'actualit\u00e9 de G\u00e9rardmer","potentialAction":[{"@type":"SearchAction","target":{"@type":"EntryPoint","urlTemplate":"https:\/\/vosgesinfo.fr\/gerardmerinfo\/?s={search_term_string}"},"query-input":"required name=search_term_string"}],"inLanguage":"fr-FR"},{"@type":"Organization","@id":"https:\/\/vosgesinfo.fr\/gerardmerinfo\/#organization","name":"Gerardmer Info","url":"https:\/\/vosgesinfo.fr\/gerardmerinfo\/","logo":{"@type":"ImageObject","inLanguage":"fr-FR","@id":"https:\/\/vosgesinfo.fr\/gerardmerinfo\/#\/schema\/logo\/image\/","url":"https:\/\/vosgesinfo.fr\/app\/uploads\/sites\/6\/2023\/08\/favicon-gerardmerinfo.png","contentUrl":"https:\/\/vosgesinfo.fr\/app\/uploads\/sites\/6\/2023\/08\/favicon-gerardmerinfo.png","width":512,"height":512,"caption":"Gerardmer Info"},"image":{"@id":"https:\/\/vosgesinfo.fr\/gerardmerinfo\/#\/schema\/logo\/image\/"},"sameAs":["https:\/\/www.facebook.com\/profile.php?id=100049475262660","https:\/\/x.com\/VosgesInfo88","https:\/\/www.youtube.com\/@vosgesinfo"]},{"@type":"Person","@id":"https:\/\/vosgesinfo.fr\/gerardmerinfo\/#\/schema\/person\/bc5d02d71e6932e81b6dadb7386667b1","name":"qs_admin","image":{"@type":"ImageObject","inLanguage":"fr-FR","@id":"https:\/\/vosgesinfo.fr\/gerardmerinfo\/#\/schema\/person\/image\/","url":"https:\/\/secure.gravatar.com\/avatar\/94b18ee0ed79e4a42ea2f2931277b6841a8999fc6fde214600c78057cf1fe1de?s=96&d=mm&r=g","contentUrl":"https:\/\/secure.gravatar.com\/avatar\/94b18ee0ed79e4a42ea2f2931277b6841a8999fc6fde214600c78057cf1fe1de?s=96&d=mm&r=g","caption":"qs_admin"},"sameAs":["https:\/\/vosgesinfo.fr\/wp"],"url":"https:\/\/vosgesinfo.fr\/gerardmerinfo\/author\/qs_admin\/"}]}},"_links":{"self":[{"href":"https:\/\/vosgesinfo.fr\/gerardmerinfo\/wp-json\/wp\/v2\/posts\/37002","targetHints":{"allow":["GET"]}}],"collection":[{"href":"https:\/\/vosgesinfo.fr\/gerardmerinfo\/wp-json\/wp\/v2\/posts"}],"about":[{"href":"https:\/\/vosgesinfo.fr\/gerardmerinfo\/wp-json\/wp\/v2\/types\/post"}],"author":[{"embeddable":true,"href":"https:\/\/vosgesinfo.fr\/gerardmerinfo\/wp-json\/wp\/v2\/users\/1"}],"replies":[{"embeddable":true,"href":"https:\/\/vosgesinfo.fr\/gerardmerinfo\/wp-json\/wp\/v2\/comments?post=37002"}],"version-history":[{"count":0,"href":"https:\/\/vosgesinfo.fr\/gerardmerinfo\/wp-json\/wp\/v2\/posts\/37002\/revisions"}],"wp:featuredmedia":[{"embeddable":true,"href":"https:\/\/vosgesinfo.fr\/gerardmerinfo\/wp-json\/wp\/v2\/media\/37003"}],"wp:attachment":[{"href":"https:\/\/vosgesinfo.fr\/gerardmerinfo\/wp-json\/wp\/v2\/media?parent=37002"}],"wp:term":[{"taxonomy":"category","embeddable":true,"href":"https:\/\/vosgesinfo.fr\/gerardmerinfo\/wp-json\/wp\/v2\/categories?post=37002"},{"taxonomy":"post_tag","embeddable":true,"href":"https:\/\/vosgesinfo.fr\/gerardmerinfo\/wp-json\/wp\/v2\/tags?post=37002"}],"curies":[{"name":"wp","href":"https:\/\/api.w.org\/{rel}","templated":true}]}}